{"id":303758,"date":"2023-04-27T00:01:42","date_gmt":"2023-04-27T03:01:42","guid":{"rendered":"https:\/\/www.notibras.com\/site\/?p=303758"},"modified":"2023-04-27T08:52:49","modified_gmt":"2023-04-27T11:52:49","slug":"servidor-tem-aumento-certo-e-enfermeira-piso-salarial","status":"publish","type":"post","link":"https:\/\/www.notibras.com\/site\/servidor-tem-aumento-certo-e-enfermeira-piso-salarial\/","title":{"rendered":"Servidor tem aumento certo e enfermeira piso salarial"},"content":{"rendered":"<p>O Congresso Nacional aprovou o reajuste dos servidores p\u00fablicos federais. O projeto, aprovado na Comiss\u00e3o Mista de Or\u00e7amento (CMO) prev\u00ea o reajuste de 9% aos servidores do Executivo a partir de maio. Na mesma sess\u00e3o, foi aprovado o projeto que abre cr\u00e9dito especial no valor de R$ 7,3 bilh\u00f5es para que o Minist\u00e9rio da Sa\u00fade possa auxiliar a implementa\u00e7\u00e3o do piso salarial de v\u00e1rias categorias da enfermagem a partir de maio (PLN 5\/23).<\/p>\n<p>Os parlamentares aprovaram ainda, em bloco, o PLN 1\/23, que destina R$ 4 bilh\u00f5es ao Minist\u00e9rio da Ci\u00eancia, Tecnologia e Inova\u00e7\u00e3o, para pagar despesas do Fundo Nacional de Desenvolvimento Cient\u00edfico e Tecnol\u00f3gico (FNDCT), e o PLN 3\/23, que destina R$ 71,44 bilh\u00f5es para o Minist\u00e9rio do Desenvolvimento e Assist\u00eancia Social, para o pagamento do Bolsa Fam\u00edlia. Em todas as vota\u00e7\u00f5es, o \u00fanico partido que se posicionou contra foi o Novo. Todos os projetos seguem agora para san\u00e7\u00e3o presidencial.<\/p>\n<p>Este \u00e9 o primeiro acordo para reajuste firmado entre governo e servidores desde 2016. O texto do PLN prev\u00ea que impacto neste ano ser\u00e1 de R$ 11,6 bilh\u00f5es e j\u00e1 estava praticamente todo inclu\u00eddo no Or\u00e7amento de 2023.<\/p>\n<p>Segundo o Minist\u00e9rio da Gest\u00e3o e Inova\u00e7\u00e3o em Servi\u00e7os P\u00fablicos, o aumento salarial dos servidores p\u00fablicos federais foi consensuado por meio da Mesa de Negocia\u00e7\u00e3o Permanente, com participa\u00e7\u00e3o de entidades representativas de servidores p\u00fablicos federais, em mar\u00e7o.<\/p>\n<p>\u201cA proposta do governo aceita pelas entidades \u00e9 de 9% de aumento salarial linear para todos os servidores a partir de maio, para ser pago dia 1\u00ba de junho, e aumento de 43,6%, representando R$ 200 a mais no aux\u00edlio-alimenta\u00e7\u00e3o: passando de R$ 458,00 para R$ 658,00. Os efeitos financeiros come\u00e7am a valer a partir da folha do m\u00eas de abril, com pagamentos a partir de 1\u00ba de maio\u201d, destacou o minist\u00e9rio.<\/p>\n<p>Antes, os congressistas votaram diversos vetos do ent\u00e3o presidente Jair Bolsonaro. Eles derrubaram o veto total (59\/22) ao projeto de lei que reabre o prazo para dedu\u00e7\u00e3o, no Imposto de Renda, das doa\u00e7\u00f5es feitas a dois programas de assist\u00eancia a pacientes com c\u00e2ncer e a pessoas com defici\u00eancia: os programas nacionais de apoio \u00e0 aten\u00e7\u00e3o Oncol\u00f3gica (Pronon) e da Sa\u00fade da Pessoa com Defici\u00eancia (Pronas\/PCD). A nova abertura de prazo valer\u00e1 at\u00e9 o ano-calend\u00e1rio de 2025 para as pessoas f\u00edsicas e at\u00e9 o ano-calend\u00e1rio de 2026 para as pessoas jur\u00eddicas.<\/p>\n","protected":false},"excerpt":{"rendered":"<p>O Congresso Nacional aprovou o reajuste dos servidores p\u00fablicos federais. O projeto, aprovado na Comiss\u00e3o Mista de Or\u00e7amento (CMO) prev\u00ea o reajuste de 9% aos servidores do Executivo a partir de maio. Na mesma sess\u00e3o, foi aprovado o projeto que abre cr\u00e9dito especial no valor de R$ 7,3 bilh\u00f5es para que o Minist\u00e9rio da Sa\u00fade [&hellip;]<\/p>\n","protected":false},"author":2,"featured_media":302181,"comment_status":"closed","ping_status":"closed","sticky":false,"template":"","format":"standard","meta":{"_acf_changed":false,"footnotes":""},"categories":[161],"tags":[],"class_list":["post-303758","post","type-post","status-publish","format-standard","has-post-thumbnail","hentry","category-quadradinho-em-foco"],"acf":[],"yoast_head":"<!-- This site is optimized with the Yoast SEO plugin v27.2 - https:\/\/yoast.com\/product\/yoast-seo-wordpress\/ -->\n<title>Servidor tem aumento certo e enfermeira piso salarial - Notibras<\/title>\n<meta name=\"robots\" content=\"index, follow, max-snippet:-1, max-image-preview:large, max-video-preview:-1\" \/>\n<link rel=\"canonical\" href=\"https:\/\/www.notibras.com\/site\/servidor-tem-aumento-certo-e-enfermeira-piso-salarial\/\" \/>\n<meta property=\"og:locale\" content=\"pt_BR\" \/>\n<meta property=\"og:type\" content=\"article\" \/>\n<meta property=\"og:title\" content=\"Servidor tem aumento certo e enfermeira piso salarial - Notibras\" \/>\n<meta property=\"og:description\" content=\"O Congresso Nacional aprovou o reajuste dos servidores p\u00fablicos federais. O projeto, aprovado na Comiss\u00e3o Mista de Or\u00e7amento (CMO) prev\u00ea o reajuste de 9% aos servidores do Executivo a partir de maio. Na mesma sess\u00e3o, foi aprovado o projeto que abre cr\u00e9dito especial no valor de R$ 7,3 bilh\u00f5es para que o Minist\u00e9rio da Sa\u00fade [&hellip;]\" \/>\n<meta property=\"og:url\" content=\"https:\/\/www.notibras.com\/site\/servidor-tem-aumento-certo-e-enfermeira-piso-salarial\/\" \/>\n<meta property=\"og:site_name\" content=\"Notibras\" \/>\n<meta property=\"article:publisher\" content=\"https:\/\/www.facebook.com\/notibras\/\" \/>\n<meta property=\"article:published_time\" content=\"2023-04-27T03:01:42+00:00\" \/>\n<meta property=\"article:modified_time\" content=\"2023-04-27T11:52:49+00:00\" \/>\n<meta property=\"og:image\" content=\"https:\/\/www.notibras.com\/site\/wp-content\/uploads\/2023\/04\/esplanada_07_setembro_preparativos_jfcrz_abr_0109220490.jpg\" \/>\n\t<meta property=\"og:image:width\" content=\"1170\" \/>\n\t<meta property=\"og:image:height\" content=\"700\" \/>\n\t<meta property=\"og:image:type\" content=\"image\/jpeg\" \/>\n<meta name=\"author\" content=\"Reda\u00e7\u00e3o\" \/>\n<meta name=\"twitter:card\" content=\"summary_large_image\" \/>\n<meta name=\"twitter:creator\" content=\"@Notibras\" \/>\n<meta name=\"twitter:site\" content=\"@Notibras\" \/>\n<meta name=\"twitter:label1\" content=\"Escrito por\" \/>\n\t<meta name=\"twitter:data1\" content=\"Reda\u00e7\u00e3o\" \/>\n\t<meta name=\"twitter:label2\" content=\"Est. tempo de leitura\" \/>\n\t<meta name=\"twitter:data2\" content=\"3 minutos\" \/>\n<script type=\"application\/ld+json\" class=\"yoast-schema-graph\">{\"@context\":\"https:\/\/schema.org\",\"@graph\":[{\"@type\":\"Article\",\"@id\":\"https:\/\/www.notibras.com\/site\/servidor-tem-aumento-certo-e-enfermeira-piso-salarial\/#article\",\"isPartOf\":{\"@id\":\"https:\/\/www.notibras.com\/site\/servidor-tem-aumento-certo-e-enfermeira-piso-salarial\/\"},\"author\":{\"name\":\"Reda\u00e7\u00e3o\",\"@id\":\"https:\/\/www.notibras.com\/site\/#\/schema\/person\/36ab0979449956132d3e5b517ea76ac8\"},\"headline\":\"Servidor tem aumento certo e enfermeira piso salarial\",\"datePublished\":\"2023-04-27T03:01:42+00:00\",\"dateModified\":\"2023-04-27T11:52:49+00:00\",\"mainEntityOfPage\":{\"@id\":\"https:\/\/www.notibras.com\/site\/servidor-tem-aumento-certo-e-enfermeira-piso-salarial\/\"},\"wordCount\":428,\"publisher\":{\"@id\":\"https:\/\/www.notibras.com\/site\/#organization\"},\"image\":{\"@id\":\"https:\/\/www.notibras.com\/site\/servidor-tem-aumento-certo-e-enfermeira-piso-salarial\/#primaryimage\"},\"thumbnailUrl\":\"https:\/\/www.notibras.com\/site\/wp-content\/uploads\/2023\/04\/esplanada_07_setembro_preparativos_jfcrz_abr_0109220490.jpg\",\"articleSection\":[\"Quadradinho em Foco\"],\"inLanguage\":\"pt-BR\"},{\"@type\":\"WebPage\",\"@id\":\"https:\/\/www.notibras.com\/site\/servidor-tem-aumento-certo-e-enfermeira-piso-salarial\/\",\"url\":\"https:\/\/www.notibras.com\/site\/servidor-tem-aumento-certo-e-enfermeira-piso-salarial\/\",\"name\":\"Servidor tem aumento certo e enfermeira piso salarial - Notibras\",\"isPartOf\":{\"@id\":\"https:\/\/www.notibras.com\/site\/#website\"},\"primaryImageOfPage\":{\"@id\":\"https:\/\/www.notibras.com\/site\/servidor-tem-aumento-certo-e-enfermeira-piso-salarial\/#primaryimage\"},\"image\":{\"@id\":\"https:\/\/www.notibras.com\/site\/servidor-tem-aumento-certo-e-enfermeira-piso-salarial\/#primaryimage\"},\"thumbnailUrl\":\"https:\/\/www.notibras.com\/site\/wp-content\/uploads\/2023\/04\/esplanada_07_setembro_preparativos_jfcrz_abr_0109220490.jpg\",\"datePublished\":\"2023-04-27T03:01:42+00:00\",\"dateModified\":\"2023-04-27T11:52:49+00:00\",\"breadcrumb\":{\"@id\":\"https:\/\/www.notibras.com\/site\/servidor-tem-aumento-certo-e-enfermeira-piso-salarial\/#breadcrumb\"},\"inLanguage\":\"pt-BR\",\"potentialAction\":[{\"@type\":\"ReadAction\",\"target\":[\"https:\/\/www.notibras.com\/site\/servidor-tem-aumento-certo-e-enfermeira-piso-salarial\/\"]}]},{\"@type\":\"ImageObject\",\"inLanguage\":\"pt-BR\",\"@id\":\"https:\/\/www.notibras.com\/site\/servidor-tem-aumento-certo-e-enfermeira-piso-salarial\/#primaryimage\",\"url\":\"https:\/\/www.notibras.com\/site\/wp-content\/uploads\/2023\/04\/esplanada_07_setembro_preparativos_jfcrz_abr_0109220490.jpg\",\"contentUrl\":\"https:\/\/www.notibras.com\/site\/wp-content\/uploads\/2023\/04\/esplanada_07_setembro_preparativos_jfcrz_abr_0109220490.jpg\",\"width\":1170,\"height\":700,\"caption\":\"Esplanada dos Minist\u00e9rios recebe preparativos para o desfile c\u00edvico-militar de 7 de Setembro\"},{\"@type\":\"BreadcrumbList\",\"@id\":\"https:\/\/www.notibras.com\/site\/servidor-tem-aumento-certo-e-enfermeira-piso-salarial\/#breadcrumb\",\"itemListElement\":[{\"@type\":\"ListItem\",\"position\":1,\"name\":\"In\u00edcio\",\"item\":\"https:\/\/www.notibras.com\/site\/\"},{\"@type\":\"ListItem\",\"position\":2,\"name\":\"Servidor tem aumento certo e enfermeira piso salarial\"}]},{\"@type\":\"WebSite\",\"@id\":\"https:\/\/www.notibras.com\/site\/#website\",\"url\":\"https:\/\/www.notibras.com\/site\/\",\"name\":\"Notibras\",\"description\":\"Not\u00edcias de Bras\u00edlia, do Brasil e do Mundo\",\"publisher\":{\"@id\":\"https:\/\/www.notibras.com\/site\/#organization\"},\"potentialAction\":[{\"@type\":\"SearchAction\",\"target\":{\"@type\":\"EntryPoint\",\"urlTemplate\":\"https:\/\/www.notibras.com\/site\/?s={search_term_string}\"},\"query-input\":{\"@type\":\"PropertyValueSpecification\",\"valueRequired\":true,\"valueName\":\"search_term_string\"}}],\"inLanguage\":\"pt-BR\"},{\"@type\":\"Organization\",\"@id\":\"https:\/\/www.notibras.com\/site\/#organization\",\"name\":\"Grupo Notibras de Comunica\u00e7\u00e3o\",\"url\":\"https:\/\/www.notibras.com\/site\/\",\"logo\":{\"@type\":\"ImageObject\",\"inLanguage\":\"pt-BR\",\"@id\":\"https:\/\/www.notibras.com\/site\/#\/schema\/logo\/image\/\",\"url\":\"https:\/\/www.notibras.com\/site\/wp-content\/uploads\/2023\/01\/notibras23.png\",\"contentUrl\":\"https:\/\/www.notibras.com\/site\/wp-content\/uploads\/2023\/01\/notibras23.png\",\"width\":350,\"height\":87,\"caption\":\"Grupo Notibras de Comunica\u00e7\u00e3o\"},\"image\":{\"@id\":\"https:\/\/www.notibras.com\/site\/#\/schema\/logo\/image\/\"},\"sameAs\":[\"https:\/\/www.facebook.com\/notibras\/\",\"https:\/\/x.com\/Notibras\",\"https:\/\/www.instagram.com\/notibras\/\"]},{\"@type\":\"Person\",\"@id\":\"https:\/\/www.notibras.com\/site\/#\/schema\/person\/36ab0979449956132d3e5b517ea76ac8\",\"name\":\"Reda\u00e7\u00e3o\",\"image\":{\"@type\":\"ImageObject\",\"inLanguage\":\"pt-BR\",\"@id\":\"https:\/\/secure.gravatar.com\/avatar\/e0a867bdedb85fd243eadf09663511f96fc81e0720a4a42581f334ad4303aa6b?s=96&d=mm&r=g\",\"url\":\"https:\/\/secure.gravatar.com\/avatar\/e0a867bdedb85fd243eadf09663511f96fc81e0720a4a42581f334ad4303aa6b?s=96&d=mm&r=g\",\"contentUrl\":\"https:\/\/secure.gravatar.com\/avatar\/e0a867bdedb85fd243eadf09663511f96fc81e0720a4a42581f334ad4303aa6b?s=96&d=mm&r=g\",\"caption\":\"Reda\u00e7\u00e3o\"}}]}<\/script>\n<!-- \/ Yoast SEO plugin. -->","yoast_head_json":{"title":"Servidor tem aumento certo e enfermeira piso salarial - Notibras","robots":{"index":"index","follow":"follow","max-snippet":"max-snippet:-1","max-image-preview":"max-image-preview:large","max-video-preview":"max-video-preview:-1"},"canonical":"https:\/\/www.notibras.com\/site\/servidor-tem-aumento-certo-e-enfermeira-piso-salarial\/","og_locale":"pt_BR","og_type":"article","og_title":"Servidor tem aumento certo e enfermeira piso salarial - Notibras","og_description":"O Congresso Nacional aprovou o reajuste dos servidores p\u00fablicos federais. O projeto, aprovado na Comiss\u00e3o Mista de Or\u00e7amento (CMO) prev\u00ea o reajuste de 9% aos servidores do Executivo a partir de maio. Na mesma sess\u00e3o, foi aprovado o projeto que abre cr\u00e9dito especial no valor de R$ 7,3 bilh\u00f5es para que o Minist\u00e9rio da Sa\u00fade [&hellip;]","og_url":"https:\/\/www.notibras.com\/site\/servidor-tem-aumento-certo-e-enfermeira-piso-salarial\/","og_site_name":"Notibras","article_publisher":"https:\/\/www.facebook.com\/notibras\/","article_published_time":"2023-04-27T03:01:42+00:00","article_modified_time":"2023-04-27T11:52:49+00:00","og_image":[{"width":1170,"height":700,"url":"https:\/\/www.notibras.com\/site\/wp-content\/uploads\/2023\/04\/esplanada_07_setembro_preparativos_jfcrz_abr_0109220490.jpg","type":"image\/jpeg"}],"author":"Reda\u00e7\u00e3o","twitter_card":"summary_large_image","twitter_creator":"@Notibras","twitter_site":"@Notibras","twitter_misc":{"Escrito por":"Reda\u00e7\u00e3o","Est. tempo de leitura":"3 minutos"},"schema":{"@context":"https:\/\/schema.org","@graph":[{"@type":"Article","@id":"https:\/\/www.notibras.com\/site\/servidor-tem-aumento-certo-e-enfermeira-piso-salarial\/#article","isPartOf":{"@id":"https:\/\/www.notibras.com\/site\/servidor-tem-aumento-certo-e-enfermeira-piso-salarial\/"},"author":{"name":"Reda\u00e7\u00e3o","@id":"https:\/\/www.notibras.com\/site\/#\/schema\/person\/36ab0979449956132d3e5b517ea76ac8"},"headline":"Servidor tem aumento certo e enfermeira piso salarial","datePublished":"2023-04-27T03:01:42+00:00","dateModified":"2023-04-27T11:52:49+00:00","mainEntityOfPage":{"@id":"https:\/\/www.notibras.com\/site\/servidor-tem-aumento-certo-e-enfermeira-piso-salarial\/"},"wordCount":428,"publisher":{"@id":"https:\/\/www.notibras.com\/site\/#organization"},"image":{"@id":"https:\/\/www.notibras.com\/site\/servidor-tem-aumento-certo-e-enfermeira-piso-salarial\/#primaryimage"},"thumbnailUrl":"https:\/\/www.notibras.com\/site\/wp-content\/uploads\/2023\/04\/esplanada_07_setembro_preparativos_jfcrz_abr_0109220490.jpg","articleSection":["Quadradinho em Foco"],"inLanguage":"pt-BR"},{"@type":"WebPage","@id":"https:\/\/www.notibras.com\/site\/servidor-tem-aumento-certo-e-enfermeira-piso-salarial\/","url":"https:\/\/www.notibras.com\/site\/servidor-tem-aumento-certo-e-enfermeira-piso-salarial\/","name":"Servidor tem aumento certo e enfermeira piso salarial - Notibras","isPartOf":{"@id":"https:\/\/www.notibras.com\/site\/#website"},"primaryImageOfPage":{"@id":"https:\/\/www.notibras.com\/site\/servidor-tem-aumento-certo-e-enfermeira-piso-salarial\/#primaryimage"},"image":{"@id":"https:\/\/www.notibras.com\/site\/servidor-tem-aumento-certo-e-enfermeira-piso-salarial\/#primaryimage"},"thumbnailUrl":"https:\/\/www.notibras.com\/site\/wp-content\/uploads\/2023\/04\/esplanada_07_setembro_preparativos_jfcrz_abr_0109220490.jpg","datePublished":"2023-04-27T03:01:42+00:00","dateModified":"2023-04-27T11:52:49+00:00","breadcrumb":{"@id":"https:\/\/www.notibras.com\/site\/servidor-tem-aumento-certo-e-enfermeira-piso-salarial\/#breadcrumb"},"inLanguage":"pt-BR","potentialAction":[{"@type":"ReadAction","target":["https:\/\/www.notibras.com\/site\/servidor-tem-aumento-certo-e-enfermeira-piso-salarial\/"]}]},{"@type":"ImageObject","inLanguage":"pt-BR","@id":"https:\/\/www.notibras.com\/site\/servidor-tem-aumento-certo-e-enfermeira-piso-salarial\/#primaryimage","url":"https:\/\/www.notibras.com\/site\/wp-content\/uploads\/2023\/04\/esplanada_07_setembro_preparativos_jfcrz_abr_0109220490.jpg","contentUrl":"https:\/\/www.notibras.com\/site\/wp-content\/uploads\/2023\/04\/esplanada_07_setembro_preparativos_jfcrz_abr_0109220490.jpg","width":1170,"height":700,"caption":"Esplanada dos Minist\u00e9rios recebe preparativos para o desfile c\u00edvico-militar de 7 de Setembro"},{"@type":"BreadcrumbList","@id":"https:\/\/www.notibras.com\/site\/servidor-tem-aumento-certo-e-enfermeira-piso-salarial\/#breadcrumb","itemListElement":[{"@type":"ListItem","position":1,"name":"In\u00edcio","item":"https:\/\/www.notibras.com\/site\/"},{"@type":"ListItem","position":2,"name":"Servidor tem aumento certo e enfermeira piso salarial"}]},{"@type":"WebSite","@id":"https:\/\/www.notibras.com\/site\/#website","url":"https:\/\/www.notibras.com\/site\/","name":"Notibras","description":"Not\u00edcias de Bras\u00edlia, do Brasil e do Mundo","publisher":{"@id":"https:\/\/www.notibras.com\/site\/#organization"},"potentialAction":[{"@type":"SearchAction","target":{"@type":"EntryPoint","urlTemplate":"https:\/\/www.notibras.com\/site\/?s={search_term_string}"},"query-input":{"@type":"PropertyValueSpecification","valueRequired":true,"valueName":"search_term_string"}}],"inLanguage":"pt-BR"},{"@type":"Organization","@id":"https:\/\/www.notibras.com\/site\/#organization","name":"Grupo Notibras de Comunica\u00e7\u00e3o","url":"https:\/\/www.notibras.com\/site\/","logo":{"@type":"ImageObject","inLanguage":"pt-BR","@id":"https:\/\/www.notibras.com\/site\/#\/schema\/logo\/image\/","url":"https:\/\/www.notibras.com\/site\/wp-content\/uploads\/2023\/01\/notibras23.png","contentUrl":"https:\/\/www.notibras.com\/site\/wp-content\/uploads\/2023\/01\/notibras23.png","width":350,"height":87,"caption":"Grupo Notibras de Comunica\u00e7\u00e3o"},"image":{"@id":"https:\/\/www.notibras.com\/site\/#\/schema\/logo\/image\/"},"sameAs":["https:\/\/www.facebook.com\/notibras\/","https:\/\/x.com\/Notibras","https:\/\/www.instagram.com\/notibras\/"]},{"@type":"Person","@id":"https:\/\/www.notibras.com\/site\/#\/schema\/person\/36ab0979449956132d3e5b517ea76ac8","name":"Reda\u00e7\u00e3o","image":{"@type":"ImageObject","inLanguage":"pt-BR","@id":"https:\/\/secure.gravatar.com\/avatar\/e0a867bdedb85fd243eadf09663511f96fc81e0720a4a42581f334ad4303aa6b?s=96&d=mm&r=g","url":"https:\/\/secure.gravatar.com\/avatar\/e0a867bdedb85fd243eadf09663511f96fc81e0720a4a42581f334ad4303aa6b?s=96&d=mm&r=g","contentUrl":"https:\/\/secure.gravatar.com\/avatar\/e0a867bdedb85fd243eadf09663511f96fc81e0720a4a42581f334ad4303aa6b?s=96&d=mm&r=g","caption":"Reda\u00e7\u00e3o"}}]}},"amp_enabled":true,"_links":{"self":[{"href":"https:\/\/www.notibras.com\/site\/wp-json\/wp\/v2\/posts\/303758","targetHints":{"allow":["GET"]}}],"collection":[{"href":"https:\/\/www.notibras.com\/site\/wp-json\/wp\/v2\/posts"}],"about":[{"href":"https:\/\/www.notibras.com\/site\/wp-json\/wp\/v2\/types\/post"}],"author":[{"embeddable":true,"href":"https:\/\/www.notibras.com\/site\/wp-json\/wp\/v2\/users\/2"}],"replies":[{"embeddable":true,"href":"https:\/\/www.notibras.com\/site\/wp-json\/wp\/v2\/comments?post=303758"}],"version-history":[{"count":1,"href":"https:\/\/www.notibras.com\/site\/wp-json\/wp\/v2\/posts\/303758\/revisions"}],"predecessor-version":[{"id":303759,"href":"https:\/\/www.notibras.com\/site\/wp-json\/wp\/v2\/posts\/303758\/revisions\/303759"}],"wp:featuredmedia":[{"embeddable":true,"href":"https:\/\/www.notibras.com\/site\/wp-json\/wp\/v2\/media\/302181"}],"wp:attachment":[{"href":"https:\/\/www.notibras.com\/site\/wp-json\/wp\/v2\/media?parent=303758"}],"wp:term":[{"taxonomy":"category","embeddable":true,"href":"https:\/\/www.notibras.com\/site\/wp-json\/wp\/v2\/categories?post=303758"},{"taxonomy":"post_tag","embeddable":true,"href":"https:\/\/www.notibras.com\/site\/wp-json\/wp\/v2\/tags?post=303758"}],"curies":[{"name":"wp","href":"https:\/\/api.w.org\/{rel}","templated":true}]}}