{"id":303760,"date":"2023-04-27T06:10:22","date_gmt":"2023-04-27T09:10:22","guid":{"rendered":"https:\/\/www.notibras.com\/site\/?p=303760"},"modified":"2023-04-27T08:59:25","modified_gmt":"2023-04-27T11:59:25","slug":"vacinacao-tem-importancia-maior-para-prematuros","status":"publish","type":"post","link":"https:\/\/www.notibras.com\/site\/vacinacao-tem-importancia-maior-para-prematuros\/","title":{"rendered":"Vacina\u00e7\u00e3o tem import\u00e2ncia maior para prematuros"},"content":{"rendered":"<p>O cen\u00e1rio de queda na prote\u00e7\u00e3o das crian\u00e7as brasileiras contra doen\u00e7as imunopreven\u00edveis preocupa especialistas desde 2015, e, entre os alertas, est\u00e1 o da necessidade de vacinar os beb\u00eas que nascem prematuros. Em entrevista sobre a Semana Mundial da Imuniza\u00e7\u00e3o, a neonatologista Lilian Sadeck explica que beb\u00eas prematuros precisam ainda mais da prote\u00e7\u00e3o das vacinas.<\/p>\n<p>&#8220;O beb\u00ea prematuro tem imaturidade imunol\u00f3gica. Ele recebe menos anticorpos da m\u00e3e, porque os anticorpos passam principalmente no final da gesta\u00e7\u00e3o, e, com isso, ele \u00e9 mais suscet\u00edvel [a doen\u00e7as]. E, al\u00e9m de serem mais vulner\u00e1veis, eles acabam tendo casos mais graves quando adquirem a doen\u00e7a&#8221;, explica. &#8220;A fam\u00edlia precisa prestar mais aten\u00e7\u00e3o, porque eles acabam ficando internados por mais tempo e, al\u00e9m de ter um sistema imunol\u00f3gico mais imaturo, muitas vezes, n\u00e3o conseguem receber aleitamento materno por um tempo mais prolongado&#8221;, diz Lilian.<\/p>\n<p>Secret\u00e1ria do Departamento de Neonatologia da Sociedade Brasileira de Pediatria (SBP), a m\u00e9dica pede aten\u00e7\u00e3o tamb\u00e9m \u00e0s idades recomendadas para cada vacina, que permanecem as mesmas, com a contagem a partir do nascimento como refer\u00eancia. As vacinas contra meningite, pneumonia, coqueluche, hepatite B, rotav\u00edrus, gripe e as demais do primeiro ano de vida devem ser aplicadas segundo a idade cronol\u00f3gica da crian\u00e7a, independentemente de seu peso ou idade gestacional, alerta a SBP.<\/p>\n<p>O que conta \u00e9 a data em que o beb\u00ea nasceu, diz a m\u00e9dica. \u201c\u00c9 uma coisa que confunde as pessoas, que, \u00e0s vezes, pensam que t\u00eam que dar de acordo com uma idade corrigindo a prematuridade.&#8221;<\/p>\n<p>Os beb\u00eas prematuros tamb\u00e9m t\u00eam maior risco de eventos adversos ao receber algumas vacinas. Por isso, os imunizantes que previnem contra a coqueluche devem ser preferencialmente vacinas acelulares. Nos centros de refer\u00eancia em imunobiol\u00f3gicos especiais (CRIEs), \u00e9 poss\u00edvel encontrar a penta acelular (difteria, t\u00e9tano, coqueluche, hepatite B e Haemophilus influenzae tipo b) e a hexa acelular (difteria, t\u00e9tano, coqueluche, poliomielite inativada (VIP), hepatite B (HB) e Haemophilus influenzae tipo b (Hib) gratuitamente.<\/p>\n<p>&#8220;Estas s\u00e3o vacinas conjugadas, em que uma mesma dose protege contra v\u00e1rias doen\u00e7as. S\u00e3o vacinas que causam menos sofrimento para a fam\u00edlia e para o beb\u00ea, porque em uma inje\u00e7\u00e3o ele recebe v\u00e1rias vacinas juntas&#8221;, aconselha a m\u00e9dica. &#8220;Muitas vezes, a fam\u00edlia fica com d\u00f3, porque a crian\u00e7a j\u00e1 nasceu prematura, j\u00e1 sofreu, muitas vezes ficou internada. Ent\u00e3o, a gente tem que sensibilizar muito a fam\u00edlia para que mantenham esse calend\u00e1rio atualizado.&#8221;<\/p>\n<p><strong>Gestantes<\/strong><br \/>\nAssim como os beb\u00eas prematuros, as gestantes tamb\u00e9m requerem mais aten\u00e7\u00e3o em rela\u00e7\u00e3o ao calend\u00e1rio vacinal. Gr\u00e1vidas t\u00eam um calend\u00e1rio vacinal espec\u00edfico e, caso n\u00e3o tenham hist\u00f3rico vacinal da dT (difteria e t\u00e9tano), devem receber duas doses e, a partir da 20\u00aa semana de gesta\u00e7\u00e3o, uma dose da vacina dTpa (que inclui tamb\u00e9m a coqueluche). Mesmo que j\u00e1 tenham recebido a dT anteriormente, a dTpa continua recomendada uma vez por gesta\u00e7\u00e3o.<\/p>\n<p>&#8220;\u00c9 importante que a m\u00e3e receba essas vacinas, principalmente pelo componente coqueluche, porque ela vai produzir mais anticorpos e eles v\u00e3o passar para o feto e proteger o rec\u00e9m-nascido nos primeiros anos de vida.&#8221;<\/p>\n<p>O hist\u00f3rico vacinal contra a hepatite B tamb\u00e9m deve ser checado. Caso n\u00e3o seja poss\u00edvel completar o esquema durante a gesta\u00e7\u00e3o, ele dever\u00e1 ser conclu\u00eddo ap\u00f3s o parto, informa o calend\u00e1rio da gestante atualizado no ano passado pelo Minist\u00e9rio da Sa\u00fade.<\/p>\n<p>Lilian Sadeck tamb\u00e9m recomenda que as gestantes recebam as vacinas contra influenza e covid-19. A m\u00e9dica ressalta que a vacina\u00e7\u00e3o das gestantes tamb\u00e9m est\u00e1 em baixa. Isso ocorre mesmo que muitas delas sejam acompanhadas por profissionais de sa\u00fade.<\/p>\n<p>&#8220;Al\u00e9m de a pandemia ter interferido no pr\u00e9-natal, muitas gestantes desconhecem a disponibilidade dessas vacinas no SUS [Sistema \u00danico de Sa\u00fade], que elas podem e devem receber durante o pr\u00e9-natal&#8221;, acrescenta a m\u00e9dica.<\/p>\n","protected":false},"excerpt":{"rendered":"<p>O cen\u00e1rio de queda na prote\u00e7\u00e3o das crian\u00e7as brasileiras contra doen\u00e7as imunopreven\u00edveis preocupa especialistas desde 2015, e, entre os alertas, est\u00e1 o da necessidade de vacinar os beb\u00eas que nascem prematuros. Em entrevista sobre a Semana Mundial da Imuniza\u00e7\u00e3o, a neonatologista Lilian Sadeck explica que beb\u00eas prematuros precisam ainda mais da prote\u00e7\u00e3o das vacinas. &#8220;O [&hellip;]<\/p>\n","protected":false},"author":2,"featured_media":303761,"comment_status":"closed","ping_status":"closed","sticky":false,"template":"","format":"standard","meta":{"_acf_changed":false,"footnotes":""},"categories":[161],"tags":[],"class_list":["post-303760","post","type-post","status-publish","format-standard","has-post-thumbnail","hentry","category-quadradinho-em-foco"],"acf":[],"yoast_head":"<!-- This site is optimized with the Yoast SEO plugin v27.2 - https:\/\/yoast.com\/product\/yoast-seo-wordpress\/ -->\n<title>Vacina\u00e7\u00e3o tem import\u00e2ncia maior para prematuros - Notibras<\/title>\n<meta name=\"robots\" content=\"index, follow, max-snippet:-1, max-image-preview:large, max-video-preview:-1\" \/>\n<link rel=\"canonical\" href=\"https:\/\/www.notibras.com\/site\/vacinacao-tem-importancia-maior-para-prematuros\/\" \/>\n<meta property=\"og:locale\" content=\"pt_BR\" \/>\n<meta property=\"og:type\" content=\"article\" \/>\n<meta property=\"og:title\" content=\"Vacina\u00e7\u00e3o tem import\u00e2ncia maior para prematuros - Notibras\" \/>\n<meta property=\"og:description\" content=\"O cen\u00e1rio de queda na prote\u00e7\u00e3o das crian\u00e7as brasileiras contra doen\u00e7as imunopreven\u00edveis preocupa especialistas desde 2015, e, entre os alertas, est\u00e1 o da necessidade de vacinar os beb\u00eas que nascem prematuros. Em entrevista sobre a Semana Mundial da Imuniza\u00e7\u00e3o, a neonatologista Lilian Sadeck explica que beb\u00eas prematuros precisam ainda mais da prote\u00e7\u00e3o das vacinas. &#8220;O [&hellip;]\" \/>\n<meta property=\"og:url\" content=\"https:\/\/www.notibras.com\/site\/vacinacao-tem-importancia-maior-para-prematuros\/\" \/>\n<meta property=\"og:site_name\" content=\"Notibras\" \/>\n<meta property=\"article:publisher\" content=\"https:\/\/www.facebook.com\/notibras\/\" \/>\n<meta property=\"article:published_time\" content=\"2023-04-27T09:10:22+00:00\" \/>\n<meta property=\"article:modified_time\" content=\"2023-04-27T11:59:25+00:00\" \/>\n<meta property=\"og:image\" content=\"https:\/\/www.notibras.com\/site\/wp-content\/uploads\/2023\/04\/Bebes_Rede_Santa-Maria_131.jpg\" \/>\n\t<meta property=\"og:image:width\" content=\"1170\" \/>\n\t<meta property=\"og:image:height\" content=\"700\" \/>\n\t<meta property=\"og:image:type\" content=\"image\/jpeg\" \/>\n<meta name=\"author\" content=\"Reda\u00e7\u00e3o\" \/>\n<meta name=\"twitter:card\" content=\"summary_large_image\" \/>\n<meta name=\"twitter:creator\" content=\"@Notibras\" \/>\n<meta name=\"twitter:site\" content=\"@Notibras\" \/>\n<meta name=\"twitter:label1\" content=\"Escrito por\" \/>\n\t<meta name=\"twitter:data1\" content=\"Reda\u00e7\u00e3o\" \/>\n\t<meta name=\"twitter:label2\" content=\"Est. tempo de leitura\" \/>\n\t<meta name=\"twitter:data2\" content=\"4 minutos\" \/>\n<script type=\"application\/ld+json\" class=\"yoast-schema-graph\">{\"@context\":\"https:\/\/schema.org\",\"@graph\":[{\"@type\":\"Article\",\"@id\":\"https:\/\/www.notibras.com\/site\/vacinacao-tem-importancia-maior-para-prematuros\/#article\",\"isPartOf\":{\"@id\":\"https:\/\/www.notibras.com\/site\/vacinacao-tem-importancia-maior-para-prematuros\/\"},\"author\":{\"name\":\"Reda\u00e7\u00e3o\",\"@id\":\"https:\/\/www.notibras.com\/site\/#\/schema\/person\/36ab0979449956132d3e5b517ea76ac8\"},\"headline\":\"Vacina\u00e7\u00e3o tem import\u00e2ncia maior para prematuros\",\"datePublished\":\"2023-04-27T09:10:22+00:00\",\"dateModified\":\"2023-04-27T11:59:25+00:00\",\"mainEntityOfPage\":{\"@id\":\"https:\/\/www.notibras.com\/site\/vacinacao-tem-importancia-maior-para-prematuros\/\"},\"wordCount\":701,\"publisher\":{\"@id\":\"https:\/\/www.notibras.com\/site\/#organization\"},\"image\":{\"@id\":\"https:\/\/www.notibras.com\/site\/vacinacao-tem-importancia-maior-para-prematuros\/#primaryimage\"},\"thumbnailUrl\":\"https:\/\/www.notibras.com\/site\/wp-content\/uploads\/2023\/04\/Bebes_Rede_Santa-Maria_131.jpg\",\"articleSection\":[\"Quadradinho em Foco\"],\"inLanguage\":\"pt-BR\"},{\"@type\":\"WebPage\",\"@id\":\"https:\/\/www.notibras.com\/site\/vacinacao-tem-importancia-maior-para-prematuros\/\",\"url\":\"https:\/\/www.notibras.com\/site\/vacinacao-tem-importancia-maior-para-prematuros\/\",\"name\":\"Vacina\u00e7\u00e3o tem import\u00e2ncia maior para prematuros - Notibras\",\"isPartOf\":{\"@id\":\"https:\/\/www.notibras.com\/site\/#website\"},\"primaryImageOfPage\":{\"@id\":\"https:\/\/www.notibras.com\/site\/vacinacao-tem-importancia-maior-para-prematuros\/#primaryimage\"},\"image\":{\"@id\":\"https:\/\/www.notibras.com\/site\/vacinacao-tem-importancia-maior-para-prematuros\/#primaryimage\"},\"thumbnailUrl\":\"https:\/\/www.notibras.com\/site\/wp-content\/uploads\/2023\/04\/Bebes_Rede_Santa-Maria_131.jpg\",\"datePublished\":\"2023-04-27T09:10:22+00:00\",\"dateModified\":\"2023-04-27T11:59:25+00:00\",\"breadcrumb\":{\"@id\":\"https:\/\/www.notibras.com\/site\/vacinacao-tem-importancia-maior-para-prematuros\/#breadcrumb\"},\"inLanguage\":\"pt-BR\",\"potentialAction\":[{\"@type\":\"ReadAction\",\"target\":[\"https:\/\/www.notibras.com\/site\/vacinacao-tem-importancia-maior-para-prematuros\/\"]}]},{\"@type\":\"ImageObject\",\"inLanguage\":\"pt-BR\",\"@id\":\"https:\/\/www.notibras.com\/site\/vacinacao-tem-importancia-maior-para-prematuros\/#primaryimage\",\"url\":\"https:\/\/www.notibras.com\/site\/wp-content\/uploads\/2023\/04\/Bebes_Rede_Santa-Maria_131.jpg\",\"contentUrl\":\"https:\/\/www.notibras.com\/site\/wp-content\/uploads\/2023\/04\/Bebes_Rede_Santa-Maria_131.jpg\",\"width\":1170,\"height\":700,\"caption\":\"Bras\u00edlia \u2013 Beb\u00eas prematuros que nascem no Hospital Regional de Santa Maria, regi\u00e3o administrativa localizada a 26 km de Bras\u00edlia, est\u00e3o sendo colocados em mini-redes de algod\u00e3o adaptadas dentro das incubadoras como uma alternativa para melhorar o conforto dos pequenos. Outra op\u00e7\u00e3o oferecida no local \u00e9 a m\u00fasica cl\u00e1ssica e instrumental como som ambiente na unidade de terapia intensiva (UTI) neonatal.\"},{\"@type\":\"BreadcrumbList\",\"@id\":\"https:\/\/www.notibras.com\/site\/vacinacao-tem-importancia-maior-para-prematuros\/#breadcrumb\",\"itemListElement\":[{\"@type\":\"ListItem\",\"position\":1,\"name\":\"In\u00edcio\",\"item\":\"https:\/\/www.notibras.com\/site\/\"},{\"@type\":\"ListItem\",\"position\":2,\"name\":\"Vacina\u00e7\u00e3o tem import\u00e2ncia maior para prematuros\"}]},{\"@type\":\"WebSite\",\"@id\":\"https:\/\/www.notibras.com\/site\/#website\",\"url\":\"https:\/\/www.notibras.com\/site\/\",\"name\":\"Notibras\",\"description\":\"Not\u00edcias de Bras\u00edlia, do Brasil e do Mundo\",\"publisher\":{\"@id\":\"https:\/\/www.notibras.com\/site\/#organization\"},\"potentialAction\":[{\"@type\":\"SearchAction\",\"target\":{\"@type\":\"EntryPoint\",\"urlTemplate\":\"https:\/\/www.notibras.com\/site\/?s={search_term_string}\"},\"query-input\":{\"@type\":\"PropertyValueSpecification\",\"valueRequired\":true,\"valueName\":\"search_term_string\"}}],\"inLanguage\":\"pt-BR\"},{\"@type\":\"Organization\",\"@id\":\"https:\/\/www.notibras.com\/site\/#organization\",\"name\":\"Grupo Notibras de Comunica\u00e7\u00e3o\",\"url\":\"https:\/\/www.notibras.com\/site\/\",\"logo\":{\"@type\":\"ImageObject\",\"inLanguage\":\"pt-BR\",\"@id\":\"https:\/\/www.notibras.com\/site\/#\/schema\/logo\/image\/\",\"url\":\"https:\/\/www.notibras.com\/site\/wp-content\/uploads\/2023\/01\/notibras23.png\",\"contentUrl\":\"https:\/\/www.notibras.com\/site\/wp-content\/uploads\/2023\/01\/notibras23.png\",\"width\":350,\"height\":87,\"caption\":\"Grupo Notibras de Comunica\u00e7\u00e3o\"},\"image\":{\"@id\":\"https:\/\/www.notibras.com\/site\/#\/schema\/logo\/image\/\"},\"sameAs\":[\"https:\/\/www.facebook.com\/notibras\/\",\"https:\/\/x.com\/Notibras\",\"https:\/\/www.instagram.com\/notibras\/\"]},{\"@type\":\"Person\",\"@id\":\"https:\/\/www.notibras.com\/site\/#\/schema\/person\/36ab0979449956132d3e5b517ea76ac8\",\"name\":\"Reda\u00e7\u00e3o\",\"image\":{\"@type\":\"ImageObject\",\"inLanguage\":\"pt-BR\",\"@id\":\"https:\/\/secure.gravatar.com\/avatar\/e0a867bdedb85fd243eadf09663511f96fc81e0720a4a42581f334ad4303aa6b?s=96&d=mm&r=g\",\"url\":\"https:\/\/secure.gravatar.com\/avatar\/e0a867bdedb85fd243eadf09663511f96fc81e0720a4a42581f334ad4303aa6b?s=96&d=mm&r=g\",\"contentUrl\":\"https:\/\/secure.gravatar.com\/avatar\/e0a867bdedb85fd243eadf09663511f96fc81e0720a4a42581f334ad4303aa6b?s=96&d=mm&r=g\",\"caption\":\"Reda\u00e7\u00e3o\"}}]}<\/script>\n<!-- \/ Yoast SEO plugin. -->","yoast_head_json":{"title":"Vacina\u00e7\u00e3o tem import\u00e2ncia maior para prematuros - Notibras","robots":{"index":"index","follow":"follow","max-snippet":"max-snippet:-1","max-image-preview":"max-image-preview:large","max-video-preview":"max-video-preview:-1"},"canonical":"https:\/\/www.notibras.com\/site\/vacinacao-tem-importancia-maior-para-prematuros\/","og_locale":"pt_BR","og_type":"article","og_title":"Vacina\u00e7\u00e3o tem import\u00e2ncia maior para prematuros - Notibras","og_description":"O cen\u00e1rio de queda na prote\u00e7\u00e3o das crian\u00e7as brasileiras contra doen\u00e7as imunopreven\u00edveis preocupa especialistas desde 2015, e, entre os alertas, est\u00e1 o da necessidade de vacinar os beb\u00eas que nascem prematuros. Em entrevista sobre a Semana Mundial da Imuniza\u00e7\u00e3o, a neonatologista Lilian Sadeck explica que beb\u00eas prematuros precisam ainda mais da prote\u00e7\u00e3o das vacinas. &#8220;O [&hellip;]","og_url":"https:\/\/www.notibras.com\/site\/vacinacao-tem-importancia-maior-para-prematuros\/","og_site_name":"Notibras","article_publisher":"https:\/\/www.facebook.com\/notibras\/","article_published_time":"2023-04-27T09:10:22+00:00","article_modified_time":"2023-04-27T11:59:25+00:00","og_image":[{"width":1170,"height":700,"url":"https:\/\/www.notibras.com\/site\/wp-content\/uploads\/2023\/04\/Bebes_Rede_Santa-Maria_131.jpg","type":"image\/jpeg"}],"author":"Reda\u00e7\u00e3o","twitter_card":"summary_large_image","twitter_creator":"@Notibras","twitter_site":"@Notibras","twitter_misc":{"Escrito por":"Reda\u00e7\u00e3o","Est. tempo de leitura":"4 minutos"},"schema":{"@context":"https:\/\/schema.org","@graph":[{"@type":"Article","@id":"https:\/\/www.notibras.com\/site\/vacinacao-tem-importancia-maior-para-prematuros\/#article","isPartOf":{"@id":"https:\/\/www.notibras.com\/site\/vacinacao-tem-importancia-maior-para-prematuros\/"},"author":{"name":"Reda\u00e7\u00e3o","@id":"https:\/\/www.notibras.com\/site\/#\/schema\/person\/36ab0979449956132d3e5b517ea76ac8"},"headline":"Vacina\u00e7\u00e3o tem import\u00e2ncia maior para prematuros","datePublished":"2023-04-27T09:10:22+00:00","dateModified":"2023-04-27T11:59:25+00:00","mainEntityOfPage":{"@id":"https:\/\/www.notibras.com\/site\/vacinacao-tem-importancia-maior-para-prematuros\/"},"wordCount":701,"publisher":{"@id":"https:\/\/www.notibras.com\/site\/#organization"},"image":{"@id":"https:\/\/www.notibras.com\/site\/vacinacao-tem-importancia-maior-para-prematuros\/#primaryimage"},"thumbnailUrl":"https:\/\/www.notibras.com\/site\/wp-content\/uploads\/2023\/04\/Bebes_Rede_Santa-Maria_131.jpg","articleSection":["Quadradinho em Foco"],"inLanguage":"pt-BR"},{"@type":"WebPage","@id":"https:\/\/www.notibras.com\/site\/vacinacao-tem-importancia-maior-para-prematuros\/","url":"https:\/\/www.notibras.com\/site\/vacinacao-tem-importancia-maior-para-prematuros\/","name":"Vacina\u00e7\u00e3o tem import\u00e2ncia maior para prematuros - Notibras","isPartOf":{"@id":"https:\/\/www.notibras.com\/site\/#website"},"primaryImageOfPage":{"@id":"https:\/\/www.notibras.com\/site\/vacinacao-tem-importancia-maior-para-prematuros\/#primaryimage"},"image":{"@id":"https:\/\/www.notibras.com\/site\/vacinacao-tem-importancia-maior-para-prematuros\/#primaryimage"},"thumbnailUrl":"https:\/\/www.notibras.com\/site\/wp-content\/uploads\/2023\/04\/Bebes_Rede_Santa-Maria_131.jpg","datePublished":"2023-04-27T09:10:22+00:00","dateModified":"2023-04-27T11:59:25+00:00","breadcrumb":{"@id":"https:\/\/www.notibras.com\/site\/vacinacao-tem-importancia-maior-para-prematuros\/#breadcrumb"},"inLanguage":"pt-BR","potentialAction":[{"@type":"ReadAction","target":["https:\/\/www.notibras.com\/site\/vacinacao-tem-importancia-maior-para-prematuros\/"]}]},{"@type":"ImageObject","inLanguage":"pt-BR","@id":"https:\/\/www.notibras.com\/site\/vacinacao-tem-importancia-maior-para-prematuros\/#primaryimage","url":"https:\/\/www.notibras.com\/site\/wp-content\/uploads\/2023\/04\/Bebes_Rede_Santa-Maria_131.jpg","contentUrl":"https:\/\/www.notibras.com\/site\/wp-content\/uploads\/2023\/04\/Bebes_Rede_Santa-Maria_131.jpg","width":1170,"height":700,"caption":"Bras\u00edlia \u2013 Beb\u00eas prematuros que nascem no Hospital Regional de Santa Maria, regi\u00e3o administrativa localizada a 26 km de Bras\u00edlia, est\u00e3o sendo colocados em mini-redes de algod\u00e3o adaptadas dentro das incubadoras como uma alternativa para melhorar o conforto dos pequenos. Outra op\u00e7\u00e3o oferecida no local \u00e9 a m\u00fasica cl\u00e1ssica e instrumental como som ambiente na unidade de terapia intensiva (UTI) neonatal."},{"@type":"BreadcrumbList","@id":"https:\/\/www.notibras.com\/site\/vacinacao-tem-importancia-maior-para-prematuros\/#breadcrumb","itemListElement":[{"@type":"ListItem","position":1,"name":"In\u00edcio","item":"https:\/\/www.notibras.com\/site\/"},{"@type":"ListItem","position":2,"name":"Vacina\u00e7\u00e3o tem import\u00e2ncia maior para prematuros"}]},{"@type":"WebSite","@id":"https:\/\/www.notibras.com\/site\/#website","url":"https:\/\/www.notibras.com\/site\/","name":"Notibras","description":"Not\u00edcias de Bras\u00edlia, do Brasil e do Mundo","publisher":{"@id":"https:\/\/www.notibras.com\/site\/#organization"},"potentialAction":[{"@type":"SearchAction","target":{"@type":"EntryPoint","urlTemplate":"https:\/\/www.notibras.com\/site\/?s={search_term_string}"},"query-input":{"@type":"PropertyValueSpecification","valueRequired":true,"valueName":"search_term_string"}}],"inLanguage":"pt-BR"},{"@type":"Organization","@id":"https:\/\/www.notibras.com\/site\/#organization","name":"Grupo Notibras de Comunica\u00e7\u00e3o","url":"https:\/\/www.notibras.com\/site\/","logo":{"@type":"ImageObject","inLanguage":"pt-BR","@id":"https:\/\/www.notibras.com\/site\/#\/schema\/logo\/image\/","url":"https:\/\/www.notibras.com\/site\/wp-content\/uploads\/2023\/01\/notibras23.png","contentUrl":"https:\/\/www.notibras.com\/site\/wp-content\/uploads\/2023\/01\/notibras23.png","width":350,"height":87,"caption":"Grupo Notibras de Comunica\u00e7\u00e3o"},"image":{"@id":"https:\/\/www.notibras.com\/site\/#\/schema\/logo\/image\/"},"sameAs":["https:\/\/www.facebook.com\/notibras\/","https:\/\/x.com\/Notibras","https:\/\/www.instagram.com\/notibras\/"]},{"@type":"Person","@id":"https:\/\/www.notibras.com\/site\/#\/schema\/person\/36ab0979449956132d3e5b517ea76ac8","name":"Reda\u00e7\u00e3o","image":{"@type":"ImageObject","inLanguage":"pt-BR","@id":"https:\/\/secure.gravatar.com\/avatar\/e0a867bdedb85fd243eadf09663511f96fc81e0720a4a42581f334ad4303aa6b?s=96&d=mm&r=g","url":"https:\/\/secure.gravatar.com\/avatar\/e0a867bdedb85fd243eadf09663511f96fc81e0720a4a42581f334ad4303aa6b?s=96&d=mm&r=g","contentUrl":"https:\/\/secure.gravatar.com\/avatar\/e0a867bdedb85fd243eadf09663511f96fc81e0720a4a42581f334ad4303aa6b?s=96&d=mm&r=g","caption":"Reda\u00e7\u00e3o"}}]}},"amp_enabled":true,"_links":{"self":[{"href":"https:\/\/www.notibras.com\/site\/wp-json\/wp\/v2\/posts\/303760","targetHints":{"allow":["GET"]}}],"collection":[{"href":"https:\/\/www.notibras.com\/site\/wp-json\/wp\/v2\/posts"}],"about":[{"href":"https:\/\/www.notibras.com\/site\/wp-json\/wp\/v2\/types\/post"}],"author":[{"embeddable":true,"href":"https:\/\/www.notibras.com\/site\/wp-json\/wp\/v2\/users\/2"}],"replies":[{"embeddable":true,"href":"https:\/\/www.notibras.com\/site\/wp-json\/wp\/v2\/comments?post=303760"}],"version-history":[{"count":1,"href":"https:\/\/www.notibras.com\/site\/wp-json\/wp\/v2\/posts\/303760\/revisions"}],"predecessor-version":[{"id":303762,"href":"https:\/\/www.notibras.com\/site\/wp-json\/wp\/v2\/posts\/303760\/revisions\/303762"}],"wp:featuredmedia":[{"embeddable":true,"href":"https:\/\/www.notibras.com\/site\/wp-json\/wp\/v2\/media\/303761"}],"wp:attachment":[{"href":"https:\/\/www.notibras.com\/site\/wp-json\/wp\/v2\/media?parent=303760"}],"wp:term":[{"taxonomy":"category","embeddable":true,"href":"https:\/\/www.notibras.com\/site\/wp-json\/wp\/v2\/categories?post=303760"},{"taxonomy":"post_tag","embeddable":true,"href":"https:\/\/www.notibras.com\/site\/wp-json\/wp\/v2\/tags?post=303760"}],"curies":[{"name":"wp","href":"https:\/\/api.w.org\/{rel}","templated":true}]}}