{"id":303766,"date":"2023-04-27T06:14:12","date_gmt":"2023-04-27T09:14:12","guid":{"rendered":"https:\/\/www.notibras.com\/site\/?p=303766"},"modified":"2023-04-27T09:16:11","modified_gmt":"2023-04-27T12:16:11","slug":"aplicativo-ajuda-na-hora-de-buscar-proprios-direitos","status":"publish","type":"post","link":"https:\/\/www.notibras.com\/site\/aplicativo-ajuda-na-hora-de-buscar-proprios-direitos\/","title":{"rendered":"Aplicativo ajuda na hora de buscar pr\u00f3prios direitos"},"content":{"rendered":"<p>Para marcar o Dia Nacional da Trabalhadora Dom\u00e9stica, celebrado nesta quinta-feira (27), a Themis &#8211; G\u00eanero, Justi\u00e7a e Direitos Humanos e a Federa\u00e7\u00e3o Nacional das Trabalhadoras Dom\u00e9sticas (Fenatrad) aperfei\u00e7oaram o aplicativo Laudelina, que re\u00fane leis que protegem os direitos das mulheres que atuam no setor. Agora o aplicativo tamb\u00e9m se tornou um canal para que as trabalhadoras possam denunciar casos de trabalho an\u00e1logo \u00e0 escravid\u00e3o.<\/p>\n<p>O aplicativo Laudelina pode ser acessado pelo celular ou pelo computador e, na nova vers\u00e3o, ocupa menos espa\u00e7o na mem\u00f3ria do aparelho m\u00f3vel. Com a tecnologia PWA, a vers\u00e3o atualizada do aplicativo permite que as usu\u00e1rias consigam utiliz\u00e1-lo no navegador, sem que precisem fazer download ou tenham uma conex\u00e3o de alta velocidade. A primeira vers\u00e3o lan\u00e7ada venceu o Equals in Tech, pr\u00eamio que reconhece projetos de tecnologia que reduzem a desigualdade de g\u00eanero.<\/p>\n<p>Al\u00e9m de reunir a legisla\u00e7\u00e3o da categoria, o aplicativo permite que as trabalhadoras dom\u00e9sticas integrem uma rede de contatos. Outra funcionalidade \u00e9 facilitar o acesso a v\u00eddeos e not\u00edcias que podem ser de seu interesse, no \u00e2mbito profissional, conforme ressalta a diretora da Fenatrad Cleide Pereira Pinto.<\/p>\n<p>A representante das trabalhadoras ponta que muitas delas t\u00eam medo de denunciar os patr\u00f5es por explor\u00e1-las e desrespeitar seus direitos. Com frequ\u00eancia, diz ela, os empregadores se aproveitam do afeto que parte delas acaba tendo pela fam\u00edlia das casas onde trabalham para confundi-las a respeito do que elas podem exigir como profissionais.<\/p>\n<p>&#8220;O ass\u00e9dio moral na nossa categoria \u00e9 dizer voc\u00ea \u00e9 parte da nossa fam\u00edlia&#8221;, afirma Cleide, que \u00e9 tamb\u00e9m presidente do Sindicato das Trabalhadoras Dom\u00e9sticas de Nova Igua\u00e7u, no estado do Rio de Janeiro. &#8220;Patr\u00e3o bom \u00e9 o que cumpre com a obriga\u00e7\u00e3o trabalhista.&#8221;<\/p>\n<p>A coordenadora de Trabalho Dom\u00e9stico Remunerado da Themis, J\u00e9ssica Pinheiro Miranda, lembra o perfil das empregadas dom\u00e9sticas, o qual \u00e9 o que as lan\u00e7a em um lugar de vulnerabilidade intensa, que se agravou com a pandemia de covid-19. De acordo com o Instituto de Pesquisa Econ\u00f4mica Aplicada (Ipea), o contingente \u00e9 de 6,2 milh\u00f5es de pessoas, entre diaristas, bab\u00e1s, jardineiros e cuidadores. Ao todo, 92% (5,7 milh\u00f5es) s\u00e3o mulheres, das quais 3,9 milh\u00f5es s\u00e3o negras.<\/p>\n<p>&#8220;Elas est\u00e3o no epicentro da discrimina\u00e7\u00e3o, tanto de ra\u00e7a quanto de g\u00eanero e classe&#8221;, salienta J\u00e9ssica, acrescentando que as vantagens que os patr\u00f5es conseguem tirar das dom\u00e9sticas se d\u00e3o em raz\u00e3o dos resqu\u00edcios de um passado escravagista.<\/p>\n<p>&#8220;Nesse ano, a PEC das dom\u00e9sticas est\u00e1 fazendo dez anos. A gente sabe que foi uma luta do movimento de trabalhadoras dom\u00e9sticas pela conquista dessas leis h\u00e1 mais de 80 anos. Elas s\u00f3 foram reconhecidas na lei como categoria profissional em 1972, quando tiveram tamb\u00e9m direito \u00e0 carteira assinada&#8221;, comenta. &#8220;E, ainda hoje, existe uma diferen\u00e7a de equipara\u00e7\u00e3o entre as trabalhadoras dom\u00e9sticas e as outras categorias. Um exemplo \u00e9 o seguro-desemprego, que, para as dom\u00e9sticas, \u00e9 de apenas tr\u00eas meses, enquanto para outros trabalhadores, dependendo do tempo de trabalho, pode se estender at\u00e9 cinco meses.&#8221;<\/p>\n<p>O nome do aplicativo \u00e9 uma homenagem a Laudelina de Campos Melo, pioneira na luta pelos direitos das trabalhadoras dom\u00e9sticas. Para baix\u00e1-lo no celular, basta acessar o aplicativo na PlayStore e na AppleStore. Para desenvolver a mais recente vers\u00e3o da ferramenta, as entidades contaram com o apoio do Minist\u00e9rio P\u00fablico do Trabalho (MPT), a Care International e a Cummins.<\/p>\n","protected":false},"excerpt":{"rendered":"<p>Para marcar o Dia Nacional da Trabalhadora Dom\u00e9stica, celebrado nesta quinta-feira (27), a Themis &#8211; G\u00eanero, Justi\u00e7a e Direitos Humanos e a Federa\u00e7\u00e3o Nacional das Trabalhadoras Dom\u00e9sticas (Fenatrad) aperfei\u00e7oaram o aplicativo Laudelina, que re\u00fane leis que protegem os direitos das mulheres que atuam no setor. Agora o aplicativo tamb\u00e9m se tornou um canal para que [&hellip;]<\/p>\n","protected":false},"author":2,"featured_media":303767,"comment_status":"closed","ping_status":"closed","sticky":false,"template":"","format":"standard","meta":{"_acf_changed":false,"footnotes":""},"categories":[161],"tags":[],"class_list":["post-303766","post","type-post","status-publish","format-standard","has-post-thumbnail","hentry","category-quadradinho-em-foco"],"acf":[],"yoast_head":"<!-- This site is optimized with the Yoast SEO plugin v27.2 - https:\/\/yoast.com\/product\/yoast-seo-wordpress\/ -->\n<title>Aplicativo ajuda na hora de buscar pr\u00f3prios direitos - Notibras<\/title>\n<meta name=\"robots\" content=\"index, follow, max-snippet:-1, max-image-preview:large, max-video-preview:-1\" \/>\n<link rel=\"canonical\" href=\"https:\/\/www.notibras.com\/site\/aplicativo-ajuda-na-hora-de-buscar-proprios-direitos\/\" \/>\n<meta property=\"og:locale\" content=\"pt_BR\" \/>\n<meta property=\"og:type\" content=\"article\" \/>\n<meta property=\"og:title\" content=\"Aplicativo ajuda na hora de buscar pr\u00f3prios direitos - Notibras\" \/>\n<meta property=\"og:description\" content=\"Para marcar o Dia Nacional da Trabalhadora Dom\u00e9stica, celebrado nesta quinta-feira (27), a Themis &#8211; G\u00eanero, Justi\u00e7a e Direitos Humanos e a Federa\u00e7\u00e3o Nacional das Trabalhadoras Dom\u00e9sticas (Fenatrad) aperfei\u00e7oaram o aplicativo Laudelina, que re\u00fane leis que protegem os direitos das mulheres que atuam no setor. Agora o aplicativo tamb\u00e9m se tornou um canal para que [&hellip;]\" \/>\n<meta property=\"og:url\" content=\"https:\/\/www.notibras.com\/site\/aplicativo-ajuda-na-hora-de-buscar-proprios-direitos\/\" \/>\n<meta property=\"og:site_name\" content=\"Notibras\" \/>\n<meta property=\"article:publisher\" content=\"https:\/\/www.facebook.com\/notibras\/\" \/>\n<meta property=\"article:published_time\" content=\"2023-04-27T09:14:12+00:00\" \/>\n<meta property=\"article:modified_time\" content=\"2023-04-27T12:16:11+00:00\" \/>\n<meta property=\"og:image\" content=\"https:\/\/www.notibras.com\/site\/wp-content\/uploads\/2023\/04\/smartphone.jpg\" \/>\n\t<meta property=\"og:image:width\" content=\"1170\" \/>\n\t<meta property=\"og:image:height\" content=\"700\" \/>\n\t<meta property=\"og:image:type\" content=\"image\/jpeg\" \/>\n<meta name=\"author\" content=\"Reda\u00e7\u00e3o\" \/>\n<meta name=\"twitter:card\" content=\"summary_large_image\" \/>\n<meta name=\"twitter:creator\" content=\"@Notibras\" \/>\n<meta name=\"twitter:site\" content=\"@Notibras\" \/>\n<meta name=\"twitter:label1\" content=\"Escrito por\" \/>\n\t<meta name=\"twitter:data1\" content=\"Reda\u00e7\u00e3o\" \/>\n\t<meta name=\"twitter:label2\" content=\"Est. tempo de leitura\" \/>\n\t<meta name=\"twitter:data2\" content=\"4 minutos\" \/>\n<script type=\"application\/ld+json\" class=\"yoast-schema-graph\">{\"@context\":\"https:\/\/schema.org\",\"@graph\":[{\"@type\":\"Article\",\"@id\":\"https:\/\/www.notibras.com\/site\/aplicativo-ajuda-na-hora-de-buscar-proprios-direitos\/#article\",\"isPartOf\":{\"@id\":\"https:\/\/www.notibras.com\/site\/aplicativo-ajuda-na-hora-de-buscar-proprios-direitos\/\"},\"author\":{\"name\":\"Reda\u00e7\u00e3o\",\"@id\":\"https:\/\/www.notibras.com\/site\/#\/schema\/person\/36ab0979449956132d3e5b517ea76ac8\"},\"headline\":\"Aplicativo ajuda na hora de buscar pr\u00f3prios direitos\",\"datePublished\":\"2023-04-27T09:14:12+00:00\",\"dateModified\":\"2023-04-27T12:16:11+00:00\",\"mainEntityOfPage\":{\"@id\":\"https:\/\/www.notibras.com\/site\/aplicativo-ajuda-na-hora-de-buscar-proprios-direitos\/\"},\"wordCount\":610,\"publisher\":{\"@id\":\"https:\/\/www.notibras.com\/site\/#organization\"},\"image\":{\"@id\":\"https:\/\/www.notibras.com\/site\/aplicativo-ajuda-na-hora-de-buscar-proprios-direitos\/#primaryimage\"},\"thumbnailUrl\":\"https:\/\/www.notibras.com\/site\/wp-content\/uploads\/2023\/04\/smartphone.jpg\",\"articleSection\":[\"Quadradinho em Foco\"],\"inLanguage\":\"pt-BR\"},{\"@type\":\"WebPage\",\"@id\":\"https:\/\/www.notibras.com\/site\/aplicativo-ajuda-na-hora-de-buscar-proprios-direitos\/\",\"url\":\"https:\/\/www.notibras.com\/site\/aplicativo-ajuda-na-hora-de-buscar-proprios-direitos\/\",\"name\":\"Aplicativo ajuda na hora de buscar pr\u00f3prios direitos - Notibras\",\"isPartOf\":{\"@id\":\"https:\/\/www.notibras.com\/site\/#website\"},\"primaryImageOfPage\":{\"@id\":\"https:\/\/www.notibras.com\/site\/aplicativo-ajuda-na-hora-de-buscar-proprios-direitos\/#primaryimage\"},\"image\":{\"@id\":\"https:\/\/www.notibras.com\/site\/aplicativo-ajuda-na-hora-de-buscar-proprios-direitos\/#primaryimage\"},\"thumbnailUrl\":\"https:\/\/www.notibras.com\/site\/wp-content\/uploads\/2023\/04\/smartphone.jpg\",\"datePublished\":\"2023-04-27T09:14:12+00:00\",\"dateModified\":\"2023-04-27T12:16:11+00:00\",\"breadcrumb\":{\"@id\":\"https:\/\/www.notibras.com\/site\/aplicativo-ajuda-na-hora-de-buscar-proprios-direitos\/#breadcrumb\"},\"inLanguage\":\"pt-BR\",\"potentialAction\":[{\"@type\":\"ReadAction\",\"target\":[\"https:\/\/www.notibras.com\/site\/aplicativo-ajuda-na-hora-de-buscar-proprios-direitos\/\"]}]},{\"@type\":\"ImageObject\",\"inLanguage\":\"pt-BR\",\"@id\":\"https:\/\/www.notibras.com\/site\/aplicativo-ajuda-na-hora-de-buscar-proprios-direitos\/#primaryimage\",\"url\":\"https:\/\/www.notibras.com\/site\/wp-content\/uploads\/2023\/04\/smartphone.jpg\",\"contentUrl\":\"https:\/\/www.notibras.com\/site\/wp-content\/uploads\/2023\/04\/smartphone.jpg\",\"width\":1170,\"height\":700,\"caption\":\"smartphone\"},{\"@type\":\"BreadcrumbList\",\"@id\":\"https:\/\/www.notibras.com\/site\/aplicativo-ajuda-na-hora-de-buscar-proprios-direitos\/#breadcrumb\",\"itemListElement\":[{\"@type\":\"ListItem\",\"position\":1,\"name\":\"In\u00edcio\",\"item\":\"https:\/\/www.notibras.com\/site\/\"},{\"@type\":\"ListItem\",\"position\":2,\"name\":\"Aplicativo ajuda na hora de buscar pr\u00f3prios direitos\"}]},{\"@type\":\"WebSite\",\"@id\":\"https:\/\/www.notibras.com\/site\/#website\",\"url\":\"https:\/\/www.notibras.com\/site\/\",\"name\":\"Notibras\",\"description\":\"Not\u00edcias de Bras\u00edlia, do Brasil e do Mundo\",\"publisher\":{\"@id\":\"https:\/\/www.notibras.com\/site\/#organization\"},\"potentialAction\":[{\"@type\":\"SearchAction\",\"target\":{\"@type\":\"EntryPoint\",\"urlTemplate\":\"https:\/\/www.notibras.com\/site\/?s={search_term_string}\"},\"query-input\":{\"@type\":\"PropertyValueSpecification\",\"valueRequired\":true,\"valueName\":\"search_term_string\"}}],\"inLanguage\":\"pt-BR\"},{\"@type\":\"Organization\",\"@id\":\"https:\/\/www.notibras.com\/site\/#organization\",\"name\":\"Grupo Notibras de Comunica\u00e7\u00e3o\",\"url\":\"https:\/\/www.notibras.com\/site\/\",\"logo\":{\"@type\":\"ImageObject\",\"inLanguage\":\"pt-BR\",\"@id\":\"https:\/\/www.notibras.com\/site\/#\/schema\/logo\/image\/\",\"url\":\"https:\/\/www.notibras.com\/site\/wp-content\/uploads\/2023\/01\/notibras23.png\",\"contentUrl\":\"https:\/\/www.notibras.com\/site\/wp-content\/uploads\/2023\/01\/notibras23.png\",\"width\":350,\"height\":87,\"caption\":\"Grupo Notibras de Comunica\u00e7\u00e3o\"},\"image\":{\"@id\":\"https:\/\/www.notibras.com\/site\/#\/schema\/logo\/image\/\"},\"sameAs\":[\"https:\/\/www.facebook.com\/notibras\/\",\"https:\/\/x.com\/Notibras\",\"https:\/\/www.instagram.com\/notibras\/\"]},{\"@type\":\"Person\",\"@id\":\"https:\/\/www.notibras.com\/site\/#\/schema\/person\/36ab0979449956132d3e5b517ea76ac8\",\"name\":\"Reda\u00e7\u00e3o\",\"image\":{\"@type\":\"ImageObject\",\"inLanguage\":\"pt-BR\",\"@id\":\"https:\/\/secure.gravatar.com\/avatar\/e0a867bdedb85fd243eadf09663511f96fc81e0720a4a42581f334ad4303aa6b?s=96&d=mm&r=g\",\"url\":\"https:\/\/secure.gravatar.com\/avatar\/e0a867bdedb85fd243eadf09663511f96fc81e0720a4a42581f334ad4303aa6b?s=96&d=mm&r=g\",\"contentUrl\":\"https:\/\/secure.gravatar.com\/avatar\/e0a867bdedb85fd243eadf09663511f96fc81e0720a4a42581f334ad4303aa6b?s=96&d=mm&r=g\",\"caption\":\"Reda\u00e7\u00e3o\"}}]}<\/script>\n<!-- \/ Yoast SEO plugin. -->","yoast_head_json":{"title":"Aplicativo ajuda na hora de buscar pr\u00f3prios direitos - Notibras","robots":{"index":"index","follow":"follow","max-snippet":"max-snippet:-1","max-image-preview":"max-image-preview:large","max-video-preview":"max-video-preview:-1"},"canonical":"https:\/\/www.notibras.com\/site\/aplicativo-ajuda-na-hora-de-buscar-proprios-direitos\/","og_locale":"pt_BR","og_type":"article","og_title":"Aplicativo ajuda na hora de buscar pr\u00f3prios direitos - Notibras","og_description":"Para marcar o Dia Nacional da Trabalhadora Dom\u00e9stica, celebrado nesta quinta-feira (27), a Themis &#8211; G\u00eanero, Justi\u00e7a e Direitos Humanos e a Federa\u00e7\u00e3o Nacional das Trabalhadoras Dom\u00e9sticas (Fenatrad) aperfei\u00e7oaram o aplicativo Laudelina, que re\u00fane leis que protegem os direitos das mulheres que atuam no setor. Agora o aplicativo tamb\u00e9m se tornou um canal para que [&hellip;]","og_url":"https:\/\/www.notibras.com\/site\/aplicativo-ajuda-na-hora-de-buscar-proprios-direitos\/","og_site_name":"Notibras","article_publisher":"https:\/\/www.facebook.com\/notibras\/","article_published_time":"2023-04-27T09:14:12+00:00","article_modified_time":"2023-04-27T12:16:11+00:00","og_image":[{"width":1170,"height":700,"url":"https:\/\/www.notibras.com\/site\/wp-content\/uploads\/2023\/04\/smartphone.jpg","type":"image\/jpeg"}],"author":"Reda\u00e7\u00e3o","twitter_card":"summary_large_image","twitter_creator":"@Notibras","twitter_site":"@Notibras","twitter_misc":{"Escrito por":"Reda\u00e7\u00e3o","Est. tempo de leitura":"4 minutos"},"schema":{"@context":"https:\/\/schema.org","@graph":[{"@type":"Article","@id":"https:\/\/www.notibras.com\/site\/aplicativo-ajuda-na-hora-de-buscar-proprios-direitos\/#article","isPartOf":{"@id":"https:\/\/www.notibras.com\/site\/aplicativo-ajuda-na-hora-de-buscar-proprios-direitos\/"},"author":{"name":"Reda\u00e7\u00e3o","@id":"https:\/\/www.notibras.com\/site\/#\/schema\/person\/36ab0979449956132d3e5b517ea76ac8"},"headline":"Aplicativo ajuda na hora de buscar pr\u00f3prios direitos","datePublished":"2023-04-27T09:14:12+00:00","dateModified":"2023-04-27T12:16:11+00:00","mainEntityOfPage":{"@id":"https:\/\/www.notibras.com\/site\/aplicativo-ajuda-na-hora-de-buscar-proprios-direitos\/"},"wordCount":610,"publisher":{"@id":"https:\/\/www.notibras.com\/site\/#organization"},"image":{"@id":"https:\/\/www.notibras.com\/site\/aplicativo-ajuda-na-hora-de-buscar-proprios-direitos\/#primaryimage"},"thumbnailUrl":"https:\/\/www.notibras.com\/site\/wp-content\/uploads\/2023\/04\/smartphone.jpg","articleSection":["Quadradinho em Foco"],"inLanguage":"pt-BR"},{"@type":"WebPage","@id":"https:\/\/www.notibras.com\/site\/aplicativo-ajuda-na-hora-de-buscar-proprios-direitos\/","url":"https:\/\/www.notibras.com\/site\/aplicativo-ajuda-na-hora-de-buscar-proprios-direitos\/","name":"Aplicativo ajuda na hora de buscar pr\u00f3prios direitos - Notibras","isPartOf":{"@id":"https:\/\/www.notibras.com\/site\/#website"},"primaryImageOfPage":{"@id":"https:\/\/www.notibras.com\/site\/aplicativo-ajuda-na-hora-de-buscar-proprios-direitos\/#primaryimage"},"image":{"@id":"https:\/\/www.notibras.com\/site\/aplicativo-ajuda-na-hora-de-buscar-proprios-direitos\/#primaryimage"},"thumbnailUrl":"https:\/\/www.notibras.com\/site\/wp-content\/uploads\/2023\/04\/smartphone.jpg","datePublished":"2023-04-27T09:14:12+00:00","dateModified":"2023-04-27T12:16:11+00:00","breadcrumb":{"@id":"https:\/\/www.notibras.com\/site\/aplicativo-ajuda-na-hora-de-buscar-proprios-direitos\/#breadcrumb"},"inLanguage":"pt-BR","potentialAction":[{"@type":"ReadAction","target":["https:\/\/www.notibras.com\/site\/aplicativo-ajuda-na-hora-de-buscar-proprios-direitos\/"]}]},{"@type":"ImageObject","inLanguage":"pt-BR","@id":"https:\/\/www.notibras.com\/site\/aplicativo-ajuda-na-hora-de-buscar-proprios-direitos\/#primaryimage","url":"https:\/\/www.notibras.com\/site\/wp-content\/uploads\/2023\/04\/smartphone.jpg","contentUrl":"https:\/\/www.notibras.com\/site\/wp-content\/uploads\/2023\/04\/smartphone.jpg","width":1170,"height":700,"caption":"smartphone"},{"@type":"BreadcrumbList","@id":"https:\/\/www.notibras.com\/site\/aplicativo-ajuda-na-hora-de-buscar-proprios-direitos\/#breadcrumb","itemListElement":[{"@type":"ListItem","position":1,"name":"In\u00edcio","item":"https:\/\/www.notibras.com\/site\/"},{"@type":"ListItem","position":2,"name":"Aplicativo ajuda na hora de buscar pr\u00f3prios direitos"}]},{"@type":"WebSite","@id":"https:\/\/www.notibras.com\/site\/#website","url":"https:\/\/www.notibras.com\/site\/","name":"Notibras","description":"Not\u00edcias de Bras\u00edlia, do Brasil e do Mundo","publisher":{"@id":"https:\/\/www.notibras.com\/site\/#organization"},"potentialAction":[{"@type":"SearchAction","target":{"@type":"EntryPoint","urlTemplate":"https:\/\/www.notibras.com\/site\/?s={search_term_string}"},"query-input":{"@type":"PropertyValueSpecification","valueRequired":true,"valueName":"search_term_string"}}],"inLanguage":"pt-BR"},{"@type":"Organization","@id":"https:\/\/www.notibras.com\/site\/#organization","name":"Grupo Notibras de Comunica\u00e7\u00e3o","url":"https:\/\/www.notibras.com\/site\/","logo":{"@type":"ImageObject","inLanguage":"pt-BR","@id":"https:\/\/www.notibras.com\/site\/#\/schema\/logo\/image\/","url":"https:\/\/www.notibras.com\/site\/wp-content\/uploads\/2023\/01\/notibras23.png","contentUrl":"https:\/\/www.notibras.com\/site\/wp-content\/uploads\/2023\/01\/notibras23.png","width":350,"height":87,"caption":"Grupo Notibras de Comunica\u00e7\u00e3o"},"image":{"@id":"https:\/\/www.notibras.com\/site\/#\/schema\/logo\/image\/"},"sameAs":["https:\/\/www.facebook.com\/notibras\/","https:\/\/x.com\/Notibras","https:\/\/www.instagram.com\/notibras\/"]},{"@type":"Person","@id":"https:\/\/www.notibras.com\/site\/#\/schema\/person\/36ab0979449956132d3e5b517ea76ac8","name":"Reda\u00e7\u00e3o","image":{"@type":"ImageObject","inLanguage":"pt-BR","@id":"https:\/\/secure.gravatar.com\/avatar\/e0a867bdedb85fd243eadf09663511f96fc81e0720a4a42581f334ad4303aa6b?s=96&d=mm&r=g","url":"https:\/\/secure.gravatar.com\/avatar\/e0a867bdedb85fd243eadf09663511f96fc81e0720a4a42581f334ad4303aa6b?s=96&d=mm&r=g","contentUrl":"https:\/\/secure.gravatar.com\/avatar\/e0a867bdedb85fd243eadf09663511f96fc81e0720a4a42581f334ad4303aa6b?s=96&d=mm&r=g","caption":"Reda\u00e7\u00e3o"}}]}},"amp_enabled":true,"_links":{"self":[{"href":"https:\/\/www.notibras.com\/site\/wp-json\/wp\/v2\/posts\/303766","targetHints":{"allow":["GET"]}}],"collection":[{"href":"https:\/\/www.notibras.com\/site\/wp-json\/wp\/v2\/posts"}],"about":[{"href":"https:\/\/www.notibras.com\/site\/wp-json\/wp\/v2\/types\/post"}],"author":[{"embeddable":true,"href":"https:\/\/www.notibras.com\/site\/wp-json\/wp\/v2\/users\/2"}],"replies":[{"embeddable":true,"href":"https:\/\/www.notibras.com\/site\/wp-json\/wp\/v2\/comments?post=303766"}],"version-history":[{"count":1,"href":"https:\/\/www.notibras.com\/site\/wp-json\/wp\/v2\/posts\/303766\/revisions"}],"predecessor-version":[{"id":303768,"href":"https:\/\/www.notibras.com\/site\/wp-json\/wp\/v2\/posts\/303766\/revisions\/303768"}],"wp:featuredmedia":[{"embeddable":true,"href":"https:\/\/www.notibras.com\/site\/wp-json\/wp\/v2\/media\/303767"}],"wp:attachment":[{"href":"https:\/\/www.notibras.com\/site\/wp-json\/wp\/v2\/media?parent=303766"}],"wp:term":[{"taxonomy":"category","embeddable":true,"href":"https:\/\/www.notibras.com\/site\/wp-json\/wp\/v2\/categories?post=303766"},{"taxonomy":"post_tag","embeddable":true,"href":"https:\/\/www.notibras.com\/site\/wp-json\/wp\/v2\/tags?post=303766"}],"curies":[{"name":"wp","href":"https:\/\/api.w.org\/{rel}","templated":true}]}}