{"id":303769,"date":"2023-04-27T00:00:37","date_gmt":"2023-04-27T03:00:37","guid":{"rendered":"https:\/\/www.notibras.com\/site\/?p=303769"},"modified":"2023-04-27T09:22:56","modified_gmt":"2023-04-27T12:22:56","slug":"maioria-das-obras-destruidas-ja-foi-restaurada-diz-grass","status":"publish","type":"post","link":"https:\/\/www.notibras.com\/site\/maioria-das-obras-destruidas-ja-foi-restaurada-diz-grass\/","title":{"rendered":"Maioria das obras destru\u00eddas j\u00e1 foi restaurada, diz Grass"},"content":{"rendered":"<p>O presidente do Instituto do Patrim\u00f4nio Hist\u00f3rico e Art\u00edstico Nacional (Iphan), Leandro Grass, disse nesta quarta-feira (26) que a maior parte das obras e bens culturais destru\u00eddos durante os atos antidemocr\u00e1ticos de 8 de janeiro j\u00e1 foi restaurada.<\/p>\n<p>O Iphan, em conjunto com os acervos do Congresso Nacional, do Supremo Tribunal Federal (STF) e do Pal\u00e1cio do Planalto, divulgou em mar\u00e7o relat\u00f3rio de vistoria dos pr\u00e9dios e das a\u00e7\u00f5es de restauro adotadas.<\/p>\n<p>\u201cCom apoio dos restauradores da C\u00e2mara, do Senado, do STF e do Planalto, praticamente o que era necess\u00e1rio e era poss\u00edvel foi restaurado. T\u00eam alguns ajustes espec\u00edficos, como tape\u00e7arias, que talvez n\u00e3o sejam restauradas e sejam deixadas como est\u00e3o, como estrat\u00e9gia de mem\u00f3ria\u201d, disse Grass, ap\u00f3s entrevista ao programa <em>A Voz do Brasil<\/em>, da Empresa Brasil de Comunica\u00e7\u00e3o (EBC).<\/p>\n<p><strong>Lista Vermelha<\/strong><br \/>\nLeandro Grass destacou ainda da Lista Vermelha (Red List, em ingl\u00eas), que traz os objetos culturais brasileiros alvos constantes do com\u00e9rcio ilegal no mercado internacional, como arte sacra, f\u00f3sseis, pe\u00e7as arqueol\u00f3gicas, livros e mapas. O documento foi lan\u00e7ado pelo Conselho Internacional de Museus (Icom) em fevereiro deste ano, com apoio do Iphan e outras institui\u00e7\u00f5es nacionais.<\/p>\n<p>A lista n\u00e3o enumera bens procurados, mas tem fotos de exemplos de objetos protegidos em lei e com risco de tr\u00e1fico il\u00edcito, com objetivo de ajudar fiscais e autoridades policiais, como das alf\u00e2ndegas, e evitar a sa\u00edda irregular desses objetos do pa\u00eds.<\/p>\n<p>\u201cA Red List \u00e9 uma ferramenta para criar uma cultura sobre a import\u00e2ncia desses bens e uma pol\u00edtica integrada para que n\u00e3o sejam alvo de ilegalidade\u201d, afirmou Grass.<\/p>\n<p>O Brasil \u00e9 o 26\u00ba pa\u00eds com maior n\u00famero de objetos culturais roubados. A taxa de recupera\u00e7\u00e3o atual \u00e9 considerada extremamente baixa, conforme dados do Icom. A Lista Vermelha do Brasil \u00e9 a vig\u00e9sima publica\u00e7\u00e3o lan\u00e7ada pelo conselho. Existem listas sobre bens da Am\u00e9rica Latina, do M\u00e9xico, da Col\u00f4mbia e do Peru. Foi lan\u00e7ada uma edi\u00e7\u00e3o emergencial sobre a Ucr\u00e2nia, em raz\u00e3o do conflito com a R\u00fassia.<\/p>\n","protected":false},"excerpt":{"rendered":"<p>O presidente do Instituto do Patrim\u00f4nio Hist\u00f3rico e Art\u00edstico Nacional (Iphan), Leandro Grass, disse nesta quarta-feira (26) que a maior parte das obras e bens culturais destru\u00eddos durante os atos antidemocr\u00e1ticos de 8 de janeiro j\u00e1 foi restaurada. O Iphan, em conjunto com os acervos do Congresso Nacional, do Supremo Tribunal Federal (STF) e do [&hellip;]<\/p>\n","protected":false},"author":2,"featured_media":303770,"comment_status":"closed","ping_status":"closed","sticky":false,"template":"","format":"standard","meta":{"_acf_changed":false,"footnotes":""},"categories":[161],"tags":[],"class_list":["post-303769","post","type-post","status-publish","format-standard","has-post-thumbnail","hentry","category-quadradinho-em-foco"],"acf":[],"yoast_head":"<!-- This site is optimized with the Yoast SEO plugin v27.2 - https:\/\/yoast.com\/product\/yoast-seo-wordpress\/ -->\n<title>Maioria das obras destru\u00eddas j\u00e1 foi restaurada, diz Grass - Notibras<\/title>\n<meta name=\"robots\" content=\"index, follow, max-snippet:-1, max-image-preview:large, max-video-preview:-1\" \/>\n<link rel=\"canonical\" href=\"https:\/\/www.notibras.com\/site\/maioria-das-obras-destruidas-ja-foi-restaurada-diz-grass\/\" \/>\n<meta property=\"og:locale\" content=\"pt_BR\" \/>\n<meta property=\"og:type\" content=\"article\" \/>\n<meta property=\"og:title\" content=\"Maioria das obras destru\u00eddas j\u00e1 foi restaurada, diz Grass - Notibras\" \/>\n<meta property=\"og:description\" content=\"O presidente do Instituto do Patrim\u00f4nio Hist\u00f3rico e Art\u00edstico Nacional (Iphan), Leandro Grass, disse nesta quarta-feira (26) que a maior parte das obras e bens culturais destru\u00eddos durante os atos antidemocr\u00e1ticos de 8 de janeiro j\u00e1 foi restaurada. O Iphan, em conjunto com os acervos do Congresso Nacional, do Supremo Tribunal Federal (STF) e do [&hellip;]\" \/>\n<meta property=\"og:url\" content=\"https:\/\/www.notibras.com\/site\/maioria-das-obras-destruidas-ja-foi-restaurada-diz-grass\/\" \/>\n<meta property=\"og:site_name\" content=\"Notibras\" \/>\n<meta property=\"article:publisher\" content=\"https:\/\/www.facebook.com\/notibras\/\" \/>\n<meta property=\"article:published_time\" content=\"2023-04-27T03:00:37+00:00\" \/>\n<meta property=\"article:modified_time\" content=\"2023-04-27T12:22:56+00:00\" \/>\n<meta property=\"og:image\" content=\"https:\/\/www.notibras.com\/site\/wp-content\/uploads\/2023\/04\/ja_5720.jpg\" \/>\n\t<meta property=\"og:image:width\" content=\"1170\" \/>\n\t<meta property=\"og:image:height\" content=\"700\" \/>\n\t<meta property=\"og:image:type\" content=\"image\/jpeg\" \/>\n<meta name=\"author\" content=\"Reda\u00e7\u00e3o\" \/>\n<meta name=\"twitter:card\" content=\"summary_large_image\" \/>\n<meta name=\"twitter:creator\" content=\"@Notibras\" \/>\n<meta name=\"twitter:site\" content=\"@Notibras\" \/>\n<meta name=\"twitter:label1\" content=\"Escrito por\" \/>\n\t<meta name=\"twitter:data1\" content=\"Reda\u00e7\u00e3o\" \/>\n\t<meta name=\"twitter:label2\" content=\"Est. tempo de leitura\" \/>\n\t<meta name=\"twitter:data2\" content=\"2 minutos\" \/>\n<script type=\"application\/ld+json\" class=\"yoast-schema-graph\">{\"@context\":\"https:\/\/schema.org\",\"@graph\":[{\"@type\":\"Article\",\"@id\":\"https:\/\/www.notibras.com\/site\/maioria-das-obras-destruidas-ja-foi-restaurada-diz-grass\/#article\",\"isPartOf\":{\"@id\":\"https:\/\/www.notibras.com\/site\/maioria-das-obras-destruidas-ja-foi-restaurada-diz-grass\/\"},\"author\":{\"name\":\"Reda\u00e7\u00e3o\",\"@id\":\"https:\/\/www.notibras.com\/site\/#\/schema\/person\/36ab0979449956132d3e5b517ea76ac8\"},\"headline\":\"Maioria das obras destru\u00eddas j\u00e1 foi restaurada, diz Grass\",\"datePublished\":\"2023-04-27T03:00:37+00:00\",\"dateModified\":\"2023-04-27T12:22:56+00:00\",\"mainEntityOfPage\":{\"@id\":\"https:\/\/www.notibras.com\/site\/maioria-das-obras-destruidas-ja-foi-restaurada-diz-grass\/\"},\"wordCount\":381,\"publisher\":{\"@id\":\"https:\/\/www.notibras.com\/site\/#organization\"},\"image\":{\"@id\":\"https:\/\/www.notibras.com\/site\/maioria-das-obras-destruidas-ja-foi-restaurada-diz-grass\/#primaryimage\"},\"thumbnailUrl\":\"https:\/\/www.notibras.com\/site\/wp-content\/uploads\/2023\/04\/ja_5720.jpg\",\"articleSection\":[\"Quadradinho em Foco\"],\"inLanguage\":\"pt-BR\"},{\"@type\":\"WebPage\",\"@id\":\"https:\/\/www.notibras.com\/site\/maioria-das-obras-destruidas-ja-foi-restaurada-diz-grass\/\",\"url\":\"https:\/\/www.notibras.com\/site\/maioria-das-obras-destruidas-ja-foi-restaurada-diz-grass\/\",\"name\":\"Maioria das obras destru\u00eddas j\u00e1 foi restaurada, diz Grass - Notibras\",\"isPartOf\":{\"@id\":\"https:\/\/www.notibras.com\/site\/#website\"},\"primaryImageOfPage\":{\"@id\":\"https:\/\/www.notibras.com\/site\/maioria-das-obras-destruidas-ja-foi-restaurada-diz-grass\/#primaryimage\"},\"image\":{\"@id\":\"https:\/\/www.notibras.com\/site\/maioria-das-obras-destruidas-ja-foi-restaurada-diz-grass\/#primaryimage\"},\"thumbnailUrl\":\"https:\/\/www.notibras.com\/site\/wp-content\/uploads\/2023\/04\/ja_5720.jpg\",\"datePublished\":\"2023-04-27T03:00:37+00:00\",\"dateModified\":\"2023-04-27T12:22:56+00:00\",\"breadcrumb\":{\"@id\":\"https:\/\/www.notibras.com\/site\/maioria-das-obras-destruidas-ja-foi-restaurada-diz-grass\/#breadcrumb\"},\"inLanguage\":\"pt-BR\",\"potentialAction\":[{\"@type\":\"ReadAction\",\"target\":[\"https:\/\/www.notibras.com\/site\/maioria-das-obras-destruidas-ja-foi-restaurada-diz-grass\/\"]}]},{\"@type\":\"ImageObject\",\"inLanguage\":\"pt-BR\",\"@id\":\"https:\/\/www.notibras.com\/site\/maioria-das-obras-destruidas-ja-foi-restaurada-diz-grass\/#primaryimage\",\"url\":\"https:\/\/www.notibras.com\/site\/wp-content\/uploads\/2023\/04\/ja_5720.jpg\",\"contentUrl\":\"https:\/\/www.notibras.com\/site\/wp-content\/uploads\/2023\/04\/ja_5720.jpg\",\"width\":1170,\"height\":700},{\"@type\":\"BreadcrumbList\",\"@id\":\"https:\/\/www.notibras.com\/site\/maioria-das-obras-destruidas-ja-foi-restaurada-diz-grass\/#breadcrumb\",\"itemListElement\":[{\"@type\":\"ListItem\",\"position\":1,\"name\":\"In\u00edcio\",\"item\":\"https:\/\/www.notibras.com\/site\/\"},{\"@type\":\"ListItem\",\"position\":2,\"name\":\"Maioria das obras destru\u00eddas j\u00e1 foi restaurada, diz Grass\"}]},{\"@type\":\"WebSite\",\"@id\":\"https:\/\/www.notibras.com\/site\/#website\",\"url\":\"https:\/\/www.notibras.com\/site\/\",\"name\":\"Notibras\",\"description\":\"Not\u00edcias de Bras\u00edlia, do Brasil e do Mundo\",\"publisher\":{\"@id\":\"https:\/\/www.notibras.com\/site\/#organization\"},\"potentialAction\":[{\"@type\":\"SearchAction\",\"target\":{\"@type\":\"EntryPoint\",\"urlTemplate\":\"https:\/\/www.notibras.com\/site\/?s={search_term_string}\"},\"query-input\":{\"@type\":\"PropertyValueSpecification\",\"valueRequired\":true,\"valueName\":\"search_term_string\"}}],\"inLanguage\":\"pt-BR\"},{\"@type\":\"Organization\",\"@id\":\"https:\/\/www.notibras.com\/site\/#organization\",\"name\":\"Grupo Notibras de Comunica\u00e7\u00e3o\",\"url\":\"https:\/\/www.notibras.com\/site\/\",\"logo\":{\"@type\":\"ImageObject\",\"inLanguage\":\"pt-BR\",\"@id\":\"https:\/\/www.notibras.com\/site\/#\/schema\/logo\/image\/\",\"url\":\"https:\/\/www.notibras.com\/site\/wp-content\/uploads\/2023\/01\/notibras23.png\",\"contentUrl\":\"https:\/\/www.notibras.com\/site\/wp-content\/uploads\/2023\/01\/notibras23.png\",\"width\":350,\"height\":87,\"caption\":\"Grupo Notibras de Comunica\u00e7\u00e3o\"},\"image\":{\"@id\":\"https:\/\/www.notibras.com\/site\/#\/schema\/logo\/image\/\"},\"sameAs\":[\"https:\/\/www.facebook.com\/notibras\/\",\"https:\/\/x.com\/Notibras\",\"https:\/\/www.instagram.com\/notibras\/\"]},{\"@type\":\"Person\",\"@id\":\"https:\/\/www.notibras.com\/site\/#\/schema\/person\/36ab0979449956132d3e5b517ea76ac8\",\"name\":\"Reda\u00e7\u00e3o\",\"image\":{\"@type\":\"ImageObject\",\"inLanguage\":\"pt-BR\",\"@id\":\"https:\/\/secure.gravatar.com\/avatar\/e0a867bdedb85fd243eadf09663511f96fc81e0720a4a42581f334ad4303aa6b?s=96&d=mm&r=g\",\"url\":\"https:\/\/secure.gravatar.com\/avatar\/e0a867bdedb85fd243eadf09663511f96fc81e0720a4a42581f334ad4303aa6b?s=96&d=mm&r=g\",\"contentUrl\":\"https:\/\/secure.gravatar.com\/avatar\/e0a867bdedb85fd243eadf09663511f96fc81e0720a4a42581f334ad4303aa6b?s=96&d=mm&r=g\",\"caption\":\"Reda\u00e7\u00e3o\"}}]}<\/script>\n<!-- \/ Yoast SEO plugin. -->","yoast_head_json":{"title":"Maioria das obras destru\u00eddas j\u00e1 foi restaurada, diz Grass - Notibras","robots":{"index":"index","follow":"follow","max-snippet":"max-snippet:-1","max-image-preview":"max-image-preview:large","max-video-preview":"max-video-preview:-1"},"canonical":"https:\/\/www.notibras.com\/site\/maioria-das-obras-destruidas-ja-foi-restaurada-diz-grass\/","og_locale":"pt_BR","og_type":"article","og_title":"Maioria das obras destru\u00eddas j\u00e1 foi restaurada, diz Grass - Notibras","og_description":"O presidente do Instituto do Patrim\u00f4nio Hist\u00f3rico e Art\u00edstico Nacional (Iphan), Leandro Grass, disse nesta quarta-feira (26) que a maior parte das obras e bens culturais destru\u00eddos durante os atos antidemocr\u00e1ticos de 8 de janeiro j\u00e1 foi restaurada. O Iphan, em conjunto com os acervos do Congresso Nacional, do Supremo Tribunal Federal (STF) e do [&hellip;]","og_url":"https:\/\/www.notibras.com\/site\/maioria-das-obras-destruidas-ja-foi-restaurada-diz-grass\/","og_site_name":"Notibras","article_publisher":"https:\/\/www.facebook.com\/notibras\/","article_published_time":"2023-04-27T03:00:37+00:00","article_modified_time":"2023-04-27T12:22:56+00:00","og_image":[{"width":1170,"height":700,"url":"https:\/\/www.notibras.com\/site\/wp-content\/uploads\/2023\/04\/ja_5720.jpg","type":"image\/jpeg"}],"author":"Reda\u00e7\u00e3o","twitter_card":"summary_large_image","twitter_creator":"@Notibras","twitter_site":"@Notibras","twitter_misc":{"Escrito por":"Reda\u00e7\u00e3o","Est. tempo de leitura":"2 minutos"},"schema":{"@context":"https:\/\/schema.org","@graph":[{"@type":"Article","@id":"https:\/\/www.notibras.com\/site\/maioria-das-obras-destruidas-ja-foi-restaurada-diz-grass\/#article","isPartOf":{"@id":"https:\/\/www.notibras.com\/site\/maioria-das-obras-destruidas-ja-foi-restaurada-diz-grass\/"},"author":{"name":"Reda\u00e7\u00e3o","@id":"https:\/\/www.notibras.com\/site\/#\/schema\/person\/36ab0979449956132d3e5b517ea76ac8"},"headline":"Maioria das obras destru\u00eddas j\u00e1 foi restaurada, diz Grass","datePublished":"2023-04-27T03:00:37+00:00","dateModified":"2023-04-27T12:22:56+00:00","mainEntityOfPage":{"@id":"https:\/\/www.notibras.com\/site\/maioria-das-obras-destruidas-ja-foi-restaurada-diz-grass\/"},"wordCount":381,"publisher":{"@id":"https:\/\/www.notibras.com\/site\/#organization"},"image":{"@id":"https:\/\/www.notibras.com\/site\/maioria-das-obras-destruidas-ja-foi-restaurada-diz-grass\/#primaryimage"},"thumbnailUrl":"https:\/\/www.notibras.com\/site\/wp-content\/uploads\/2023\/04\/ja_5720.jpg","articleSection":["Quadradinho em Foco"],"inLanguage":"pt-BR"},{"@type":"WebPage","@id":"https:\/\/www.notibras.com\/site\/maioria-das-obras-destruidas-ja-foi-restaurada-diz-grass\/","url":"https:\/\/www.notibras.com\/site\/maioria-das-obras-destruidas-ja-foi-restaurada-diz-grass\/","name":"Maioria das obras destru\u00eddas j\u00e1 foi restaurada, diz Grass - Notibras","isPartOf":{"@id":"https:\/\/www.notibras.com\/site\/#website"},"primaryImageOfPage":{"@id":"https:\/\/www.notibras.com\/site\/maioria-das-obras-destruidas-ja-foi-restaurada-diz-grass\/#primaryimage"},"image":{"@id":"https:\/\/www.notibras.com\/site\/maioria-das-obras-destruidas-ja-foi-restaurada-diz-grass\/#primaryimage"},"thumbnailUrl":"https:\/\/www.notibras.com\/site\/wp-content\/uploads\/2023\/04\/ja_5720.jpg","datePublished":"2023-04-27T03:00:37+00:00","dateModified":"2023-04-27T12:22:56+00:00","breadcrumb":{"@id":"https:\/\/www.notibras.com\/site\/maioria-das-obras-destruidas-ja-foi-restaurada-diz-grass\/#breadcrumb"},"inLanguage":"pt-BR","potentialAction":[{"@type":"ReadAction","target":["https:\/\/www.notibras.com\/site\/maioria-das-obras-destruidas-ja-foi-restaurada-diz-grass\/"]}]},{"@type":"ImageObject","inLanguage":"pt-BR","@id":"https:\/\/www.notibras.com\/site\/maioria-das-obras-destruidas-ja-foi-restaurada-diz-grass\/#primaryimage","url":"https:\/\/www.notibras.com\/site\/wp-content\/uploads\/2023\/04\/ja_5720.jpg","contentUrl":"https:\/\/www.notibras.com\/site\/wp-content\/uploads\/2023\/04\/ja_5720.jpg","width":1170,"height":700},{"@type":"BreadcrumbList","@id":"https:\/\/www.notibras.com\/site\/maioria-das-obras-destruidas-ja-foi-restaurada-diz-grass\/#breadcrumb","itemListElement":[{"@type":"ListItem","position":1,"name":"In\u00edcio","item":"https:\/\/www.notibras.com\/site\/"},{"@type":"ListItem","position":2,"name":"Maioria das obras destru\u00eddas j\u00e1 foi restaurada, diz Grass"}]},{"@type":"WebSite","@id":"https:\/\/www.notibras.com\/site\/#website","url":"https:\/\/www.notibras.com\/site\/","name":"Notibras","description":"Not\u00edcias de Bras\u00edlia, do Brasil e do Mundo","publisher":{"@id":"https:\/\/www.notibras.com\/site\/#organization"},"potentialAction":[{"@type":"SearchAction","target":{"@type":"EntryPoint","urlTemplate":"https:\/\/www.notibras.com\/site\/?s={search_term_string}"},"query-input":{"@type":"PropertyValueSpecification","valueRequired":true,"valueName":"search_term_string"}}],"inLanguage":"pt-BR"},{"@type":"Organization","@id":"https:\/\/www.notibras.com\/site\/#organization","name":"Grupo Notibras de Comunica\u00e7\u00e3o","url":"https:\/\/www.notibras.com\/site\/","logo":{"@type":"ImageObject","inLanguage":"pt-BR","@id":"https:\/\/www.notibras.com\/site\/#\/schema\/logo\/image\/","url":"https:\/\/www.notibras.com\/site\/wp-content\/uploads\/2023\/01\/notibras23.png","contentUrl":"https:\/\/www.notibras.com\/site\/wp-content\/uploads\/2023\/01\/notibras23.png","width":350,"height":87,"caption":"Grupo Notibras de Comunica\u00e7\u00e3o"},"image":{"@id":"https:\/\/www.notibras.com\/site\/#\/schema\/logo\/image\/"},"sameAs":["https:\/\/www.facebook.com\/notibras\/","https:\/\/x.com\/Notibras","https:\/\/www.instagram.com\/notibras\/"]},{"@type":"Person","@id":"https:\/\/www.notibras.com\/site\/#\/schema\/person\/36ab0979449956132d3e5b517ea76ac8","name":"Reda\u00e7\u00e3o","image":{"@type":"ImageObject","inLanguage":"pt-BR","@id":"https:\/\/secure.gravatar.com\/avatar\/e0a867bdedb85fd243eadf09663511f96fc81e0720a4a42581f334ad4303aa6b?s=96&d=mm&r=g","url":"https:\/\/secure.gravatar.com\/avatar\/e0a867bdedb85fd243eadf09663511f96fc81e0720a4a42581f334ad4303aa6b?s=96&d=mm&r=g","contentUrl":"https:\/\/secure.gravatar.com\/avatar\/e0a867bdedb85fd243eadf09663511f96fc81e0720a4a42581f334ad4303aa6b?s=96&d=mm&r=g","caption":"Reda\u00e7\u00e3o"}}]}},"amp_enabled":true,"_links":{"self":[{"href":"https:\/\/www.notibras.com\/site\/wp-json\/wp\/v2\/posts\/303769","targetHints":{"allow":["GET"]}}],"collection":[{"href":"https:\/\/www.notibras.com\/site\/wp-json\/wp\/v2\/posts"}],"about":[{"href":"https:\/\/www.notibras.com\/site\/wp-json\/wp\/v2\/types\/post"}],"author":[{"embeddable":true,"href":"https:\/\/www.notibras.com\/site\/wp-json\/wp\/v2\/users\/2"}],"replies":[{"embeddable":true,"href":"https:\/\/www.notibras.com\/site\/wp-json\/wp\/v2\/comments?post=303769"}],"version-history":[{"count":1,"href":"https:\/\/www.notibras.com\/site\/wp-json\/wp\/v2\/posts\/303769\/revisions"}],"predecessor-version":[{"id":303771,"href":"https:\/\/www.notibras.com\/site\/wp-json\/wp\/v2\/posts\/303769\/revisions\/303771"}],"wp:featuredmedia":[{"embeddable":true,"href":"https:\/\/www.notibras.com\/site\/wp-json\/wp\/v2\/media\/303770"}],"wp:attachment":[{"href":"https:\/\/www.notibras.com\/site\/wp-json\/wp\/v2\/media?parent=303769"}],"wp:term":[{"taxonomy":"category","embeddable":true,"href":"https:\/\/www.notibras.com\/site\/wp-json\/wp\/v2\/categories?post=303769"},{"taxonomy":"post_tag","embeddable":true,"href":"https:\/\/www.notibras.com\/site\/wp-json\/wp\/v2\/tags?post=303769"}],"curies":[{"name":"wp","href":"https:\/\/api.w.org\/{rel}","templated":true}]}}