{"id":303797,"date":"2023-04-28T00:01:58","date_gmt":"2023-04-28T03:01:58","guid":{"rendered":"https:\/\/www.notibras.com\/site\/?p=303797"},"modified":"2023-04-28T07:45:48","modified_gmt":"2023-04-28T10:45:48","slug":"candidatos-correm-para-para-pedir-isencao-de-taxa","status":"publish","type":"post","link":"https:\/\/www.notibras.com\/site\/candidatos-correm-para-para-pedir-isencao-de-taxa\/","title":{"rendered":"Candidatos correm para para pedir isen\u00e7\u00e3o de taxa"},"content":{"rendered":"<p>Termina nesta sexta-feira (28) o prazo para pedido de isen\u00e7\u00e3o da taxa de inscri\u00e7\u00e3o no Exame Nacional do Ensino M\u00e9dio (Enem) 2023. A data limite vale tamb\u00e9m para a apresenta\u00e7\u00e3o de justificativa de aus\u00eancia, para aqueles que tiveram isen\u00e7\u00e3o de taxa concedida no Enem 2022, mas n\u00e3o compareceram \u00e0s provas.<\/p>\n<p>Tanto o pedido de isen\u00e7\u00e3o de taxa como a justificativa de aus\u00eancia devem ser apresentadas na P\u00e1gina do Participante, com login \u00fanico da plataforma Gov.br.<\/p>\n<p>A isen\u00e7\u00e3o \u00e9 garantida a alunos da 3\u00aa s\u00e9rie do ensino m\u00e9dio no ano de 2023, em escola da rede p\u00fablica declarada ao Censo Escolar; a quem cursou todo o ensino m\u00e9dio em escola p\u00fablica ou como bolsista integral em escola privada; e pessoas em situa\u00e7\u00e3o de vulnerabilidade socioecon\u00f4mica por serem membros de fam\u00edlia de baixa renda \u2013 com registro no Cadastro \u00danico para programas sociais do governo federal (Cad\u00danico).<\/p>\n<p>\u201cCaso n\u00e3o apresente justificativa ou ela seja recusada, o estudante ter\u00e1 que pagar a taxa de inscri\u00e7\u00e3o. O resultado da an\u00e1lise das justificativas sair\u00e1 no dia 8 de maio\u201d, informa o Instituto Nacional de Estudos e Pesquisas Educacionais (Inep).<\/p>\n<p>A fim de garantir a acessibilidade do servi\u00e7o, nesta edi\u00e7\u00e3o, o instituto disponibilizou duas vers\u00f5es do edital de isen\u00e7\u00e3o da taxa de inscri\u00e7\u00e3o e da justificativa, voltadas a participantes com defici\u00eancia. Uma delas na L\u00edngua Brasileira de Sinais (Libras); e outra com adapta\u00e7\u00f5es para pessoas com defici\u00eancias visuais.<\/p>\n<p>As provas do Enem 2023 est\u00e3o marcadas para os dias 5 e 12 de novembro.<\/p>\n<p>&nbsp;<\/p>\n","protected":false},"excerpt":{"rendered":"<p>Termina nesta sexta-feira (28) o prazo para pedido de isen\u00e7\u00e3o da taxa de inscri\u00e7\u00e3o no Exame Nacional do Ensino M\u00e9dio (Enem) 2023. A data limite vale tamb\u00e9m para a apresenta\u00e7\u00e3o de justificativa de aus\u00eancia, para aqueles que tiveram isen\u00e7\u00e3o de taxa concedida no Enem 2022, mas n\u00e3o compareceram \u00e0s provas. Tanto o pedido de isen\u00e7\u00e3o [&hellip;]<\/p>\n","protected":false},"author":2,"featured_media":303798,"comment_status":"closed","ping_status":"closed","sticky":false,"template":"","format":"standard","meta":{"_acf_changed":false,"footnotes":""},"categories":[161],"tags":[95],"class_list":["post-303797","post","type-post","status-publish","format-standard","has-post-thumbnail","hentry","category-quadradinho-em-foco","tag-capa"],"acf":[],"yoast_head":"<!-- This site is optimized with the Yoast SEO plugin v27.2 - https:\/\/yoast.com\/product\/yoast-seo-wordpress\/ -->\n<title>Candidatos correm para para pedir isen\u00e7\u00e3o de taxa - Notibras<\/title>\n<meta name=\"robots\" content=\"index, follow, max-snippet:-1, max-image-preview:large, max-video-preview:-1\" \/>\n<link rel=\"canonical\" href=\"https:\/\/www.notibras.com\/site\/candidatos-correm-para-para-pedir-isencao-de-taxa\/\" \/>\n<meta property=\"og:locale\" content=\"pt_BR\" \/>\n<meta property=\"og:type\" content=\"article\" \/>\n<meta property=\"og:title\" content=\"Candidatos correm para para pedir isen\u00e7\u00e3o de taxa - Notibras\" \/>\n<meta property=\"og:description\" content=\"Termina nesta sexta-feira (28) o prazo para pedido de isen\u00e7\u00e3o da taxa de inscri\u00e7\u00e3o no Exame Nacional do Ensino M\u00e9dio (Enem) 2023. A data limite vale tamb\u00e9m para a apresenta\u00e7\u00e3o de justificativa de aus\u00eancia, para aqueles que tiveram isen\u00e7\u00e3o de taxa concedida no Enem 2022, mas n\u00e3o compareceram \u00e0s provas. Tanto o pedido de isen\u00e7\u00e3o [&hellip;]\" \/>\n<meta property=\"og:url\" content=\"https:\/\/www.notibras.com\/site\/candidatos-correm-para-para-pedir-isencao-de-taxa\/\" \/>\n<meta property=\"og:site_name\" content=\"Notibras\" \/>\n<meta property=\"article:publisher\" content=\"https:\/\/www.facebook.com\/notibras\/\" \/>\n<meta property=\"article:published_time\" content=\"2023-04-28T03:01:58+00:00\" \/>\n<meta property=\"article:modified_time\" content=\"2023-04-28T10:45:48+00:00\" \/>\n<meta property=\"og:image\" content=\"https:\/\/www.notibras.com\/site\/wp-content\/uploads\/2023\/04\/foto_3_-_2_fase_da_17_obmep_-_divulgacao_obmep.jpg\" \/>\n\t<meta property=\"og:image:width\" content=\"1170\" \/>\n\t<meta property=\"og:image:height\" content=\"700\" \/>\n\t<meta property=\"og:image:type\" content=\"image\/jpeg\" \/>\n<meta name=\"author\" content=\"Reda\u00e7\u00e3o\" \/>\n<meta name=\"twitter:card\" content=\"summary_large_image\" \/>\n<meta name=\"twitter:creator\" content=\"@Notibras\" \/>\n<meta name=\"twitter:site\" content=\"@Notibras\" \/>\n<meta name=\"twitter:label1\" content=\"Escrito por\" \/>\n\t<meta name=\"twitter:data1\" content=\"Reda\u00e7\u00e3o\" \/>\n\t<meta name=\"twitter:label2\" content=\"Est. tempo de leitura\" \/>\n\t<meta name=\"twitter:data2\" content=\"2 minutos\" \/>\n<script type=\"application\/ld+json\" class=\"yoast-schema-graph\">{\"@context\":\"https:\/\/schema.org\",\"@graph\":[{\"@type\":\"Article\",\"@id\":\"https:\/\/www.notibras.com\/site\/candidatos-correm-para-para-pedir-isencao-de-taxa\/#article\",\"isPartOf\":{\"@id\":\"https:\/\/www.notibras.com\/site\/candidatos-correm-para-para-pedir-isencao-de-taxa\/\"},\"author\":{\"name\":\"Reda\u00e7\u00e3o\",\"@id\":\"https:\/\/www.notibras.com\/site\/#\/schema\/person\/36ab0979449956132d3e5b517ea76ac8\"},\"headline\":\"Candidatos correm para para pedir isen\u00e7\u00e3o de taxa\",\"datePublished\":\"2023-04-28T03:01:58+00:00\",\"dateModified\":\"2023-04-28T10:45:48+00:00\",\"mainEntityOfPage\":{\"@id\":\"https:\/\/www.notibras.com\/site\/candidatos-correm-para-para-pedir-isencao-de-taxa\/\"},\"wordCount\":281,\"publisher\":{\"@id\":\"https:\/\/www.notibras.com\/site\/#organization\"},\"image\":{\"@id\":\"https:\/\/www.notibras.com\/site\/candidatos-correm-para-para-pedir-isencao-de-taxa\/#primaryimage\"},\"thumbnailUrl\":\"https:\/\/www.notibras.com\/site\/wp-content\/uploads\/2023\/04\/foto_3_-_2_fase_da_17_obmep_-_divulgacao_obmep.jpg\",\"keywords\":[\"capa\"],\"articleSection\":[\"Quadradinho em Foco\"],\"inLanguage\":\"pt-BR\"},{\"@type\":\"WebPage\",\"@id\":\"https:\/\/www.notibras.com\/site\/candidatos-correm-para-para-pedir-isencao-de-taxa\/\",\"url\":\"https:\/\/www.notibras.com\/site\/candidatos-correm-para-para-pedir-isencao-de-taxa\/\",\"name\":\"Candidatos correm para para pedir isen\u00e7\u00e3o de taxa - Notibras\",\"isPartOf\":{\"@id\":\"https:\/\/www.notibras.com\/site\/#website\"},\"primaryImageOfPage\":{\"@id\":\"https:\/\/www.notibras.com\/site\/candidatos-correm-para-para-pedir-isencao-de-taxa\/#primaryimage\"},\"image\":{\"@id\":\"https:\/\/www.notibras.com\/site\/candidatos-correm-para-para-pedir-isencao-de-taxa\/#primaryimage\"},\"thumbnailUrl\":\"https:\/\/www.notibras.com\/site\/wp-content\/uploads\/2023\/04\/foto_3_-_2_fase_da_17_obmep_-_divulgacao_obmep.jpg\",\"datePublished\":\"2023-04-28T03:01:58+00:00\",\"dateModified\":\"2023-04-28T10:45:48+00:00\",\"breadcrumb\":{\"@id\":\"https:\/\/www.notibras.com\/site\/candidatos-correm-para-para-pedir-isencao-de-taxa\/#breadcrumb\"},\"inLanguage\":\"pt-BR\",\"potentialAction\":[{\"@type\":\"ReadAction\",\"target\":[\"https:\/\/www.notibras.com\/site\/candidatos-correm-para-para-pedir-isencao-de-taxa\/\"]}]},{\"@type\":\"ImageObject\",\"inLanguage\":\"pt-BR\",\"@id\":\"https:\/\/www.notibras.com\/site\/candidatos-correm-para-para-pedir-isencao-de-taxa\/#primaryimage\",\"url\":\"https:\/\/www.notibras.com\/site\/wp-content\/uploads\/2023\/04\/foto_3_-_2_fase_da_17_obmep_-_divulgacao_obmep.jpg\",\"contentUrl\":\"https:\/\/www.notibras.com\/site\/wp-content\/uploads\/2023\/04\/foto_3_-_2_fase_da_17_obmep_-_divulgacao_obmep.jpg\",\"width\":1170,\"height\":700,\"caption\":\"Escola Municipal Orsina da Fonseca Tijuca Rio de Janeiro - RJ Outubro 2022\"},{\"@type\":\"BreadcrumbList\",\"@id\":\"https:\/\/www.notibras.com\/site\/candidatos-correm-para-para-pedir-isencao-de-taxa\/#breadcrumb\",\"itemListElement\":[{\"@type\":\"ListItem\",\"position\":1,\"name\":\"In\u00edcio\",\"item\":\"https:\/\/www.notibras.com\/site\/\"},{\"@type\":\"ListItem\",\"position\":2,\"name\":\"Candidatos correm para para pedir isen\u00e7\u00e3o de taxa\"}]},{\"@type\":\"WebSite\",\"@id\":\"https:\/\/www.notibras.com\/site\/#website\",\"url\":\"https:\/\/www.notibras.com\/site\/\",\"name\":\"Notibras\",\"description\":\"Not\u00edcias de Bras\u00edlia, do Brasil e do Mundo\",\"publisher\":{\"@id\":\"https:\/\/www.notibras.com\/site\/#organization\"},\"potentialAction\":[{\"@type\":\"SearchAction\",\"target\":{\"@type\":\"EntryPoint\",\"urlTemplate\":\"https:\/\/www.notibras.com\/site\/?s={search_term_string}\"},\"query-input\":{\"@type\":\"PropertyValueSpecification\",\"valueRequired\":true,\"valueName\":\"search_term_string\"}}],\"inLanguage\":\"pt-BR\"},{\"@type\":\"Organization\",\"@id\":\"https:\/\/www.notibras.com\/site\/#organization\",\"name\":\"Grupo Notibras de Comunica\u00e7\u00e3o\",\"url\":\"https:\/\/www.notibras.com\/site\/\",\"logo\":{\"@type\":\"ImageObject\",\"inLanguage\":\"pt-BR\",\"@id\":\"https:\/\/www.notibras.com\/site\/#\/schema\/logo\/image\/\",\"url\":\"https:\/\/www.notibras.com\/site\/wp-content\/uploads\/2023\/01\/notibras23.png\",\"contentUrl\":\"https:\/\/www.notibras.com\/site\/wp-content\/uploads\/2023\/01\/notibras23.png\",\"width\":350,\"height\":87,\"caption\":\"Grupo Notibras de Comunica\u00e7\u00e3o\"},\"image\":{\"@id\":\"https:\/\/www.notibras.com\/site\/#\/schema\/logo\/image\/\"},\"sameAs\":[\"https:\/\/www.facebook.com\/notibras\/\",\"https:\/\/x.com\/Notibras\",\"https:\/\/www.instagram.com\/notibras\/\"]},{\"@type\":\"Person\",\"@id\":\"https:\/\/www.notibras.com\/site\/#\/schema\/person\/36ab0979449956132d3e5b517ea76ac8\",\"name\":\"Reda\u00e7\u00e3o\",\"image\":{\"@type\":\"ImageObject\",\"inLanguage\":\"pt-BR\",\"@id\":\"https:\/\/secure.gravatar.com\/avatar\/e0a867bdedb85fd243eadf09663511f96fc81e0720a4a42581f334ad4303aa6b?s=96&d=mm&r=g\",\"url\":\"https:\/\/secure.gravatar.com\/avatar\/e0a867bdedb85fd243eadf09663511f96fc81e0720a4a42581f334ad4303aa6b?s=96&d=mm&r=g\",\"contentUrl\":\"https:\/\/secure.gravatar.com\/avatar\/e0a867bdedb85fd243eadf09663511f96fc81e0720a4a42581f334ad4303aa6b?s=96&d=mm&r=g\",\"caption\":\"Reda\u00e7\u00e3o\"}}]}<\/script>\n<!-- \/ Yoast SEO plugin. -->","yoast_head_json":{"title":"Candidatos correm para para pedir isen\u00e7\u00e3o de taxa - Notibras","robots":{"index":"index","follow":"follow","max-snippet":"max-snippet:-1","max-image-preview":"max-image-preview:large","max-video-preview":"max-video-preview:-1"},"canonical":"https:\/\/www.notibras.com\/site\/candidatos-correm-para-para-pedir-isencao-de-taxa\/","og_locale":"pt_BR","og_type":"article","og_title":"Candidatos correm para para pedir isen\u00e7\u00e3o de taxa - Notibras","og_description":"Termina nesta sexta-feira (28) o prazo para pedido de isen\u00e7\u00e3o da taxa de inscri\u00e7\u00e3o no Exame Nacional do Ensino M\u00e9dio (Enem) 2023. A data limite vale tamb\u00e9m para a apresenta\u00e7\u00e3o de justificativa de aus\u00eancia, para aqueles que tiveram isen\u00e7\u00e3o de taxa concedida no Enem 2022, mas n\u00e3o compareceram \u00e0s provas. Tanto o pedido de isen\u00e7\u00e3o [&hellip;]","og_url":"https:\/\/www.notibras.com\/site\/candidatos-correm-para-para-pedir-isencao-de-taxa\/","og_site_name":"Notibras","article_publisher":"https:\/\/www.facebook.com\/notibras\/","article_published_time":"2023-04-28T03:01:58+00:00","article_modified_time":"2023-04-28T10:45:48+00:00","og_image":[{"width":1170,"height":700,"url":"https:\/\/www.notibras.com\/site\/wp-content\/uploads\/2023\/04\/foto_3_-_2_fase_da_17_obmep_-_divulgacao_obmep.jpg","type":"image\/jpeg"}],"author":"Reda\u00e7\u00e3o","twitter_card":"summary_large_image","twitter_creator":"@Notibras","twitter_site":"@Notibras","twitter_misc":{"Escrito por":"Reda\u00e7\u00e3o","Est. tempo de leitura":"2 minutos"},"schema":{"@context":"https:\/\/schema.org","@graph":[{"@type":"Article","@id":"https:\/\/www.notibras.com\/site\/candidatos-correm-para-para-pedir-isencao-de-taxa\/#article","isPartOf":{"@id":"https:\/\/www.notibras.com\/site\/candidatos-correm-para-para-pedir-isencao-de-taxa\/"},"author":{"name":"Reda\u00e7\u00e3o","@id":"https:\/\/www.notibras.com\/site\/#\/schema\/person\/36ab0979449956132d3e5b517ea76ac8"},"headline":"Candidatos correm para para pedir isen\u00e7\u00e3o de taxa","datePublished":"2023-04-28T03:01:58+00:00","dateModified":"2023-04-28T10:45:48+00:00","mainEntityOfPage":{"@id":"https:\/\/www.notibras.com\/site\/candidatos-correm-para-para-pedir-isencao-de-taxa\/"},"wordCount":281,"publisher":{"@id":"https:\/\/www.notibras.com\/site\/#organization"},"image":{"@id":"https:\/\/www.notibras.com\/site\/candidatos-correm-para-para-pedir-isencao-de-taxa\/#primaryimage"},"thumbnailUrl":"https:\/\/www.notibras.com\/site\/wp-content\/uploads\/2023\/04\/foto_3_-_2_fase_da_17_obmep_-_divulgacao_obmep.jpg","keywords":["capa"],"articleSection":["Quadradinho em Foco"],"inLanguage":"pt-BR"},{"@type":"WebPage","@id":"https:\/\/www.notibras.com\/site\/candidatos-correm-para-para-pedir-isencao-de-taxa\/","url":"https:\/\/www.notibras.com\/site\/candidatos-correm-para-para-pedir-isencao-de-taxa\/","name":"Candidatos correm para para pedir isen\u00e7\u00e3o de taxa - Notibras","isPartOf":{"@id":"https:\/\/www.notibras.com\/site\/#website"},"primaryImageOfPage":{"@id":"https:\/\/www.notibras.com\/site\/candidatos-correm-para-para-pedir-isencao-de-taxa\/#primaryimage"},"image":{"@id":"https:\/\/www.notibras.com\/site\/candidatos-correm-para-para-pedir-isencao-de-taxa\/#primaryimage"},"thumbnailUrl":"https:\/\/www.notibras.com\/site\/wp-content\/uploads\/2023\/04\/foto_3_-_2_fase_da_17_obmep_-_divulgacao_obmep.jpg","datePublished":"2023-04-28T03:01:58+00:00","dateModified":"2023-04-28T10:45:48+00:00","breadcrumb":{"@id":"https:\/\/www.notibras.com\/site\/candidatos-correm-para-para-pedir-isencao-de-taxa\/#breadcrumb"},"inLanguage":"pt-BR","potentialAction":[{"@type":"ReadAction","target":["https:\/\/www.notibras.com\/site\/candidatos-correm-para-para-pedir-isencao-de-taxa\/"]}]},{"@type":"ImageObject","inLanguage":"pt-BR","@id":"https:\/\/www.notibras.com\/site\/candidatos-correm-para-para-pedir-isencao-de-taxa\/#primaryimage","url":"https:\/\/www.notibras.com\/site\/wp-content\/uploads\/2023\/04\/foto_3_-_2_fase_da_17_obmep_-_divulgacao_obmep.jpg","contentUrl":"https:\/\/www.notibras.com\/site\/wp-content\/uploads\/2023\/04\/foto_3_-_2_fase_da_17_obmep_-_divulgacao_obmep.jpg","width":1170,"height":700,"caption":"Escola Municipal Orsina da Fonseca Tijuca Rio de Janeiro - RJ Outubro 2022"},{"@type":"BreadcrumbList","@id":"https:\/\/www.notibras.com\/site\/candidatos-correm-para-para-pedir-isencao-de-taxa\/#breadcrumb","itemListElement":[{"@type":"ListItem","position":1,"name":"In\u00edcio","item":"https:\/\/www.notibras.com\/site\/"},{"@type":"ListItem","position":2,"name":"Candidatos correm para para pedir isen\u00e7\u00e3o de taxa"}]},{"@type":"WebSite","@id":"https:\/\/www.notibras.com\/site\/#website","url":"https:\/\/www.notibras.com\/site\/","name":"Notibras","description":"Not\u00edcias de Bras\u00edlia, do Brasil e do Mundo","publisher":{"@id":"https:\/\/www.notibras.com\/site\/#organization"},"potentialAction":[{"@type":"SearchAction","target":{"@type":"EntryPoint","urlTemplate":"https:\/\/www.notibras.com\/site\/?s={search_term_string}"},"query-input":{"@type":"PropertyValueSpecification","valueRequired":true,"valueName":"search_term_string"}}],"inLanguage":"pt-BR"},{"@type":"Organization","@id":"https:\/\/www.notibras.com\/site\/#organization","name":"Grupo Notibras de Comunica\u00e7\u00e3o","url":"https:\/\/www.notibras.com\/site\/","logo":{"@type":"ImageObject","inLanguage":"pt-BR","@id":"https:\/\/www.notibras.com\/site\/#\/schema\/logo\/image\/","url":"https:\/\/www.notibras.com\/site\/wp-content\/uploads\/2023\/01\/notibras23.png","contentUrl":"https:\/\/www.notibras.com\/site\/wp-content\/uploads\/2023\/01\/notibras23.png","width":350,"height":87,"caption":"Grupo Notibras de Comunica\u00e7\u00e3o"},"image":{"@id":"https:\/\/www.notibras.com\/site\/#\/schema\/logo\/image\/"},"sameAs":["https:\/\/www.facebook.com\/notibras\/","https:\/\/x.com\/Notibras","https:\/\/www.instagram.com\/notibras\/"]},{"@type":"Person","@id":"https:\/\/www.notibras.com\/site\/#\/schema\/person\/36ab0979449956132d3e5b517ea76ac8","name":"Reda\u00e7\u00e3o","image":{"@type":"ImageObject","inLanguage":"pt-BR","@id":"https:\/\/secure.gravatar.com\/avatar\/e0a867bdedb85fd243eadf09663511f96fc81e0720a4a42581f334ad4303aa6b?s=96&d=mm&r=g","url":"https:\/\/secure.gravatar.com\/avatar\/e0a867bdedb85fd243eadf09663511f96fc81e0720a4a42581f334ad4303aa6b?s=96&d=mm&r=g","contentUrl":"https:\/\/secure.gravatar.com\/avatar\/e0a867bdedb85fd243eadf09663511f96fc81e0720a4a42581f334ad4303aa6b?s=96&d=mm&r=g","caption":"Reda\u00e7\u00e3o"}}]}},"amp_enabled":true,"_links":{"self":[{"href":"https:\/\/www.notibras.com\/site\/wp-json\/wp\/v2\/posts\/303797","targetHints":{"allow":["GET"]}}],"collection":[{"href":"https:\/\/www.notibras.com\/site\/wp-json\/wp\/v2\/posts"}],"about":[{"href":"https:\/\/www.notibras.com\/site\/wp-json\/wp\/v2\/types\/post"}],"author":[{"embeddable":true,"href":"https:\/\/www.notibras.com\/site\/wp-json\/wp\/v2\/users\/2"}],"replies":[{"embeddable":true,"href":"https:\/\/www.notibras.com\/site\/wp-json\/wp\/v2\/comments?post=303797"}],"version-history":[{"count":1,"href":"https:\/\/www.notibras.com\/site\/wp-json\/wp\/v2\/posts\/303797\/revisions"}],"predecessor-version":[{"id":303799,"href":"https:\/\/www.notibras.com\/site\/wp-json\/wp\/v2\/posts\/303797\/revisions\/303799"}],"wp:featuredmedia":[{"embeddable":true,"href":"https:\/\/www.notibras.com\/site\/wp-json\/wp\/v2\/media\/303798"}],"wp:attachment":[{"href":"https:\/\/www.notibras.com\/site\/wp-json\/wp\/v2\/media?parent=303797"}],"wp:term":[{"taxonomy":"category","embeddable":true,"href":"https:\/\/www.notibras.com\/site\/wp-json\/wp\/v2\/categories?post=303797"},{"taxonomy":"post_tag","embeddable":true,"href":"https:\/\/www.notibras.com\/site\/wp-json\/wp\/v2\/tags?post=303797"}],"curies":[{"name":"wp","href":"https:\/\/api.w.org\/{rel}","templated":true}]}}