{"id":303860,"date":"2023-04-29T18:26:58","date_gmt":"2023-04-29T21:26:58","guid":{"rendered":"https:\/\/www.notibras.com\/site\/?p=303860"},"modified":"2023-04-29T18:26:58","modified_gmt":"2023-04-29T21:26:58","slug":"alaide-costa-deixa-cafe-gourmet-mais-saboroso","status":"publish","type":"post","link":"https:\/\/www.notibras.com\/site\/alaide-costa-deixa-cafe-gourmet-mais-saboroso\/","title":{"rendered":"Ala\u00edde Costa deixa caf\u00e9 gourmet mais saboroso"},"content":{"rendered":"<p>N\u00e3o sei se voc\u00ea \u00e9 do tipo que associa pessoas a coisas, pessoas a pessoas, coisas a coisas. Pois bem, eu sou assim. Ali\u00e1s, nem me pergunte por que, pois n\u00e3o saberia responder ou, talvez, n\u00e3o queira gastar meu tempo com isso, ainda mais hoje, que quero falar sobre a Ala\u00edde Costa, cuja voz inebriante tem tornado meu caf\u00e9 gourmet ainda mais saboroso durante essas manh\u00e3s outonais.<\/p>\n<p>Enquanto coloco a \u00e1gua na chaleira, sinto os primeiros raios do Sol, ao mesmo tempo em que a Ala\u00edde me sopra &#8220;Aurorear&#8221;. Meu corpo rijo tenta um gingar que n\u00e3o tenho, mas n\u00e3o estou nem a\u00ed. Imagino a Ala\u00edde rindo aquele sorriso lindo e se divertindo com a minha falta de jeito. Ela me entende, certa de que sabe o que meus calos dizem sobre mim.<\/p>\n<p>Se eu acordo tristonho por conta de pontap\u00e9s da vida, eis que essa voz graciosa me ensina que o c\u00e9u tem pecado, o inferno \u00e9 divertido. A Ala\u00edde, do alto da sua sapi\u00eancia, me diz para eu ser quem sou. Pois \u00e9, n\u00e3o posso desprezar tamanho conselho, ainda mais porque as primeiras bolhas anunciam que \u00e9 hora de tirar a chaleira do fogo.<\/p>\n<p>Despejo o l\u00edquido da vida sobre o p\u00f3 que preenche o coador de pano. O cheiro toma conta da cozinha, enquanto imagino a minha cantora piscando ao lado. Parece que ela tamb\u00e9m quer provar a iguaria.<\/p>\n<p>N\u00e3o tenho d\u00favida e, ent\u00e3o, coloco o caf\u00e9 em duas x\u00edcaras, enquanto a m\u00fasica se espalha por todo o apartamento. Eu me sento \u00e0 mesa, certo de que a Ala\u00edde est\u00e1 ali na minha frente, tamb\u00e9m sentada. Toda graciosa, ela toca a asa da x\u00edcara e, em seguida, sorve um tiquinho. Eu repito o seu gesto, mas algo me desperta desse sonho. Minha esposa, a Dona Irene, est\u00e1 nas minhas costas. &#8220;Hum, adoro quando voc\u00ea prepara esse caf\u00e9 delicioso pra mim!&#8221;<\/p>\n","protected":false},"excerpt":{"rendered":"<p>N\u00e3o sei se voc\u00ea \u00e9 do tipo que associa pessoas a coisas, pessoas a pessoas, coisas a coisas. Pois bem, eu sou assim. Ali\u00e1s, nem me pergunte por que, pois n\u00e3o saberia responder ou, talvez, n\u00e3o queira gastar meu tempo com isso, ainda mais hoje, que quero falar sobre a Ala\u00edde Costa, cuja voz inebriante [&hellip;]<\/p>\n","protected":false},"author":2,"featured_media":303861,"comment_status":"closed","ping_status":"closed","sticky":false,"template":"","format":"standard","meta":{"_acf_changed":false,"footnotes":""},"categories":[161],"tags":[],"class_list":["post-303860","post","type-post","status-publish","format-standard","has-post-thumbnail","hentry","category-quadradinho-em-foco"],"acf":[],"yoast_head":"<!-- This site is optimized with the Yoast SEO plugin v27.2 - https:\/\/yoast.com\/product\/yoast-seo-wordpress\/ -->\n<title>Ala\u00edde Costa deixa caf\u00e9 gourmet mais saboroso - Notibras<\/title>\n<meta name=\"robots\" content=\"index, follow, max-snippet:-1, max-image-preview:large, max-video-preview:-1\" \/>\n<link rel=\"canonical\" href=\"https:\/\/www.notibras.com\/site\/alaide-costa-deixa-cafe-gourmet-mais-saboroso\/\" \/>\n<meta property=\"og:locale\" content=\"pt_BR\" \/>\n<meta property=\"og:type\" content=\"article\" \/>\n<meta property=\"og:title\" content=\"Ala\u00edde Costa deixa caf\u00e9 gourmet mais saboroso - Notibras\" \/>\n<meta property=\"og:description\" content=\"N\u00e3o sei se voc\u00ea \u00e9 do tipo que associa pessoas a coisas, pessoas a pessoas, coisas a coisas. Pois bem, eu sou assim. Ali\u00e1s, nem me pergunte por que, pois n\u00e3o saberia responder ou, talvez, n\u00e3o queira gastar meu tempo com isso, ainda mais hoje, que quero falar sobre a Ala\u00edde Costa, cuja voz inebriante [&hellip;]\" \/>\n<meta property=\"og:url\" content=\"https:\/\/www.notibras.com\/site\/alaide-costa-deixa-cafe-gourmet-mais-saboroso\/\" \/>\n<meta property=\"og:site_name\" content=\"Notibras\" \/>\n<meta property=\"article:publisher\" content=\"https:\/\/www.facebook.com\/notibras\/\" \/>\n<meta property=\"article:published_time\" content=\"2023-04-29T21:26:58+00:00\" \/>\n<meta property=\"og:image\" content=\"https:\/\/www.notibras.com\/site\/wp-content\/uploads\/2023\/04\/cafe-manha-realmente-refeicao-mais-importante-dia-miniatura.jpg\" \/>\n\t<meta property=\"og:image:width\" content=\"805\" \/>\n\t<meta property=\"og:image:height\" content=\"447\" \/>\n\t<meta property=\"og:image:type\" content=\"image\/jpeg\" \/>\n<meta name=\"author\" content=\"Reda\u00e7\u00e3o\" \/>\n<meta name=\"twitter:card\" content=\"summary_large_image\" \/>\n<meta name=\"twitter:creator\" content=\"@Notibras\" \/>\n<meta name=\"twitter:site\" content=\"@Notibras\" \/>\n<meta name=\"twitter:label1\" content=\"Escrito por\" \/>\n\t<meta name=\"twitter:data1\" content=\"Reda\u00e7\u00e3o\" \/>\n\t<meta name=\"twitter:label2\" content=\"Est. tempo de leitura\" \/>\n\t<meta name=\"twitter:data2\" content=\"2 minutos\" \/>\n<script type=\"application\/ld+json\" class=\"yoast-schema-graph\">{\"@context\":\"https:\/\/schema.org\",\"@graph\":[{\"@type\":\"Article\",\"@id\":\"https:\/\/www.notibras.com\/site\/alaide-costa-deixa-cafe-gourmet-mais-saboroso\/#article\",\"isPartOf\":{\"@id\":\"https:\/\/www.notibras.com\/site\/alaide-costa-deixa-cafe-gourmet-mais-saboroso\/\"},\"author\":{\"name\":\"Reda\u00e7\u00e3o\",\"@id\":\"https:\/\/www.notibras.com\/site\/#\/schema\/person\/36ab0979449956132d3e5b517ea76ac8\"},\"headline\":\"Ala\u00edde Costa deixa caf\u00e9 gourmet mais saboroso\",\"datePublished\":\"2023-04-29T21:26:58+00:00\",\"mainEntityOfPage\":{\"@id\":\"https:\/\/www.notibras.com\/site\/alaide-costa-deixa-cafe-gourmet-mais-saboroso\/\"},\"wordCount\":341,\"publisher\":{\"@id\":\"https:\/\/www.notibras.com\/site\/#organization\"},\"image\":{\"@id\":\"https:\/\/www.notibras.com\/site\/alaide-costa-deixa-cafe-gourmet-mais-saboroso\/#primaryimage\"},\"thumbnailUrl\":\"https:\/\/www.notibras.com\/site\/wp-content\/uploads\/2023\/04\/cafe-manha-realmente-refeicao-mais-importante-dia-miniatura.jpg\",\"articleSection\":[\"Quadradinho em Foco\"],\"inLanguage\":\"pt-BR\"},{\"@type\":\"WebPage\",\"@id\":\"https:\/\/www.notibras.com\/site\/alaide-costa-deixa-cafe-gourmet-mais-saboroso\/\",\"url\":\"https:\/\/www.notibras.com\/site\/alaide-costa-deixa-cafe-gourmet-mais-saboroso\/\",\"name\":\"Ala\u00edde Costa deixa caf\u00e9 gourmet mais saboroso - Notibras\",\"isPartOf\":{\"@id\":\"https:\/\/www.notibras.com\/site\/#website\"},\"primaryImageOfPage\":{\"@id\":\"https:\/\/www.notibras.com\/site\/alaide-costa-deixa-cafe-gourmet-mais-saboroso\/#primaryimage\"},\"image\":{\"@id\":\"https:\/\/www.notibras.com\/site\/alaide-costa-deixa-cafe-gourmet-mais-saboroso\/#primaryimage\"},\"thumbnailUrl\":\"https:\/\/www.notibras.com\/site\/wp-content\/uploads\/2023\/04\/cafe-manha-realmente-refeicao-mais-importante-dia-miniatura.jpg\",\"datePublished\":\"2023-04-29T21:26:58+00:00\",\"breadcrumb\":{\"@id\":\"https:\/\/www.notibras.com\/site\/alaide-costa-deixa-cafe-gourmet-mais-saboroso\/#breadcrumb\"},\"inLanguage\":\"pt-BR\",\"potentialAction\":[{\"@type\":\"ReadAction\",\"target\":[\"https:\/\/www.notibras.com\/site\/alaide-costa-deixa-cafe-gourmet-mais-saboroso\/\"]}]},{\"@type\":\"ImageObject\",\"inLanguage\":\"pt-BR\",\"@id\":\"https:\/\/www.notibras.com\/site\/alaide-costa-deixa-cafe-gourmet-mais-saboroso\/#primaryimage\",\"url\":\"https:\/\/www.notibras.com\/site\/wp-content\/uploads\/2023\/04\/cafe-manha-realmente-refeicao-mais-importante-dia-miniatura.jpg\",\"contentUrl\":\"https:\/\/www.notibras.com\/site\/wp-content\/uploads\/2023\/04\/cafe-manha-realmente-refeicao-mais-importante-dia-miniatura.jpg\",\"width\":805,\"height\":447},{\"@type\":\"BreadcrumbList\",\"@id\":\"https:\/\/www.notibras.com\/site\/alaide-costa-deixa-cafe-gourmet-mais-saboroso\/#breadcrumb\",\"itemListElement\":[{\"@type\":\"ListItem\",\"position\":1,\"name\":\"In\u00edcio\",\"item\":\"https:\/\/www.notibras.com\/site\/\"},{\"@type\":\"ListItem\",\"position\":2,\"name\":\"Ala\u00edde Costa deixa caf\u00e9 gourmet mais saboroso\"}]},{\"@type\":\"WebSite\",\"@id\":\"https:\/\/www.notibras.com\/site\/#website\",\"url\":\"https:\/\/www.notibras.com\/site\/\",\"name\":\"Notibras\",\"description\":\"Not\u00edcias de Bras\u00edlia, do Brasil e do Mundo\",\"publisher\":{\"@id\":\"https:\/\/www.notibras.com\/site\/#organization\"},\"potentialAction\":[{\"@type\":\"SearchAction\",\"target\":{\"@type\":\"EntryPoint\",\"urlTemplate\":\"https:\/\/www.notibras.com\/site\/?s={search_term_string}\"},\"query-input\":{\"@type\":\"PropertyValueSpecification\",\"valueRequired\":true,\"valueName\":\"search_term_string\"}}],\"inLanguage\":\"pt-BR\"},{\"@type\":\"Organization\",\"@id\":\"https:\/\/www.notibras.com\/site\/#organization\",\"name\":\"Grupo Notibras de Comunica\u00e7\u00e3o\",\"url\":\"https:\/\/www.notibras.com\/site\/\",\"logo\":{\"@type\":\"ImageObject\",\"inLanguage\":\"pt-BR\",\"@id\":\"https:\/\/www.notibras.com\/site\/#\/schema\/logo\/image\/\",\"url\":\"https:\/\/www.notibras.com\/site\/wp-content\/uploads\/2023\/01\/notibras23.png\",\"contentUrl\":\"https:\/\/www.notibras.com\/site\/wp-content\/uploads\/2023\/01\/notibras23.png\",\"width\":350,\"height\":87,\"caption\":\"Grupo Notibras de Comunica\u00e7\u00e3o\"},\"image\":{\"@id\":\"https:\/\/www.notibras.com\/site\/#\/schema\/logo\/image\/\"},\"sameAs\":[\"https:\/\/www.facebook.com\/notibras\/\",\"https:\/\/x.com\/Notibras\",\"https:\/\/www.instagram.com\/notibras\/\"]},{\"@type\":\"Person\",\"@id\":\"https:\/\/www.notibras.com\/site\/#\/schema\/person\/36ab0979449956132d3e5b517ea76ac8\",\"name\":\"Reda\u00e7\u00e3o\",\"image\":{\"@type\":\"ImageObject\",\"inLanguage\":\"pt-BR\",\"@id\":\"https:\/\/secure.gravatar.com\/avatar\/e0a867bdedb85fd243eadf09663511f96fc81e0720a4a42581f334ad4303aa6b?s=96&d=mm&r=g\",\"url\":\"https:\/\/secure.gravatar.com\/avatar\/e0a867bdedb85fd243eadf09663511f96fc81e0720a4a42581f334ad4303aa6b?s=96&d=mm&r=g\",\"contentUrl\":\"https:\/\/secure.gravatar.com\/avatar\/e0a867bdedb85fd243eadf09663511f96fc81e0720a4a42581f334ad4303aa6b?s=96&d=mm&r=g\",\"caption\":\"Reda\u00e7\u00e3o\"}}]}<\/script>\n<!-- \/ Yoast SEO plugin. -->","yoast_head_json":{"title":"Ala\u00edde Costa deixa caf\u00e9 gourmet mais saboroso - Notibras","robots":{"index":"index","follow":"follow","max-snippet":"max-snippet:-1","max-image-preview":"max-image-preview:large","max-video-preview":"max-video-preview:-1"},"canonical":"https:\/\/www.notibras.com\/site\/alaide-costa-deixa-cafe-gourmet-mais-saboroso\/","og_locale":"pt_BR","og_type":"article","og_title":"Ala\u00edde Costa deixa caf\u00e9 gourmet mais saboroso - Notibras","og_description":"N\u00e3o sei se voc\u00ea \u00e9 do tipo que associa pessoas a coisas, pessoas a pessoas, coisas a coisas. Pois bem, eu sou assim. Ali\u00e1s, nem me pergunte por que, pois n\u00e3o saberia responder ou, talvez, n\u00e3o queira gastar meu tempo com isso, ainda mais hoje, que quero falar sobre a Ala\u00edde Costa, cuja voz inebriante [&hellip;]","og_url":"https:\/\/www.notibras.com\/site\/alaide-costa-deixa-cafe-gourmet-mais-saboroso\/","og_site_name":"Notibras","article_publisher":"https:\/\/www.facebook.com\/notibras\/","article_published_time":"2023-04-29T21:26:58+00:00","og_image":[{"width":805,"height":447,"url":"https:\/\/www.notibras.com\/site\/wp-content\/uploads\/2023\/04\/cafe-manha-realmente-refeicao-mais-importante-dia-miniatura.jpg","type":"image\/jpeg"}],"author":"Reda\u00e7\u00e3o","twitter_card":"summary_large_image","twitter_creator":"@Notibras","twitter_site":"@Notibras","twitter_misc":{"Escrito por":"Reda\u00e7\u00e3o","Est. tempo de leitura":"2 minutos"},"schema":{"@context":"https:\/\/schema.org","@graph":[{"@type":"Article","@id":"https:\/\/www.notibras.com\/site\/alaide-costa-deixa-cafe-gourmet-mais-saboroso\/#article","isPartOf":{"@id":"https:\/\/www.notibras.com\/site\/alaide-costa-deixa-cafe-gourmet-mais-saboroso\/"},"author":{"name":"Reda\u00e7\u00e3o","@id":"https:\/\/www.notibras.com\/site\/#\/schema\/person\/36ab0979449956132d3e5b517ea76ac8"},"headline":"Ala\u00edde Costa deixa caf\u00e9 gourmet mais saboroso","datePublished":"2023-04-29T21:26:58+00:00","mainEntityOfPage":{"@id":"https:\/\/www.notibras.com\/site\/alaide-costa-deixa-cafe-gourmet-mais-saboroso\/"},"wordCount":341,"publisher":{"@id":"https:\/\/www.notibras.com\/site\/#organization"},"image":{"@id":"https:\/\/www.notibras.com\/site\/alaide-costa-deixa-cafe-gourmet-mais-saboroso\/#primaryimage"},"thumbnailUrl":"https:\/\/www.notibras.com\/site\/wp-content\/uploads\/2023\/04\/cafe-manha-realmente-refeicao-mais-importante-dia-miniatura.jpg","articleSection":["Quadradinho em Foco"],"inLanguage":"pt-BR"},{"@type":"WebPage","@id":"https:\/\/www.notibras.com\/site\/alaide-costa-deixa-cafe-gourmet-mais-saboroso\/","url":"https:\/\/www.notibras.com\/site\/alaide-costa-deixa-cafe-gourmet-mais-saboroso\/","name":"Ala\u00edde Costa deixa caf\u00e9 gourmet mais saboroso - Notibras","isPartOf":{"@id":"https:\/\/www.notibras.com\/site\/#website"},"primaryImageOfPage":{"@id":"https:\/\/www.notibras.com\/site\/alaide-costa-deixa-cafe-gourmet-mais-saboroso\/#primaryimage"},"image":{"@id":"https:\/\/www.notibras.com\/site\/alaide-costa-deixa-cafe-gourmet-mais-saboroso\/#primaryimage"},"thumbnailUrl":"https:\/\/www.notibras.com\/site\/wp-content\/uploads\/2023\/04\/cafe-manha-realmente-refeicao-mais-importante-dia-miniatura.jpg","datePublished":"2023-04-29T21:26:58+00:00","breadcrumb":{"@id":"https:\/\/www.notibras.com\/site\/alaide-costa-deixa-cafe-gourmet-mais-saboroso\/#breadcrumb"},"inLanguage":"pt-BR","potentialAction":[{"@type":"ReadAction","target":["https:\/\/www.notibras.com\/site\/alaide-costa-deixa-cafe-gourmet-mais-saboroso\/"]}]},{"@type":"ImageObject","inLanguage":"pt-BR","@id":"https:\/\/www.notibras.com\/site\/alaide-costa-deixa-cafe-gourmet-mais-saboroso\/#primaryimage","url":"https:\/\/www.notibras.com\/site\/wp-content\/uploads\/2023\/04\/cafe-manha-realmente-refeicao-mais-importante-dia-miniatura.jpg","contentUrl":"https:\/\/www.notibras.com\/site\/wp-content\/uploads\/2023\/04\/cafe-manha-realmente-refeicao-mais-importante-dia-miniatura.jpg","width":805,"height":447},{"@type":"BreadcrumbList","@id":"https:\/\/www.notibras.com\/site\/alaide-costa-deixa-cafe-gourmet-mais-saboroso\/#breadcrumb","itemListElement":[{"@type":"ListItem","position":1,"name":"In\u00edcio","item":"https:\/\/www.notibras.com\/site\/"},{"@type":"ListItem","position":2,"name":"Ala\u00edde Costa deixa caf\u00e9 gourmet mais saboroso"}]},{"@type":"WebSite","@id":"https:\/\/www.notibras.com\/site\/#website","url":"https:\/\/www.notibras.com\/site\/","name":"Notibras","description":"Not\u00edcias de Bras\u00edlia, do Brasil e do Mundo","publisher":{"@id":"https:\/\/www.notibras.com\/site\/#organization"},"potentialAction":[{"@type":"SearchAction","target":{"@type":"EntryPoint","urlTemplate":"https:\/\/www.notibras.com\/site\/?s={search_term_string}"},"query-input":{"@type":"PropertyValueSpecification","valueRequired":true,"valueName":"search_term_string"}}],"inLanguage":"pt-BR"},{"@type":"Organization","@id":"https:\/\/www.notibras.com\/site\/#organization","name":"Grupo Notibras de Comunica\u00e7\u00e3o","url":"https:\/\/www.notibras.com\/site\/","logo":{"@type":"ImageObject","inLanguage":"pt-BR","@id":"https:\/\/www.notibras.com\/site\/#\/schema\/logo\/image\/","url":"https:\/\/www.notibras.com\/site\/wp-content\/uploads\/2023\/01\/notibras23.png","contentUrl":"https:\/\/www.notibras.com\/site\/wp-content\/uploads\/2023\/01\/notibras23.png","width":350,"height":87,"caption":"Grupo Notibras de Comunica\u00e7\u00e3o"},"image":{"@id":"https:\/\/www.notibras.com\/site\/#\/schema\/logo\/image\/"},"sameAs":["https:\/\/www.facebook.com\/notibras\/","https:\/\/x.com\/Notibras","https:\/\/www.instagram.com\/notibras\/"]},{"@type":"Person","@id":"https:\/\/www.notibras.com\/site\/#\/schema\/person\/36ab0979449956132d3e5b517ea76ac8","name":"Reda\u00e7\u00e3o","image":{"@type":"ImageObject","inLanguage":"pt-BR","@id":"https:\/\/secure.gravatar.com\/avatar\/e0a867bdedb85fd243eadf09663511f96fc81e0720a4a42581f334ad4303aa6b?s=96&d=mm&r=g","url":"https:\/\/secure.gravatar.com\/avatar\/e0a867bdedb85fd243eadf09663511f96fc81e0720a4a42581f334ad4303aa6b?s=96&d=mm&r=g","contentUrl":"https:\/\/secure.gravatar.com\/avatar\/e0a867bdedb85fd243eadf09663511f96fc81e0720a4a42581f334ad4303aa6b?s=96&d=mm&r=g","caption":"Reda\u00e7\u00e3o"}}]}},"amp_enabled":true,"_links":{"self":[{"href":"https:\/\/www.notibras.com\/site\/wp-json\/wp\/v2\/posts\/303860","targetHints":{"allow":["GET"]}}],"collection":[{"href":"https:\/\/www.notibras.com\/site\/wp-json\/wp\/v2\/posts"}],"about":[{"href":"https:\/\/www.notibras.com\/site\/wp-json\/wp\/v2\/types\/post"}],"author":[{"embeddable":true,"href":"https:\/\/www.notibras.com\/site\/wp-json\/wp\/v2\/users\/2"}],"replies":[{"embeddable":true,"href":"https:\/\/www.notibras.com\/site\/wp-json\/wp\/v2\/comments?post=303860"}],"version-history":[{"count":1,"href":"https:\/\/www.notibras.com\/site\/wp-json\/wp\/v2\/posts\/303860\/revisions"}],"predecessor-version":[{"id":303862,"href":"https:\/\/www.notibras.com\/site\/wp-json\/wp\/v2\/posts\/303860\/revisions\/303862"}],"wp:featuredmedia":[{"embeddable":true,"href":"https:\/\/www.notibras.com\/site\/wp-json\/wp\/v2\/media\/303861"}],"wp:attachment":[{"href":"https:\/\/www.notibras.com\/site\/wp-json\/wp\/v2\/media?parent=303860"}],"wp:term":[{"taxonomy":"category","embeddable":true,"href":"https:\/\/www.notibras.com\/site\/wp-json\/wp\/v2\/categories?post=303860"},{"taxonomy":"post_tag","embeddable":true,"href":"https:\/\/www.notibras.com\/site\/wp-json\/wp\/v2\/tags?post=303860"}],"curies":[{"name":"wp","href":"https:\/\/api.w.org\/{rel}","templated":true}]}}