{"id":303913,"date":"2023-05-01T08:20:26","date_gmt":"2023-05-01T11:20:26","guid":{"rendered":"https:\/\/www.notibras.com\/site\/?p=303913"},"modified":"2023-05-01T08:20:26","modified_gmt":"2023-05-01T11:20:26","slug":"trabalhar-sem-reconhecimento-e-pior-do-que-labutar-sem-prazer","status":"publish","type":"post","link":"https:\/\/www.notibras.com\/site\/trabalhar-sem-reconhecimento-e-pior-do-que-labutar-sem-prazer\/","title":{"rendered":"Trabalhar sem reconhecimento \u00e9 pior do que labutar sem prazer"},"content":{"rendered":"<p>O trabalho \u00e9 algo presente na vida da maioria dos indiv\u00edduos e tem uma grande diversidade de categorias, cada uma devendo ser valorizada e respeitada. \u00c9 no ambiente de trabalho em que boa parte das pessoas passa muitas horas de seus dias, buscando, por meio de suas atividades, atingir metas e alcan\u00e7ar sonhos. Trabalhe por uma causa, n\u00e3o por aplausos. Labute para expressar o melhor de voc\u00ea, n\u00e3o para impressionar. Labutar \u00e9 a palavra de ordem. Voc\u00ea nunca sabe que resultados vir\u00e3o de sua a\u00e7\u00e3o. No entanto, se voc\u00ea n\u00e3o fizer nada, n\u00e3o existir\u00e3o resultados. Hoje, dia 1\u00ba. de maio, \u00e9 o Dia do Trabalhador e do Trabalho. No popular, \u00e9 um dia como qualquer outro. A diferen\u00e7a \u00e9 o prazer. Sentir prazer no que faz torna o trabalho perfeito.<\/p>\n<p>Meu amigo Bilau sempre trabalhou duro. Carregou saco nas costas, mas, mesmo velho, jamais esqueceu o deleite no momento do regozijo. Considerando que todo prazer \u00e9 er\u00f3tico, o que \u00e9 verdadeiramente imoral \u00e9 ter desistido de si mesmo. Como metade do mundo n\u00e3o consegue compreender os prazeres na outra metade, temo ter perdido meus dias na vol\u00fapia. Grandes deuses, se isto ocorreu, devolvei-los a mim para que eu volte a perd\u00ea-los. Sem trabalhar duro n\u00e3o chegarei l\u00e1. Por isso, endosso a luta do amigo Bilau, que aproveitando do Dia do Trabalho, resolveu redigir um leque de reivindica\u00e7\u00f5es ao chefe imediato, tamb\u00e9m conhecido nas filas do banheiro da empresa como Dr. Balan Gand\u00e3s.<\/p>\n<p>Obviamente que a primeira exig\u00eancia foi salarial. No documento encaminhado ao chefrudo, Bilau informou que as cobran\u00e7as eram baseadas nas seguintes raz\u00f5es: Fa\u00e7o esfor\u00e7o f\u00edsico no cumprimento de minhas fun\u00e7\u00f5es; trabalho em grandes profundidades; mergulho de cabe\u00e7a em tudo que fa\u00e7o; n\u00e3o descanso nos fins de semana ou feriados nacionais; trabalho em ambiente extremamente \u00famido; n\u00e3o recebo horas extras; trabalho em ambiente sem ilumina\u00e7\u00e3o e sem ventila\u00e7\u00f5es adequadas; trabalho sob altas temperaturas, sem climatiza\u00e7\u00e3o; e meu trabalho me exp\u00f5e as doen\u00e7as contagiosas.<\/p>\n<p>Mole feito um prato de papa quente, Dr. Balan Gand\u00e3s n\u00e3o assume nada. Por isso, de imediato repassou a pauta \u00e0 chefe do Recursos Desumanos (RD), Dra. Ximbica Bacana. A resposta foi grossa e rombuda. Na primeira p\u00e1gina, a empavonada senhora, cujas partes eram a c\u00f3pia escarrada de um cap\u00f4 de fusca, respondeu: \u201cSr. Bilau, ap\u00f3s a revis\u00e3o de seus pedidos, e considerando seus argumentos, o Dr. Balan Gand\u00e3s, ensacado por toda a diretoria, rejeitou suas reivindica\u00e7\u00f5es, baseando-se nos seguintes fatos: o sr. n\u00e3o trabalha oito horas ininterruptas; dorme durante o expediente, ap\u00f3s curtos per\u00edodos de trabalho, em vis\u00edvel demonstra\u00e7\u00e3o de &#8216;corpo mole&#8217;; nem sempre segue as ordens da ger\u00eancia, e costuma visitar outras reparti\u00e7\u00f5es\u201d.<\/p>\n<p>Antes mesmo de chegar \u00e0 p\u00e1gina 2 e dar a not\u00edcia a seu Pinto, assessor de Bilau para assuntos aleat\u00f3rios, percebi que a vaca tinha ido para o brejo. Ainda mais dura e grossa, a diretora continuou: \u201cComo dizia, sr. Bilau, pela sua idade, normalmente lhe falta iniciativa; o sr. precisa ser estimulado e pressionado para come\u00e7ar a trabalhar; deixa seu ambiente de trabalho bagun\u00e7ado, ao fim do turno; raramente observa as normas de seguran\u00e7a de trabalho, e, por vezes, abre m\u00e3o de seu Equipamento de Prote\u00e7\u00e3o Individual (EPI). Ou seja, n\u00e3o veste a correta roupa protetora. Por fim, adianto que o sr. se aposentar\u00e1 muito antes dos 65 anos\u201d. Triste, meio molenga, cabisbaixo e demasiadamente complexado com a incontin\u00eancia urin\u00e1ria que acomete os que j\u00e1 passaram dos 32 anos, meu parceiro de v\u00e1rias jornadas noturnas achou que era melhor parar.<\/p>\n<p>No entanto, lembrando dos velhos tempos de macho alfa endurecido apenas pelo tato, ele se sentiu na obriga\u00e7\u00e3o de tomar a carraspana \u2013 na verdade, uma trolha sem lubrificante \u2013 at\u00e9 a \u00faltima linha. No fim da p\u00e1gina 2, mais uma porrada: \u201cO sr. \u00e9 incapaz de trabalhar dois turnos dobrados\u201d. E n\u00e3o adiantou informar que a ronda antiga era de oito por hora. Tudo bem que hoje \u00e9 uma a cada oito horas. Meu Deus, que radicalismo patronal. Na p\u00e1gina 3, veio a extrema un\u00e7\u00e3o: \u201cComo atender quem abandona a posi\u00e7\u00e3o de trabalho antes de completar a tarefa ou quem, logo ap\u00f3s iniciar a jornada, passa mal e vomita, ou simplesmente desmaia. E se tudo isso n\u00e3o bastasse, temos observado o sr. entrando e saindo do local de trabalho carregando sempre um saco de apar\u00eancia suspeita\u201d. Caramba, Bilau foi pego no engasgo. As donzelas que o perdoem, mas ele mant\u00e9m o bord\u00e3o para as mais idosas: \u201cSe voc\u00ea gosta de um kombucha bamba, prometo lev\u00e1-la \u00e0 loucura. Feche os olhos e embarque nessa viagem sem volta\u201d V\u00e1 fundo, meu grande amigo Bilau. Sobre o Dr. Balan Gand\u00e3s, continua de p\u00e9, mas com ajuda sistem\u00e1tica da lamparina. Como de bacana Ximbica tinha muito pouco, e acabou morrendo velha e enrugada.<\/p>\n","protected":false},"excerpt":{"rendered":"<p>O trabalho \u00e9 algo presente na vida da maioria dos indiv\u00edduos e tem uma grande diversidade de categorias, cada uma devendo ser valorizada e respeitada. \u00c9 no ambiente de trabalho em que boa parte das pessoas passa muitas horas de seus dias, buscando, por meio de suas atividades, atingir metas e alcan\u00e7ar sonhos. Trabalhe por [&hellip;]<\/p>\n","protected":false},"author":2,"featured_media":303914,"comment_status":"closed","ping_status":"closed","sticky":false,"template":"","format":"standard","meta":{"_acf_changed":false,"footnotes":""},"categories":[161],"tags":[95],"class_list":["post-303913","post","type-post","status-publish","format-standard","has-post-thumbnail","hentry","category-quadradinho-em-foco","tag-capa"],"acf":[],"yoast_head":"<!-- This site is optimized with the Yoast SEO plugin v27.2 - https:\/\/yoast.com\/product\/yoast-seo-wordpress\/ -->\n<title>Trabalhar sem reconhecimento \u00e9 pior do que labutar sem prazer - Notibras<\/title>\n<meta name=\"robots\" content=\"index, follow, max-snippet:-1, max-image-preview:large, max-video-preview:-1\" \/>\n<link rel=\"canonical\" href=\"https:\/\/www.notibras.com\/site\/trabalhar-sem-reconhecimento-e-pior-do-que-labutar-sem-prazer\/\" \/>\n<meta property=\"og:locale\" content=\"pt_BR\" \/>\n<meta property=\"og:type\" content=\"article\" \/>\n<meta property=\"og:title\" content=\"Trabalhar sem reconhecimento \u00e9 pior do que labutar sem prazer - Notibras\" \/>\n<meta property=\"og:description\" content=\"O trabalho \u00e9 algo presente na vida da maioria dos indiv\u00edduos e tem uma grande diversidade de categorias, cada uma devendo ser valorizada e respeitada. \u00c9 no ambiente de trabalho em que boa parte das pessoas passa muitas horas de seus dias, buscando, por meio de suas atividades, atingir metas e alcan\u00e7ar sonhos. Trabalhe por [&hellip;]\" \/>\n<meta property=\"og:url\" content=\"https:\/\/www.notibras.com\/site\/trabalhar-sem-reconhecimento-e-pior-do-que-labutar-sem-prazer\/\" \/>\n<meta property=\"og:site_name\" content=\"Notibras\" \/>\n<meta property=\"article:publisher\" content=\"https:\/\/www.facebook.com\/notibras\/\" \/>\n<meta property=\"article:published_time\" content=\"2023-05-01T11:20:26+00:00\" \/>\n<meta property=\"og:image\" content=\"https:\/\/www.notibras.com\/site\/wp-content\/uploads\/2023\/05\/bater-ponto-2.jpg\" \/>\n\t<meta property=\"og:image:width\" content=\"800\" \/>\n\t<meta property=\"og:image:height\" content=\"450\" \/>\n\t<meta property=\"og:image:type\" content=\"image\/jpeg\" \/>\n<meta name=\"author\" content=\"Reda\u00e7\u00e3o\" \/>\n<meta name=\"twitter:card\" content=\"summary_large_image\" \/>\n<meta name=\"twitter:creator\" content=\"@Notibras\" \/>\n<meta name=\"twitter:site\" content=\"@Notibras\" \/>\n<meta name=\"twitter:label1\" content=\"Escrito por\" \/>\n\t<meta name=\"twitter:data1\" content=\"Reda\u00e7\u00e3o\" \/>\n\t<meta name=\"twitter:label2\" content=\"Est. tempo de leitura\" \/>\n\t<meta name=\"twitter:data2\" content=\"5 minutos\" \/>\n<script type=\"application\/ld+json\" class=\"yoast-schema-graph\">{\"@context\":\"https:\/\/schema.org\",\"@graph\":[{\"@type\":\"Article\",\"@id\":\"https:\/\/www.notibras.com\/site\/trabalhar-sem-reconhecimento-e-pior-do-que-labutar-sem-prazer\/#article\",\"isPartOf\":{\"@id\":\"https:\/\/www.notibras.com\/site\/trabalhar-sem-reconhecimento-e-pior-do-que-labutar-sem-prazer\/\"},\"author\":{\"name\":\"Reda\u00e7\u00e3o\",\"@id\":\"https:\/\/www.notibras.com\/site\/#\/schema\/person\/36ab0979449956132d3e5b517ea76ac8\"},\"headline\":\"Trabalhar sem reconhecimento \u00e9 pior do que labutar sem prazer\",\"datePublished\":\"2023-05-01T11:20:26+00:00\",\"mainEntityOfPage\":{\"@id\":\"https:\/\/www.notibras.com\/site\/trabalhar-sem-reconhecimento-e-pior-do-que-labutar-sem-prazer\/\"},\"wordCount\":852,\"publisher\":{\"@id\":\"https:\/\/www.notibras.com\/site\/#organization\"},\"image\":{\"@id\":\"https:\/\/www.notibras.com\/site\/trabalhar-sem-reconhecimento-e-pior-do-que-labutar-sem-prazer\/#primaryimage\"},\"thumbnailUrl\":\"https:\/\/www.notibras.com\/site\/wp-content\/uploads\/2023\/05\/bater-ponto-2.jpg\",\"keywords\":[\"capa\"],\"articleSection\":[\"Quadradinho em Foco\"],\"inLanguage\":\"pt-BR\"},{\"@type\":\"WebPage\",\"@id\":\"https:\/\/www.notibras.com\/site\/trabalhar-sem-reconhecimento-e-pior-do-que-labutar-sem-prazer\/\",\"url\":\"https:\/\/www.notibras.com\/site\/trabalhar-sem-reconhecimento-e-pior-do-que-labutar-sem-prazer\/\",\"name\":\"Trabalhar sem reconhecimento \u00e9 pior do que labutar sem prazer - Notibras\",\"isPartOf\":{\"@id\":\"https:\/\/www.notibras.com\/site\/#website\"},\"primaryImageOfPage\":{\"@id\":\"https:\/\/www.notibras.com\/site\/trabalhar-sem-reconhecimento-e-pior-do-que-labutar-sem-prazer\/#primaryimage\"},\"image\":{\"@id\":\"https:\/\/www.notibras.com\/site\/trabalhar-sem-reconhecimento-e-pior-do-que-labutar-sem-prazer\/#primaryimage\"},\"thumbnailUrl\":\"https:\/\/www.notibras.com\/site\/wp-content\/uploads\/2023\/05\/bater-ponto-2.jpg\",\"datePublished\":\"2023-05-01T11:20:26+00:00\",\"breadcrumb\":{\"@id\":\"https:\/\/www.notibras.com\/site\/trabalhar-sem-reconhecimento-e-pior-do-que-labutar-sem-prazer\/#breadcrumb\"},\"inLanguage\":\"pt-BR\",\"potentialAction\":[{\"@type\":\"ReadAction\",\"target\":[\"https:\/\/www.notibras.com\/site\/trabalhar-sem-reconhecimento-e-pior-do-que-labutar-sem-prazer\/\"]}]},{\"@type\":\"ImageObject\",\"inLanguage\":\"pt-BR\",\"@id\":\"https:\/\/www.notibras.com\/site\/trabalhar-sem-reconhecimento-e-pior-do-que-labutar-sem-prazer\/#primaryimage\",\"url\":\"https:\/\/www.notibras.com\/site\/wp-content\/uploads\/2023\/05\/bater-ponto-2.jpg\",\"contentUrl\":\"https:\/\/www.notibras.com\/site\/wp-content\/uploads\/2023\/05\/bater-ponto-2.jpg\",\"width\":800,\"height\":450},{\"@type\":\"BreadcrumbList\",\"@id\":\"https:\/\/www.notibras.com\/site\/trabalhar-sem-reconhecimento-e-pior-do-que-labutar-sem-prazer\/#breadcrumb\",\"itemListElement\":[{\"@type\":\"ListItem\",\"position\":1,\"name\":\"In\u00edcio\",\"item\":\"https:\/\/www.notibras.com\/site\/\"},{\"@type\":\"ListItem\",\"position\":2,\"name\":\"Trabalhar sem reconhecimento \u00e9 pior do que labutar sem prazer\"}]},{\"@type\":\"WebSite\",\"@id\":\"https:\/\/www.notibras.com\/site\/#website\",\"url\":\"https:\/\/www.notibras.com\/site\/\",\"name\":\"Notibras\",\"description\":\"Not\u00edcias de Bras\u00edlia, do Brasil e do Mundo\",\"publisher\":{\"@id\":\"https:\/\/www.notibras.com\/site\/#organization\"},\"potentialAction\":[{\"@type\":\"SearchAction\",\"target\":{\"@type\":\"EntryPoint\",\"urlTemplate\":\"https:\/\/www.notibras.com\/site\/?s={search_term_string}\"},\"query-input\":{\"@type\":\"PropertyValueSpecification\",\"valueRequired\":true,\"valueName\":\"search_term_string\"}}],\"inLanguage\":\"pt-BR\"},{\"@type\":\"Organization\",\"@id\":\"https:\/\/www.notibras.com\/site\/#organization\",\"name\":\"Grupo Notibras de Comunica\u00e7\u00e3o\",\"url\":\"https:\/\/www.notibras.com\/site\/\",\"logo\":{\"@type\":\"ImageObject\",\"inLanguage\":\"pt-BR\",\"@id\":\"https:\/\/www.notibras.com\/site\/#\/schema\/logo\/image\/\",\"url\":\"https:\/\/www.notibras.com\/site\/wp-content\/uploads\/2023\/01\/notibras23.png\",\"contentUrl\":\"https:\/\/www.notibras.com\/site\/wp-content\/uploads\/2023\/01\/notibras23.png\",\"width\":350,\"height\":87,\"caption\":\"Grupo Notibras de Comunica\u00e7\u00e3o\"},\"image\":{\"@id\":\"https:\/\/www.notibras.com\/site\/#\/schema\/logo\/image\/\"},\"sameAs\":[\"https:\/\/www.facebook.com\/notibras\/\",\"https:\/\/x.com\/Notibras\",\"https:\/\/www.instagram.com\/notibras\/\"]},{\"@type\":\"Person\",\"@id\":\"https:\/\/www.notibras.com\/site\/#\/schema\/person\/36ab0979449956132d3e5b517ea76ac8\",\"name\":\"Reda\u00e7\u00e3o\",\"image\":{\"@type\":\"ImageObject\",\"inLanguage\":\"pt-BR\",\"@id\":\"https:\/\/secure.gravatar.com\/avatar\/e0a867bdedb85fd243eadf09663511f96fc81e0720a4a42581f334ad4303aa6b?s=96&d=mm&r=g\",\"url\":\"https:\/\/secure.gravatar.com\/avatar\/e0a867bdedb85fd243eadf09663511f96fc81e0720a4a42581f334ad4303aa6b?s=96&d=mm&r=g\",\"contentUrl\":\"https:\/\/secure.gravatar.com\/avatar\/e0a867bdedb85fd243eadf09663511f96fc81e0720a4a42581f334ad4303aa6b?s=96&d=mm&r=g\",\"caption\":\"Reda\u00e7\u00e3o\"}}]}<\/script>\n<!-- \/ Yoast SEO plugin. -->","yoast_head_json":{"title":"Trabalhar sem reconhecimento \u00e9 pior do que labutar sem prazer - Notibras","robots":{"index":"index","follow":"follow","max-snippet":"max-snippet:-1","max-image-preview":"max-image-preview:large","max-video-preview":"max-video-preview:-1"},"canonical":"https:\/\/www.notibras.com\/site\/trabalhar-sem-reconhecimento-e-pior-do-que-labutar-sem-prazer\/","og_locale":"pt_BR","og_type":"article","og_title":"Trabalhar sem reconhecimento \u00e9 pior do que labutar sem prazer - Notibras","og_description":"O trabalho \u00e9 algo presente na vida da maioria dos indiv\u00edduos e tem uma grande diversidade de categorias, cada uma devendo ser valorizada e respeitada. \u00c9 no ambiente de trabalho em que boa parte das pessoas passa muitas horas de seus dias, buscando, por meio de suas atividades, atingir metas e alcan\u00e7ar sonhos. Trabalhe por [&hellip;]","og_url":"https:\/\/www.notibras.com\/site\/trabalhar-sem-reconhecimento-e-pior-do-que-labutar-sem-prazer\/","og_site_name":"Notibras","article_publisher":"https:\/\/www.facebook.com\/notibras\/","article_published_time":"2023-05-01T11:20:26+00:00","og_image":[{"width":800,"height":450,"url":"https:\/\/www.notibras.com\/site\/wp-content\/uploads\/2023\/05\/bater-ponto-2.jpg","type":"image\/jpeg"}],"author":"Reda\u00e7\u00e3o","twitter_card":"summary_large_image","twitter_creator":"@Notibras","twitter_site":"@Notibras","twitter_misc":{"Escrito por":"Reda\u00e7\u00e3o","Est. tempo de leitura":"5 minutos"},"schema":{"@context":"https:\/\/schema.org","@graph":[{"@type":"Article","@id":"https:\/\/www.notibras.com\/site\/trabalhar-sem-reconhecimento-e-pior-do-que-labutar-sem-prazer\/#article","isPartOf":{"@id":"https:\/\/www.notibras.com\/site\/trabalhar-sem-reconhecimento-e-pior-do-que-labutar-sem-prazer\/"},"author":{"name":"Reda\u00e7\u00e3o","@id":"https:\/\/www.notibras.com\/site\/#\/schema\/person\/36ab0979449956132d3e5b517ea76ac8"},"headline":"Trabalhar sem reconhecimento \u00e9 pior do que labutar sem prazer","datePublished":"2023-05-01T11:20:26+00:00","mainEntityOfPage":{"@id":"https:\/\/www.notibras.com\/site\/trabalhar-sem-reconhecimento-e-pior-do-que-labutar-sem-prazer\/"},"wordCount":852,"publisher":{"@id":"https:\/\/www.notibras.com\/site\/#organization"},"image":{"@id":"https:\/\/www.notibras.com\/site\/trabalhar-sem-reconhecimento-e-pior-do-que-labutar-sem-prazer\/#primaryimage"},"thumbnailUrl":"https:\/\/www.notibras.com\/site\/wp-content\/uploads\/2023\/05\/bater-ponto-2.jpg","keywords":["capa"],"articleSection":["Quadradinho em Foco"],"inLanguage":"pt-BR"},{"@type":"WebPage","@id":"https:\/\/www.notibras.com\/site\/trabalhar-sem-reconhecimento-e-pior-do-que-labutar-sem-prazer\/","url":"https:\/\/www.notibras.com\/site\/trabalhar-sem-reconhecimento-e-pior-do-que-labutar-sem-prazer\/","name":"Trabalhar sem reconhecimento \u00e9 pior do que labutar sem prazer - Notibras","isPartOf":{"@id":"https:\/\/www.notibras.com\/site\/#website"},"primaryImageOfPage":{"@id":"https:\/\/www.notibras.com\/site\/trabalhar-sem-reconhecimento-e-pior-do-que-labutar-sem-prazer\/#primaryimage"},"image":{"@id":"https:\/\/www.notibras.com\/site\/trabalhar-sem-reconhecimento-e-pior-do-que-labutar-sem-prazer\/#primaryimage"},"thumbnailUrl":"https:\/\/www.notibras.com\/site\/wp-content\/uploads\/2023\/05\/bater-ponto-2.jpg","datePublished":"2023-05-01T11:20:26+00:00","breadcrumb":{"@id":"https:\/\/www.notibras.com\/site\/trabalhar-sem-reconhecimento-e-pior-do-que-labutar-sem-prazer\/#breadcrumb"},"inLanguage":"pt-BR","potentialAction":[{"@type":"ReadAction","target":["https:\/\/www.notibras.com\/site\/trabalhar-sem-reconhecimento-e-pior-do-que-labutar-sem-prazer\/"]}]},{"@type":"ImageObject","inLanguage":"pt-BR","@id":"https:\/\/www.notibras.com\/site\/trabalhar-sem-reconhecimento-e-pior-do-que-labutar-sem-prazer\/#primaryimage","url":"https:\/\/www.notibras.com\/site\/wp-content\/uploads\/2023\/05\/bater-ponto-2.jpg","contentUrl":"https:\/\/www.notibras.com\/site\/wp-content\/uploads\/2023\/05\/bater-ponto-2.jpg","width":800,"height":450},{"@type":"BreadcrumbList","@id":"https:\/\/www.notibras.com\/site\/trabalhar-sem-reconhecimento-e-pior-do-que-labutar-sem-prazer\/#breadcrumb","itemListElement":[{"@type":"ListItem","position":1,"name":"In\u00edcio","item":"https:\/\/www.notibras.com\/site\/"},{"@type":"ListItem","position":2,"name":"Trabalhar sem reconhecimento \u00e9 pior do que labutar sem prazer"}]},{"@type":"WebSite","@id":"https:\/\/www.notibras.com\/site\/#website","url":"https:\/\/www.notibras.com\/site\/","name":"Notibras","description":"Not\u00edcias de Bras\u00edlia, do Brasil e do Mundo","publisher":{"@id":"https:\/\/www.notibras.com\/site\/#organization"},"potentialAction":[{"@type":"SearchAction","target":{"@type":"EntryPoint","urlTemplate":"https:\/\/www.notibras.com\/site\/?s={search_term_string}"},"query-input":{"@type":"PropertyValueSpecification","valueRequired":true,"valueName":"search_term_string"}}],"inLanguage":"pt-BR"},{"@type":"Organization","@id":"https:\/\/www.notibras.com\/site\/#organization","name":"Grupo Notibras de Comunica\u00e7\u00e3o","url":"https:\/\/www.notibras.com\/site\/","logo":{"@type":"ImageObject","inLanguage":"pt-BR","@id":"https:\/\/www.notibras.com\/site\/#\/schema\/logo\/image\/","url":"https:\/\/www.notibras.com\/site\/wp-content\/uploads\/2023\/01\/notibras23.png","contentUrl":"https:\/\/www.notibras.com\/site\/wp-content\/uploads\/2023\/01\/notibras23.png","width":350,"height":87,"caption":"Grupo Notibras de Comunica\u00e7\u00e3o"},"image":{"@id":"https:\/\/www.notibras.com\/site\/#\/schema\/logo\/image\/"},"sameAs":["https:\/\/www.facebook.com\/notibras\/","https:\/\/x.com\/Notibras","https:\/\/www.instagram.com\/notibras\/"]},{"@type":"Person","@id":"https:\/\/www.notibras.com\/site\/#\/schema\/person\/36ab0979449956132d3e5b517ea76ac8","name":"Reda\u00e7\u00e3o","image":{"@type":"ImageObject","inLanguage":"pt-BR","@id":"https:\/\/secure.gravatar.com\/avatar\/e0a867bdedb85fd243eadf09663511f96fc81e0720a4a42581f334ad4303aa6b?s=96&d=mm&r=g","url":"https:\/\/secure.gravatar.com\/avatar\/e0a867bdedb85fd243eadf09663511f96fc81e0720a4a42581f334ad4303aa6b?s=96&d=mm&r=g","contentUrl":"https:\/\/secure.gravatar.com\/avatar\/e0a867bdedb85fd243eadf09663511f96fc81e0720a4a42581f334ad4303aa6b?s=96&d=mm&r=g","caption":"Reda\u00e7\u00e3o"}}]}},"amp_enabled":true,"_links":{"self":[{"href":"https:\/\/www.notibras.com\/site\/wp-json\/wp\/v2\/posts\/303913","targetHints":{"allow":["GET"]}}],"collection":[{"href":"https:\/\/www.notibras.com\/site\/wp-json\/wp\/v2\/posts"}],"about":[{"href":"https:\/\/www.notibras.com\/site\/wp-json\/wp\/v2\/types\/post"}],"author":[{"embeddable":true,"href":"https:\/\/www.notibras.com\/site\/wp-json\/wp\/v2\/users\/2"}],"replies":[{"embeddable":true,"href":"https:\/\/www.notibras.com\/site\/wp-json\/wp\/v2\/comments?post=303913"}],"version-history":[{"count":1,"href":"https:\/\/www.notibras.com\/site\/wp-json\/wp\/v2\/posts\/303913\/revisions"}],"predecessor-version":[{"id":303915,"href":"https:\/\/www.notibras.com\/site\/wp-json\/wp\/v2\/posts\/303913\/revisions\/303915"}],"wp:featuredmedia":[{"embeddable":true,"href":"https:\/\/www.notibras.com\/site\/wp-json\/wp\/v2\/media\/303914"}],"wp:attachment":[{"href":"https:\/\/www.notibras.com\/site\/wp-json\/wp\/v2\/media?parent=303913"}],"wp:term":[{"taxonomy":"category","embeddable":true,"href":"https:\/\/www.notibras.com\/site\/wp-json\/wp\/v2\/categories?post=303913"},{"taxonomy":"post_tag","embeddable":true,"href":"https:\/\/www.notibras.com\/site\/wp-json\/wp\/v2\/tags?post=303913"}],"curies":[{"name":"wp","href":"https:\/\/api.w.org\/{rel}","templated":true}]}}