{"id":303980,"date":"2023-05-01T15:01:06","date_gmt":"2023-05-01T18:01:06","guid":{"rendered":"https:\/\/www.notibras.com\/site\/?p=303980"},"modified":"2023-05-02T00:22:49","modified_gmt":"2023-05-02T03:22:49","slug":"ato-politico-cultural-marca-dia-dos-trabalhadores","status":"publish","type":"post","link":"https:\/\/www.notibras.com\/site\/ato-politico-cultural-marca-dia-dos-trabalhadores\/","title":{"rendered":"Ato pol\u00edtico-cultural marca Dia do Trabalhador"},"content":{"rendered":"<p>Centenas de trabalhadores se mobilizaram, neste feriado de 1\u00ba de maio, em dois pontos do Distrito Federal para celebrar o Dia Internacional do Trabalho: no Eix\u00e3o da Asa Norte, que corta o Plano Piloto, em Bras\u00edlia; e na pra\u00e7a da Feira Central da Ceil\u00e2ndia, a cidade mais populosa do Distrito Federal, localizada a 30 km do centro da capital federal.<\/p>\n<p>Na Ceil\u00e2ndia, a Central \u00danica dos Trabalhadores do Distrito Federal (CUT-DF) organizou um ato pol\u00edtico-cultural com o tema Emprego, Direitos, Renda e Democracia.<\/p>\n<p>Os manifestantes de diferentes idades empunharam bandeiras e vestiram camisetas de movimentos sociais, partidos pol\u00edticos e em defesa da democracia brasileira. J\u00e1 os l\u00edderes sindicais se revezaram nos microfones para dialogar com os trabalhadores e protestar, durante a manh\u00e3, nos intervalos das apresenta\u00e7\u00f5es art\u00edsticas de forr\u00f3 e de rap.<\/p>\n<p><strong>Conquistas e lutas<\/strong><br \/>\nO presidente da CUT-DF, Rodrigo Rodrigues, apontou que, no primeiro quadrimestre deste ano, j\u00e1 houve conquistas trabalhistas como o aumento do sal\u00e1rio m\u00ednimo e com a eleva\u00e7\u00e3o da faixa de isen\u00e7\u00e3o de Imposto de Renda, dos atuais R$ 1.903 para R$ 2.640 mensais. No entanto, o presidente da CUT-DF defendeu que 1\u00ba de maio \u00e9 dia de luta. \u201cVamos seguir. Temos que fazer a regulariza\u00e7\u00e3o do trabalho por aplicativo, temos que incluir v\u00e1rios trabalhadores do sistema previdenci\u00e1rio. N\u00f3s temos que retomar a valoriza\u00e7\u00e3o do servi\u00e7o p\u00fablico, nesse nosso pa\u00eds. E este 1\u00ba de maio \u00e9 um dia que demarca todas essas lutas\u201d.<\/p>\n<p>Al\u00e9m dos trabalhadores da ativa, o ato contou com a presen\u00e7a de aposentados como Orlando Ribeiro de Sousa, do Tribunal de Contas do Distrito Federal. Orlando disse que estava viajando e retornou para ir \u00e0 mobiliza\u00e7\u00e3o. \u201cUltimamente, est\u00e1 muito dif\u00edcil. Estamos perdendo muitos direitos, inclusive, est\u00e3o sendo roubados. Ent\u00e3o, a classe trabalhadora precisa se organizar para recuperar suas perdas\u201d.<\/p>\n<p>Outro aposentado, Aristides Neves da Silva, que trabalhou mais de 40 anos no Minist\u00e9rio da Sa\u00fade, em Bras\u00edlia, n\u00e3o esqueceu a atividade sindical nos feriados de 1\u00ba de maio e falou em resist\u00eancia. \u201cEu vim comemorar o 1\u00ba de maio, junto aos trabalhadores, j\u00e1 que \u00e9 um dever dos sindicalistas defender a classe e participar de tudo aquilo que \u00e9 em prol dos trabalhadores\u201d. Apesar de considerar que o benef\u00edcio mensal dele est\u00e1 defasado, Aristides est\u00e1 otimista com a mudan\u00e7a do cen\u00e1rio pol\u00edtico do pa\u00eds, principalmente, ap\u00f3s a concess\u00e3o do reajuste de 9% aos servidores p\u00fablicos do poder Executivo Federal.<\/p>\n<p>No ato, o Movimento Brasil Popular (MBP) tamb\u00e9m se somou a outras organiza\u00e7\u00f5es de trabalhadores e pediu a reconstru\u00e7\u00e3o nacional e uni\u00e3o da sociedade contra diversas viol\u00eancias e em defesa dos direitos de trabalhadores, como os previdenci\u00e1rios, conforme dito pelo militante do MBP Nonato Nascimento. \u201cH\u00e1 uma grande precariza\u00e7\u00e3o do mundo do trabalho, principalmente com rela\u00e7\u00e3o \u00e0 juventude negra e das periferias das cidades.\u201d Nonato tamb\u00e9m defendeu a alian\u00e7a de trabalhadores do campo e das cidades. \u201cO movimento faz a defesa da reforma agr\u00e1ria popular, do movimento da via campesina, com os movimentos dos povos de comunidades tradicionais, na defesa da demarca\u00e7\u00e3o dos territ\u00f3rios ind\u00edgenas e quilombolas\u201d.<\/p>\n<p><strong>Profissionais da educa\u00e7\u00e3o<\/strong><br \/>\nOs professores representaram a classe trabalhadora mais numerosa no ato da Ceil\u00e2ndia. Com in\u00fameros cartazes, faixas e camisetas, os profissionais da educa\u00e7\u00e3o aproveitaram a mobiliza\u00e7\u00e3o para convocar a categoria para aderir \u00e0 greve dos no Distrito Federal, a partir de quinta-feira (4).<\/p>\n<p>O diretor de administrativo do Sindicato dos Professores no Distrito Federal (Sinpro-DF), Julio Barros, reivindicou a valoriza\u00e7\u00e3o dos educadores e o fim da precariedade do ambiente de trabalho. \u201cPrimeiramente, precisamos de condi\u00e7\u00f5es de trabalho dignas, sem a superlota\u00e7\u00e3o das salas de aula. Outra quest\u00e3o muito importante \u00e9 a seguran\u00e7a nas escolas. Seguran\u00e7a na escola n\u00e3o significa militarizar as institui\u00e7\u00f5es. E para al\u00e9m das condi\u00e7\u00f5es de trabalho, eu destaco a valoriza\u00e7\u00e3o dos profissionais do magist\u00e9rio que est\u00e3o com seus sal\u00e1rios h\u00e1 8 anos sem reajuste&#8221;, disse.<\/p>\n<p><strong>Estudantes<\/strong><br \/>\nOs professores contaram com o apoio de estudantes representados pelo vice-presidente da Uni\u00e3o dos Estudantes Secundaristas do DF, Lucas Cruz, que defendeu o fortalecimento da negocia\u00e7\u00e3o coletiva dos trabalhadores da educa\u00e7\u00e3o p\u00fablica no Distrito Federal. No palco do ato pol\u00edtico, ele cobrou condi\u00e7\u00f5es de trabalho justas e dignas aos trabalhadores jovens. \u201cA gente precisa refletir nesse 1\u00ba de maio sobre a juventude trabalhadora, aquela, entre outros jovens, que est\u00e1 entregando comida pelos aplicativos. Essa juventude, hoje, n\u00e3o tem direitos\u201d. O estudante Lucas ainda condenou as mudan\u00e7as propostas pelo Novo Ensino M\u00e9dio com a pretens\u00e3o de colocar o jovem no mercado de trabalho. \u201cO Novo Ensino M\u00e9dio \u00e9 um ataque \u00e0 nossa juventude. Eles [governantes] precisam entender que a juventude tem sonhos e que a escola precisa abranger todos os sonhos dessa juventude\u201d.<\/p>\n<p><strong>Mulheres mobilizadas<\/strong><br \/>\nMovimentos feministas tamb\u00e9m marcaram presen\u00e7a no ato. A professora do ensino superior privado e militante de um partido pol\u00edtico no Distrito Federal, L\u00eada Freitas, pediu uni\u00e3o e organiza\u00e7\u00e3o dos trabalhadores para defender uma vida mais digna e melhores condi\u00e7\u00f5es de trabalho. \u201cQueremos que classe trabalhadora se organize muito mais. Temos uma longa luta. Vivemos uma era de capitalismo, neoliberal, rentista [que vive de rendas], com muita explora\u00e7\u00e3o, muita precariza\u00e7\u00e3o da m\u00e3o de obra. E n\u00f3s da classe que vive do trabalho, precisamos de mais uni\u00e3o, mais mobiliza\u00e7\u00e3o para enfrentar essa l\u00f3gica que tira nossos direitos\u201d.<\/p>\n<p>Em um dos stands montados na pra\u00e7a da Ceil\u00e2ndia, o da Marcha das Margaridas, movimento organizado que mobilizar\u00e1 trabalhadoras rurais de todas as regi\u00f5es do pa\u00eds, outras mulheres vestidas de lil\u00e1s defenderam as trabalhadoras do campo e da floresta. A servidora p\u00fablica Ana Paula Cusinato enumerou viola\u00e7\u00f5es de direitos. \u201cN\u00f3s, mulheres do campo e das cidades, passamos seis anos com retrocessos na aposentadoria, na assist\u00eancia, como um todo, sa\u00fade, cuidados, entre outros. E tamb\u00e9m, houve a libera\u00e7\u00e3o e o aumento do uso de agrot\u00f3xicos que matam ou deixam doentes trabalhadoras e trabalhadores rurais. H\u00e1, ainda, quest\u00f5es da agricultura familiar que foram sucateadas no governo passado. Temos, agora, a esperan\u00e7a de recompor os direitos que foram conquistados ao longo de muitos anos de luta&#8221;. A 7\u00aa Marcha das Margaridas ocorrer\u00e1 nos dias 15 e 16 de agosto, na Esplanada dos Minist\u00e9rios, em Bras\u00edlia, com a previs\u00e3o de reunir milhares de mulheres rurais de todo o pa\u00eds.<\/p>\n","protected":false},"excerpt":{"rendered":"<p>Centenas de trabalhadores se mobilizaram, neste feriado de 1\u00ba de maio, em dois pontos do Distrito Federal para celebrar o Dia Internacional do Trabalho: no Eix\u00e3o da Asa Norte, que corta o Plano Piloto, em Bras\u00edlia; e na pra\u00e7a da Feira Central da Ceil\u00e2ndia, a cidade mais populosa do Distrito Federal, localizada a 30 km [&hellip;]<\/p>\n","protected":false},"author":2,"featured_media":303981,"comment_status":"closed","ping_status":"closed","sticky":false,"template":"","format":"standard","meta":{"_acf_changed":false,"footnotes":""},"categories":[161],"tags":[],"class_list":["post-303980","post","type-post","status-publish","format-standard","has-post-thumbnail","hentry","category-quadradinho-em-foco"],"acf":[],"yoast_head":"<!-- This site is optimized with the Yoast SEO plugin v27.2 - https:\/\/yoast.com\/product\/yoast-seo-wordpress\/ -->\n<title>Ato pol\u00edtico-cultural marca Dia do Trabalhador - Notibras<\/title>\n<meta name=\"robots\" content=\"index, follow, max-snippet:-1, max-image-preview:large, max-video-preview:-1\" \/>\n<link rel=\"canonical\" href=\"https:\/\/www.notibras.com\/site\/ato-politico-cultural-marca-dia-dos-trabalhadores\/\" \/>\n<meta property=\"og:locale\" content=\"pt_BR\" \/>\n<meta property=\"og:type\" content=\"article\" \/>\n<meta property=\"og:title\" content=\"Ato pol\u00edtico-cultural marca Dia do Trabalhador - Notibras\" \/>\n<meta property=\"og:description\" content=\"Centenas de trabalhadores se mobilizaram, neste feriado de 1\u00ba de maio, em dois pontos do Distrito Federal para celebrar o Dia Internacional do Trabalho: no Eix\u00e3o da Asa Norte, que corta o Plano Piloto, em Bras\u00edlia; e na pra\u00e7a da Feira Central da Ceil\u00e2ndia, a cidade mais populosa do Distrito Federal, localizada a 30 km [&hellip;]\" \/>\n<meta property=\"og:url\" content=\"https:\/\/www.notibras.com\/site\/ato-politico-cultural-marca-dia-dos-trabalhadores\/\" \/>\n<meta property=\"og:site_name\" content=\"Notibras\" \/>\n<meta property=\"article:publisher\" content=\"https:\/\/www.facebook.com\/notibras\/\" \/>\n<meta property=\"article:published_time\" content=\"2023-05-01T18:01:06+00:00\" \/>\n<meta property=\"article:modified_time\" content=\"2023-05-02T03:22:49+00:00\" \/>\n<meta property=\"og:image\" content=\"https:\/\/www.notibras.com\/site\/wp-content\/uploads\/2023\/05\/dia_do_trabalhador_em_bsb-4-1.jpg\" \/>\n\t<meta property=\"og:image:width\" content=\"1170\" \/>\n\t<meta property=\"og:image:height\" content=\"700\" \/>\n\t<meta property=\"og:image:type\" content=\"image\/jpeg\" \/>\n<meta name=\"author\" content=\"Reda\u00e7\u00e3o\" \/>\n<meta name=\"twitter:card\" content=\"summary_large_image\" \/>\n<meta name=\"twitter:creator\" content=\"@Notibras\" \/>\n<meta name=\"twitter:site\" content=\"@Notibras\" \/>\n<meta name=\"twitter:label1\" content=\"Escrito por\" \/>\n\t<meta name=\"twitter:data1\" content=\"Reda\u00e7\u00e3o\" \/>\n\t<meta name=\"twitter:label2\" content=\"Est. tempo de leitura\" \/>\n\t<meta name=\"twitter:data2\" content=\"6 minutos\" \/>\n<script type=\"application\/ld+json\" class=\"yoast-schema-graph\">{\"@context\":\"https:\/\/schema.org\",\"@graph\":[{\"@type\":\"Article\",\"@id\":\"https:\/\/www.notibras.com\/site\/ato-politico-cultural-marca-dia-dos-trabalhadores\/#article\",\"isPartOf\":{\"@id\":\"https:\/\/www.notibras.com\/site\/ato-politico-cultural-marca-dia-dos-trabalhadores\/\"},\"author\":{\"name\":\"Reda\u00e7\u00e3o\",\"@id\":\"https:\/\/www.notibras.com\/site\/#\/schema\/person\/36ab0979449956132d3e5b517ea76ac8\"},\"headline\":\"Ato pol\u00edtico-cultural marca Dia do Trabalhador\",\"datePublished\":\"2023-05-01T18:01:06+00:00\",\"dateModified\":\"2023-05-02T03:22:49+00:00\",\"mainEntityOfPage\":{\"@id\":\"https:\/\/www.notibras.com\/site\/ato-politico-cultural-marca-dia-dos-trabalhadores\/\"},\"wordCount\":1117,\"publisher\":{\"@id\":\"https:\/\/www.notibras.com\/site\/#organization\"},\"image\":{\"@id\":\"https:\/\/www.notibras.com\/site\/ato-politico-cultural-marca-dia-dos-trabalhadores\/#primaryimage\"},\"thumbnailUrl\":\"https:\/\/www.notibras.com\/site\/wp-content\/uploads\/2023\/05\/dia_do_trabalhador_em_bsb-4-1.jpg\",\"articleSection\":[\"Quadradinho em Foco\"],\"inLanguage\":\"pt-BR\"},{\"@type\":\"WebPage\",\"@id\":\"https:\/\/www.notibras.com\/site\/ato-politico-cultural-marca-dia-dos-trabalhadores\/\",\"url\":\"https:\/\/www.notibras.com\/site\/ato-politico-cultural-marca-dia-dos-trabalhadores\/\",\"name\":\"Ato pol\u00edtico-cultural marca Dia do Trabalhador - Notibras\",\"isPartOf\":{\"@id\":\"https:\/\/www.notibras.com\/site\/#website\"},\"primaryImageOfPage\":{\"@id\":\"https:\/\/www.notibras.com\/site\/ato-politico-cultural-marca-dia-dos-trabalhadores\/#primaryimage\"},\"image\":{\"@id\":\"https:\/\/www.notibras.com\/site\/ato-politico-cultural-marca-dia-dos-trabalhadores\/#primaryimage\"},\"thumbnailUrl\":\"https:\/\/www.notibras.com\/site\/wp-content\/uploads\/2023\/05\/dia_do_trabalhador_em_bsb-4-1.jpg\",\"datePublished\":\"2023-05-01T18:01:06+00:00\",\"dateModified\":\"2023-05-02T03:22:49+00:00\",\"breadcrumb\":{\"@id\":\"https:\/\/www.notibras.com\/site\/ato-politico-cultural-marca-dia-dos-trabalhadores\/#breadcrumb\"},\"inLanguage\":\"pt-BR\",\"potentialAction\":[{\"@type\":\"ReadAction\",\"target\":[\"https:\/\/www.notibras.com\/site\/ato-politico-cultural-marca-dia-dos-trabalhadores\/\"]}]},{\"@type\":\"ImageObject\",\"inLanguage\":\"pt-BR\",\"@id\":\"https:\/\/www.notibras.com\/site\/ato-politico-cultural-marca-dia-dos-trabalhadores\/#primaryimage\",\"url\":\"https:\/\/www.notibras.com\/site\/wp-content\/uploads\/2023\/05\/dia_do_trabalhador_em_bsb-4-1.jpg\",\"contentUrl\":\"https:\/\/www.notibras.com\/site\/wp-content\/uploads\/2023\/05\/dia_do_trabalhador_em_bsb-4-1.jpg\",\"width\":1170,\"height\":700,\"caption\":\"Bras\u00edlia (DF) 01\/05\/2023 Centrais sindicais e movimentos socias celebram o dia dos trabalhadores em Bras\u00edlia. Foto Z\u00e9 Cruz\/ Ag\u00eancia Brasil.\"},{\"@type\":\"BreadcrumbList\",\"@id\":\"https:\/\/www.notibras.com\/site\/ato-politico-cultural-marca-dia-dos-trabalhadores\/#breadcrumb\",\"itemListElement\":[{\"@type\":\"ListItem\",\"position\":1,\"name\":\"In\u00edcio\",\"item\":\"https:\/\/www.notibras.com\/site\/\"},{\"@type\":\"ListItem\",\"position\":2,\"name\":\"Ato pol\u00edtico-cultural marca Dia do Trabalhador\"}]},{\"@type\":\"WebSite\",\"@id\":\"https:\/\/www.notibras.com\/site\/#website\",\"url\":\"https:\/\/www.notibras.com\/site\/\",\"name\":\"Notibras\",\"description\":\"Not\u00edcias de Bras\u00edlia, do Brasil e do Mundo\",\"publisher\":{\"@id\":\"https:\/\/www.notibras.com\/site\/#organization\"},\"potentialAction\":[{\"@type\":\"SearchAction\",\"target\":{\"@type\":\"EntryPoint\",\"urlTemplate\":\"https:\/\/www.notibras.com\/site\/?s={search_term_string}\"},\"query-input\":{\"@type\":\"PropertyValueSpecification\",\"valueRequired\":true,\"valueName\":\"search_term_string\"}}],\"inLanguage\":\"pt-BR\"},{\"@type\":\"Organization\",\"@id\":\"https:\/\/www.notibras.com\/site\/#organization\",\"name\":\"Grupo Notibras de Comunica\u00e7\u00e3o\",\"url\":\"https:\/\/www.notibras.com\/site\/\",\"logo\":{\"@type\":\"ImageObject\",\"inLanguage\":\"pt-BR\",\"@id\":\"https:\/\/www.notibras.com\/site\/#\/schema\/logo\/image\/\",\"url\":\"https:\/\/www.notibras.com\/site\/wp-content\/uploads\/2023\/01\/notibras23.png\",\"contentUrl\":\"https:\/\/www.notibras.com\/site\/wp-content\/uploads\/2023\/01\/notibras23.png\",\"width\":350,\"height\":87,\"caption\":\"Grupo Notibras de Comunica\u00e7\u00e3o\"},\"image\":{\"@id\":\"https:\/\/www.notibras.com\/site\/#\/schema\/logo\/image\/\"},\"sameAs\":[\"https:\/\/www.facebook.com\/notibras\/\",\"https:\/\/x.com\/Notibras\",\"https:\/\/www.instagram.com\/notibras\/\"]},{\"@type\":\"Person\",\"@id\":\"https:\/\/www.notibras.com\/site\/#\/schema\/person\/36ab0979449956132d3e5b517ea76ac8\",\"name\":\"Reda\u00e7\u00e3o\",\"image\":{\"@type\":\"ImageObject\",\"inLanguage\":\"pt-BR\",\"@id\":\"https:\/\/secure.gravatar.com\/avatar\/e0a867bdedb85fd243eadf09663511f96fc81e0720a4a42581f334ad4303aa6b?s=96&d=mm&r=g\",\"url\":\"https:\/\/secure.gravatar.com\/avatar\/e0a867bdedb85fd243eadf09663511f96fc81e0720a4a42581f334ad4303aa6b?s=96&d=mm&r=g\",\"contentUrl\":\"https:\/\/secure.gravatar.com\/avatar\/e0a867bdedb85fd243eadf09663511f96fc81e0720a4a42581f334ad4303aa6b?s=96&d=mm&r=g\",\"caption\":\"Reda\u00e7\u00e3o\"}}]}<\/script>\n<!-- \/ Yoast SEO plugin. -->","yoast_head_json":{"title":"Ato pol\u00edtico-cultural marca Dia do Trabalhador - Notibras","robots":{"index":"index","follow":"follow","max-snippet":"max-snippet:-1","max-image-preview":"max-image-preview:large","max-video-preview":"max-video-preview:-1"},"canonical":"https:\/\/www.notibras.com\/site\/ato-politico-cultural-marca-dia-dos-trabalhadores\/","og_locale":"pt_BR","og_type":"article","og_title":"Ato pol\u00edtico-cultural marca Dia do Trabalhador - Notibras","og_description":"Centenas de trabalhadores se mobilizaram, neste feriado de 1\u00ba de maio, em dois pontos do Distrito Federal para celebrar o Dia Internacional do Trabalho: no Eix\u00e3o da Asa Norte, que corta o Plano Piloto, em Bras\u00edlia; e na pra\u00e7a da Feira Central da Ceil\u00e2ndia, a cidade mais populosa do Distrito Federal, localizada a 30 km [&hellip;]","og_url":"https:\/\/www.notibras.com\/site\/ato-politico-cultural-marca-dia-dos-trabalhadores\/","og_site_name":"Notibras","article_publisher":"https:\/\/www.facebook.com\/notibras\/","article_published_time":"2023-05-01T18:01:06+00:00","article_modified_time":"2023-05-02T03:22:49+00:00","og_image":[{"width":1170,"height":700,"url":"https:\/\/www.notibras.com\/site\/wp-content\/uploads\/2023\/05\/dia_do_trabalhador_em_bsb-4-1.jpg","type":"image\/jpeg"}],"author":"Reda\u00e7\u00e3o","twitter_card":"summary_large_image","twitter_creator":"@Notibras","twitter_site":"@Notibras","twitter_misc":{"Escrito por":"Reda\u00e7\u00e3o","Est. tempo de leitura":"6 minutos"},"schema":{"@context":"https:\/\/schema.org","@graph":[{"@type":"Article","@id":"https:\/\/www.notibras.com\/site\/ato-politico-cultural-marca-dia-dos-trabalhadores\/#article","isPartOf":{"@id":"https:\/\/www.notibras.com\/site\/ato-politico-cultural-marca-dia-dos-trabalhadores\/"},"author":{"name":"Reda\u00e7\u00e3o","@id":"https:\/\/www.notibras.com\/site\/#\/schema\/person\/36ab0979449956132d3e5b517ea76ac8"},"headline":"Ato pol\u00edtico-cultural marca Dia do Trabalhador","datePublished":"2023-05-01T18:01:06+00:00","dateModified":"2023-05-02T03:22:49+00:00","mainEntityOfPage":{"@id":"https:\/\/www.notibras.com\/site\/ato-politico-cultural-marca-dia-dos-trabalhadores\/"},"wordCount":1117,"publisher":{"@id":"https:\/\/www.notibras.com\/site\/#organization"},"image":{"@id":"https:\/\/www.notibras.com\/site\/ato-politico-cultural-marca-dia-dos-trabalhadores\/#primaryimage"},"thumbnailUrl":"https:\/\/www.notibras.com\/site\/wp-content\/uploads\/2023\/05\/dia_do_trabalhador_em_bsb-4-1.jpg","articleSection":["Quadradinho em Foco"],"inLanguage":"pt-BR"},{"@type":"WebPage","@id":"https:\/\/www.notibras.com\/site\/ato-politico-cultural-marca-dia-dos-trabalhadores\/","url":"https:\/\/www.notibras.com\/site\/ato-politico-cultural-marca-dia-dos-trabalhadores\/","name":"Ato pol\u00edtico-cultural marca Dia do Trabalhador - Notibras","isPartOf":{"@id":"https:\/\/www.notibras.com\/site\/#website"},"primaryImageOfPage":{"@id":"https:\/\/www.notibras.com\/site\/ato-politico-cultural-marca-dia-dos-trabalhadores\/#primaryimage"},"image":{"@id":"https:\/\/www.notibras.com\/site\/ato-politico-cultural-marca-dia-dos-trabalhadores\/#primaryimage"},"thumbnailUrl":"https:\/\/www.notibras.com\/site\/wp-content\/uploads\/2023\/05\/dia_do_trabalhador_em_bsb-4-1.jpg","datePublished":"2023-05-01T18:01:06+00:00","dateModified":"2023-05-02T03:22:49+00:00","breadcrumb":{"@id":"https:\/\/www.notibras.com\/site\/ato-politico-cultural-marca-dia-dos-trabalhadores\/#breadcrumb"},"inLanguage":"pt-BR","potentialAction":[{"@type":"ReadAction","target":["https:\/\/www.notibras.com\/site\/ato-politico-cultural-marca-dia-dos-trabalhadores\/"]}]},{"@type":"ImageObject","inLanguage":"pt-BR","@id":"https:\/\/www.notibras.com\/site\/ato-politico-cultural-marca-dia-dos-trabalhadores\/#primaryimage","url":"https:\/\/www.notibras.com\/site\/wp-content\/uploads\/2023\/05\/dia_do_trabalhador_em_bsb-4-1.jpg","contentUrl":"https:\/\/www.notibras.com\/site\/wp-content\/uploads\/2023\/05\/dia_do_trabalhador_em_bsb-4-1.jpg","width":1170,"height":700,"caption":"Bras\u00edlia (DF) 01\/05\/2023 Centrais sindicais e movimentos socias celebram o dia dos trabalhadores em Bras\u00edlia. Foto Z\u00e9 Cruz\/ Ag\u00eancia Brasil."},{"@type":"BreadcrumbList","@id":"https:\/\/www.notibras.com\/site\/ato-politico-cultural-marca-dia-dos-trabalhadores\/#breadcrumb","itemListElement":[{"@type":"ListItem","position":1,"name":"In\u00edcio","item":"https:\/\/www.notibras.com\/site\/"},{"@type":"ListItem","position":2,"name":"Ato pol\u00edtico-cultural marca Dia do Trabalhador"}]},{"@type":"WebSite","@id":"https:\/\/www.notibras.com\/site\/#website","url":"https:\/\/www.notibras.com\/site\/","name":"Notibras","description":"Not\u00edcias de Bras\u00edlia, do Brasil e do Mundo","publisher":{"@id":"https:\/\/www.notibras.com\/site\/#organization"},"potentialAction":[{"@type":"SearchAction","target":{"@type":"EntryPoint","urlTemplate":"https:\/\/www.notibras.com\/site\/?s={search_term_string}"},"query-input":{"@type":"PropertyValueSpecification","valueRequired":true,"valueName":"search_term_string"}}],"inLanguage":"pt-BR"},{"@type":"Organization","@id":"https:\/\/www.notibras.com\/site\/#organization","name":"Grupo Notibras de Comunica\u00e7\u00e3o","url":"https:\/\/www.notibras.com\/site\/","logo":{"@type":"ImageObject","inLanguage":"pt-BR","@id":"https:\/\/www.notibras.com\/site\/#\/schema\/logo\/image\/","url":"https:\/\/www.notibras.com\/site\/wp-content\/uploads\/2023\/01\/notibras23.png","contentUrl":"https:\/\/www.notibras.com\/site\/wp-content\/uploads\/2023\/01\/notibras23.png","width":350,"height":87,"caption":"Grupo Notibras de Comunica\u00e7\u00e3o"},"image":{"@id":"https:\/\/www.notibras.com\/site\/#\/schema\/logo\/image\/"},"sameAs":["https:\/\/www.facebook.com\/notibras\/","https:\/\/x.com\/Notibras","https:\/\/www.instagram.com\/notibras\/"]},{"@type":"Person","@id":"https:\/\/www.notibras.com\/site\/#\/schema\/person\/36ab0979449956132d3e5b517ea76ac8","name":"Reda\u00e7\u00e3o","image":{"@type":"ImageObject","inLanguage":"pt-BR","@id":"https:\/\/secure.gravatar.com\/avatar\/e0a867bdedb85fd243eadf09663511f96fc81e0720a4a42581f334ad4303aa6b?s=96&d=mm&r=g","url":"https:\/\/secure.gravatar.com\/avatar\/e0a867bdedb85fd243eadf09663511f96fc81e0720a4a42581f334ad4303aa6b?s=96&d=mm&r=g","contentUrl":"https:\/\/secure.gravatar.com\/avatar\/e0a867bdedb85fd243eadf09663511f96fc81e0720a4a42581f334ad4303aa6b?s=96&d=mm&r=g","caption":"Reda\u00e7\u00e3o"}}]}},"amp_enabled":true,"_links":{"self":[{"href":"https:\/\/www.notibras.com\/site\/wp-json\/wp\/v2\/posts\/303980","targetHints":{"allow":["GET"]}}],"collection":[{"href":"https:\/\/www.notibras.com\/site\/wp-json\/wp\/v2\/posts"}],"about":[{"href":"https:\/\/www.notibras.com\/site\/wp-json\/wp\/v2\/types\/post"}],"author":[{"embeddable":true,"href":"https:\/\/www.notibras.com\/site\/wp-json\/wp\/v2\/users\/2"}],"replies":[{"embeddable":true,"href":"https:\/\/www.notibras.com\/site\/wp-json\/wp\/v2\/comments?post=303980"}],"version-history":[{"count":2,"href":"https:\/\/www.notibras.com\/site\/wp-json\/wp\/v2\/posts\/303980\/revisions"}],"predecessor-version":[{"id":303983,"href":"https:\/\/www.notibras.com\/site\/wp-json\/wp\/v2\/posts\/303980\/revisions\/303983"}],"wp:featuredmedia":[{"embeddable":true,"href":"https:\/\/www.notibras.com\/site\/wp-json\/wp\/v2\/media\/303981"}],"wp:attachment":[{"href":"https:\/\/www.notibras.com\/site\/wp-json\/wp\/v2\/media?parent=303980"}],"wp:term":[{"taxonomy":"category","embeddable":true,"href":"https:\/\/www.notibras.com\/site\/wp-json\/wp\/v2\/categories?post=303980"},{"taxonomy":"post_tag","embeddable":true,"href":"https:\/\/www.notibras.com\/site\/wp-json\/wp\/v2\/tags?post=303980"}],"curies":[{"name":"wp","href":"https:\/\/api.w.org\/{rel}","templated":true}]}}