{"id":303997,"date":"2023-05-02T08:40:11","date_gmt":"2023-05-02T11:40:11","guid":{"rendered":"https:\/\/www.notibras.com\/site\/?p=303997"},"modified":"2023-05-02T09:53:47","modified_gmt":"2023-05-02T12:53:47","slug":"preconceito-atinge-3-em-cada-4-pessoas-com-deficiencia","status":"publish","type":"post","link":"https:\/\/www.notibras.com\/site\/preconceito-atinge-3-em-cada-4-pessoas-com-deficiencia\/","title":{"rendered":"Preconceito atinge 3 em cada 4 pessoas com defici\u00eancia"},"content":{"rendered":"<p>Pesquisa mostrou que 77% das pessoas com defici\u00eancia (PCDs) j\u00e1 passaram por pelo menos uma situa\u00e7\u00e3o de preconceito durante seus deslocamentos pela cidade. Oitenta e seis por cento dos entrevistados tamb\u00e9m afirmaram ter algum medo relacionado \u00e0 seguran\u00e7a, como ser furtado ou assaltado, ser agredido fisicamente ou sofrer um acidente de tr\u00e2nsito ao se deslocarem.<\/p>\n<p>O estudo realizado pelo Instituto Locomotiva, com o apoio da Uber, foi divulgado nesta ter\u00e7a-feira (2).<\/p>\n<p>A pesquisa tra\u00e7a ainda um panorama sobre o perfil de deslocamento dessa popula\u00e7\u00e3o. Dos entrevistados que utilizam transporte p\u00fablico, 45% afirmaram ter algum tipo de restri\u00e7\u00e3o na regi\u00e3o onde moram. Setenta e nove por cento dos entrevistados disseram que j\u00e1 chegaram atrasados ou at\u00e9 mesmo perderam algum compromisso por conta da falta de acessibilidade nos trajetos que fazem. O n\u00famero representa cerca de 13 milh\u00f5es de pessoas.<\/p>\n<p>Ir a p\u00e9 ou se deslocar com cadeira de rodas (50%) e carro particular (47%) s\u00e3o as formas de deslocamento mais populares entre a popula\u00e7\u00e3o PCD. Quarenta e tr\u00eas por cento tamb\u00e9m declararam utilizar transporte por aplicativo, 34% utilizam \u00f4nibus ou van municipal e 14% metr\u00f4.<\/p>\n<p>Dentre as pessoas com defici\u00eancia visual, as op\u00e7\u00f5es mais populares de deslocamento s\u00e3o os aplicativos de mobilidade e caminhar, com 54% dos entrevistados. De acordo com os entrevistados, 67% se deslocam por raz\u00f5es relacionadas a atendimentos de sa\u00fade para a pr\u00f3pria pessoa, 36% para visitas a familiares e amigos e 34% para tratar de assuntos pessoais.<\/p>\n<p>Para Renato Meirelles, presidente do Instituto Locomotiva, o estudo revela in\u00fameros desafios enfrentados pelas pessoas com defici\u00eancia em seus deslocamentos pelas cidades, onde a maioria dos entrevistados concorda que faltam op\u00e7\u00f5es de transporte seguro e confort\u00e1vel, evidenciando a car\u00eancia de acessibilidade e a discrimina\u00e7\u00e3o enfrentadas por essa popula\u00e7\u00e3o em seus trajetos.<\/p>\n<p>&#8220;A escassez de informa\u00e7\u00e3o \u00e9 apontada pelos entrevistados como uma das principais causas para o preconceito, que acarreta uma s\u00e9rie de restri\u00e7\u00f5es em seus deslocamentos pelas cidades. Para combater o preconceito e promover uma sociedade mais inclusiva, \u00e9 necess\u00e1rio educar a popula\u00e7\u00e3o para a inclus\u00e3o de pessoas com defici\u00eancia. Empresas e governos precisam trabalhar juntos para implementar solu\u00e7\u00f5es efetivas e sustent\u00e1veis que garantam o direito de ir e vir, assegurando \u00e0s pessoas com defici\u00eancia mais oportunidades de mobilidade pelas cidades&#8221;, afirmou Meirelles, em nota.<\/p>\n<p><strong>Metodologia<\/strong><br \/>\nA pesquisa presencial foi realizada com 800 pessoas com mais de 18 anos, com defici\u00eancia visual, auditiva, motora, intelectual ou m\u00faltipla, moradoras de 11 regi\u00f5es metropolitanas (Bel\u00e9m, Fortaleza, Recife, Salvador, Belo Horizonte, Rio de Janeiro, S\u00e3o Paulo, Curitiba, Porto Alegre, Goi\u00e2nia e Bras\u00edlia), entre os dias 28 de fevereiro e 17 de mar\u00e7o de 2023. A margem de erro \u00e9 de 3,5 pontos percentuais para mais ou para menos<\/p>\n","protected":false},"excerpt":{"rendered":"<p>Pesquisa mostrou que 77% das pessoas com defici\u00eancia (PCDs) j\u00e1 passaram por pelo menos uma situa\u00e7\u00e3o de preconceito durante seus deslocamentos pela cidade. Oitenta e seis por cento dos entrevistados tamb\u00e9m afirmaram ter algum medo relacionado \u00e0 seguran\u00e7a, como ser furtado ou assaltado, ser agredido fisicamente ou sofrer um acidente de tr\u00e2nsito ao se deslocarem. [&hellip;]<\/p>\n","protected":false},"author":2,"featured_media":303998,"comment_status":"closed","ping_status":"closed","sticky":false,"template":"","format":"standard","meta":{"_acf_changed":false,"footnotes":""},"categories":[161],"tags":[95],"class_list":["post-303997","post","type-post","status-publish","format-standard","has-post-thumbnail","hentry","category-quadradinho-em-foco","tag-capa"],"acf":[],"yoast_head":"<!-- This site is optimized with the Yoast SEO plugin v27.2 - https:\/\/yoast.com\/product\/yoast-seo-wordpress\/ -->\n<title>Preconceito atinge 3 em cada 4 pessoas com defici\u00eancia - Notibras<\/title>\n<meta name=\"robots\" content=\"index, follow, max-snippet:-1, max-image-preview:large, max-video-preview:-1\" \/>\n<link rel=\"canonical\" href=\"https:\/\/www.notibras.com\/site\/preconceito-atinge-3-em-cada-4-pessoas-com-deficiencia\/\" \/>\n<meta property=\"og:locale\" content=\"pt_BR\" \/>\n<meta property=\"og:type\" content=\"article\" \/>\n<meta property=\"og:title\" content=\"Preconceito atinge 3 em cada 4 pessoas com defici\u00eancia - Notibras\" \/>\n<meta property=\"og:description\" content=\"Pesquisa mostrou que 77% das pessoas com defici\u00eancia (PCDs) j\u00e1 passaram por pelo menos uma situa\u00e7\u00e3o de preconceito durante seus deslocamentos pela cidade. Oitenta e seis por cento dos entrevistados tamb\u00e9m afirmaram ter algum medo relacionado \u00e0 seguran\u00e7a, como ser furtado ou assaltado, ser agredido fisicamente ou sofrer um acidente de tr\u00e2nsito ao se deslocarem. [&hellip;]\" \/>\n<meta property=\"og:url\" content=\"https:\/\/www.notibras.com\/site\/preconceito-atinge-3-em-cada-4-pessoas-com-deficiencia\/\" \/>\n<meta property=\"og:site_name\" content=\"Notibras\" \/>\n<meta property=\"article:publisher\" content=\"https:\/\/www.facebook.com\/notibras\/\" \/>\n<meta property=\"article:published_time\" content=\"2023-05-02T11:40:11+00:00\" \/>\n<meta property=\"article:modified_time\" content=\"2023-05-02T12:53:47+00:00\" \/>\n<meta property=\"og:image\" content=\"https:\/\/www.notibras.com\/site\/wp-content\/uploads\/2023\/05\/pessoa_com_deficiencia.jpg\" \/>\n\t<meta property=\"og:image:width\" content=\"1170\" \/>\n\t<meta property=\"og:image:height\" content=\"700\" \/>\n\t<meta property=\"og:image:type\" content=\"image\/jpeg\" \/>\n<meta name=\"author\" content=\"Reda\u00e7\u00e3o\" \/>\n<meta name=\"twitter:card\" content=\"summary_large_image\" \/>\n<meta name=\"twitter:creator\" content=\"@Notibras\" \/>\n<meta name=\"twitter:site\" content=\"@Notibras\" \/>\n<meta name=\"twitter:label1\" content=\"Escrito por\" \/>\n\t<meta name=\"twitter:data1\" content=\"Reda\u00e7\u00e3o\" \/>\n\t<meta name=\"twitter:label2\" content=\"Est. tempo de leitura\" \/>\n\t<meta name=\"twitter:data2\" content=\"3 minutos\" \/>\n<script type=\"application\/ld+json\" class=\"yoast-schema-graph\">{\"@context\":\"https:\/\/schema.org\",\"@graph\":[{\"@type\":\"Article\",\"@id\":\"https:\/\/www.notibras.com\/site\/preconceito-atinge-3-em-cada-4-pessoas-com-deficiencia\/#article\",\"isPartOf\":{\"@id\":\"https:\/\/www.notibras.com\/site\/preconceito-atinge-3-em-cada-4-pessoas-com-deficiencia\/\"},\"author\":{\"name\":\"Reda\u00e7\u00e3o\",\"@id\":\"https:\/\/www.notibras.com\/site\/#\/schema\/person\/36ab0979449956132d3e5b517ea76ac8\"},\"headline\":\"Preconceito atinge 3 em cada 4 pessoas com defici\u00eancia\",\"datePublished\":\"2023-05-02T11:40:11+00:00\",\"dateModified\":\"2023-05-02T12:53:47+00:00\",\"mainEntityOfPage\":{\"@id\":\"https:\/\/www.notibras.com\/site\/preconceito-atinge-3-em-cada-4-pessoas-com-deficiencia\/\"},\"wordCount\":478,\"publisher\":{\"@id\":\"https:\/\/www.notibras.com\/site\/#organization\"},\"image\":{\"@id\":\"https:\/\/www.notibras.com\/site\/preconceito-atinge-3-em-cada-4-pessoas-com-deficiencia\/#primaryimage\"},\"thumbnailUrl\":\"https:\/\/www.notibras.com\/site\/wp-content\/uploads\/2023\/05\/pessoa_com_deficiencia.jpg\",\"keywords\":[\"capa\"],\"articleSection\":[\"Quadradinho em Foco\"],\"inLanguage\":\"pt-BR\"},{\"@type\":\"WebPage\",\"@id\":\"https:\/\/www.notibras.com\/site\/preconceito-atinge-3-em-cada-4-pessoas-com-deficiencia\/\",\"url\":\"https:\/\/www.notibras.com\/site\/preconceito-atinge-3-em-cada-4-pessoas-com-deficiencia\/\",\"name\":\"Preconceito atinge 3 em cada 4 pessoas com defici\u00eancia - Notibras\",\"isPartOf\":{\"@id\":\"https:\/\/www.notibras.com\/site\/#website\"},\"primaryImageOfPage\":{\"@id\":\"https:\/\/www.notibras.com\/site\/preconceito-atinge-3-em-cada-4-pessoas-com-deficiencia\/#primaryimage\"},\"image\":{\"@id\":\"https:\/\/www.notibras.com\/site\/preconceito-atinge-3-em-cada-4-pessoas-com-deficiencia\/#primaryimage\"},\"thumbnailUrl\":\"https:\/\/www.notibras.com\/site\/wp-content\/uploads\/2023\/05\/pessoa_com_deficiencia.jpg\",\"datePublished\":\"2023-05-02T11:40:11+00:00\",\"dateModified\":\"2023-05-02T12:53:47+00:00\",\"breadcrumb\":{\"@id\":\"https:\/\/www.notibras.com\/site\/preconceito-atinge-3-em-cada-4-pessoas-com-deficiencia\/#breadcrumb\"},\"inLanguage\":\"pt-BR\",\"potentialAction\":[{\"@type\":\"ReadAction\",\"target\":[\"https:\/\/www.notibras.com\/site\/preconceito-atinge-3-em-cada-4-pessoas-com-deficiencia\/\"]}]},{\"@type\":\"ImageObject\",\"inLanguage\":\"pt-BR\",\"@id\":\"https:\/\/www.notibras.com\/site\/preconceito-atinge-3-em-cada-4-pessoas-com-deficiencia\/#primaryimage\",\"url\":\"https:\/\/www.notibras.com\/site\/wp-content\/uploads\/2023\/05\/pessoa_com_deficiencia.jpg\",\"contentUrl\":\"https:\/\/www.notibras.com\/site\/wp-content\/uploads\/2023\/05\/pessoa_com_deficiencia.jpg\",\"width\":1170,\"height\":700},{\"@type\":\"BreadcrumbList\",\"@id\":\"https:\/\/www.notibras.com\/site\/preconceito-atinge-3-em-cada-4-pessoas-com-deficiencia\/#breadcrumb\",\"itemListElement\":[{\"@type\":\"ListItem\",\"position\":1,\"name\":\"In\u00edcio\",\"item\":\"https:\/\/www.notibras.com\/site\/\"},{\"@type\":\"ListItem\",\"position\":2,\"name\":\"Preconceito atinge 3 em cada 4 pessoas com defici\u00eancia\"}]},{\"@type\":\"WebSite\",\"@id\":\"https:\/\/www.notibras.com\/site\/#website\",\"url\":\"https:\/\/www.notibras.com\/site\/\",\"name\":\"Notibras\",\"description\":\"Not\u00edcias de Bras\u00edlia, do Brasil e do Mundo\",\"publisher\":{\"@id\":\"https:\/\/www.notibras.com\/site\/#organization\"},\"potentialAction\":[{\"@type\":\"SearchAction\",\"target\":{\"@type\":\"EntryPoint\",\"urlTemplate\":\"https:\/\/www.notibras.com\/site\/?s={search_term_string}\"},\"query-input\":{\"@type\":\"PropertyValueSpecification\",\"valueRequired\":true,\"valueName\":\"search_term_string\"}}],\"inLanguage\":\"pt-BR\"},{\"@type\":\"Organization\",\"@id\":\"https:\/\/www.notibras.com\/site\/#organization\",\"name\":\"Grupo Notibras de Comunica\u00e7\u00e3o\",\"url\":\"https:\/\/www.notibras.com\/site\/\",\"logo\":{\"@type\":\"ImageObject\",\"inLanguage\":\"pt-BR\",\"@id\":\"https:\/\/www.notibras.com\/site\/#\/schema\/logo\/image\/\",\"url\":\"https:\/\/www.notibras.com\/site\/wp-content\/uploads\/2023\/01\/notibras23.png\",\"contentUrl\":\"https:\/\/www.notibras.com\/site\/wp-content\/uploads\/2023\/01\/notibras23.png\",\"width\":350,\"height\":87,\"caption\":\"Grupo Notibras de Comunica\u00e7\u00e3o\"},\"image\":{\"@id\":\"https:\/\/www.notibras.com\/site\/#\/schema\/logo\/image\/\"},\"sameAs\":[\"https:\/\/www.facebook.com\/notibras\/\",\"https:\/\/x.com\/Notibras\",\"https:\/\/www.instagram.com\/notibras\/\"]},{\"@type\":\"Person\",\"@id\":\"https:\/\/www.notibras.com\/site\/#\/schema\/person\/36ab0979449956132d3e5b517ea76ac8\",\"name\":\"Reda\u00e7\u00e3o\",\"image\":{\"@type\":\"ImageObject\",\"inLanguage\":\"pt-BR\",\"@id\":\"https:\/\/secure.gravatar.com\/avatar\/e0a867bdedb85fd243eadf09663511f96fc81e0720a4a42581f334ad4303aa6b?s=96&d=mm&r=g\",\"url\":\"https:\/\/secure.gravatar.com\/avatar\/e0a867bdedb85fd243eadf09663511f96fc81e0720a4a42581f334ad4303aa6b?s=96&d=mm&r=g\",\"contentUrl\":\"https:\/\/secure.gravatar.com\/avatar\/e0a867bdedb85fd243eadf09663511f96fc81e0720a4a42581f334ad4303aa6b?s=96&d=mm&r=g\",\"caption\":\"Reda\u00e7\u00e3o\"}}]}<\/script>\n<!-- \/ Yoast SEO plugin. -->","yoast_head_json":{"title":"Preconceito atinge 3 em cada 4 pessoas com defici\u00eancia - Notibras","robots":{"index":"index","follow":"follow","max-snippet":"max-snippet:-1","max-image-preview":"max-image-preview:large","max-video-preview":"max-video-preview:-1"},"canonical":"https:\/\/www.notibras.com\/site\/preconceito-atinge-3-em-cada-4-pessoas-com-deficiencia\/","og_locale":"pt_BR","og_type":"article","og_title":"Preconceito atinge 3 em cada 4 pessoas com defici\u00eancia - Notibras","og_description":"Pesquisa mostrou que 77% das pessoas com defici\u00eancia (PCDs) j\u00e1 passaram por pelo menos uma situa\u00e7\u00e3o de preconceito durante seus deslocamentos pela cidade. Oitenta e seis por cento dos entrevistados tamb\u00e9m afirmaram ter algum medo relacionado \u00e0 seguran\u00e7a, como ser furtado ou assaltado, ser agredido fisicamente ou sofrer um acidente de tr\u00e2nsito ao se deslocarem. [&hellip;]","og_url":"https:\/\/www.notibras.com\/site\/preconceito-atinge-3-em-cada-4-pessoas-com-deficiencia\/","og_site_name":"Notibras","article_publisher":"https:\/\/www.facebook.com\/notibras\/","article_published_time":"2023-05-02T11:40:11+00:00","article_modified_time":"2023-05-02T12:53:47+00:00","og_image":[{"width":1170,"height":700,"url":"https:\/\/www.notibras.com\/site\/wp-content\/uploads\/2023\/05\/pessoa_com_deficiencia.jpg","type":"image\/jpeg"}],"author":"Reda\u00e7\u00e3o","twitter_card":"summary_large_image","twitter_creator":"@Notibras","twitter_site":"@Notibras","twitter_misc":{"Escrito por":"Reda\u00e7\u00e3o","Est. tempo de leitura":"3 minutos"},"schema":{"@context":"https:\/\/schema.org","@graph":[{"@type":"Article","@id":"https:\/\/www.notibras.com\/site\/preconceito-atinge-3-em-cada-4-pessoas-com-deficiencia\/#article","isPartOf":{"@id":"https:\/\/www.notibras.com\/site\/preconceito-atinge-3-em-cada-4-pessoas-com-deficiencia\/"},"author":{"name":"Reda\u00e7\u00e3o","@id":"https:\/\/www.notibras.com\/site\/#\/schema\/person\/36ab0979449956132d3e5b517ea76ac8"},"headline":"Preconceito atinge 3 em cada 4 pessoas com defici\u00eancia","datePublished":"2023-05-02T11:40:11+00:00","dateModified":"2023-05-02T12:53:47+00:00","mainEntityOfPage":{"@id":"https:\/\/www.notibras.com\/site\/preconceito-atinge-3-em-cada-4-pessoas-com-deficiencia\/"},"wordCount":478,"publisher":{"@id":"https:\/\/www.notibras.com\/site\/#organization"},"image":{"@id":"https:\/\/www.notibras.com\/site\/preconceito-atinge-3-em-cada-4-pessoas-com-deficiencia\/#primaryimage"},"thumbnailUrl":"https:\/\/www.notibras.com\/site\/wp-content\/uploads\/2023\/05\/pessoa_com_deficiencia.jpg","keywords":["capa"],"articleSection":["Quadradinho em Foco"],"inLanguage":"pt-BR"},{"@type":"WebPage","@id":"https:\/\/www.notibras.com\/site\/preconceito-atinge-3-em-cada-4-pessoas-com-deficiencia\/","url":"https:\/\/www.notibras.com\/site\/preconceito-atinge-3-em-cada-4-pessoas-com-deficiencia\/","name":"Preconceito atinge 3 em cada 4 pessoas com defici\u00eancia - Notibras","isPartOf":{"@id":"https:\/\/www.notibras.com\/site\/#website"},"primaryImageOfPage":{"@id":"https:\/\/www.notibras.com\/site\/preconceito-atinge-3-em-cada-4-pessoas-com-deficiencia\/#primaryimage"},"image":{"@id":"https:\/\/www.notibras.com\/site\/preconceito-atinge-3-em-cada-4-pessoas-com-deficiencia\/#primaryimage"},"thumbnailUrl":"https:\/\/www.notibras.com\/site\/wp-content\/uploads\/2023\/05\/pessoa_com_deficiencia.jpg","datePublished":"2023-05-02T11:40:11+00:00","dateModified":"2023-05-02T12:53:47+00:00","breadcrumb":{"@id":"https:\/\/www.notibras.com\/site\/preconceito-atinge-3-em-cada-4-pessoas-com-deficiencia\/#breadcrumb"},"inLanguage":"pt-BR","potentialAction":[{"@type":"ReadAction","target":["https:\/\/www.notibras.com\/site\/preconceito-atinge-3-em-cada-4-pessoas-com-deficiencia\/"]}]},{"@type":"ImageObject","inLanguage":"pt-BR","@id":"https:\/\/www.notibras.com\/site\/preconceito-atinge-3-em-cada-4-pessoas-com-deficiencia\/#primaryimage","url":"https:\/\/www.notibras.com\/site\/wp-content\/uploads\/2023\/05\/pessoa_com_deficiencia.jpg","contentUrl":"https:\/\/www.notibras.com\/site\/wp-content\/uploads\/2023\/05\/pessoa_com_deficiencia.jpg","width":1170,"height":700},{"@type":"BreadcrumbList","@id":"https:\/\/www.notibras.com\/site\/preconceito-atinge-3-em-cada-4-pessoas-com-deficiencia\/#breadcrumb","itemListElement":[{"@type":"ListItem","position":1,"name":"In\u00edcio","item":"https:\/\/www.notibras.com\/site\/"},{"@type":"ListItem","position":2,"name":"Preconceito atinge 3 em cada 4 pessoas com defici\u00eancia"}]},{"@type":"WebSite","@id":"https:\/\/www.notibras.com\/site\/#website","url":"https:\/\/www.notibras.com\/site\/","name":"Notibras","description":"Not\u00edcias de Bras\u00edlia, do Brasil e do Mundo","publisher":{"@id":"https:\/\/www.notibras.com\/site\/#organization"},"potentialAction":[{"@type":"SearchAction","target":{"@type":"EntryPoint","urlTemplate":"https:\/\/www.notibras.com\/site\/?s={search_term_string}"},"query-input":{"@type":"PropertyValueSpecification","valueRequired":true,"valueName":"search_term_string"}}],"inLanguage":"pt-BR"},{"@type":"Organization","@id":"https:\/\/www.notibras.com\/site\/#organization","name":"Grupo Notibras de Comunica\u00e7\u00e3o","url":"https:\/\/www.notibras.com\/site\/","logo":{"@type":"ImageObject","inLanguage":"pt-BR","@id":"https:\/\/www.notibras.com\/site\/#\/schema\/logo\/image\/","url":"https:\/\/www.notibras.com\/site\/wp-content\/uploads\/2023\/01\/notibras23.png","contentUrl":"https:\/\/www.notibras.com\/site\/wp-content\/uploads\/2023\/01\/notibras23.png","width":350,"height":87,"caption":"Grupo Notibras de Comunica\u00e7\u00e3o"},"image":{"@id":"https:\/\/www.notibras.com\/site\/#\/schema\/logo\/image\/"},"sameAs":["https:\/\/www.facebook.com\/notibras\/","https:\/\/x.com\/Notibras","https:\/\/www.instagram.com\/notibras\/"]},{"@type":"Person","@id":"https:\/\/www.notibras.com\/site\/#\/schema\/person\/36ab0979449956132d3e5b517ea76ac8","name":"Reda\u00e7\u00e3o","image":{"@type":"ImageObject","inLanguage":"pt-BR","@id":"https:\/\/secure.gravatar.com\/avatar\/e0a867bdedb85fd243eadf09663511f96fc81e0720a4a42581f334ad4303aa6b?s=96&d=mm&r=g","url":"https:\/\/secure.gravatar.com\/avatar\/e0a867bdedb85fd243eadf09663511f96fc81e0720a4a42581f334ad4303aa6b?s=96&d=mm&r=g","contentUrl":"https:\/\/secure.gravatar.com\/avatar\/e0a867bdedb85fd243eadf09663511f96fc81e0720a4a42581f334ad4303aa6b?s=96&d=mm&r=g","caption":"Reda\u00e7\u00e3o"}}]}},"amp_enabled":true,"_links":{"self":[{"href":"https:\/\/www.notibras.com\/site\/wp-json\/wp\/v2\/posts\/303997","targetHints":{"allow":["GET"]}}],"collection":[{"href":"https:\/\/www.notibras.com\/site\/wp-json\/wp\/v2\/posts"}],"about":[{"href":"https:\/\/www.notibras.com\/site\/wp-json\/wp\/v2\/types\/post"}],"author":[{"embeddable":true,"href":"https:\/\/www.notibras.com\/site\/wp-json\/wp\/v2\/users\/2"}],"replies":[{"embeddable":true,"href":"https:\/\/www.notibras.com\/site\/wp-json\/wp\/v2\/comments?post=303997"}],"version-history":[{"count":1,"href":"https:\/\/www.notibras.com\/site\/wp-json\/wp\/v2\/posts\/303997\/revisions"}],"predecessor-version":[{"id":303999,"href":"https:\/\/www.notibras.com\/site\/wp-json\/wp\/v2\/posts\/303997\/revisions\/303999"}],"wp:featuredmedia":[{"embeddable":true,"href":"https:\/\/www.notibras.com\/site\/wp-json\/wp\/v2\/media\/303998"}],"wp:attachment":[{"href":"https:\/\/www.notibras.com\/site\/wp-json\/wp\/v2\/media?parent=303997"}],"wp:term":[{"taxonomy":"category","embeddable":true,"href":"https:\/\/www.notibras.com\/site\/wp-json\/wp\/v2\/categories?post=303997"},{"taxonomy":"post_tag","embeddable":true,"href":"https:\/\/www.notibras.com\/site\/wp-json\/wp\/v2\/tags?post=303997"}],"curies":[{"name":"wp","href":"https:\/\/api.w.org\/{rel}","templated":true}]}}