{"id":304001,"date":"2023-05-02T11:00:36","date_gmt":"2023-05-02T14:00:36","guid":{"rendered":"https:\/\/www.notibras.com\/site\/?p=304001"},"modified":"2023-05-02T11:04:09","modified_gmt":"2023-05-02T14:04:09","slug":"terraco-tera-louca-portuguesa-e-sorteio-de-carro-zero-quilometro","status":"publish","type":"post","link":"https:\/\/www.notibras.com\/site\/terraco-tera-louca-portuguesa-e-sorteio-de-carro-zero-quilometro\/","title":{"rendered":"Terra\u00e7o ter\u00e1 lou\u00e7a portuguesa e sorteio de carro zero quil\u00f4metro"},"content":{"rendered":"<p>O Terra\u00e7o Shopping buscou inspira\u00e7\u00e3o nas lindas decora\u00e7\u00f5es portuguesas para trazer aos clientes um brinde encantador. O Shopping quer celebrar o Dia das M\u00e3es com as fam\u00edlias levando beleza para os lares com um conjunto de pratos decorados da linha Gourmet Oxford.<\/p>\n<p>Para participar da promo\u00e7\u00e3o dos brindes, basta cadastrar R$500 em compras no aplicativo Wynk e retirar na hora o belo conjunto gourmet, com dois pratos rasos ao estilo das lou\u00e7as portuguesas, com seus arabescos inconfund\u00edveis. O brinde \u00e9 v\u00e1lido de 2 a 18 de maio, ou enquanto durarem os estoques, e \u00e9 limitado a uma unidade por CPF.<\/p>\n<p>E como para muitos esta \u00e9 uma das datas mais especiais do ano, os clientes tamb\u00e9m poder\u00e3o concorrer ao sorteio de um autom\u00f3vel zero quil\u00f4metro. A cada R$ 200 em compras, o cliente poder\u00e1 trocar virtualmente suas notas fiscais no aplicativo por cupons, para concorrer a um Fiat Pulse. O sorteio ser\u00e1 no dia 17 de junho, a partir das 19h, pela Loteria Federal.<\/p>\n<p><strong>Confira o regulamento no site do Terra\u00e7o Shopping\u00a0<\/strong><\/p>\n<p>Promo\u00e7\u00e3o Dia das M\u00e3es<br \/>\nPr\u00eamio: 01 (um) autom\u00f3vel Fiat Pulse 0km.<br \/>\nPer\u00edodo da Promo\u00e7\u00e3o: 02\/05\/2023 a 16\/06\/2023.<br \/>\nSorteio: 17\/06\/2022, a partir das 19h pela Loteria Federal.<br \/>\nMec\u00e2nica: A cada R$ 200,00 trocar notas fiscais para concorrer.<\/p>\n<p><strong>Sobre o Terra\u00e7o Shopping<\/strong><br \/>\nO Terra\u00e7o Shopping \u00e9 um empreendimento das Organiza\u00e7\u00f5es PaulOOctavio, inaugurado em novembro de 1999. Com seu estilo \u00fanico de open mall, o shopping proporciona um ambiente agrad\u00e1vel, com vista para o lindo c\u00e9u de Bras\u00edlia. O empreendimento possui 160 lojas, 15 opera\u00e7\u00f5es na pra\u00e7a de alimenta\u00e7\u00e3o e 10 restaurantes no Gourmet Center, al\u00e9m de duas torres com 270 salas comerciais e um amplo estacionamento.<\/p>\n","protected":false},"excerpt":{"rendered":"<p>O Terra\u00e7o Shopping buscou inspira\u00e7\u00e3o nas lindas decora\u00e7\u00f5es portuguesas para trazer aos clientes um brinde encantador. O Shopping quer celebrar o Dia das M\u00e3es com as fam\u00edlias levando beleza para os lares com um conjunto de pratos decorados da linha Gourmet Oxford. Para participar da promo\u00e7\u00e3o dos brindes, basta cadastrar R$500 em compras no aplicativo [&hellip;]<\/p>\n","protected":false},"author":2,"featured_media":304002,"comment_status":"closed","ping_status":"closed","sticky":false,"template":"","format":"standard","meta":{"_acf_changed":false,"footnotes":""},"categories":[161],"tags":[],"class_list":["post-304001","post","type-post","status-publish","format-standard","has-post-thumbnail","hentry","category-quadradinho-em-foco"],"acf":[],"yoast_head":"<!-- This site is optimized with the Yoast SEO plugin v27.2 - https:\/\/yoast.com\/product\/yoast-seo-wordpress\/ -->\n<title>Terra\u00e7o ter\u00e1 lou\u00e7a portuguesa e sorteio de carro zero quil\u00f4metro - Notibras<\/title>\n<meta name=\"robots\" content=\"index, follow, max-snippet:-1, max-image-preview:large, max-video-preview:-1\" \/>\n<link rel=\"canonical\" href=\"https:\/\/www.notibras.com\/site\/terraco-tera-louca-portuguesa-e-sorteio-de-carro-zero-quilometro\/\" \/>\n<meta property=\"og:locale\" content=\"pt_BR\" \/>\n<meta property=\"og:type\" content=\"article\" \/>\n<meta property=\"og:title\" content=\"Terra\u00e7o ter\u00e1 lou\u00e7a portuguesa e sorteio de carro zero quil\u00f4metro - Notibras\" \/>\n<meta property=\"og:description\" content=\"O Terra\u00e7o Shopping buscou inspira\u00e7\u00e3o nas lindas decora\u00e7\u00f5es portuguesas para trazer aos clientes um brinde encantador. O Shopping quer celebrar o Dia das M\u00e3es com as fam\u00edlias levando beleza para os lares com um conjunto de pratos decorados da linha Gourmet Oxford. Para participar da promo\u00e7\u00e3o dos brindes, basta cadastrar R$500 em compras no aplicativo [&hellip;]\" \/>\n<meta property=\"og:url\" content=\"https:\/\/www.notibras.com\/site\/terraco-tera-louca-portuguesa-e-sorteio-de-carro-zero-quilometro\/\" \/>\n<meta property=\"og:site_name\" content=\"Notibras\" \/>\n<meta property=\"article:publisher\" content=\"https:\/\/www.facebook.com\/notibras\/\" \/>\n<meta property=\"article:published_time\" content=\"2023-05-02T14:00:36+00:00\" \/>\n<meta property=\"article:modified_time\" content=\"2023-05-02T14:04:09+00:00\" \/>\n<meta property=\"og:image\" content=\"https:\/\/www.notibras.com\/site\/wp-content\/uploads\/2023\/05\/louca.png\" \/>\n\t<meta property=\"og:image:width\" content=\"1225\" \/>\n\t<meta property=\"og:image:height\" content=\"1225\" \/>\n\t<meta property=\"og:image:type\" content=\"image\/png\" \/>\n<meta name=\"author\" content=\"Reda\u00e7\u00e3o\" \/>\n<meta name=\"twitter:card\" content=\"summary_large_image\" \/>\n<meta name=\"twitter:creator\" content=\"@Notibras\" \/>\n<meta name=\"twitter:site\" content=\"@Notibras\" \/>\n<meta name=\"twitter:label1\" content=\"Escrito por\" \/>\n\t<meta name=\"twitter:data1\" content=\"Reda\u00e7\u00e3o\" \/>\n\t<meta name=\"twitter:label2\" content=\"Est. tempo de leitura\" \/>\n\t<meta name=\"twitter:data2\" content=\"2 minutos\" \/>\n<script type=\"application\/ld+json\" class=\"yoast-schema-graph\">{\"@context\":\"https:\/\/schema.org\",\"@graph\":[{\"@type\":\"Article\",\"@id\":\"https:\/\/www.notibras.com\/site\/terraco-tera-louca-portuguesa-e-sorteio-de-carro-zero-quilometro\/#article\",\"isPartOf\":{\"@id\":\"https:\/\/www.notibras.com\/site\/terraco-tera-louca-portuguesa-e-sorteio-de-carro-zero-quilometro\/\"},\"author\":{\"name\":\"Reda\u00e7\u00e3o\",\"@id\":\"https:\/\/www.notibras.com\/site\/#\/schema\/person\/36ab0979449956132d3e5b517ea76ac8\"},\"headline\":\"Terra\u00e7o ter\u00e1 lou\u00e7a portuguesa e sorteio de carro zero quil\u00f4metro\",\"datePublished\":\"2023-05-02T14:00:36+00:00\",\"dateModified\":\"2023-05-02T14:04:09+00:00\",\"mainEntityOfPage\":{\"@id\":\"https:\/\/www.notibras.com\/site\/terraco-tera-louca-portuguesa-e-sorteio-de-carro-zero-quilometro\/\"},\"wordCount\":302,\"publisher\":{\"@id\":\"https:\/\/www.notibras.com\/site\/#organization\"},\"image\":{\"@id\":\"https:\/\/www.notibras.com\/site\/terraco-tera-louca-portuguesa-e-sorteio-de-carro-zero-quilometro\/#primaryimage\"},\"thumbnailUrl\":\"https:\/\/www.notibras.com\/site\/wp-content\/uploads\/2023\/05\/louca.png\",\"articleSection\":[\"Quadradinho em Foco\"],\"inLanguage\":\"pt-BR\"},{\"@type\":\"WebPage\",\"@id\":\"https:\/\/www.notibras.com\/site\/terraco-tera-louca-portuguesa-e-sorteio-de-carro-zero-quilometro\/\",\"url\":\"https:\/\/www.notibras.com\/site\/terraco-tera-louca-portuguesa-e-sorteio-de-carro-zero-quilometro\/\",\"name\":\"Terra\u00e7o ter\u00e1 lou\u00e7a portuguesa e sorteio de carro zero quil\u00f4metro - Notibras\",\"isPartOf\":{\"@id\":\"https:\/\/www.notibras.com\/site\/#website\"},\"primaryImageOfPage\":{\"@id\":\"https:\/\/www.notibras.com\/site\/terraco-tera-louca-portuguesa-e-sorteio-de-carro-zero-quilometro\/#primaryimage\"},\"image\":{\"@id\":\"https:\/\/www.notibras.com\/site\/terraco-tera-louca-portuguesa-e-sorteio-de-carro-zero-quilometro\/#primaryimage\"},\"thumbnailUrl\":\"https:\/\/www.notibras.com\/site\/wp-content\/uploads\/2023\/05\/louca.png\",\"datePublished\":\"2023-05-02T14:00:36+00:00\",\"dateModified\":\"2023-05-02T14:04:09+00:00\",\"breadcrumb\":{\"@id\":\"https:\/\/www.notibras.com\/site\/terraco-tera-louca-portuguesa-e-sorteio-de-carro-zero-quilometro\/#breadcrumb\"},\"inLanguage\":\"pt-BR\",\"potentialAction\":[{\"@type\":\"ReadAction\",\"target\":[\"https:\/\/www.notibras.com\/site\/terraco-tera-louca-portuguesa-e-sorteio-de-carro-zero-quilometro\/\"]}]},{\"@type\":\"ImageObject\",\"inLanguage\":\"pt-BR\",\"@id\":\"https:\/\/www.notibras.com\/site\/terraco-tera-louca-portuguesa-e-sorteio-de-carro-zero-quilometro\/#primaryimage\",\"url\":\"https:\/\/www.notibras.com\/site\/wp-content\/uploads\/2023\/05\/louca.png\",\"contentUrl\":\"https:\/\/www.notibras.com\/site\/wp-content\/uploads\/2023\/05\/louca.png\",\"width\":1225,\"height\":1225},{\"@type\":\"BreadcrumbList\",\"@id\":\"https:\/\/www.notibras.com\/site\/terraco-tera-louca-portuguesa-e-sorteio-de-carro-zero-quilometro\/#breadcrumb\",\"itemListElement\":[{\"@type\":\"ListItem\",\"position\":1,\"name\":\"In\u00edcio\",\"item\":\"https:\/\/www.notibras.com\/site\/\"},{\"@type\":\"ListItem\",\"position\":2,\"name\":\"Terra\u00e7o ter\u00e1 lou\u00e7a portuguesa e sorteio de carro zero quil\u00f4metro\"}]},{\"@type\":\"WebSite\",\"@id\":\"https:\/\/www.notibras.com\/site\/#website\",\"url\":\"https:\/\/www.notibras.com\/site\/\",\"name\":\"Notibras\",\"description\":\"Not\u00edcias de Bras\u00edlia, do Brasil e do Mundo\",\"publisher\":{\"@id\":\"https:\/\/www.notibras.com\/site\/#organization\"},\"potentialAction\":[{\"@type\":\"SearchAction\",\"target\":{\"@type\":\"EntryPoint\",\"urlTemplate\":\"https:\/\/www.notibras.com\/site\/?s={search_term_string}\"},\"query-input\":{\"@type\":\"PropertyValueSpecification\",\"valueRequired\":true,\"valueName\":\"search_term_string\"}}],\"inLanguage\":\"pt-BR\"},{\"@type\":\"Organization\",\"@id\":\"https:\/\/www.notibras.com\/site\/#organization\",\"name\":\"Grupo Notibras de Comunica\u00e7\u00e3o\",\"url\":\"https:\/\/www.notibras.com\/site\/\",\"logo\":{\"@type\":\"ImageObject\",\"inLanguage\":\"pt-BR\",\"@id\":\"https:\/\/www.notibras.com\/site\/#\/schema\/logo\/image\/\",\"url\":\"https:\/\/www.notibras.com\/site\/wp-content\/uploads\/2023\/01\/notibras23.png\",\"contentUrl\":\"https:\/\/www.notibras.com\/site\/wp-content\/uploads\/2023\/01\/notibras23.png\",\"width\":350,\"height\":87,\"caption\":\"Grupo Notibras de Comunica\u00e7\u00e3o\"},\"image\":{\"@id\":\"https:\/\/www.notibras.com\/site\/#\/schema\/logo\/image\/\"},\"sameAs\":[\"https:\/\/www.facebook.com\/notibras\/\",\"https:\/\/x.com\/Notibras\",\"https:\/\/www.instagram.com\/notibras\/\"]},{\"@type\":\"Person\",\"@id\":\"https:\/\/www.notibras.com\/site\/#\/schema\/person\/36ab0979449956132d3e5b517ea76ac8\",\"name\":\"Reda\u00e7\u00e3o\",\"image\":{\"@type\":\"ImageObject\",\"inLanguage\":\"pt-BR\",\"@id\":\"https:\/\/secure.gravatar.com\/avatar\/e0a867bdedb85fd243eadf09663511f96fc81e0720a4a42581f334ad4303aa6b?s=96&d=mm&r=g\",\"url\":\"https:\/\/secure.gravatar.com\/avatar\/e0a867bdedb85fd243eadf09663511f96fc81e0720a4a42581f334ad4303aa6b?s=96&d=mm&r=g\",\"contentUrl\":\"https:\/\/secure.gravatar.com\/avatar\/e0a867bdedb85fd243eadf09663511f96fc81e0720a4a42581f334ad4303aa6b?s=96&d=mm&r=g\",\"caption\":\"Reda\u00e7\u00e3o\"}}]}<\/script>\n<!-- \/ Yoast SEO plugin. -->","yoast_head_json":{"title":"Terra\u00e7o ter\u00e1 lou\u00e7a portuguesa e sorteio de carro zero quil\u00f4metro - Notibras","robots":{"index":"index","follow":"follow","max-snippet":"max-snippet:-1","max-image-preview":"max-image-preview:large","max-video-preview":"max-video-preview:-1"},"canonical":"https:\/\/www.notibras.com\/site\/terraco-tera-louca-portuguesa-e-sorteio-de-carro-zero-quilometro\/","og_locale":"pt_BR","og_type":"article","og_title":"Terra\u00e7o ter\u00e1 lou\u00e7a portuguesa e sorteio de carro zero quil\u00f4metro - Notibras","og_description":"O Terra\u00e7o Shopping buscou inspira\u00e7\u00e3o nas lindas decora\u00e7\u00f5es portuguesas para trazer aos clientes um brinde encantador. O Shopping quer celebrar o Dia das M\u00e3es com as fam\u00edlias levando beleza para os lares com um conjunto de pratos decorados da linha Gourmet Oxford. Para participar da promo\u00e7\u00e3o dos brindes, basta cadastrar R$500 em compras no aplicativo [&hellip;]","og_url":"https:\/\/www.notibras.com\/site\/terraco-tera-louca-portuguesa-e-sorteio-de-carro-zero-quilometro\/","og_site_name":"Notibras","article_publisher":"https:\/\/www.facebook.com\/notibras\/","article_published_time":"2023-05-02T14:00:36+00:00","article_modified_time":"2023-05-02T14:04:09+00:00","og_image":[{"width":1225,"height":1225,"url":"https:\/\/www.notibras.com\/site\/wp-content\/uploads\/2023\/05\/louca.png","type":"image\/png"}],"author":"Reda\u00e7\u00e3o","twitter_card":"summary_large_image","twitter_creator":"@Notibras","twitter_site":"@Notibras","twitter_misc":{"Escrito por":"Reda\u00e7\u00e3o","Est. tempo de leitura":"2 minutos"},"schema":{"@context":"https:\/\/schema.org","@graph":[{"@type":"Article","@id":"https:\/\/www.notibras.com\/site\/terraco-tera-louca-portuguesa-e-sorteio-de-carro-zero-quilometro\/#article","isPartOf":{"@id":"https:\/\/www.notibras.com\/site\/terraco-tera-louca-portuguesa-e-sorteio-de-carro-zero-quilometro\/"},"author":{"name":"Reda\u00e7\u00e3o","@id":"https:\/\/www.notibras.com\/site\/#\/schema\/person\/36ab0979449956132d3e5b517ea76ac8"},"headline":"Terra\u00e7o ter\u00e1 lou\u00e7a portuguesa e sorteio de carro zero quil\u00f4metro","datePublished":"2023-05-02T14:00:36+00:00","dateModified":"2023-05-02T14:04:09+00:00","mainEntityOfPage":{"@id":"https:\/\/www.notibras.com\/site\/terraco-tera-louca-portuguesa-e-sorteio-de-carro-zero-quilometro\/"},"wordCount":302,"publisher":{"@id":"https:\/\/www.notibras.com\/site\/#organization"},"image":{"@id":"https:\/\/www.notibras.com\/site\/terraco-tera-louca-portuguesa-e-sorteio-de-carro-zero-quilometro\/#primaryimage"},"thumbnailUrl":"https:\/\/www.notibras.com\/site\/wp-content\/uploads\/2023\/05\/louca.png","articleSection":["Quadradinho em Foco"],"inLanguage":"pt-BR"},{"@type":"WebPage","@id":"https:\/\/www.notibras.com\/site\/terraco-tera-louca-portuguesa-e-sorteio-de-carro-zero-quilometro\/","url":"https:\/\/www.notibras.com\/site\/terraco-tera-louca-portuguesa-e-sorteio-de-carro-zero-quilometro\/","name":"Terra\u00e7o ter\u00e1 lou\u00e7a portuguesa e sorteio de carro zero quil\u00f4metro - Notibras","isPartOf":{"@id":"https:\/\/www.notibras.com\/site\/#website"},"primaryImageOfPage":{"@id":"https:\/\/www.notibras.com\/site\/terraco-tera-louca-portuguesa-e-sorteio-de-carro-zero-quilometro\/#primaryimage"},"image":{"@id":"https:\/\/www.notibras.com\/site\/terraco-tera-louca-portuguesa-e-sorteio-de-carro-zero-quilometro\/#primaryimage"},"thumbnailUrl":"https:\/\/www.notibras.com\/site\/wp-content\/uploads\/2023\/05\/louca.png","datePublished":"2023-05-02T14:00:36+00:00","dateModified":"2023-05-02T14:04:09+00:00","breadcrumb":{"@id":"https:\/\/www.notibras.com\/site\/terraco-tera-louca-portuguesa-e-sorteio-de-carro-zero-quilometro\/#breadcrumb"},"inLanguage":"pt-BR","potentialAction":[{"@type":"ReadAction","target":["https:\/\/www.notibras.com\/site\/terraco-tera-louca-portuguesa-e-sorteio-de-carro-zero-quilometro\/"]}]},{"@type":"ImageObject","inLanguage":"pt-BR","@id":"https:\/\/www.notibras.com\/site\/terraco-tera-louca-portuguesa-e-sorteio-de-carro-zero-quilometro\/#primaryimage","url":"https:\/\/www.notibras.com\/site\/wp-content\/uploads\/2023\/05\/louca.png","contentUrl":"https:\/\/www.notibras.com\/site\/wp-content\/uploads\/2023\/05\/louca.png","width":1225,"height":1225},{"@type":"BreadcrumbList","@id":"https:\/\/www.notibras.com\/site\/terraco-tera-louca-portuguesa-e-sorteio-de-carro-zero-quilometro\/#breadcrumb","itemListElement":[{"@type":"ListItem","position":1,"name":"In\u00edcio","item":"https:\/\/www.notibras.com\/site\/"},{"@type":"ListItem","position":2,"name":"Terra\u00e7o ter\u00e1 lou\u00e7a portuguesa e sorteio de carro zero quil\u00f4metro"}]},{"@type":"WebSite","@id":"https:\/\/www.notibras.com\/site\/#website","url":"https:\/\/www.notibras.com\/site\/","name":"Notibras","description":"Not\u00edcias de Bras\u00edlia, do Brasil e do Mundo","publisher":{"@id":"https:\/\/www.notibras.com\/site\/#organization"},"potentialAction":[{"@type":"SearchAction","target":{"@type":"EntryPoint","urlTemplate":"https:\/\/www.notibras.com\/site\/?s={search_term_string}"},"query-input":{"@type":"PropertyValueSpecification","valueRequired":true,"valueName":"search_term_string"}}],"inLanguage":"pt-BR"},{"@type":"Organization","@id":"https:\/\/www.notibras.com\/site\/#organization","name":"Grupo Notibras de Comunica\u00e7\u00e3o","url":"https:\/\/www.notibras.com\/site\/","logo":{"@type":"ImageObject","inLanguage":"pt-BR","@id":"https:\/\/www.notibras.com\/site\/#\/schema\/logo\/image\/","url":"https:\/\/www.notibras.com\/site\/wp-content\/uploads\/2023\/01\/notibras23.png","contentUrl":"https:\/\/www.notibras.com\/site\/wp-content\/uploads\/2023\/01\/notibras23.png","width":350,"height":87,"caption":"Grupo Notibras de Comunica\u00e7\u00e3o"},"image":{"@id":"https:\/\/www.notibras.com\/site\/#\/schema\/logo\/image\/"},"sameAs":["https:\/\/www.facebook.com\/notibras\/","https:\/\/x.com\/Notibras","https:\/\/www.instagram.com\/notibras\/"]},{"@type":"Person","@id":"https:\/\/www.notibras.com\/site\/#\/schema\/person\/36ab0979449956132d3e5b517ea76ac8","name":"Reda\u00e7\u00e3o","image":{"@type":"ImageObject","inLanguage":"pt-BR","@id":"https:\/\/secure.gravatar.com\/avatar\/e0a867bdedb85fd243eadf09663511f96fc81e0720a4a42581f334ad4303aa6b?s=96&d=mm&r=g","url":"https:\/\/secure.gravatar.com\/avatar\/e0a867bdedb85fd243eadf09663511f96fc81e0720a4a42581f334ad4303aa6b?s=96&d=mm&r=g","contentUrl":"https:\/\/secure.gravatar.com\/avatar\/e0a867bdedb85fd243eadf09663511f96fc81e0720a4a42581f334ad4303aa6b?s=96&d=mm&r=g","caption":"Reda\u00e7\u00e3o"}}]}},"amp_enabled":true,"_links":{"self":[{"href":"https:\/\/www.notibras.com\/site\/wp-json\/wp\/v2\/posts\/304001","targetHints":{"allow":["GET"]}}],"collection":[{"href":"https:\/\/www.notibras.com\/site\/wp-json\/wp\/v2\/posts"}],"about":[{"href":"https:\/\/www.notibras.com\/site\/wp-json\/wp\/v2\/types\/post"}],"author":[{"embeddable":true,"href":"https:\/\/www.notibras.com\/site\/wp-json\/wp\/v2\/users\/2"}],"replies":[{"embeddable":true,"href":"https:\/\/www.notibras.com\/site\/wp-json\/wp\/v2\/comments?post=304001"}],"version-history":[{"count":2,"href":"https:\/\/www.notibras.com\/site\/wp-json\/wp\/v2\/posts\/304001\/revisions"}],"predecessor-version":[{"id":304004,"href":"https:\/\/www.notibras.com\/site\/wp-json\/wp\/v2\/posts\/304001\/revisions\/304004"}],"wp:featuredmedia":[{"embeddable":true,"href":"https:\/\/www.notibras.com\/site\/wp-json\/wp\/v2\/media\/304002"}],"wp:attachment":[{"href":"https:\/\/www.notibras.com\/site\/wp-json\/wp\/v2\/media?parent=304001"}],"wp:term":[{"taxonomy":"category","embeddable":true,"href":"https:\/\/www.notibras.com\/site\/wp-json\/wp\/v2\/categories?post=304001"},{"taxonomy":"post_tag","embeddable":true,"href":"https:\/\/www.notibras.com\/site\/wp-json\/wp\/v2\/tags?post=304001"}],"curies":[{"name":"wp","href":"https:\/\/api.w.org\/{rel}","templated":true}]}}