{"id":304011,"date":"2023-05-02T19:45:35","date_gmt":"2023-05-02T22:45:35","guid":{"rendered":"https:\/\/www.notibras.com\/site\/?p=304011"},"modified":"2023-05-02T19:46:46","modified_gmt":"2023-05-02T22:46:46","slug":"paulooctavio-homenageia-arquiteto-pioneiro-no-df","status":"publish","type":"post","link":"https:\/\/www.notibras.com\/site\/paulooctavio-homenageia-arquiteto-pioneiro-no-df\/","title":{"rendered":"PaulOOctavio homenageia arquiteto pioneiro no DF"},"content":{"rendered":"<p>A PaulOOctavio escolheu o nome do arquiteto Geraldo Estrela para o seu mais novo residencial, que ser\u00e1 erguido na 113 Norte. O projeto do edif\u00edcio foi criado pelo filho do homenageado, o arquiteto Eduardo Estrela, que buscou nas ra\u00edzes de Bras\u00edlia a inspira\u00e7\u00e3o para a obra. O pr\u00e9dio ter\u00e1, ainda, uma obra de arte do brasiliense Wilson Rom\u00e3o em sua \u00e1rea comum.<\/p>\n<p>Para o empres\u00e1rio Paulo Oct\u00e1vio, a homenagem a Geraldo Estrela \u00e9 just\u00edssima. \u201cEle \u00e9 um pioneiro de Bras\u00edlia, que ajudou a consolidar a cidade na arquitetura, na vida pessoal, na vida familiar e no envolvimento com as quest\u00f5es sociais da cidade. A Asa Norte ter\u00e1 um pr\u00e9dio \u00e0 altura da import\u00e2ncia da fam\u00edlia Estrela\u201d, comentou.<\/p>\n<p>Com previs\u00e3o de entrega em 36 meses, Paulo Oct\u00e1vio acredita que a inaugura\u00e7\u00e3o pode marcar o anivers\u00e1rio de 66 anos da capital. &#8220;J\u00e1 estamos come\u00e7ando as obras. Nossa vontade \u00e9 que, em 21 de abril de 2026, estejamos aqui com o Geraldo, inaugurando o residencial. \u00c9 um pr\u00e9dio bem localizado, em \u00e1rea tombada e que vai deixar para a eternidade o nome de um arquiteto que tem um legado \u00fanico\u201d, completou.<\/p>\n<p>Emocionado, Geraldo Estrela agradeceu a homenagem e destacou a trajet\u00f3ria de Paulo Oct\u00e1vio desde o come\u00e7o da sua carreira no setor imobili\u00e1rio e da constru\u00e7\u00e3o civil. \u201cConheci o Paulo no Edif\u00edcio Mariana, no come\u00e7o de sua carreira no setor. O mais bonito \u00e9 que ele continua contribuindo para a sociedade, nunca saiu de Bras\u00edlia, enfrentando todas as dificuldades do mercado. \u00c9 isso que o pessoal precisa enxergar\u201d, completou.<\/p>\n<p>O Residencial Geraldo Estrela ter\u00e1 48 unidades, seis delas coberturas duplex, com metragens entre 162m\u00b2 e 335m\u00b2 e plantas flex\u00edveis. Todas ter\u00e3o 4 quartos, podendo ter 2 su\u00edtes e 2 semissu\u00edtes, com espa\u00e7os amplos. As coberturas duplex ter\u00e3o piscina privativa, terra\u00e7o contemplativo, sala de lazer e terra\u00e7o gourmet. O projeto permite ainda a integra\u00e7\u00e3o dos ambientes, al\u00e9m de ilumina\u00e7\u00e3o e ventila\u00e7\u00e3o natural, com brises de alum\u00ednio que imitam madeira envolvendo a fachada posterior, o que dar\u00e1 mais privacidade aos apartamentos.<\/p>\n","protected":false},"excerpt":{"rendered":"<p>A PaulOOctavio escolheu o nome do arquiteto Geraldo Estrela para o seu mais novo residencial, que ser\u00e1 erguido na 113 Norte. O projeto do edif\u00edcio foi criado pelo filho do homenageado, o arquiteto Eduardo Estrela, que buscou nas ra\u00edzes de Bras\u00edlia a inspira\u00e7\u00e3o para a obra. O pr\u00e9dio ter\u00e1, ainda, uma obra de arte do [&hellip;]<\/p>\n","protected":false},"author":2,"featured_media":304012,"comment_status":"closed","ping_status":"closed","sticky":false,"template":"","format":"standard","meta":{"_acf_changed":false,"footnotes":""},"categories":[161],"tags":[],"class_list":["post-304011","post","type-post","status-publish","format-standard","has-post-thumbnail","hentry","category-quadradinho-em-foco"],"acf":[],"yoast_head":"<!-- This site is optimized with the Yoast SEO plugin v27.2 - https:\/\/yoast.com\/product\/yoast-seo-wordpress\/ -->\n<title>PaulOOctavio homenageia arquiteto pioneiro no DF - Notibras<\/title>\n<meta name=\"robots\" content=\"index, follow, max-snippet:-1, max-image-preview:large, max-video-preview:-1\" \/>\n<link rel=\"canonical\" href=\"https:\/\/www.notibras.com\/site\/paulooctavio-homenageia-arquiteto-pioneiro-no-df\/\" \/>\n<meta property=\"og:locale\" content=\"pt_BR\" \/>\n<meta property=\"og:type\" content=\"article\" \/>\n<meta property=\"og:title\" content=\"PaulOOctavio homenageia arquiteto pioneiro no DF - Notibras\" \/>\n<meta property=\"og:description\" content=\"A PaulOOctavio escolheu o nome do arquiteto Geraldo Estrela para o seu mais novo residencial, que ser\u00e1 erguido na 113 Norte. O projeto do edif\u00edcio foi criado pelo filho do homenageado, o arquiteto Eduardo Estrela, que buscou nas ra\u00edzes de Bras\u00edlia a inspira\u00e7\u00e3o para a obra. O pr\u00e9dio ter\u00e1, ainda, uma obra de arte do [&hellip;]\" \/>\n<meta property=\"og:url\" content=\"https:\/\/www.notibras.com\/site\/paulooctavio-homenageia-arquiteto-pioneiro-no-df\/\" \/>\n<meta property=\"og:site_name\" content=\"Notibras\" \/>\n<meta property=\"article:publisher\" content=\"https:\/\/www.facebook.com\/notibras\/\" \/>\n<meta property=\"article:published_time\" content=\"2023-05-02T22:45:35+00:00\" \/>\n<meta property=\"article:modified_time\" content=\"2023-05-02T22:46:46+00:00\" \/>\n<meta property=\"og:image\" content=\"https:\/\/www.notibras.com\/site\/wp-content\/uploads\/2023\/05\/unnamed-65.jpg\" \/>\n\t<meta property=\"og:image:width\" content=\"1600\" \/>\n\t<meta property=\"og:image:height\" content=\"800\" \/>\n\t<meta property=\"og:image:type\" content=\"image\/jpeg\" \/>\n<meta name=\"author\" content=\"Reda\u00e7\u00e3o\" \/>\n<meta name=\"twitter:card\" content=\"summary_large_image\" \/>\n<meta name=\"twitter:creator\" content=\"@Notibras\" \/>\n<meta name=\"twitter:site\" content=\"@Notibras\" \/>\n<meta name=\"twitter:label1\" content=\"Escrito por\" \/>\n\t<meta name=\"twitter:data1\" content=\"Reda\u00e7\u00e3o\" \/>\n\t<meta name=\"twitter:label2\" content=\"Est. tempo de leitura\" \/>\n\t<meta name=\"twitter:data2\" content=\"2 minutos\" \/>\n<script type=\"application\/ld+json\" class=\"yoast-schema-graph\">{\"@context\":\"https:\/\/schema.org\",\"@graph\":[{\"@type\":\"Article\",\"@id\":\"https:\/\/www.notibras.com\/site\/paulooctavio-homenageia-arquiteto-pioneiro-no-df\/#article\",\"isPartOf\":{\"@id\":\"https:\/\/www.notibras.com\/site\/paulooctavio-homenageia-arquiteto-pioneiro-no-df\/\"},\"author\":{\"name\":\"Reda\u00e7\u00e3o\",\"@id\":\"https:\/\/www.notibras.com\/site\/#\/schema\/person\/36ab0979449956132d3e5b517ea76ac8\"},\"headline\":\"PaulOOctavio homenageia arquiteto pioneiro no DF\",\"datePublished\":\"2023-05-02T22:45:35+00:00\",\"dateModified\":\"2023-05-02T22:46:46+00:00\",\"mainEntityOfPage\":{\"@id\":\"https:\/\/www.notibras.com\/site\/paulooctavio-homenageia-arquiteto-pioneiro-no-df\/\"},\"wordCount\":367,\"publisher\":{\"@id\":\"https:\/\/www.notibras.com\/site\/#organization\"},\"image\":{\"@id\":\"https:\/\/www.notibras.com\/site\/paulooctavio-homenageia-arquiteto-pioneiro-no-df\/#primaryimage\"},\"thumbnailUrl\":\"https:\/\/www.notibras.com\/site\/wp-content\/uploads\/2023\/05\/unnamed-65.jpg\",\"articleSection\":[\"Quadradinho em Foco\"],\"inLanguage\":\"pt-BR\"},{\"@type\":\"WebPage\",\"@id\":\"https:\/\/www.notibras.com\/site\/paulooctavio-homenageia-arquiteto-pioneiro-no-df\/\",\"url\":\"https:\/\/www.notibras.com\/site\/paulooctavio-homenageia-arquiteto-pioneiro-no-df\/\",\"name\":\"PaulOOctavio homenageia arquiteto pioneiro no DF - Notibras\",\"isPartOf\":{\"@id\":\"https:\/\/www.notibras.com\/site\/#website\"},\"primaryImageOfPage\":{\"@id\":\"https:\/\/www.notibras.com\/site\/paulooctavio-homenageia-arquiteto-pioneiro-no-df\/#primaryimage\"},\"image\":{\"@id\":\"https:\/\/www.notibras.com\/site\/paulooctavio-homenageia-arquiteto-pioneiro-no-df\/#primaryimage\"},\"thumbnailUrl\":\"https:\/\/www.notibras.com\/site\/wp-content\/uploads\/2023\/05\/unnamed-65.jpg\",\"datePublished\":\"2023-05-02T22:45:35+00:00\",\"dateModified\":\"2023-05-02T22:46:46+00:00\",\"breadcrumb\":{\"@id\":\"https:\/\/www.notibras.com\/site\/paulooctavio-homenageia-arquiteto-pioneiro-no-df\/#breadcrumb\"},\"inLanguage\":\"pt-BR\",\"potentialAction\":[{\"@type\":\"ReadAction\",\"target\":[\"https:\/\/www.notibras.com\/site\/paulooctavio-homenageia-arquiteto-pioneiro-no-df\/\"]}]},{\"@type\":\"ImageObject\",\"inLanguage\":\"pt-BR\",\"@id\":\"https:\/\/www.notibras.com\/site\/paulooctavio-homenageia-arquiteto-pioneiro-no-df\/#primaryimage\",\"url\":\"https:\/\/www.notibras.com\/site\/wp-content\/uploads\/2023\/05\/unnamed-65.jpg\",\"contentUrl\":\"https:\/\/www.notibras.com\/site\/wp-content\/uploads\/2023\/05\/unnamed-65.jpg\",\"width\":1600,\"height\":800},{\"@type\":\"BreadcrumbList\",\"@id\":\"https:\/\/www.notibras.com\/site\/paulooctavio-homenageia-arquiteto-pioneiro-no-df\/#breadcrumb\",\"itemListElement\":[{\"@type\":\"ListItem\",\"position\":1,\"name\":\"In\u00edcio\",\"item\":\"https:\/\/www.notibras.com\/site\/\"},{\"@type\":\"ListItem\",\"position\":2,\"name\":\"PaulOOctavio homenageia arquiteto pioneiro no DF\"}]},{\"@type\":\"WebSite\",\"@id\":\"https:\/\/www.notibras.com\/site\/#website\",\"url\":\"https:\/\/www.notibras.com\/site\/\",\"name\":\"Notibras\",\"description\":\"Not\u00edcias de Bras\u00edlia, do Brasil e do Mundo\",\"publisher\":{\"@id\":\"https:\/\/www.notibras.com\/site\/#organization\"},\"potentialAction\":[{\"@type\":\"SearchAction\",\"target\":{\"@type\":\"EntryPoint\",\"urlTemplate\":\"https:\/\/www.notibras.com\/site\/?s={search_term_string}\"},\"query-input\":{\"@type\":\"PropertyValueSpecification\",\"valueRequired\":true,\"valueName\":\"search_term_string\"}}],\"inLanguage\":\"pt-BR\"},{\"@type\":\"Organization\",\"@id\":\"https:\/\/www.notibras.com\/site\/#organization\",\"name\":\"Grupo Notibras de Comunica\u00e7\u00e3o\",\"url\":\"https:\/\/www.notibras.com\/site\/\",\"logo\":{\"@type\":\"ImageObject\",\"inLanguage\":\"pt-BR\",\"@id\":\"https:\/\/www.notibras.com\/site\/#\/schema\/logo\/image\/\",\"url\":\"https:\/\/www.notibras.com\/site\/wp-content\/uploads\/2023\/01\/notibras23.png\",\"contentUrl\":\"https:\/\/www.notibras.com\/site\/wp-content\/uploads\/2023\/01\/notibras23.png\",\"width\":350,\"height\":87,\"caption\":\"Grupo Notibras de Comunica\u00e7\u00e3o\"},\"image\":{\"@id\":\"https:\/\/www.notibras.com\/site\/#\/schema\/logo\/image\/\"},\"sameAs\":[\"https:\/\/www.facebook.com\/notibras\/\",\"https:\/\/x.com\/Notibras\",\"https:\/\/www.instagram.com\/notibras\/\"]},{\"@type\":\"Person\",\"@id\":\"https:\/\/www.notibras.com\/site\/#\/schema\/person\/36ab0979449956132d3e5b517ea76ac8\",\"name\":\"Reda\u00e7\u00e3o\",\"image\":{\"@type\":\"ImageObject\",\"inLanguage\":\"pt-BR\",\"@id\":\"https:\/\/secure.gravatar.com\/avatar\/e0a867bdedb85fd243eadf09663511f96fc81e0720a4a42581f334ad4303aa6b?s=96&d=mm&r=g\",\"url\":\"https:\/\/secure.gravatar.com\/avatar\/e0a867bdedb85fd243eadf09663511f96fc81e0720a4a42581f334ad4303aa6b?s=96&d=mm&r=g\",\"contentUrl\":\"https:\/\/secure.gravatar.com\/avatar\/e0a867bdedb85fd243eadf09663511f96fc81e0720a4a42581f334ad4303aa6b?s=96&d=mm&r=g\",\"caption\":\"Reda\u00e7\u00e3o\"}}]}<\/script>\n<!-- \/ Yoast SEO plugin. -->","yoast_head_json":{"title":"PaulOOctavio homenageia arquiteto pioneiro no DF - Notibras","robots":{"index":"index","follow":"follow","max-snippet":"max-snippet:-1","max-image-preview":"max-image-preview:large","max-video-preview":"max-video-preview:-1"},"canonical":"https:\/\/www.notibras.com\/site\/paulooctavio-homenageia-arquiteto-pioneiro-no-df\/","og_locale":"pt_BR","og_type":"article","og_title":"PaulOOctavio homenageia arquiteto pioneiro no DF - Notibras","og_description":"A PaulOOctavio escolheu o nome do arquiteto Geraldo Estrela para o seu mais novo residencial, que ser\u00e1 erguido na 113 Norte. O projeto do edif\u00edcio foi criado pelo filho do homenageado, o arquiteto Eduardo Estrela, que buscou nas ra\u00edzes de Bras\u00edlia a inspira\u00e7\u00e3o para a obra. O pr\u00e9dio ter\u00e1, ainda, uma obra de arte do [&hellip;]","og_url":"https:\/\/www.notibras.com\/site\/paulooctavio-homenageia-arquiteto-pioneiro-no-df\/","og_site_name":"Notibras","article_publisher":"https:\/\/www.facebook.com\/notibras\/","article_published_time":"2023-05-02T22:45:35+00:00","article_modified_time":"2023-05-02T22:46:46+00:00","og_image":[{"width":1600,"height":800,"url":"https:\/\/www.notibras.com\/site\/wp-content\/uploads\/2023\/05\/unnamed-65.jpg","type":"image\/jpeg"}],"author":"Reda\u00e7\u00e3o","twitter_card":"summary_large_image","twitter_creator":"@Notibras","twitter_site":"@Notibras","twitter_misc":{"Escrito por":"Reda\u00e7\u00e3o","Est. tempo de leitura":"2 minutos"},"schema":{"@context":"https:\/\/schema.org","@graph":[{"@type":"Article","@id":"https:\/\/www.notibras.com\/site\/paulooctavio-homenageia-arquiteto-pioneiro-no-df\/#article","isPartOf":{"@id":"https:\/\/www.notibras.com\/site\/paulooctavio-homenageia-arquiteto-pioneiro-no-df\/"},"author":{"name":"Reda\u00e7\u00e3o","@id":"https:\/\/www.notibras.com\/site\/#\/schema\/person\/36ab0979449956132d3e5b517ea76ac8"},"headline":"PaulOOctavio homenageia arquiteto pioneiro no DF","datePublished":"2023-05-02T22:45:35+00:00","dateModified":"2023-05-02T22:46:46+00:00","mainEntityOfPage":{"@id":"https:\/\/www.notibras.com\/site\/paulooctavio-homenageia-arquiteto-pioneiro-no-df\/"},"wordCount":367,"publisher":{"@id":"https:\/\/www.notibras.com\/site\/#organization"},"image":{"@id":"https:\/\/www.notibras.com\/site\/paulooctavio-homenageia-arquiteto-pioneiro-no-df\/#primaryimage"},"thumbnailUrl":"https:\/\/www.notibras.com\/site\/wp-content\/uploads\/2023\/05\/unnamed-65.jpg","articleSection":["Quadradinho em Foco"],"inLanguage":"pt-BR"},{"@type":"WebPage","@id":"https:\/\/www.notibras.com\/site\/paulooctavio-homenageia-arquiteto-pioneiro-no-df\/","url":"https:\/\/www.notibras.com\/site\/paulooctavio-homenageia-arquiteto-pioneiro-no-df\/","name":"PaulOOctavio homenageia arquiteto pioneiro no DF - Notibras","isPartOf":{"@id":"https:\/\/www.notibras.com\/site\/#website"},"primaryImageOfPage":{"@id":"https:\/\/www.notibras.com\/site\/paulooctavio-homenageia-arquiteto-pioneiro-no-df\/#primaryimage"},"image":{"@id":"https:\/\/www.notibras.com\/site\/paulooctavio-homenageia-arquiteto-pioneiro-no-df\/#primaryimage"},"thumbnailUrl":"https:\/\/www.notibras.com\/site\/wp-content\/uploads\/2023\/05\/unnamed-65.jpg","datePublished":"2023-05-02T22:45:35+00:00","dateModified":"2023-05-02T22:46:46+00:00","breadcrumb":{"@id":"https:\/\/www.notibras.com\/site\/paulooctavio-homenageia-arquiteto-pioneiro-no-df\/#breadcrumb"},"inLanguage":"pt-BR","potentialAction":[{"@type":"ReadAction","target":["https:\/\/www.notibras.com\/site\/paulooctavio-homenageia-arquiteto-pioneiro-no-df\/"]}]},{"@type":"ImageObject","inLanguage":"pt-BR","@id":"https:\/\/www.notibras.com\/site\/paulooctavio-homenageia-arquiteto-pioneiro-no-df\/#primaryimage","url":"https:\/\/www.notibras.com\/site\/wp-content\/uploads\/2023\/05\/unnamed-65.jpg","contentUrl":"https:\/\/www.notibras.com\/site\/wp-content\/uploads\/2023\/05\/unnamed-65.jpg","width":1600,"height":800},{"@type":"BreadcrumbList","@id":"https:\/\/www.notibras.com\/site\/paulooctavio-homenageia-arquiteto-pioneiro-no-df\/#breadcrumb","itemListElement":[{"@type":"ListItem","position":1,"name":"In\u00edcio","item":"https:\/\/www.notibras.com\/site\/"},{"@type":"ListItem","position":2,"name":"PaulOOctavio homenageia arquiteto pioneiro no DF"}]},{"@type":"WebSite","@id":"https:\/\/www.notibras.com\/site\/#website","url":"https:\/\/www.notibras.com\/site\/","name":"Notibras","description":"Not\u00edcias de Bras\u00edlia, do Brasil e do Mundo","publisher":{"@id":"https:\/\/www.notibras.com\/site\/#organization"},"potentialAction":[{"@type":"SearchAction","target":{"@type":"EntryPoint","urlTemplate":"https:\/\/www.notibras.com\/site\/?s={search_term_string}"},"query-input":{"@type":"PropertyValueSpecification","valueRequired":true,"valueName":"search_term_string"}}],"inLanguage":"pt-BR"},{"@type":"Organization","@id":"https:\/\/www.notibras.com\/site\/#organization","name":"Grupo Notibras de Comunica\u00e7\u00e3o","url":"https:\/\/www.notibras.com\/site\/","logo":{"@type":"ImageObject","inLanguage":"pt-BR","@id":"https:\/\/www.notibras.com\/site\/#\/schema\/logo\/image\/","url":"https:\/\/www.notibras.com\/site\/wp-content\/uploads\/2023\/01\/notibras23.png","contentUrl":"https:\/\/www.notibras.com\/site\/wp-content\/uploads\/2023\/01\/notibras23.png","width":350,"height":87,"caption":"Grupo Notibras de Comunica\u00e7\u00e3o"},"image":{"@id":"https:\/\/www.notibras.com\/site\/#\/schema\/logo\/image\/"},"sameAs":["https:\/\/www.facebook.com\/notibras\/","https:\/\/x.com\/Notibras","https:\/\/www.instagram.com\/notibras\/"]},{"@type":"Person","@id":"https:\/\/www.notibras.com\/site\/#\/schema\/person\/36ab0979449956132d3e5b517ea76ac8","name":"Reda\u00e7\u00e3o","image":{"@type":"ImageObject","inLanguage":"pt-BR","@id":"https:\/\/secure.gravatar.com\/avatar\/e0a867bdedb85fd243eadf09663511f96fc81e0720a4a42581f334ad4303aa6b?s=96&d=mm&r=g","url":"https:\/\/secure.gravatar.com\/avatar\/e0a867bdedb85fd243eadf09663511f96fc81e0720a4a42581f334ad4303aa6b?s=96&d=mm&r=g","contentUrl":"https:\/\/secure.gravatar.com\/avatar\/e0a867bdedb85fd243eadf09663511f96fc81e0720a4a42581f334ad4303aa6b?s=96&d=mm&r=g","caption":"Reda\u00e7\u00e3o"}}]}},"amp_enabled":true,"_links":{"self":[{"href":"https:\/\/www.notibras.com\/site\/wp-json\/wp\/v2\/posts\/304011","targetHints":{"allow":["GET"]}}],"collection":[{"href":"https:\/\/www.notibras.com\/site\/wp-json\/wp\/v2\/posts"}],"about":[{"href":"https:\/\/www.notibras.com\/site\/wp-json\/wp\/v2\/types\/post"}],"author":[{"embeddable":true,"href":"https:\/\/www.notibras.com\/site\/wp-json\/wp\/v2\/users\/2"}],"replies":[{"embeddable":true,"href":"https:\/\/www.notibras.com\/site\/wp-json\/wp\/v2\/comments?post=304011"}],"version-history":[{"count":3,"href":"https:\/\/www.notibras.com\/site\/wp-json\/wp\/v2\/posts\/304011\/revisions"}],"predecessor-version":[{"id":304015,"href":"https:\/\/www.notibras.com\/site\/wp-json\/wp\/v2\/posts\/304011\/revisions\/304015"}],"wp:featuredmedia":[{"embeddable":true,"href":"https:\/\/www.notibras.com\/site\/wp-json\/wp\/v2\/media\/304012"}],"wp:attachment":[{"href":"https:\/\/www.notibras.com\/site\/wp-json\/wp\/v2\/media?parent=304011"}],"wp:term":[{"taxonomy":"category","embeddable":true,"href":"https:\/\/www.notibras.com\/site\/wp-json\/wp\/v2\/categories?post=304011"},{"taxonomy":"post_tag","embeddable":true,"href":"https:\/\/www.notibras.com\/site\/wp-json\/wp\/v2\/tags?post=304011"}],"curies":[{"name":"wp","href":"https:\/\/api.w.org\/{rel}","templated":true}]}}