{"id":304027,"date":"2023-05-02T22:23:46","date_gmt":"2023-05-03T01:23:46","guid":{"rendered":"https:\/\/www.notibras.com\/site\/?p=304027"},"modified":"2023-05-02T22:25:24","modified_gmt":"2023-05-03T01:25:24","slug":"vasco-pode-perder-jogo-mas-derrota-racismo","status":"publish","type":"post","link":"https:\/\/www.notibras.com\/site\/vasco-pode-perder-jogo-mas-derrota-racismo\/","title":{"rendered":"Vasco pode perder jogo, mas derrota racismo"},"content":{"rendered":"<p>Os meus amigos sabem que eu nasci em Botafogo, morei em Botafogo e sou Botafogo. No entanto, isso jamais me impediu de admirar a hist\u00f3ria do Vasco da Gama, que \u00e9, sem sombra de d\u00favida, o time que mais lutou contra o racismo no Brasil. No Rio, o Gigante da Colina \u00e9, com certeza, o verdadeiro time do povo. Aquele outro, que fica na G\u00e1vea, \u00e9 o time da massa. Ali\u00e1s, massa \u00e9 aquilo que pode ser moldado \u00e0 forma que os governantes desejam, ou seja, \u00e9 facilmente manipulada. J\u00e1 os vasca\u00ednos, geralmente, s\u00e3o pessoas combatentes, que se posicionam a favor das minorias.<\/p>\n<p>Em Bras\u00edlia, onde agora resido, quando penso no Vasco, a primeira figura que me vem \u00e0 mente n\u00e3o \u00e9 nenhuma das lendas que passaram pelo time: Ademir Menezes, Roberto Dinamite, Edmundo, Barbosa, Vav\u00e1, Rom\u00e1rio&#8230; Todos esses e muitos mais tiveram passagens gloriosas por essa agremia\u00e7\u00e3o, \u00e9 verdade. Todavia, desde a primeira vez que fui ao Maracan\u00e3 com meu pai, que era vasca\u00edno, ele me apontou para um cara meio fora de forma, mas que parecia ter muito mais disposi\u00e7\u00e3o e agilidade que muitos atletas: &#8220;Aquele l\u00e1 \u00e9 o Santana!&#8221;<\/p>\n<p>O Santana, o Pai Santana, um homem preto sempre vestido de branco, parecia ser mais importante que a maior estrela em campo, o Dinamite, naquela primeira vez que eu o vi. A torcida o saudava com gritos euf\u00f3ricos. Todos ali amavam aquele homem, que era o massagista do Vasco. Ali\u00e1s, massagista \u00e9 muito pouco para tudo o que o Santana representava para o time. Ele era o amuleto, o curandeiro, o presidente, o papa, o dono da bola, sei l\u00e1. Todos no Maracan\u00e3 sabiam quem era o cara. At\u00e9 mesmo a torcida advers\u00e1ria sabia quem ele era.<\/p>\n<p>N\u00e3o d\u00e1 para separar o Santana do Vasco ou, ent\u00e3o, o Vasco do Santana. At\u00e9 hoje n\u00e3o sei onde um termina e o outro come\u00e7a. Talvez formem uma am\u00e1lgama, um s\u00f3 corpo. Provavelmente seja por conta disso que, toda vez que vou ao Maracan\u00e3, at\u00e9 para assistir ao meu Botafogo contra outro advers\u00e1rio que n\u00e3o o Gigante da Colina, eis que ainda consigo enxergar aquela figura antol\u00f3gica correndo de um lado para outro. Ou\u00e7o o grito das torcidas enaltecendo esse ser humano incr\u00edvel, digo at\u00e9 imortal, que faz parte da hist\u00f3ria do Rio de Janeiro.<\/p>\n<p>Para terminar, nem sei se o Santana j\u00e1 jogou bola. Talvez fosse at\u00e9 proibido de jogar, pois ningu\u00e9m teria coragem de tomar a bola dele. N\u00e3o que ele tivesse sido um craque, pois creio que nem soubesse fazer umas embaixadinhas. Todavia, todos o respeitavam! Todos! Aquele homem s\u00f3 poderia ter sido mesmo vasca\u00edno, pois no Vasco, todos sabemos de longa data, as coisas s\u00e3o diferentes. Ali, o racismo n\u00e3o se cria! E todas aqueles que amam e conhecem o futebol sabem disso! Respeitem o Vasco!<\/p>\n","protected":false},"excerpt":{"rendered":"<p>Os meus amigos sabem que eu nasci em Botafogo, morei em Botafogo e sou Botafogo. No entanto, isso jamais me impediu de admirar a hist\u00f3ria do Vasco da Gama, que \u00e9, sem sombra de d\u00favida, o time que mais lutou contra o racismo no Brasil. No Rio, o Gigante da Colina \u00e9, com certeza, o [&hellip;]<\/p>\n","protected":false},"author":2,"featured_media":304028,"comment_status":"closed","ping_status":"closed","sticky":false,"template":"","format":"standard","meta":{"_acf_changed":false,"footnotes":""},"categories":[161],"tags":[],"class_list":["post-304027","post","type-post","status-publish","format-standard","has-post-thumbnail","hentry","category-quadradinho-em-foco"],"acf":[],"yoast_head":"<!-- This site is optimized with the Yoast SEO plugin v27.2 - https:\/\/yoast.com\/product\/yoast-seo-wordpress\/ -->\n<title>Vasco pode perder jogo, mas derrota racismo - Notibras<\/title>\n<meta name=\"robots\" content=\"index, follow, max-snippet:-1, max-image-preview:large, max-video-preview:-1\" \/>\n<link rel=\"canonical\" href=\"https:\/\/www.notibras.com\/site\/vasco-pode-perder-jogo-mas-derrota-racismo\/\" \/>\n<meta property=\"og:locale\" content=\"pt_BR\" \/>\n<meta property=\"og:type\" content=\"article\" \/>\n<meta property=\"og:title\" content=\"Vasco pode perder jogo, mas derrota racismo - Notibras\" \/>\n<meta property=\"og:description\" content=\"Os meus amigos sabem que eu nasci em Botafogo, morei em Botafogo e sou Botafogo. No entanto, isso jamais me impediu de admirar a hist\u00f3ria do Vasco da Gama, que \u00e9, sem sombra de d\u00favida, o time que mais lutou contra o racismo no Brasil. No Rio, o Gigante da Colina \u00e9, com certeza, o [&hellip;]\" \/>\n<meta property=\"og:url\" content=\"https:\/\/www.notibras.com\/site\/vasco-pode-perder-jogo-mas-derrota-racismo\/\" \/>\n<meta property=\"og:site_name\" content=\"Notibras\" \/>\n<meta property=\"article:publisher\" content=\"https:\/\/www.facebook.com\/notibras\/\" \/>\n<meta property=\"article:published_time\" content=\"2023-05-03T01:23:46+00:00\" \/>\n<meta property=\"article:modified_time\" content=\"2023-05-03T01:25:24+00:00\" \/>\n<meta property=\"og:image\" content=\"https:\/\/www.notibras.com\/site\/wp-content\/uploads\/2023\/05\/Galeria-Santana-Fernando-QuevedoAgencia-Globo_LANIMA20111101_0017_1.jpg\" \/>\n\t<meta property=\"og:image:width\" content=\"810\" \/>\n\t<meta property=\"og:image:height\" content=\"540\" \/>\n\t<meta property=\"og:image:type\" content=\"image\/jpeg\" \/>\n<meta name=\"author\" content=\"Reda\u00e7\u00e3o\" \/>\n<meta name=\"twitter:card\" content=\"summary_large_image\" \/>\n<meta name=\"twitter:creator\" content=\"@Notibras\" \/>\n<meta name=\"twitter:site\" content=\"@Notibras\" \/>\n<meta name=\"twitter:label1\" content=\"Escrito por\" \/>\n\t<meta name=\"twitter:data1\" content=\"Reda\u00e7\u00e3o\" \/>\n\t<meta name=\"twitter:label2\" content=\"Est. tempo de leitura\" \/>\n\t<meta name=\"twitter:data2\" content=\"3 minutos\" \/>\n<script type=\"application\/ld+json\" class=\"yoast-schema-graph\">{\"@context\":\"https:\/\/schema.org\",\"@graph\":[{\"@type\":\"Article\",\"@id\":\"https:\/\/www.notibras.com\/site\/vasco-pode-perder-jogo-mas-derrota-racismo\/#article\",\"isPartOf\":{\"@id\":\"https:\/\/www.notibras.com\/site\/vasco-pode-perder-jogo-mas-derrota-racismo\/\"},\"author\":{\"name\":\"Reda\u00e7\u00e3o\",\"@id\":\"https:\/\/www.notibras.com\/site\/#\/schema\/person\/36ab0979449956132d3e5b517ea76ac8\"},\"headline\":\"Vasco pode perder jogo, mas derrota racismo\",\"datePublished\":\"2023-05-03T01:23:46+00:00\",\"dateModified\":\"2023-05-03T01:25:24+00:00\",\"mainEntityOfPage\":{\"@id\":\"https:\/\/www.notibras.com\/site\/vasco-pode-perder-jogo-mas-derrota-racismo\/\"},\"wordCount\":496,\"publisher\":{\"@id\":\"https:\/\/www.notibras.com\/site\/#organization\"},\"image\":{\"@id\":\"https:\/\/www.notibras.com\/site\/vasco-pode-perder-jogo-mas-derrota-racismo\/#primaryimage\"},\"thumbnailUrl\":\"https:\/\/www.notibras.com\/site\/wp-content\/uploads\/2023\/05\/Galeria-Santana-Fernando-QuevedoAgencia-Globo_LANIMA20111101_0017_1.jpg\",\"articleSection\":[\"Quadradinho em Foco\"],\"inLanguage\":\"pt-BR\"},{\"@type\":\"WebPage\",\"@id\":\"https:\/\/www.notibras.com\/site\/vasco-pode-perder-jogo-mas-derrota-racismo\/\",\"url\":\"https:\/\/www.notibras.com\/site\/vasco-pode-perder-jogo-mas-derrota-racismo\/\",\"name\":\"Vasco pode perder jogo, mas derrota racismo - Notibras\",\"isPartOf\":{\"@id\":\"https:\/\/www.notibras.com\/site\/#website\"},\"primaryImageOfPage\":{\"@id\":\"https:\/\/www.notibras.com\/site\/vasco-pode-perder-jogo-mas-derrota-racismo\/#primaryimage\"},\"image\":{\"@id\":\"https:\/\/www.notibras.com\/site\/vasco-pode-perder-jogo-mas-derrota-racismo\/#primaryimage\"},\"thumbnailUrl\":\"https:\/\/www.notibras.com\/site\/wp-content\/uploads\/2023\/05\/Galeria-Santana-Fernando-QuevedoAgencia-Globo_LANIMA20111101_0017_1.jpg\",\"datePublished\":\"2023-05-03T01:23:46+00:00\",\"dateModified\":\"2023-05-03T01:25:24+00:00\",\"breadcrumb\":{\"@id\":\"https:\/\/www.notibras.com\/site\/vasco-pode-perder-jogo-mas-derrota-racismo\/#breadcrumb\"},\"inLanguage\":\"pt-BR\",\"potentialAction\":[{\"@type\":\"ReadAction\",\"target\":[\"https:\/\/www.notibras.com\/site\/vasco-pode-perder-jogo-mas-derrota-racismo\/\"]}]},{\"@type\":\"ImageObject\",\"inLanguage\":\"pt-BR\",\"@id\":\"https:\/\/www.notibras.com\/site\/vasco-pode-perder-jogo-mas-derrota-racismo\/#primaryimage\",\"url\":\"https:\/\/www.notibras.com\/site\/wp-content\/uploads\/2023\/05\/Galeria-Santana-Fernando-QuevedoAgencia-Globo_LANIMA20111101_0017_1.jpg\",\"contentUrl\":\"https:\/\/www.notibras.com\/site\/wp-content\/uploads\/2023\/05\/Galeria-Santana-Fernando-QuevedoAgencia-Globo_LANIMA20111101_0017_1.jpg\",\"width\":810,\"height\":540,\"caption\":\"Local - 27\/03\/1997 - Restri\u00e7\u00e3o: N\u00e3o - 27.03.1997 - FERNANDO QUEVEDO - ES - TREINO DO VASCO - SANTANA BEIJA A BANDEIRA DO VASCO DA GAMA.\"},{\"@type\":\"BreadcrumbList\",\"@id\":\"https:\/\/www.notibras.com\/site\/vasco-pode-perder-jogo-mas-derrota-racismo\/#breadcrumb\",\"itemListElement\":[{\"@type\":\"ListItem\",\"position\":1,\"name\":\"In\u00edcio\",\"item\":\"https:\/\/www.notibras.com\/site\/\"},{\"@type\":\"ListItem\",\"position\":2,\"name\":\"Vasco pode perder jogo, mas derrota racismo\"}]},{\"@type\":\"WebSite\",\"@id\":\"https:\/\/www.notibras.com\/site\/#website\",\"url\":\"https:\/\/www.notibras.com\/site\/\",\"name\":\"Notibras\",\"description\":\"Not\u00edcias de Bras\u00edlia, do Brasil e do Mundo\",\"publisher\":{\"@id\":\"https:\/\/www.notibras.com\/site\/#organization\"},\"potentialAction\":[{\"@type\":\"SearchAction\",\"target\":{\"@type\":\"EntryPoint\",\"urlTemplate\":\"https:\/\/www.notibras.com\/site\/?s={search_term_string}\"},\"query-input\":{\"@type\":\"PropertyValueSpecification\",\"valueRequired\":true,\"valueName\":\"search_term_string\"}}],\"inLanguage\":\"pt-BR\"},{\"@type\":\"Organization\",\"@id\":\"https:\/\/www.notibras.com\/site\/#organization\",\"name\":\"Grupo Notibras de Comunica\u00e7\u00e3o\",\"url\":\"https:\/\/www.notibras.com\/site\/\",\"logo\":{\"@type\":\"ImageObject\",\"inLanguage\":\"pt-BR\",\"@id\":\"https:\/\/www.notibras.com\/site\/#\/schema\/logo\/image\/\",\"url\":\"https:\/\/www.notibras.com\/site\/wp-content\/uploads\/2023\/01\/notibras23.png\",\"contentUrl\":\"https:\/\/www.notibras.com\/site\/wp-content\/uploads\/2023\/01\/notibras23.png\",\"width\":350,\"height\":87,\"caption\":\"Grupo Notibras de Comunica\u00e7\u00e3o\"},\"image\":{\"@id\":\"https:\/\/www.notibras.com\/site\/#\/schema\/logo\/image\/\"},\"sameAs\":[\"https:\/\/www.facebook.com\/notibras\/\",\"https:\/\/x.com\/Notibras\",\"https:\/\/www.instagram.com\/notibras\/\"]},{\"@type\":\"Person\",\"@id\":\"https:\/\/www.notibras.com\/site\/#\/schema\/person\/36ab0979449956132d3e5b517ea76ac8\",\"name\":\"Reda\u00e7\u00e3o\",\"image\":{\"@type\":\"ImageObject\",\"inLanguage\":\"pt-BR\",\"@id\":\"https:\/\/secure.gravatar.com\/avatar\/e0a867bdedb85fd243eadf09663511f96fc81e0720a4a42581f334ad4303aa6b?s=96&d=mm&r=g\",\"url\":\"https:\/\/secure.gravatar.com\/avatar\/e0a867bdedb85fd243eadf09663511f96fc81e0720a4a42581f334ad4303aa6b?s=96&d=mm&r=g\",\"contentUrl\":\"https:\/\/secure.gravatar.com\/avatar\/e0a867bdedb85fd243eadf09663511f96fc81e0720a4a42581f334ad4303aa6b?s=96&d=mm&r=g\",\"caption\":\"Reda\u00e7\u00e3o\"}}]}<\/script>\n<!-- \/ Yoast SEO plugin. -->","yoast_head_json":{"title":"Vasco pode perder jogo, mas derrota racismo - Notibras","robots":{"index":"index","follow":"follow","max-snippet":"max-snippet:-1","max-image-preview":"max-image-preview:large","max-video-preview":"max-video-preview:-1"},"canonical":"https:\/\/www.notibras.com\/site\/vasco-pode-perder-jogo-mas-derrota-racismo\/","og_locale":"pt_BR","og_type":"article","og_title":"Vasco pode perder jogo, mas derrota racismo - Notibras","og_description":"Os meus amigos sabem que eu nasci em Botafogo, morei em Botafogo e sou Botafogo. No entanto, isso jamais me impediu de admirar a hist\u00f3ria do Vasco da Gama, que \u00e9, sem sombra de d\u00favida, o time que mais lutou contra o racismo no Brasil. No Rio, o Gigante da Colina \u00e9, com certeza, o [&hellip;]","og_url":"https:\/\/www.notibras.com\/site\/vasco-pode-perder-jogo-mas-derrota-racismo\/","og_site_name":"Notibras","article_publisher":"https:\/\/www.facebook.com\/notibras\/","article_published_time":"2023-05-03T01:23:46+00:00","article_modified_time":"2023-05-03T01:25:24+00:00","og_image":[{"width":810,"height":540,"url":"https:\/\/www.notibras.com\/site\/wp-content\/uploads\/2023\/05\/Galeria-Santana-Fernando-QuevedoAgencia-Globo_LANIMA20111101_0017_1.jpg","type":"image\/jpeg"}],"author":"Reda\u00e7\u00e3o","twitter_card":"summary_large_image","twitter_creator":"@Notibras","twitter_site":"@Notibras","twitter_misc":{"Escrito por":"Reda\u00e7\u00e3o","Est. tempo de leitura":"3 minutos"},"schema":{"@context":"https:\/\/schema.org","@graph":[{"@type":"Article","@id":"https:\/\/www.notibras.com\/site\/vasco-pode-perder-jogo-mas-derrota-racismo\/#article","isPartOf":{"@id":"https:\/\/www.notibras.com\/site\/vasco-pode-perder-jogo-mas-derrota-racismo\/"},"author":{"name":"Reda\u00e7\u00e3o","@id":"https:\/\/www.notibras.com\/site\/#\/schema\/person\/36ab0979449956132d3e5b517ea76ac8"},"headline":"Vasco pode perder jogo, mas derrota racismo","datePublished":"2023-05-03T01:23:46+00:00","dateModified":"2023-05-03T01:25:24+00:00","mainEntityOfPage":{"@id":"https:\/\/www.notibras.com\/site\/vasco-pode-perder-jogo-mas-derrota-racismo\/"},"wordCount":496,"publisher":{"@id":"https:\/\/www.notibras.com\/site\/#organization"},"image":{"@id":"https:\/\/www.notibras.com\/site\/vasco-pode-perder-jogo-mas-derrota-racismo\/#primaryimage"},"thumbnailUrl":"https:\/\/www.notibras.com\/site\/wp-content\/uploads\/2023\/05\/Galeria-Santana-Fernando-QuevedoAgencia-Globo_LANIMA20111101_0017_1.jpg","articleSection":["Quadradinho em Foco"],"inLanguage":"pt-BR"},{"@type":"WebPage","@id":"https:\/\/www.notibras.com\/site\/vasco-pode-perder-jogo-mas-derrota-racismo\/","url":"https:\/\/www.notibras.com\/site\/vasco-pode-perder-jogo-mas-derrota-racismo\/","name":"Vasco pode perder jogo, mas derrota racismo - Notibras","isPartOf":{"@id":"https:\/\/www.notibras.com\/site\/#website"},"primaryImageOfPage":{"@id":"https:\/\/www.notibras.com\/site\/vasco-pode-perder-jogo-mas-derrota-racismo\/#primaryimage"},"image":{"@id":"https:\/\/www.notibras.com\/site\/vasco-pode-perder-jogo-mas-derrota-racismo\/#primaryimage"},"thumbnailUrl":"https:\/\/www.notibras.com\/site\/wp-content\/uploads\/2023\/05\/Galeria-Santana-Fernando-QuevedoAgencia-Globo_LANIMA20111101_0017_1.jpg","datePublished":"2023-05-03T01:23:46+00:00","dateModified":"2023-05-03T01:25:24+00:00","breadcrumb":{"@id":"https:\/\/www.notibras.com\/site\/vasco-pode-perder-jogo-mas-derrota-racismo\/#breadcrumb"},"inLanguage":"pt-BR","potentialAction":[{"@type":"ReadAction","target":["https:\/\/www.notibras.com\/site\/vasco-pode-perder-jogo-mas-derrota-racismo\/"]}]},{"@type":"ImageObject","inLanguage":"pt-BR","@id":"https:\/\/www.notibras.com\/site\/vasco-pode-perder-jogo-mas-derrota-racismo\/#primaryimage","url":"https:\/\/www.notibras.com\/site\/wp-content\/uploads\/2023\/05\/Galeria-Santana-Fernando-QuevedoAgencia-Globo_LANIMA20111101_0017_1.jpg","contentUrl":"https:\/\/www.notibras.com\/site\/wp-content\/uploads\/2023\/05\/Galeria-Santana-Fernando-QuevedoAgencia-Globo_LANIMA20111101_0017_1.jpg","width":810,"height":540,"caption":"Local - 27\/03\/1997 - Restri\u00e7\u00e3o: N\u00e3o - 27.03.1997 - FERNANDO QUEVEDO - ES - TREINO DO VASCO - SANTANA BEIJA A BANDEIRA DO VASCO DA GAMA."},{"@type":"BreadcrumbList","@id":"https:\/\/www.notibras.com\/site\/vasco-pode-perder-jogo-mas-derrota-racismo\/#breadcrumb","itemListElement":[{"@type":"ListItem","position":1,"name":"In\u00edcio","item":"https:\/\/www.notibras.com\/site\/"},{"@type":"ListItem","position":2,"name":"Vasco pode perder jogo, mas derrota racismo"}]},{"@type":"WebSite","@id":"https:\/\/www.notibras.com\/site\/#website","url":"https:\/\/www.notibras.com\/site\/","name":"Notibras","description":"Not\u00edcias de Bras\u00edlia, do Brasil e do Mundo","publisher":{"@id":"https:\/\/www.notibras.com\/site\/#organization"},"potentialAction":[{"@type":"SearchAction","target":{"@type":"EntryPoint","urlTemplate":"https:\/\/www.notibras.com\/site\/?s={search_term_string}"},"query-input":{"@type":"PropertyValueSpecification","valueRequired":true,"valueName":"search_term_string"}}],"inLanguage":"pt-BR"},{"@type":"Organization","@id":"https:\/\/www.notibras.com\/site\/#organization","name":"Grupo Notibras de Comunica\u00e7\u00e3o","url":"https:\/\/www.notibras.com\/site\/","logo":{"@type":"ImageObject","inLanguage":"pt-BR","@id":"https:\/\/www.notibras.com\/site\/#\/schema\/logo\/image\/","url":"https:\/\/www.notibras.com\/site\/wp-content\/uploads\/2023\/01\/notibras23.png","contentUrl":"https:\/\/www.notibras.com\/site\/wp-content\/uploads\/2023\/01\/notibras23.png","width":350,"height":87,"caption":"Grupo Notibras de Comunica\u00e7\u00e3o"},"image":{"@id":"https:\/\/www.notibras.com\/site\/#\/schema\/logo\/image\/"},"sameAs":["https:\/\/www.facebook.com\/notibras\/","https:\/\/x.com\/Notibras","https:\/\/www.instagram.com\/notibras\/"]},{"@type":"Person","@id":"https:\/\/www.notibras.com\/site\/#\/schema\/person\/36ab0979449956132d3e5b517ea76ac8","name":"Reda\u00e7\u00e3o","image":{"@type":"ImageObject","inLanguage":"pt-BR","@id":"https:\/\/secure.gravatar.com\/avatar\/e0a867bdedb85fd243eadf09663511f96fc81e0720a4a42581f334ad4303aa6b?s=96&d=mm&r=g","url":"https:\/\/secure.gravatar.com\/avatar\/e0a867bdedb85fd243eadf09663511f96fc81e0720a4a42581f334ad4303aa6b?s=96&d=mm&r=g","contentUrl":"https:\/\/secure.gravatar.com\/avatar\/e0a867bdedb85fd243eadf09663511f96fc81e0720a4a42581f334ad4303aa6b?s=96&d=mm&r=g","caption":"Reda\u00e7\u00e3o"}}]}},"amp_enabled":true,"_links":{"self":[{"href":"https:\/\/www.notibras.com\/site\/wp-json\/wp\/v2\/posts\/304027","targetHints":{"allow":["GET"]}}],"collection":[{"href":"https:\/\/www.notibras.com\/site\/wp-json\/wp\/v2\/posts"}],"about":[{"href":"https:\/\/www.notibras.com\/site\/wp-json\/wp\/v2\/types\/post"}],"author":[{"embeddable":true,"href":"https:\/\/www.notibras.com\/site\/wp-json\/wp\/v2\/users\/2"}],"replies":[{"embeddable":true,"href":"https:\/\/www.notibras.com\/site\/wp-json\/wp\/v2\/comments?post=304027"}],"version-history":[{"count":3,"href":"https:\/\/www.notibras.com\/site\/wp-json\/wp\/v2\/posts\/304027\/revisions"}],"predecessor-version":[{"id":304031,"href":"https:\/\/www.notibras.com\/site\/wp-json\/wp\/v2\/posts\/304027\/revisions\/304031"}],"wp:featuredmedia":[{"embeddable":true,"href":"https:\/\/www.notibras.com\/site\/wp-json\/wp\/v2\/media\/304028"}],"wp:attachment":[{"href":"https:\/\/www.notibras.com\/site\/wp-json\/wp\/v2\/media?parent=304027"}],"wp:term":[{"taxonomy":"category","embeddable":true,"href":"https:\/\/www.notibras.com\/site\/wp-json\/wp\/v2\/categories?post=304027"},{"taxonomy":"post_tag","embeddable":true,"href":"https:\/\/www.notibras.com\/site\/wp-json\/wp\/v2\/tags?post=304027"}],"curies":[{"name":"wp","href":"https:\/\/api.w.org\/{rel}","templated":true}]}}