{"id":304088,"date":"2023-05-03T11:23:17","date_gmt":"2023-05-03T14:23:17","guid":{"rendered":"https:\/\/www.notibras.com\/site\/?p=304088"},"modified":"2023-05-03T11:23:17","modified_gmt":"2023-05-03T14:23:17","slug":"abertas-inscricoes-para-projetos-de-impacto-social","status":"publish","type":"post","link":"https:\/\/www.notibras.com\/site\/abertas-inscricoes-para-projetos-de-impacto-social\/","title":{"rendered":"Abertas inscri\u00e7\u00f5es para projetos de impacto social"},"content":{"rendered":"<p>A Votorantim, empresa de materiais de constru\u00e7\u00e3o e solu\u00e7\u00f5es sustent\u00e1veis, e o Conselho Comunit\u00e1rio da Fercal, abriram inscri\u00e7\u00f5es para selecionar projetos de impacto social e ambiental para serem realizados em Sobradinho. A iniciativa destina-se prioritariamente \u00e0s propostas de institui\u00e7\u00f5es sem fins lucrativos com base comunit\u00e1ria na Fercal e nas \u00e1reas de emprego e renda; meio ambiente e sustentabilidade; esporte; cultura e lazer e fortalecimento institucional das associa\u00e7\u00f5es.<\/p>\n<p>Para participar da sele\u00e7\u00e3o, as institui\u00e7\u00f5es devem enviar ficha de inscri\u00e7\u00e3o on-line preenchida (dispon\u00edvel\u00a0<a href=\"https:\/\/click.cse360.com.br\/Click\/AddCampaignEmailClick\/fd1ed78e-b446-477a-0fda-08db4b1d9480\/https%253a%252f%252fdocs.google.com%252fdocument%252fd%252f12HvTo3qorctXI_a7tFFt27MX6FFJDEly%252fedit%253fusp%253dsharing%2526ouid%253d104940278853297539217%2526rtpof%253dtrue%2526sd%253dtrue\/f91087a8-b9c6-4de8-89ec-371159c4c05f\/diretor.notibras@gmail.com\/False\" target=\"_blank\" rel=\"noopener noreferrer\" data-saferedirecturl=\"https:\/\/www.google.com\/url?q=https:\/\/click.cse360.com.br\/Click\/AddCampaignEmailClick\/fd1ed78e-b446-477a-0fda-08db4b1d9480\/https%25253a%25252f%25252fdocs.google.com%25252fdocument%25252fd%25252f12HvTo3qorctXI_a7tFFt27MX6FFJDEly%25252fedit%25253fusp%25253dsharing%252526ouid%25253d104940278853297539217%252526rtpof%25253dtrue%252526sd%25253dtrue\/f91087a8-b9c6-4de8-89ec-371159c4c05f\/diretor.notibras@gmail.com\/False&amp;source=gmail&amp;ust=1683209719443000&amp;usg=AOvVaw3Jnde0oV1dxlSrXAKCc7fv\"><u>neste link<\/u><\/a>) para o e-mail\u00a0<u><a href=\"mailto:editalconfer@gmail.com\" target=\"_blank\" rel=\"noopener\">editalconfer@gmail.com<\/a><\/u> at\u00e9 o dia 16 de junho. As organiza\u00e7\u00f5es poder\u00e3o concorrer a duas categorias de investimento. A primeira \u00e9 destinada a projetos inovadores com alto poder de transforma\u00e7\u00e3o social ou ambiental, para investimento de at\u00e9 R$ 10 mil. J\u00e1 a segunda \u00e9 destinada a projetos inovadores com alto impacto social ou ambiental, mas que demonstrem experi\u00eancias anteriores bem-sucedidas e estrat\u00e9gias de sustentabilidade a longo prazo. Nessa categoria, eles concorrem a at\u00e9 R$ 15 mil.<\/p>\n<p>A iniciativa est\u00e1 em sintonia com os Compromissos de Sustentabilidade para 2030 da Votorantim Cimentos, que visa, entre outros pontos, a constru\u00e7\u00e3o de solu\u00e7\u00f5es que melhorem a qualidade de vida, impulsionando neg\u00f3cios e promovendo emprego nas localidades onde atua. \u201cTemos como princ\u00edpio entregar um legado positivo para os moradores de Sobradinho e regi\u00e3o. Por isso, vamos fortalecer as organiza\u00e7\u00f5es locais sem fins lucrativos e oferecer tamb\u00e9m capacita\u00e7\u00e3o e qualifica\u00e7\u00e3o para as suas lideran\u00e7as. Essa iniciativa mostra como \u00e9 nosso jeito de transformar e ir al\u00e9m, que gera impacto positivo para as comunidades em que atuamos\u201d, afirma o gerente de f\u00e1brica de Sobradinho da Votorantim, Claudiney do Carmo Batista.<\/p>\n","protected":false},"excerpt":{"rendered":"<p>A Votorantim, empresa de materiais de constru\u00e7\u00e3o e solu\u00e7\u00f5es sustent\u00e1veis, e o Conselho Comunit\u00e1rio da Fercal, abriram inscri\u00e7\u00f5es para selecionar projetos de impacto social e ambiental para serem realizados em Sobradinho. A iniciativa destina-se prioritariamente \u00e0s propostas de institui\u00e7\u00f5es sem fins lucrativos com base comunit\u00e1ria na Fercal e nas \u00e1reas de emprego e renda; meio [&hellip;]<\/p>\n","protected":false},"author":2,"featured_media":304089,"comment_status":"closed","ping_status":"closed","sticky":false,"template":"","format":"standard","meta":{"_acf_changed":false,"footnotes":""},"categories":[161],"tags":[],"class_list":["post-304088","post","type-post","status-publish","format-standard","has-post-thumbnail","hentry","category-quadradinho-em-foco"],"acf":[],"yoast_head":"<!-- This site is optimized with the Yoast SEO plugin v27.2 - https:\/\/yoast.com\/product\/yoast-seo-wordpress\/ -->\n<title>Abertas inscri\u00e7\u00f5es para projetos de impacto social - Notibras<\/title>\n<meta name=\"robots\" content=\"index, follow, max-snippet:-1, max-image-preview:large, max-video-preview:-1\" \/>\n<link rel=\"canonical\" href=\"https:\/\/www.notibras.com\/site\/abertas-inscricoes-para-projetos-de-impacto-social\/\" \/>\n<meta property=\"og:locale\" content=\"pt_BR\" \/>\n<meta property=\"og:type\" content=\"article\" \/>\n<meta property=\"og:title\" content=\"Abertas inscri\u00e7\u00f5es para projetos de impacto social - Notibras\" \/>\n<meta property=\"og:description\" content=\"A Votorantim, empresa de materiais de constru\u00e7\u00e3o e solu\u00e7\u00f5es sustent\u00e1veis, e o Conselho Comunit\u00e1rio da Fercal, abriram inscri\u00e7\u00f5es para selecionar projetos de impacto social e ambiental para serem realizados em Sobradinho. A iniciativa destina-se prioritariamente \u00e0s propostas de institui\u00e7\u00f5es sem fins lucrativos com base comunit\u00e1ria na Fercal e nas \u00e1reas de emprego e renda; meio [&hellip;]\" \/>\n<meta property=\"og:url\" content=\"https:\/\/www.notibras.com\/site\/abertas-inscricoes-para-projetos-de-impacto-social\/\" \/>\n<meta property=\"og:site_name\" content=\"Notibras\" \/>\n<meta property=\"article:publisher\" content=\"https:\/\/www.facebook.com\/notibras\/\" \/>\n<meta property=\"article:published_time\" content=\"2023-05-03T14:23:17+00:00\" \/>\n<meta property=\"og:image\" content=\"https:\/\/www.notibras.com\/site\/wp-content\/uploads\/2023\/05\/votoran.jpg\" \/>\n\t<meta property=\"og:image:width\" content=\"1052\" \/>\n\t<meta property=\"og:image:height\" content=\"486\" \/>\n\t<meta property=\"og:image:type\" content=\"image\/jpeg\" \/>\n<meta name=\"author\" content=\"Reda\u00e7\u00e3o\" \/>\n<meta name=\"twitter:card\" content=\"summary_large_image\" \/>\n<meta name=\"twitter:creator\" content=\"@Notibras\" \/>\n<meta name=\"twitter:site\" content=\"@Notibras\" \/>\n<meta name=\"twitter:label1\" content=\"Escrito por\" \/>\n\t<meta name=\"twitter:data1\" content=\"Reda\u00e7\u00e3o\" \/>\n\t<meta name=\"twitter:label2\" content=\"Est. tempo de leitura\" \/>\n\t<meta name=\"twitter:data2\" content=\"2 minutos\" \/>\n<script type=\"application\/ld+json\" class=\"yoast-schema-graph\">{\"@context\":\"https:\/\/schema.org\",\"@graph\":[{\"@type\":\"Article\",\"@id\":\"https:\/\/www.notibras.com\/site\/abertas-inscricoes-para-projetos-de-impacto-social\/#article\",\"isPartOf\":{\"@id\":\"https:\/\/www.notibras.com\/site\/abertas-inscricoes-para-projetos-de-impacto-social\/\"},\"author\":{\"name\":\"Reda\u00e7\u00e3o\",\"@id\":\"https:\/\/www.notibras.com\/site\/#\/schema\/person\/36ab0979449956132d3e5b517ea76ac8\"},\"headline\":\"Abertas inscri\u00e7\u00f5es para projetos de impacto social\",\"datePublished\":\"2023-05-03T14:23:17+00:00\",\"mainEntityOfPage\":{\"@id\":\"https:\/\/www.notibras.com\/site\/abertas-inscricoes-para-projetos-de-impacto-social\/\"},\"wordCount\":300,\"publisher\":{\"@id\":\"https:\/\/www.notibras.com\/site\/#organization\"},\"image\":{\"@id\":\"https:\/\/www.notibras.com\/site\/abertas-inscricoes-para-projetos-de-impacto-social\/#primaryimage\"},\"thumbnailUrl\":\"https:\/\/www.notibras.com\/site\/wp-content\/uploads\/2023\/05\/votoran.jpg\",\"articleSection\":[\"Quadradinho em Foco\"],\"inLanguage\":\"pt-BR\"},{\"@type\":\"WebPage\",\"@id\":\"https:\/\/www.notibras.com\/site\/abertas-inscricoes-para-projetos-de-impacto-social\/\",\"url\":\"https:\/\/www.notibras.com\/site\/abertas-inscricoes-para-projetos-de-impacto-social\/\",\"name\":\"Abertas inscri\u00e7\u00f5es para projetos de impacto social - Notibras\",\"isPartOf\":{\"@id\":\"https:\/\/www.notibras.com\/site\/#website\"},\"primaryImageOfPage\":{\"@id\":\"https:\/\/www.notibras.com\/site\/abertas-inscricoes-para-projetos-de-impacto-social\/#primaryimage\"},\"image\":{\"@id\":\"https:\/\/www.notibras.com\/site\/abertas-inscricoes-para-projetos-de-impacto-social\/#primaryimage\"},\"thumbnailUrl\":\"https:\/\/www.notibras.com\/site\/wp-content\/uploads\/2023\/05\/votoran.jpg\",\"datePublished\":\"2023-05-03T14:23:17+00:00\",\"breadcrumb\":{\"@id\":\"https:\/\/www.notibras.com\/site\/abertas-inscricoes-para-projetos-de-impacto-social\/#breadcrumb\"},\"inLanguage\":\"pt-BR\",\"potentialAction\":[{\"@type\":\"ReadAction\",\"target\":[\"https:\/\/www.notibras.com\/site\/abertas-inscricoes-para-projetos-de-impacto-social\/\"]}]},{\"@type\":\"ImageObject\",\"inLanguage\":\"pt-BR\",\"@id\":\"https:\/\/www.notibras.com\/site\/abertas-inscricoes-para-projetos-de-impacto-social\/#primaryimage\",\"url\":\"https:\/\/www.notibras.com\/site\/wp-content\/uploads\/2023\/05\/votoran.jpg\",\"contentUrl\":\"https:\/\/www.notibras.com\/site\/wp-content\/uploads\/2023\/05\/votoran.jpg\",\"width\":1052,\"height\":486},{\"@type\":\"BreadcrumbList\",\"@id\":\"https:\/\/www.notibras.com\/site\/abertas-inscricoes-para-projetos-de-impacto-social\/#breadcrumb\",\"itemListElement\":[{\"@type\":\"ListItem\",\"position\":1,\"name\":\"In\u00edcio\",\"item\":\"https:\/\/www.notibras.com\/site\/\"},{\"@type\":\"ListItem\",\"position\":2,\"name\":\"Abertas inscri\u00e7\u00f5es para projetos de impacto social\"}]},{\"@type\":\"WebSite\",\"@id\":\"https:\/\/www.notibras.com\/site\/#website\",\"url\":\"https:\/\/www.notibras.com\/site\/\",\"name\":\"Notibras\",\"description\":\"Not\u00edcias de Bras\u00edlia, do Brasil e do Mundo\",\"publisher\":{\"@id\":\"https:\/\/www.notibras.com\/site\/#organization\"},\"potentialAction\":[{\"@type\":\"SearchAction\",\"target\":{\"@type\":\"EntryPoint\",\"urlTemplate\":\"https:\/\/www.notibras.com\/site\/?s={search_term_string}\"},\"query-input\":{\"@type\":\"PropertyValueSpecification\",\"valueRequired\":true,\"valueName\":\"search_term_string\"}}],\"inLanguage\":\"pt-BR\"},{\"@type\":\"Organization\",\"@id\":\"https:\/\/www.notibras.com\/site\/#organization\",\"name\":\"Grupo Notibras de Comunica\u00e7\u00e3o\",\"url\":\"https:\/\/www.notibras.com\/site\/\",\"logo\":{\"@type\":\"ImageObject\",\"inLanguage\":\"pt-BR\",\"@id\":\"https:\/\/www.notibras.com\/site\/#\/schema\/logo\/image\/\",\"url\":\"https:\/\/www.notibras.com\/site\/wp-content\/uploads\/2023\/01\/notibras23.png\",\"contentUrl\":\"https:\/\/www.notibras.com\/site\/wp-content\/uploads\/2023\/01\/notibras23.png\",\"width\":350,\"height\":87,\"caption\":\"Grupo Notibras de Comunica\u00e7\u00e3o\"},\"image\":{\"@id\":\"https:\/\/www.notibras.com\/site\/#\/schema\/logo\/image\/\"},\"sameAs\":[\"https:\/\/www.facebook.com\/notibras\/\",\"https:\/\/x.com\/Notibras\",\"https:\/\/www.instagram.com\/notibras\/\"]},{\"@type\":\"Person\",\"@id\":\"https:\/\/www.notibras.com\/site\/#\/schema\/person\/36ab0979449956132d3e5b517ea76ac8\",\"name\":\"Reda\u00e7\u00e3o\",\"image\":{\"@type\":\"ImageObject\",\"inLanguage\":\"pt-BR\",\"@id\":\"https:\/\/secure.gravatar.com\/avatar\/e0a867bdedb85fd243eadf09663511f96fc81e0720a4a42581f334ad4303aa6b?s=96&d=mm&r=g\",\"url\":\"https:\/\/secure.gravatar.com\/avatar\/e0a867bdedb85fd243eadf09663511f96fc81e0720a4a42581f334ad4303aa6b?s=96&d=mm&r=g\",\"contentUrl\":\"https:\/\/secure.gravatar.com\/avatar\/e0a867bdedb85fd243eadf09663511f96fc81e0720a4a42581f334ad4303aa6b?s=96&d=mm&r=g\",\"caption\":\"Reda\u00e7\u00e3o\"}}]}<\/script>\n<!-- \/ Yoast SEO plugin. -->","yoast_head_json":{"title":"Abertas inscri\u00e7\u00f5es para projetos de impacto social - Notibras","robots":{"index":"index","follow":"follow","max-snippet":"max-snippet:-1","max-image-preview":"max-image-preview:large","max-video-preview":"max-video-preview:-1"},"canonical":"https:\/\/www.notibras.com\/site\/abertas-inscricoes-para-projetos-de-impacto-social\/","og_locale":"pt_BR","og_type":"article","og_title":"Abertas inscri\u00e7\u00f5es para projetos de impacto social - Notibras","og_description":"A Votorantim, empresa de materiais de constru\u00e7\u00e3o e solu\u00e7\u00f5es sustent\u00e1veis, e o Conselho Comunit\u00e1rio da Fercal, abriram inscri\u00e7\u00f5es para selecionar projetos de impacto social e ambiental para serem realizados em Sobradinho. A iniciativa destina-se prioritariamente \u00e0s propostas de institui\u00e7\u00f5es sem fins lucrativos com base comunit\u00e1ria na Fercal e nas \u00e1reas de emprego e renda; meio [&hellip;]","og_url":"https:\/\/www.notibras.com\/site\/abertas-inscricoes-para-projetos-de-impacto-social\/","og_site_name":"Notibras","article_publisher":"https:\/\/www.facebook.com\/notibras\/","article_published_time":"2023-05-03T14:23:17+00:00","og_image":[{"width":1052,"height":486,"url":"https:\/\/www.notibras.com\/site\/wp-content\/uploads\/2023\/05\/votoran.jpg","type":"image\/jpeg"}],"author":"Reda\u00e7\u00e3o","twitter_card":"summary_large_image","twitter_creator":"@Notibras","twitter_site":"@Notibras","twitter_misc":{"Escrito por":"Reda\u00e7\u00e3o","Est. tempo de leitura":"2 minutos"},"schema":{"@context":"https:\/\/schema.org","@graph":[{"@type":"Article","@id":"https:\/\/www.notibras.com\/site\/abertas-inscricoes-para-projetos-de-impacto-social\/#article","isPartOf":{"@id":"https:\/\/www.notibras.com\/site\/abertas-inscricoes-para-projetos-de-impacto-social\/"},"author":{"name":"Reda\u00e7\u00e3o","@id":"https:\/\/www.notibras.com\/site\/#\/schema\/person\/36ab0979449956132d3e5b517ea76ac8"},"headline":"Abertas inscri\u00e7\u00f5es para projetos de impacto social","datePublished":"2023-05-03T14:23:17+00:00","mainEntityOfPage":{"@id":"https:\/\/www.notibras.com\/site\/abertas-inscricoes-para-projetos-de-impacto-social\/"},"wordCount":300,"publisher":{"@id":"https:\/\/www.notibras.com\/site\/#organization"},"image":{"@id":"https:\/\/www.notibras.com\/site\/abertas-inscricoes-para-projetos-de-impacto-social\/#primaryimage"},"thumbnailUrl":"https:\/\/www.notibras.com\/site\/wp-content\/uploads\/2023\/05\/votoran.jpg","articleSection":["Quadradinho em Foco"],"inLanguage":"pt-BR"},{"@type":"WebPage","@id":"https:\/\/www.notibras.com\/site\/abertas-inscricoes-para-projetos-de-impacto-social\/","url":"https:\/\/www.notibras.com\/site\/abertas-inscricoes-para-projetos-de-impacto-social\/","name":"Abertas inscri\u00e7\u00f5es para projetos de impacto social - Notibras","isPartOf":{"@id":"https:\/\/www.notibras.com\/site\/#website"},"primaryImageOfPage":{"@id":"https:\/\/www.notibras.com\/site\/abertas-inscricoes-para-projetos-de-impacto-social\/#primaryimage"},"image":{"@id":"https:\/\/www.notibras.com\/site\/abertas-inscricoes-para-projetos-de-impacto-social\/#primaryimage"},"thumbnailUrl":"https:\/\/www.notibras.com\/site\/wp-content\/uploads\/2023\/05\/votoran.jpg","datePublished":"2023-05-03T14:23:17+00:00","breadcrumb":{"@id":"https:\/\/www.notibras.com\/site\/abertas-inscricoes-para-projetos-de-impacto-social\/#breadcrumb"},"inLanguage":"pt-BR","potentialAction":[{"@type":"ReadAction","target":["https:\/\/www.notibras.com\/site\/abertas-inscricoes-para-projetos-de-impacto-social\/"]}]},{"@type":"ImageObject","inLanguage":"pt-BR","@id":"https:\/\/www.notibras.com\/site\/abertas-inscricoes-para-projetos-de-impacto-social\/#primaryimage","url":"https:\/\/www.notibras.com\/site\/wp-content\/uploads\/2023\/05\/votoran.jpg","contentUrl":"https:\/\/www.notibras.com\/site\/wp-content\/uploads\/2023\/05\/votoran.jpg","width":1052,"height":486},{"@type":"BreadcrumbList","@id":"https:\/\/www.notibras.com\/site\/abertas-inscricoes-para-projetos-de-impacto-social\/#breadcrumb","itemListElement":[{"@type":"ListItem","position":1,"name":"In\u00edcio","item":"https:\/\/www.notibras.com\/site\/"},{"@type":"ListItem","position":2,"name":"Abertas inscri\u00e7\u00f5es para projetos de impacto social"}]},{"@type":"WebSite","@id":"https:\/\/www.notibras.com\/site\/#website","url":"https:\/\/www.notibras.com\/site\/","name":"Notibras","description":"Not\u00edcias de Bras\u00edlia, do Brasil e do Mundo","publisher":{"@id":"https:\/\/www.notibras.com\/site\/#organization"},"potentialAction":[{"@type":"SearchAction","target":{"@type":"EntryPoint","urlTemplate":"https:\/\/www.notibras.com\/site\/?s={search_term_string}"},"query-input":{"@type":"PropertyValueSpecification","valueRequired":true,"valueName":"search_term_string"}}],"inLanguage":"pt-BR"},{"@type":"Organization","@id":"https:\/\/www.notibras.com\/site\/#organization","name":"Grupo Notibras de Comunica\u00e7\u00e3o","url":"https:\/\/www.notibras.com\/site\/","logo":{"@type":"ImageObject","inLanguage":"pt-BR","@id":"https:\/\/www.notibras.com\/site\/#\/schema\/logo\/image\/","url":"https:\/\/www.notibras.com\/site\/wp-content\/uploads\/2023\/01\/notibras23.png","contentUrl":"https:\/\/www.notibras.com\/site\/wp-content\/uploads\/2023\/01\/notibras23.png","width":350,"height":87,"caption":"Grupo Notibras de Comunica\u00e7\u00e3o"},"image":{"@id":"https:\/\/www.notibras.com\/site\/#\/schema\/logo\/image\/"},"sameAs":["https:\/\/www.facebook.com\/notibras\/","https:\/\/x.com\/Notibras","https:\/\/www.instagram.com\/notibras\/"]},{"@type":"Person","@id":"https:\/\/www.notibras.com\/site\/#\/schema\/person\/36ab0979449956132d3e5b517ea76ac8","name":"Reda\u00e7\u00e3o","image":{"@type":"ImageObject","inLanguage":"pt-BR","@id":"https:\/\/secure.gravatar.com\/avatar\/e0a867bdedb85fd243eadf09663511f96fc81e0720a4a42581f334ad4303aa6b?s=96&d=mm&r=g","url":"https:\/\/secure.gravatar.com\/avatar\/e0a867bdedb85fd243eadf09663511f96fc81e0720a4a42581f334ad4303aa6b?s=96&d=mm&r=g","contentUrl":"https:\/\/secure.gravatar.com\/avatar\/e0a867bdedb85fd243eadf09663511f96fc81e0720a4a42581f334ad4303aa6b?s=96&d=mm&r=g","caption":"Reda\u00e7\u00e3o"}}]}},"amp_enabled":true,"_links":{"self":[{"href":"https:\/\/www.notibras.com\/site\/wp-json\/wp\/v2\/posts\/304088","targetHints":{"allow":["GET"]}}],"collection":[{"href":"https:\/\/www.notibras.com\/site\/wp-json\/wp\/v2\/posts"}],"about":[{"href":"https:\/\/www.notibras.com\/site\/wp-json\/wp\/v2\/types\/post"}],"author":[{"embeddable":true,"href":"https:\/\/www.notibras.com\/site\/wp-json\/wp\/v2\/users\/2"}],"replies":[{"embeddable":true,"href":"https:\/\/www.notibras.com\/site\/wp-json\/wp\/v2\/comments?post=304088"}],"version-history":[{"count":2,"href":"https:\/\/www.notibras.com\/site\/wp-json\/wp\/v2\/posts\/304088\/revisions"}],"predecessor-version":[{"id":304096,"href":"https:\/\/www.notibras.com\/site\/wp-json\/wp\/v2\/posts\/304088\/revisions\/304096"}],"wp:featuredmedia":[{"embeddable":true,"href":"https:\/\/www.notibras.com\/site\/wp-json\/wp\/v2\/media\/304089"}],"wp:attachment":[{"href":"https:\/\/www.notibras.com\/site\/wp-json\/wp\/v2\/media?parent=304088"}],"wp:term":[{"taxonomy":"category","embeddable":true,"href":"https:\/\/www.notibras.com\/site\/wp-json\/wp\/v2\/categories?post=304088"},{"taxonomy":"post_tag","embeddable":true,"href":"https:\/\/www.notibras.com\/site\/wp-json\/wp\/v2\/tags?post=304088"}],"curies":[{"name":"wp","href":"https:\/\/api.w.org\/{rel}","templated":true}]}}