{"id":304103,"date":"2023-05-03T12:32:04","date_gmt":"2023-05-03T15:32:04","guid":{"rendered":"https:\/\/www.notibras.com\/site\/?p=304103"},"modified":"2023-05-03T12:32:04","modified_gmt":"2023-05-03T15:32:04","slug":"abertas-as-inscricoes-para-olimpiada-mirim","status":"publish","type":"post","link":"https:\/\/www.notibras.com\/site\/abertas-as-inscricoes-para-olimpiada-mirim\/","title":{"rendered":"Abertas as inscri\u00e7\u00f5es para Olimp\u00edada Mirim"},"content":{"rendered":"<p>O Instituto de Matem\u00e1tica Pura e Aplicada (Impa) est\u00e1 com inscri\u00e7\u00f5es abertas para a 2\u00aa Olimp\u00edada Mirim (OBMEP), competi\u00e7\u00e3o voltada a alunos do 2\u00ba ao 5\u00ba ano do ensino fundamental. Este ano, a novidade foi a inclus\u00e3o de escolas particulares, depois do sucesso da primeira edi\u00e7\u00e3o, quando participaram 2,7 milh\u00f5es de estudantes de escolas p\u00fablicas. As inscri\u00e7\u00f5es podem ser feitas pelas institui\u00e7\u00f5es de ensino ou secretarias de Educa\u00e7\u00e3o at\u00e9 16 de junho, no site da competi\u00e7\u00e3o.<\/p>\n<p>O diretor adjunto do Impa e coordenador-geral da Olimp\u00edada Brasileira de Matem\u00e1tica, Claudio Landim, disse que o objetivo \u00e9 usar propostas l\u00fadicas e criativas para transformar a rela\u00e7\u00e3o das crian\u00e7as com a mat\u00e9ria. Acrescentou que esta segunda edi\u00e7\u00e3o traz muitos desafios, entre eles despertar o interesse das crian\u00e7as pela mat\u00e9ria, envolver os professores dos primeiros anos do ensino fundamental, al\u00e9m de ampliar a participa\u00e7\u00e3o das escolas.<\/p>\n<p>\u201cEste ano, convidamos pela primeira vez os col\u00e9gios privados para esta festa da matem\u00e1tica\u201d, afirmou o coordenador. Segundo Landim, a inclus\u00e3o das escolas privadas permite que um n\u00famero maior de alunos tenha acesso a material did\u00e1tico que estimula o racioc\u00ednio l\u00f3gico, a exemplo do que j\u00e1 acontece com a Olimp\u00edada Brasileira de Matem\u00e1tica das Escolas P\u00fablicas (OBMEP) que, desde 2017, conta com a participa\u00e7\u00e3o das institui\u00e7\u00f5es particulares.<\/p>\n<p><strong>Fases<\/strong><br \/>\nA Olimp\u00edada Mirim-OBMEP ser\u00e1 realizada em duas fases, que ser\u00e3o aplicadas pelas escolas. A primeira est\u00e1 marcada para 28 de agosto e consiste em prova classificat\u00f3ria, composta de 15 quest\u00f5es de m\u00faltipla escolha. Os estudantes classificados nessa etapa poder\u00e3o participar da segunda, no dia 9 de novembro, tamb\u00e9m com 15 quest\u00f5es objetivas.<\/p>\n<p>O conte\u00fado das provas corresponde ao grau de escolaridade dos alunos, que s\u00e3o divididos nos n\u00edveis Mirim 1 (2\u00ba e 3\u00ba anos do ensino fundamental) e Mirim 2 (4\u00ba e 5\u00ba anos do ensino fundamental). Aos melhores classificados ser\u00e3o dados certificados digitais correspondentes a medalhas de ouro, prata e bronze.<\/p>\n<p>Claudio Landim lembrou que as inscri\u00e7\u00f5es devem ser feitas exclusivamente pelas escolas p\u00fablicas municipais, estaduais, federais, secretarias de Educa\u00e7\u00e3o e escolas privadas. O respons\u00e1vel pela candidatura deve informar o n\u00famero total de alunos participantes por n\u00edvel (Mirim 1 e Mirim 2), mas n\u00e3o \u00e9 necess\u00e1rio inscrever nominalmente cada estudante. A inscri\u00e7\u00e3o das escolas p\u00fablicas \u00e9 gratuita; j\u00e1 as particulares t\u00eam que pagar taxa de inscri\u00e7\u00e3o.<\/p>\n<p>A Olimp\u00edada Mirim-OBMEP \u00e9 realizada pelo Impa com o poio da B3 Social, da Coordena\u00e7\u00e3o de Aperfei\u00e7oamento de Pessoal de N\u00edvel Superior (Capes) e do Conselho Nacional de Desenvolvimento Cient\u00edfico e Tecnol\u00f3gico (CNPq), al\u00e9m da Sociedade Brasileira de Matem\u00e1tica (SBM). A competi\u00e7\u00e3o \u00e9 promovida pelos minist\u00e9rios da Ci\u00eancia, Tecnologia e Inova\u00e7\u00e3o e da Educa\u00e7\u00e3o.<\/p>\n","protected":false},"excerpt":{"rendered":"<p>O Instituto de Matem\u00e1tica Pura e Aplicada (Impa) est\u00e1 com inscri\u00e7\u00f5es abertas para a 2\u00aa Olimp\u00edada Mirim (OBMEP), competi\u00e7\u00e3o voltada a alunos do 2\u00ba ao 5\u00ba ano do ensino fundamental. Este ano, a novidade foi a inclus\u00e3o de escolas particulares, depois do sucesso da primeira edi\u00e7\u00e3o, quando participaram 2,7 milh\u00f5es de estudantes de escolas p\u00fablicas. [&hellip;]<\/p>\n","protected":false},"author":2,"featured_media":304104,"comment_status":"closed","ping_status":"closed","sticky":false,"template":"","format":"standard","meta":{"_acf_changed":false,"footnotes":""},"categories":[161],"tags":[],"class_list":["post-304103","post","type-post","status-publish","format-standard","has-post-thumbnail","hentry","category-quadradinho-em-foco"],"acf":[],"yoast_head":"<!-- This site is optimized with the Yoast SEO plugin v27.2 - https:\/\/yoast.com\/product\/yoast-seo-wordpress\/ -->\n<title>Abertas as inscri\u00e7\u00f5es para Olimp\u00edada Mirim - Notibras<\/title>\n<meta name=\"robots\" content=\"index, follow, max-snippet:-1, max-image-preview:large, max-video-preview:-1\" \/>\n<link rel=\"canonical\" href=\"https:\/\/www.notibras.com\/site\/abertas-as-inscricoes-para-olimpiada-mirim\/\" \/>\n<meta property=\"og:locale\" content=\"pt_BR\" \/>\n<meta property=\"og:type\" content=\"article\" \/>\n<meta property=\"og:title\" content=\"Abertas as inscri\u00e7\u00f5es para Olimp\u00edada Mirim - Notibras\" \/>\n<meta property=\"og:description\" content=\"O Instituto de Matem\u00e1tica Pura e Aplicada (Impa) est\u00e1 com inscri\u00e7\u00f5es abertas para a 2\u00aa Olimp\u00edada Mirim (OBMEP), competi\u00e7\u00e3o voltada a alunos do 2\u00ba ao 5\u00ba ano do ensino fundamental. Este ano, a novidade foi a inclus\u00e3o de escolas particulares, depois do sucesso da primeira edi\u00e7\u00e3o, quando participaram 2,7 milh\u00f5es de estudantes de escolas p\u00fablicas. [&hellip;]\" \/>\n<meta property=\"og:url\" content=\"https:\/\/www.notibras.com\/site\/abertas-as-inscricoes-para-olimpiada-mirim\/\" \/>\n<meta property=\"og:site_name\" content=\"Notibras\" \/>\n<meta property=\"article:publisher\" content=\"https:\/\/www.facebook.com\/notibras\/\" \/>\n<meta property=\"article:published_time\" content=\"2023-05-03T15:32:04+00:00\" \/>\n<meta property=\"og:image\" content=\"https:\/\/www.notibras.com\/site\/wp-content\/uploads\/2023\/05\/fachada_do_predio_sede_do_instituto_de_matematica_pura_e_aplicada_impa20221013_0766.jpg\" \/>\n\t<meta property=\"og:image:width\" content=\"1170\" \/>\n\t<meta property=\"og:image:height\" content=\"700\" \/>\n\t<meta property=\"og:image:type\" content=\"image\/jpeg\" \/>\n<meta name=\"author\" content=\"Reda\u00e7\u00e3o\" \/>\n<meta name=\"twitter:card\" content=\"summary_large_image\" \/>\n<meta name=\"twitter:creator\" content=\"@Notibras\" \/>\n<meta name=\"twitter:site\" content=\"@Notibras\" \/>\n<meta name=\"twitter:label1\" content=\"Escrito por\" \/>\n\t<meta name=\"twitter:data1\" content=\"Reda\u00e7\u00e3o\" \/>\n\t<meta name=\"twitter:label2\" content=\"Est. tempo de leitura\" \/>\n\t<meta name=\"twitter:data2\" content=\"3 minutos\" \/>\n<script type=\"application\/ld+json\" class=\"yoast-schema-graph\">{\"@context\":\"https:\/\/schema.org\",\"@graph\":[{\"@type\":\"Article\",\"@id\":\"https:\/\/www.notibras.com\/site\/abertas-as-inscricoes-para-olimpiada-mirim\/#article\",\"isPartOf\":{\"@id\":\"https:\/\/www.notibras.com\/site\/abertas-as-inscricoes-para-olimpiada-mirim\/\"},\"author\":{\"name\":\"Reda\u00e7\u00e3o\",\"@id\":\"https:\/\/www.notibras.com\/site\/#\/schema\/person\/36ab0979449956132d3e5b517ea76ac8\"},\"headline\":\"Abertas as inscri\u00e7\u00f5es para Olimp\u00edada Mirim\",\"datePublished\":\"2023-05-03T15:32:04+00:00\",\"mainEntityOfPage\":{\"@id\":\"https:\/\/www.notibras.com\/site\/abertas-as-inscricoes-para-olimpiada-mirim\/\"},\"wordCount\":488,\"publisher\":{\"@id\":\"https:\/\/www.notibras.com\/site\/#organization\"},\"image\":{\"@id\":\"https:\/\/www.notibras.com\/site\/abertas-as-inscricoes-para-olimpiada-mirim\/#primaryimage\"},\"thumbnailUrl\":\"https:\/\/www.notibras.com\/site\/wp-content\/uploads\/2023\/05\/fachada_do_predio_sede_do_instituto_de_matematica_pura_e_aplicada_impa20221013_0766.jpg\",\"articleSection\":[\"Quadradinho em Foco\"],\"inLanguage\":\"pt-BR\"},{\"@type\":\"WebPage\",\"@id\":\"https:\/\/www.notibras.com\/site\/abertas-as-inscricoes-para-olimpiada-mirim\/\",\"url\":\"https:\/\/www.notibras.com\/site\/abertas-as-inscricoes-para-olimpiada-mirim\/\",\"name\":\"Abertas as inscri\u00e7\u00f5es para Olimp\u00edada Mirim - Notibras\",\"isPartOf\":{\"@id\":\"https:\/\/www.notibras.com\/site\/#website\"},\"primaryImageOfPage\":{\"@id\":\"https:\/\/www.notibras.com\/site\/abertas-as-inscricoes-para-olimpiada-mirim\/#primaryimage\"},\"image\":{\"@id\":\"https:\/\/www.notibras.com\/site\/abertas-as-inscricoes-para-olimpiada-mirim\/#primaryimage\"},\"thumbnailUrl\":\"https:\/\/www.notibras.com\/site\/wp-content\/uploads\/2023\/05\/fachada_do_predio_sede_do_instituto_de_matematica_pura_e_aplicada_impa20221013_0766.jpg\",\"datePublished\":\"2023-05-03T15:32:04+00:00\",\"breadcrumb\":{\"@id\":\"https:\/\/www.notibras.com\/site\/abertas-as-inscricoes-para-olimpiada-mirim\/#breadcrumb\"},\"inLanguage\":\"pt-BR\",\"potentialAction\":[{\"@type\":\"ReadAction\",\"target\":[\"https:\/\/www.notibras.com\/site\/abertas-as-inscricoes-para-olimpiada-mirim\/\"]}]},{\"@type\":\"ImageObject\",\"inLanguage\":\"pt-BR\",\"@id\":\"https:\/\/www.notibras.com\/site\/abertas-as-inscricoes-para-olimpiada-mirim\/#primaryimage\",\"url\":\"https:\/\/www.notibras.com\/site\/wp-content\/uploads\/2023\/05\/fachada_do_predio_sede_do_instituto_de_matematica_pura_e_aplicada_impa20221013_0766.jpg\",\"contentUrl\":\"https:\/\/www.notibras.com\/site\/wp-content\/uploads\/2023\/05\/fachada_do_predio_sede_do_instituto_de_matematica_pura_e_aplicada_impa20221013_0766.jpg\",\"width\":1170,\"height\":700,\"caption\":\"Fachada do pr\u00e9dio sede do Instituto de Matem\u00e1tica Pura e Aplicada (Impa), no Jardim Bot\u00e2nico, zona sul da cidade.\"},{\"@type\":\"BreadcrumbList\",\"@id\":\"https:\/\/www.notibras.com\/site\/abertas-as-inscricoes-para-olimpiada-mirim\/#breadcrumb\",\"itemListElement\":[{\"@type\":\"ListItem\",\"position\":1,\"name\":\"In\u00edcio\",\"item\":\"https:\/\/www.notibras.com\/site\/\"},{\"@type\":\"ListItem\",\"position\":2,\"name\":\"Abertas as inscri\u00e7\u00f5es para Olimp\u00edada Mirim\"}]},{\"@type\":\"WebSite\",\"@id\":\"https:\/\/www.notibras.com\/site\/#website\",\"url\":\"https:\/\/www.notibras.com\/site\/\",\"name\":\"Notibras\",\"description\":\"Not\u00edcias de Bras\u00edlia, do Brasil e do Mundo\",\"publisher\":{\"@id\":\"https:\/\/www.notibras.com\/site\/#organization\"},\"potentialAction\":[{\"@type\":\"SearchAction\",\"target\":{\"@type\":\"EntryPoint\",\"urlTemplate\":\"https:\/\/www.notibras.com\/site\/?s={search_term_string}\"},\"query-input\":{\"@type\":\"PropertyValueSpecification\",\"valueRequired\":true,\"valueName\":\"search_term_string\"}}],\"inLanguage\":\"pt-BR\"},{\"@type\":\"Organization\",\"@id\":\"https:\/\/www.notibras.com\/site\/#organization\",\"name\":\"Grupo Notibras de Comunica\u00e7\u00e3o\",\"url\":\"https:\/\/www.notibras.com\/site\/\",\"logo\":{\"@type\":\"ImageObject\",\"inLanguage\":\"pt-BR\",\"@id\":\"https:\/\/www.notibras.com\/site\/#\/schema\/logo\/image\/\",\"url\":\"https:\/\/www.notibras.com\/site\/wp-content\/uploads\/2023\/01\/notibras23.png\",\"contentUrl\":\"https:\/\/www.notibras.com\/site\/wp-content\/uploads\/2023\/01\/notibras23.png\",\"width\":350,\"height\":87,\"caption\":\"Grupo Notibras de Comunica\u00e7\u00e3o\"},\"image\":{\"@id\":\"https:\/\/www.notibras.com\/site\/#\/schema\/logo\/image\/\"},\"sameAs\":[\"https:\/\/www.facebook.com\/notibras\/\",\"https:\/\/x.com\/Notibras\",\"https:\/\/www.instagram.com\/notibras\/\"]},{\"@type\":\"Person\",\"@id\":\"https:\/\/www.notibras.com\/site\/#\/schema\/person\/36ab0979449956132d3e5b517ea76ac8\",\"name\":\"Reda\u00e7\u00e3o\",\"image\":{\"@type\":\"ImageObject\",\"inLanguage\":\"pt-BR\",\"@id\":\"https:\/\/secure.gravatar.com\/avatar\/e0a867bdedb85fd243eadf09663511f96fc81e0720a4a42581f334ad4303aa6b?s=96&d=mm&r=g\",\"url\":\"https:\/\/secure.gravatar.com\/avatar\/e0a867bdedb85fd243eadf09663511f96fc81e0720a4a42581f334ad4303aa6b?s=96&d=mm&r=g\",\"contentUrl\":\"https:\/\/secure.gravatar.com\/avatar\/e0a867bdedb85fd243eadf09663511f96fc81e0720a4a42581f334ad4303aa6b?s=96&d=mm&r=g\",\"caption\":\"Reda\u00e7\u00e3o\"}}]}<\/script>\n<!-- \/ Yoast SEO plugin. -->","yoast_head_json":{"title":"Abertas as inscri\u00e7\u00f5es para Olimp\u00edada Mirim - Notibras","robots":{"index":"index","follow":"follow","max-snippet":"max-snippet:-1","max-image-preview":"max-image-preview:large","max-video-preview":"max-video-preview:-1"},"canonical":"https:\/\/www.notibras.com\/site\/abertas-as-inscricoes-para-olimpiada-mirim\/","og_locale":"pt_BR","og_type":"article","og_title":"Abertas as inscri\u00e7\u00f5es para Olimp\u00edada Mirim - Notibras","og_description":"O Instituto de Matem\u00e1tica Pura e Aplicada (Impa) est\u00e1 com inscri\u00e7\u00f5es abertas para a 2\u00aa Olimp\u00edada Mirim (OBMEP), competi\u00e7\u00e3o voltada a alunos do 2\u00ba ao 5\u00ba ano do ensino fundamental. Este ano, a novidade foi a inclus\u00e3o de escolas particulares, depois do sucesso da primeira edi\u00e7\u00e3o, quando participaram 2,7 milh\u00f5es de estudantes de escolas p\u00fablicas. [&hellip;]","og_url":"https:\/\/www.notibras.com\/site\/abertas-as-inscricoes-para-olimpiada-mirim\/","og_site_name":"Notibras","article_publisher":"https:\/\/www.facebook.com\/notibras\/","article_published_time":"2023-05-03T15:32:04+00:00","og_image":[{"width":1170,"height":700,"url":"https:\/\/www.notibras.com\/site\/wp-content\/uploads\/2023\/05\/fachada_do_predio_sede_do_instituto_de_matematica_pura_e_aplicada_impa20221013_0766.jpg","type":"image\/jpeg"}],"author":"Reda\u00e7\u00e3o","twitter_card":"summary_large_image","twitter_creator":"@Notibras","twitter_site":"@Notibras","twitter_misc":{"Escrito por":"Reda\u00e7\u00e3o","Est. tempo de leitura":"3 minutos"},"schema":{"@context":"https:\/\/schema.org","@graph":[{"@type":"Article","@id":"https:\/\/www.notibras.com\/site\/abertas-as-inscricoes-para-olimpiada-mirim\/#article","isPartOf":{"@id":"https:\/\/www.notibras.com\/site\/abertas-as-inscricoes-para-olimpiada-mirim\/"},"author":{"name":"Reda\u00e7\u00e3o","@id":"https:\/\/www.notibras.com\/site\/#\/schema\/person\/36ab0979449956132d3e5b517ea76ac8"},"headline":"Abertas as inscri\u00e7\u00f5es para Olimp\u00edada Mirim","datePublished":"2023-05-03T15:32:04+00:00","mainEntityOfPage":{"@id":"https:\/\/www.notibras.com\/site\/abertas-as-inscricoes-para-olimpiada-mirim\/"},"wordCount":488,"publisher":{"@id":"https:\/\/www.notibras.com\/site\/#organization"},"image":{"@id":"https:\/\/www.notibras.com\/site\/abertas-as-inscricoes-para-olimpiada-mirim\/#primaryimage"},"thumbnailUrl":"https:\/\/www.notibras.com\/site\/wp-content\/uploads\/2023\/05\/fachada_do_predio_sede_do_instituto_de_matematica_pura_e_aplicada_impa20221013_0766.jpg","articleSection":["Quadradinho em Foco"],"inLanguage":"pt-BR"},{"@type":"WebPage","@id":"https:\/\/www.notibras.com\/site\/abertas-as-inscricoes-para-olimpiada-mirim\/","url":"https:\/\/www.notibras.com\/site\/abertas-as-inscricoes-para-olimpiada-mirim\/","name":"Abertas as inscri\u00e7\u00f5es para Olimp\u00edada Mirim - Notibras","isPartOf":{"@id":"https:\/\/www.notibras.com\/site\/#website"},"primaryImageOfPage":{"@id":"https:\/\/www.notibras.com\/site\/abertas-as-inscricoes-para-olimpiada-mirim\/#primaryimage"},"image":{"@id":"https:\/\/www.notibras.com\/site\/abertas-as-inscricoes-para-olimpiada-mirim\/#primaryimage"},"thumbnailUrl":"https:\/\/www.notibras.com\/site\/wp-content\/uploads\/2023\/05\/fachada_do_predio_sede_do_instituto_de_matematica_pura_e_aplicada_impa20221013_0766.jpg","datePublished":"2023-05-03T15:32:04+00:00","breadcrumb":{"@id":"https:\/\/www.notibras.com\/site\/abertas-as-inscricoes-para-olimpiada-mirim\/#breadcrumb"},"inLanguage":"pt-BR","potentialAction":[{"@type":"ReadAction","target":["https:\/\/www.notibras.com\/site\/abertas-as-inscricoes-para-olimpiada-mirim\/"]}]},{"@type":"ImageObject","inLanguage":"pt-BR","@id":"https:\/\/www.notibras.com\/site\/abertas-as-inscricoes-para-olimpiada-mirim\/#primaryimage","url":"https:\/\/www.notibras.com\/site\/wp-content\/uploads\/2023\/05\/fachada_do_predio_sede_do_instituto_de_matematica_pura_e_aplicada_impa20221013_0766.jpg","contentUrl":"https:\/\/www.notibras.com\/site\/wp-content\/uploads\/2023\/05\/fachada_do_predio_sede_do_instituto_de_matematica_pura_e_aplicada_impa20221013_0766.jpg","width":1170,"height":700,"caption":"Fachada do pr\u00e9dio sede do Instituto de Matem\u00e1tica Pura e Aplicada (Impa), no Jardim Bot\u00e2nico, zona sul da cidade."},{"@type":"BreadcrumbList","@id":"https:\/\/www.notibras.com\/site\/abertas-as-inscricoes-para-olimpiada-mirim\/#breadcrumb","itemListElement":[{"@type":"ListItem","position":1,"name":"In\u00edcio","item":"https:\/\/www.notibras.com\/site\/"},{"@type":"ListItem","position":2,"name":"Abertas as inscri\u00e7\u00f5es para Olimp\u00edada Mirim"}]},{"@type":"WebSite","@id":"https:\/\/www.notibras.com\/site\/#website","url":"https:\/\/www.notibras.com\/site\/","name":"Notibras","description":"Not\u00edcias de Bras\u00edlia, do Brasil e do Mundo","publisher":{"@id":"https:\/\/www.notibras.com\/site\/#organization"},"potentialAction":[{"@type":"SearchAction","target":{"@type":"EntryPoint","urlTemplate":"https:\/\/www.notibras.com\/site\/?s={search_term_string}"},"query-input":{"@type":"PropertyValueSpecification","valueRequired":true,"valueName":"search_term_string"}}],"inLanguage":"pt-BR"},{"@type":"Organization","@id":"https:\/\/www.notibras.com\/site\/#organization","name":"Grupo Notibras de Comunica\u00e7\u00e3o","url":"https:\/\/www.notibras.com\/site\/","logo":{"@type":"ImageObject","inLanguage":"pt-BR","@id":"https:\/\/www.notibras.com\/site\/#\/schema\/logo\/image\/","url":"https:\/\/www.notibras.com\/site\/wp-content\/uploads\/2023\/01\/notibras23.png","contentUrl":"https:\/\/www.notibras.com\/site\/wp-content\/uploads\/2023\/01\/notibras23.png","width":350,"height":87,"caption":"Grupo Notibras de Comunica\u00e7\u00e3o"},"image":{"@id":"https:\/\/www.notibras.com\/site\/#\/schema\/logo\/image\/"},"sameAs":["https:\/\/www.facebook.com\/notibras\/","https:\/\/x.com\/Notibras","https:\/\/www.instagram.com\/notibras\/"]},{"@type":"Person","@id":"https:\/\/www.notibras.com\/site\/#\/schema\/person\/36ab0979449956132d3e5b517ea76ac8","name":"Reda\u00e7\u00e3o","image":{"@type":"ImageObject","inLanguage":"pt-BR","@id":"https:\/\/secure.gravatar.com\/avatar\/e0a867bdedb85fd243eadf09663511f96fc81e0720a4a42581f334ad4303aa6b?s=96&d=mm&r=g","url":"https:\/\/secure.gravatar.com\/avatar\/e0a867bdedb85fd243eadf09663511f96fc81e0720a4a42581f334ad4303aa6b?s=96&d=mm&r=g","contentUrl":"https:\/\/secure.gravatar.com\/avatar\/e0a867bdedb85fd243eadf09663511f96fc81e0720a4a42581f334ad4303aa6b?s=96&d=mm&r=g","caption":"Reda\u00e7\u00e3o"}}]}},"amp_enabled":true,"_links":{"self":[{"href":"https:\/\/www.notibras.com\/site\/wp-json\/wp\/v2\/posts\/304103","targetHints":{"allow":["GET"]}}],"collection":[{"href":"https:\/\/www.notibras.com\/site\/wp-json\/wp\/v2\/posts"}],"about":[{"href":"https:\/\/www.notibras.com\/site\/wp-json\/wp\/v2\/types\/post"}],"author":[{"embeddable":true,"href":"https:\/\/www.notibras.com\/site\/wp-json\/wp\/v2\/users\/2"}],"replies":[{"embeddable":true,"href":"https:\/\/www.notibras.com\/site\/wp-json\/wp\/v2\/comments?post=304103"}],"version-history":[{"count":1,"href":"https:\/\/www.notibras.com\/site\/wp-json\/wp\/v2\/posts\/304103\/revisions"}],"predecessor-version":[{"id":304105,"href":"https:\/\/www.notibras.com\/site\/wp-json\/wp\/v2\/posts\/304103\/revisions\/304105"}],"wp:featuredmedia":[{"embeddable":true,"href":"https:\/\/www.notibras.com\/site\/wp-json\/wp\/v2\/media\/304104"}],"wp:attachment":[{"href":"https:\/\/www.notibras.com\/site\/wp-json\/wp\/v2\/media?parent=304103"}],"wp:term":[{"taxonomy":"category","embeddable":true,"href":"https:\/\/www.notibras.com\/site\/wp-json\/wp\/v2\/categories?post=304103"},{"taxonomy":"post_tag","embeddable":true,"href":"https:\/\/www.notibras.com\/site\/wp-json\/wp\/v2\/tags?post=304103"}],"curies":[{"name":"wp","href":"https:\/\/api.w.org\/{rel}","templated":true}]}}