{"id":304118,"date":"2023-05-03T17:00:26","date_gmt":"2023-05-03T20:00:26","guid":{"rendered":"https:\/\/www.notibras.com\/site\/?p=304118"},"modified":"2023-05-03T17:00:26","modified_gmt":"2023-05-03T20:00:26","slug":"formosa-avanca-e-capta-orgaos-para-transplantes","status":"publish","type":"post","link":"https:\/\/www.notibras.com\/site\/formosa-avanca-e-capta-orgaos-para-transplantes\/","title":{"rendered":"Formosa avan\u00e7a e capta \u00f3rg\u00e3os para transplantes"},"content":{"rendered":"<p>O Hospital Estadual de Formosa, unidade do Governo de Goi\u00e1s, acaba de realizar sua segunda capta\u00e7\u00e3o de \u00f3rg\u00e3os humanos para transplantes. A a\u00e7\u00e3o contou com apoio da For\u00e7a A\u00e9rea Brasileira e o Servi\u00e7o A\u00e9reos do Estado de Goi\u00e1s.<\/p>\n<p>Pacientes de Goi\u00e1s e do Rio de Janeiro ser\u00e3o beneficiados com f\u00edgado, rins e c\u00f3rneas doados por uma paciente do sexo feminino (45 anos), que faleceu devido a um acidente vascular encef\u00e1lico ( AVE).<\/p>\n<p>A import\u00e2ncia de haver procedimentos assim \u00e9 enorme, pois garante capacita\u00e7\u00e3o profissional no que se refere aos exames cl\u00ednicos e todas as etapas at\u00e9 a retirada dos \u00f3rg\u00e3os. Segundo o Governo de Goi\u00e1s, a fila de espera dos tr\u00eas primeiros meses de 2023 j\u00e1 ultrapassa 5 mil pessoas, quanto mais locais forem capacitados para capta\u00e7\u00e3o e implanta\u00e7\u00e3o de \u00f3rg\u00e3os, mais pacientes ser\u00e3o atendidos.<\/p>\n<p>Essa \u00e9 mais uma conquista para Formosa e regi\u00e3o, mostrando que a equipe \u00e9 bem preparada para atender e salvar. Vale lembrar que, al\u00e9m de um conhecimento t\u00e9cnico, os profissionais tamb\u00e9m s\u00e3o orientados de como se portar perante aos familiares do doador, para assim, haver um acolhimento familiar dentro do ambiente hospitalar.<\/p>\n","protected":false},"excerpt":{"rendered":"<p>O Hospital Estadual de Formosa, unidade do Governo de Goi\u00e1s, acaba de realizar sua segunda capta\u00e7\u00e3o de \u00f3rg\u00e3os humanos para transplantes. A a\u00e7\u00e3o contou com apoio da For\u00e7a A\u00e9rea Brasileira e o Servi\u00e7o A\u00e9reos do Estado de Goi\u00e1s. Pacientes de Goi\u00e1s e do Rio de Janeiro ser\u00e3o beneficiados com f\u00edgado, rins e c\u00f3rneas doados por [&hellip;]<\/p>\n","protected":false},"author":2,"featured_media":304119,"comment_status":"closed","ping_status":"closed","sticky":false,"template":"","format":"standard","meta":{"_acf_changed":false,"footnotes":""},"categories":[161],"tags":[],"class_list":["post-304118","post","type-post","status-publish","format-standard","has-post-thumbnail","hentry","category-quadradinho-em-foco"],"acf":[],"yoast_head":"<!-- This site is optimized with the Yoast SEO plugin v27.2 - https:\/\/yoast.com\/product\/yoast-seo-wordpress\/ -->\n<title>Formosa avan\u00e7a e capta \u00f3rg\u00e3os para transplantes - Notibras<\/title>\n<meta name=\"robots\" content=\"index, follow, max-snippet:-1, max-image-preview:large, max-video-preview:-1\" \/>\n<link rel=\"canonical\" href=\"https:\/\/www.notibras.com\/site\/formosa-avanca-e-capta-orgaos-para-transplantes\/\" \/>\n<meta property=\"og:locale\" content=\"pt_BR\" \/>\n<meta property=\"og:type\" content=\"article\" \/>\n<meta property=\"og:title\" content=\"Formosa avan\u00e7a e capta \u00f3rg\u00e3os para transplantes - Notibras\" \/>\n<meta property=\"og:description\" content=\"O Hospital Estadual de Formosa, unidade do Governo de Goi\u00e1s, acaba de realizar sua segunda capta\u00e7\u00e3o de \u00f3rg\u00e3os humanos para transplantes. A a\u00e7\u00e3o contou com apoio da For\u00e7a A\u00e9rea Brasileira e o Servi\u00e7o A\u00e9reos do Estado de Goi\u00e1s. Pacientes de Goi\u00e1s e do Rio de Janeiro ser\u00e3o beneficiados com f\u00edgado, rins e c\u00f3rneas doados por [&hellip;]\" \/>\n<meta property=\"og:url\" content=\"https:\/\/www.notibras.com\/site\/formosa-avanca-e-capta-orgaos-para-transplantes\/\" \/>\n<meta property=\"og:site_name\" content=\"Notibras\" \/>\n<meta property=\"article:publisher\" content=\"https:\/\/www.facebook.com\/notibras\/\" \/>\n<meta property=\"article:published_time\" content=\"2023-05-03T20:00:26+00:00\" \/>\n<meta property=\"og:image\" content=\"https:\/\/www.notibras.com\/site\/wp-content\/uploads\/2023\/05\/33cc02c3-2ddc-401c-b316-a0ddc1f42d99.jpg\" \/>\n\t<meta property=\"og:image:width\" content=\"942\" \/>\n\t<meta property=\"og:image:height\" content=\"1280\" \/>\n\t<meta property=\"og:image:type\" content=\"image\/jpeg\" \/>\n<meta name=\"author\" content=\"Reda\u00e7\u00e3o\" \/>\n<meta name=\"twitter:card\" content=\"summary_large_image\" \/>\n<meta name=\"twitter:creator\" content=\"@Notibras\" \/>\n<meta name=\"twitter:site\" content=\"@Notibras\" \/>\n<meta name=\"twitter:label1\" content=\"Escrito por\" \/>\n\t<meta name=\"twitter:data1\" content=\"Reda\u00e7\u00e3o\" \/>\n\t<meta name=\"twitter:label2\" content=\"Est. tempo de leitura\" \/>\n\t<meta name=\"twitter:data2\" content=\"2 minutos\" \/>\n<script type=\"application\/ld+json\" class=\"yoast-schema-graph\">{\"@context\":\"https:\/\/schema.org\",\"@graph\":[{\"@type\":\"Article\",\"@id\":\"https:\/\/www.notibras.com\/site\/formosa-avanca-e-capta-orgaos-para-transplantes\/#article\",\"isPartOf\":{\"@id\":\"https:\/\/www.notibras.com\/site\/formosa-avanca-e-capta-orgaos-para-transplantes\/\"},\"author\":{\"name\":\"Reda\u00e7\u00e3o\",\"@id\":\"https:\/\/www.notibras.com\/site\/#\/schema\/person\/36ab0979449956132d3e5b517ea76ac8\"},\"headline\":\"Formosa avan\u00e7a e capta \u00f3rg\u00e3os para transplantes\",\"datePublished\":\"2023-05-03T20:00:26+00:00\",\"mainEntityOfPage\":{\"@id\":\"https:\/\/www.notibras.com\/site\/formosa-avanca-e-capta-orgaos-para-transplantes\/\"},\"wordCount\":218,\"publisher\":{\"@id\":\"https:\/\/www.notibras.com\/site\/#organization\"},\"image\":{\"@id\":\"https:\/\/www.notibras.com\/site\/formosa-avanca-e-capta-orgaos-para-transplantes\/#primaryimage\"},\"thumbnailUrl\":\"https:\/\/www.notibras.com\/site\/wp-content\/uploads\/2023\/05\/33cc02c3-2ddc-401c-b316-a0ddc1f42d99.jpg\",\"articleSection\":[\"Quadradinho em Foco\"],\"inLanguage\":\"pt-BR\"},{\"@type\":\"WebPage\",\"@id\":\"https:\/\/www.notibras.com\/site\/formosa-avanca-e-capta-orgaos-para-transplantes\/\",\"url\":\"https:\/\/www.notibras.com\/site\/formosa-avanca-e-capta-orgaos-para-transplantes\/\",\"name\":\"Formosa avan\u00e7a e capta \u00f3rg\u00e3os para transplantes - Notibras\",\"isPartOf\":{\"@id\":\"https:\/\/www.notibras.com\/site\/#website\"},\"primaryImageOfPage\":{\"@id\":\"https:\/\/www.notibras.com\/site\/formosa-avanca-e-capta-orgaos-para-transplantes\/#primaryimage\"},\"image\":{\"@id\":\"https:\/\/www.notibras.com\/site\/formosa-avanca-e-capta-orgaos-para-transplantes\/#primaryimage\"},\"thumbnailUrl\":\"https:\/\/www.notibras.com\/site\/wp-content\/uploads\/2023\/05\/33cc02c3-2ddc-401c-b316-a0ddc1f42d99.jpg\",\"datePublished\":\"2023-05-03T20:00:26+00:00\",\"breadcrumb\":{\"@id\":\"https:\/\/www.notibras.com\/site\/formosa-avanca-e-capta-orgaos-para-transplantes\/#breadcrumb\"},\"inLanguage\":\"pt-BR\",\"potentialAction\":[{\"@type\":\"ReadAction\",\"target\":[\"https:\/\/www.notibras.com\/site\/formosa-avanca-e-capta-orgaos-para-transplantes\/\"]}]},{\"@type\":\"ImageObject\",\"inLanguage\":\"pt-BR\",\"@id\":\"https:\/\/www.notibras.com\/site\/formosa-avanca-e-capta-orgaos-para-transplantes\/#primaryimage\",\"url\":\"https:\/\/www.notibras.com\/site\/wp-content\/uploads\/2023\/05\/33cc02c3-2ddc-401c-b316-a0ddc1f42d99.jpg\",\"contentUrl\":\"https:\/\/www.notibras.com\/site\/wp-content\/uploads\/2023\/05\/33cc02c3-2ddc-401c-b316-a0ddc1f42d99.jpg\",\"width\":942,\"height\":1280},{\"@type\":\"BreadcrumbList\",\"@id\":\"https:\/\/www.notibras.com\/site\/formosa-avanca-e-capta-orgaos-para-transplantes\/#breadcrumb\",\"itemListElement\":[{\"@type\":\"ListItem\",\"position\":1,\"name\":\"In\u00edcio\",\"item\":\"https:\/\/www.notibras.com\/site\/\"},{\"@type\":\"ListItem\",\"position\":2,\"name\":\"Formosa avan\u00e7a e capta \u00f3rg\u00e3os para transplantes\"}]},{\"@type\":\"WebSite\",\"@id\":\"https:\/\/www.notibras.com\/site\/#website\",\"url\":\"https:\/\/www.notibras.com\/site\/\",\"name\":\"Notibras\",\"description\":\"Not\u00edcias de Bras\u00edlia, do Brasil e do Mundo\",\"publisher\":{\"@id\":\"https:\/\/www.notibras.com\/site\/#organization\"},\"potentialAction\":[{\"@type\":\"SearchAction\",\"target\":{\"@type\":\"EntryPoint\",\"urlTemplate\":\"https:\/\/www.notibras.com\/site\/?s={search_term_string}\"},\"query-input\":{\"@type\":\"PropertyValueSpecification\",\"valueRequired\":true,\"valueName\":\"search_term_string\"}}],\"inLanguage\":\"pt-BR\"},{\"@type\":\"Organization\",\"@id\":\"https:\/\/www.notibras.com\/site\/#organization\",\"name\":\"Grupo Notibras de Comunica\u00e7\u00e3o\",\"url\":\"https:\/\/www.notibras.com\/site\/\",\"logo\":{\"@type\":\"ImageObject\",\"inLanguage\":\"pt-BR\",\"@id\":\"https:\/\/www.notibras.com\/site\/#\/schema\/logo\/image\/\",\"url\":\"https:\/\/www.notibras.com\/site\/wp-content\/uploads\/2023\/01\/notibras23.png\",\"contentUrl\":\"https:\/\/www.notibras.com\/site\/wp-content\/uploads\/2023\/01\/notibras23.png\",\"width\":350,\"height\":87,\"caption\":\"Grupo Notibras de Comunica\u00e7\u00e3o\"},\"image\":{\"@id\":\"https:\/\/www.notibras.com\/site\/#\/schema\/logo\/image\/\"},\"sameAs\":[\"https:\/\/www.facebook.com\/notibras\/\",\"https:\/\/x.com\/Notibras\",\"https:\/\/www.instagram.com\/notibras\/\"]},{\"@type\":\"Person\",\"@id\":\"https:\/\/www.notibras.com\/site\/#\/schema\/person\/36ab0979449956132d3e5b517ea76ac8\",\"name\":\"Reda\u00e7\u00e3o\",\"image\":{\"@type\":\"ImageObject\",\"inLanguage\":\"pt-BR\",\"@id\":\"https:\/\/secure.gravatar.com\/avatar\/e0a867bdedb85fd243eadf09663511f96fc81e0720a4a42581f334ad4303aa6b?s=96&d=mm&r=g\",\"url\":\"https:\/\/secure.gravatar.com\/avatar\/e0a867bdedb85fd243eadf09663511f96fc81e0720a4a42581f334ad4303aa6b?s=96&d=mm&r=g\",\"contentUrl\":\"https:\/\/secure.gravatar.com\/avatar\/e0a867bdedb85fd243eadf09663511f96fc81e0720a4a42581f334ad4303aa6b?s=96&d=mm&r=g\",\"caption\":\"Reda\u00e7\u00e3o\"}}]}<\/script>\n<!-- \/ Yoast SEO plugin. -->","yoast_head_json":{"title":"Formosa avan\u00e7a e capta \u00f3rg\u00e3os para transplantes - Notibras","robots":{"index":"index","follow":"follow","max-snippet":"max-snippet:-1","max-image-preview":"max-image-preview:large","max-video-preview":"max-video-preview:-1"},"canonical":"https:\/\/www.notibras.com\/site\/formosa-avanca-e-capta-orgaos-para-transplantes\/","og_locale":"pt_BR","og_type":"article","og_title":"Formosa avan\u00e7a e capta \u00f3rg\u00e3os para transplantes - Notibras","og_description":"O Hospital Estadual de Formosa, unidade do Governo de Goi\u00e1s, acaba de realizar sua segunda capta\u00e7\u00e3o de \u00f3rg\u00e3os humanos para transplantes. A a\u00e7\u00e3o contou com apoio da For\u00e7a A\u00e9rea Brasileira e o Servi\u00e7o A\u00e9reos do Estado de Goi\u00e1s. Pacientes de Goi\u00e1s e do Rio de Janeiro ser\u00e3o beneficiados com f\u00edgado, rins e c\u00f3rneas doados por [&hellip;]","og_url":"https:\/\/www.notibras.com\/site\/formosa-avanca-e-capta-orgaos-para-transplantes\/","og_site_name":"Notibras","article_publisher":"https:\/\/www.facebook.com\/notibras\/","article_published_time":"2023-05-03T20:00:26+00:00","og_image":[{"width":942,"height":1280,"url":"https:\/\/www.notibras.com\/site\/wp-content\/uploads\/2023\/05\/33cc02c3-2ddc-401c-b316-a0ddc1f42d99.jpg","type":"image\/jpeg"}],"author":"Reda\u00e7\u00e3o","twitter_card":"summary_large_image","twitter_creator":"@Notibras","twitter_site":"@Notibras","twitter_misc":{"Escrito por":"Reda\u00e7\u00e3o","Est. tempo de leitura":"2 minutos"},"schema":{"@context":"https:\/\/schema.org","@graph":[{"@type":"Article","@id":"https:\/\/www.notibras.com\/site\/formosa-avanca-e-capta-orgaos-para-transplantes\/#article","isPartOf":{"@id":"https:\/\/www.notibras.com\/site\/formosa-avanca-e-capta-orgaos-para-transplantes\/"},"author":{"name":"Reda\u00e7\u00e3o","@id":"https:\/\/www.notibras.com\/site\/#\/schema\/person\/36ab0979449956132d3e5b517ea76ac8"},"headline":"Formosa avan\u00e7a e capta \u00f3rg\u00e3os para transplantes","datePublished":"2023-05-03T20:00:26+00:00","mainEntityOfPage":{"@id":"https:\/\/www.notibras.com\/site\/formosa-avanca-e-capta-orgaos-para-transplantes\/"},"wordCount":218,"publisher":{"@id":"https:\/\/www.notibras.com\/site\/#organization"},"image":{"@id":"https:\/\/www.notibras.com\/site\/formosa-avanca-e-capta-orgaos-para-transplantes\/#primaryimage"},"thumbnailUrl":"https:\/\/www.notibras.com\/site\/wp-content\/uploads\/2023\/05\/33cc02c3-2ddc-401c-b316-a0ddc1f42d99.jpg","articleSection":["Quadradinho em Foco"],"inLanguage":"pt-BR"},{"@type":"WebPage","@id":"https:\/\/www.notibras.com\/site\/formosa-avanca-e-capta-orgaos-para-transplantes\/","url":"https:\/\/www.notibras.com\/site\/formosa-avanca-e-capta-orgaos-para-transplantes\/","name":"Formosa avan\u00e7a e capta \u00f3rg\u00e3os para transplantes - Notibras","isPartOf":{"@id":"https:\/\/www.notibras.com\/site\/#website"},"primaryImageOfPage":{"@id":"https:\/\/www.notibras.com\/site\/formosa-avanca-e-capta-orgaos-para-transplantes\/#primaryimage"},"image":{"@id":"https:\/\/www.notibras.com\/site\/formosa-avanca-e-capta-orgaos-para-transplantes\/#primaryimage"},"thumbnailUrl":"https:\/\/www.notibras.com\/site\/wp-content\/uploads\/2023\/05\/33cc02c3-2ddc-401c-b316-a0ddc1f42d99.jpg","datePublished":"2023-05-03T20:00:26+00:00","breadcrumb":{"@id":"https:\/\/www.notibras.com\/site\/formosa-avanca-e-capta-orgaos-para-transplantes\/#breadcrumb"},"inLanguage":"pt-BR","potentialAction":[{"@type":"ReadAction","target":["https:\/\/www.notibras.com\/site\/formosa-avanca-e-capta-orgaos-para-transplantes\/"]}]},{"@type":"ImageObject","inLanguage":"pt-BR","@id":"https:\/\/www.notibras.com\/site\/formosa-avanca-e-capta-orgaos-para-transplantes\/#primaryimage","url":"https:\/\/www.notibras.com\/site\/wp-content\/uploads\/2023\/05\/33cc02c3-2ddc-401c-b316-a0ddc1f42d99.jpg","contentUrl":"https:\/\/www.notibras.com\/site\/wp-content\/uploads\/2023\/05\/33cc02c3-2ddc-401c-b316-a0ddc1f42d99.jpg","width":942,"height":1280},{"@type":"BreadcrumbList","@id":"https:\/\/www.notibras.com\/site\/formosa-avanca-e-capta-orgaos-para-transplantes\/#breadcrumb","itemListElement":[{"@type":"ListItem","position":1,"name":"In\u00edcio","item":"https:\/\/www.notibras.com\/site\/"},{"@type":"ListItem","position":2,"name":"Formosa avan\u00e7a e capta \u00f3rg\u00e3os para transplantes"}]},{"@type":"WebSite","@id":"https:\/\/www.notibras.com\/site\/#website","url":"https:\/\/www.notibras.com\/site\/","name":"Notibras","description":"Not\u00edcias de Bras\u00edlia, do Brasil e do Mundo","publisher":{"@id":"https:\/\/www.notibras.com\/site\/#organization"},"potentialAction":[{"@type":"SearchAction","target":{"@type":"EntryPoint","urlTemplate":"https:\/\/www.notibras.com\/site\/?s={search_term_string}"},"query-input":{"@type":"PropertyValueSpecification","valueRequired":true,"valueName":"search_term_string"}}],"inLanguage":"pt-BR"},{"@type":"Organization","@id":"https:\/\/www.notibras.com\/site\/#organization","name":"Grupo Notibras de Comunica\u00e7\u00e3o","url":"https:\/\/www.notibras.com\/site\/","logo":{"@type":"ImageObject","inLanguage":"pt-BR","@id":"https:\/\/www.notibras.com\/site\/#\/schema\/logo\/image\/","url":"https:\/\/www.notibras.com\/site\/wp-content\/uploads\/2023\/01\/notibras23.png","contentUrl":"https:\/\/www.notibras.com\/site\/wp-content\/uploads\/2023\/01\/notibras23.png","width":350,"height":87,"caption":"Grupo Notibras de Comunica\u00e7\u00e3o"},"image":{"@id":"https:\/\/www.notibras.com\/site\/#\/schema\/logo\/image\/"},"sameAs":["https:\/\/www.facebook.com\/notibras\/","https:\/\/x.com\/Notibras","https:\/\/www.instagram.com\/notibras\/"]},{"@type":"Person","@id":"https:\/\/www.notibras.com\/site\/#\/schema\/person\/36ab0979449956132d3e5b517ea76ac8","name":"Reda\u00e7\u00e3o","image":{"@type":"ImageObject","inLanguage":"pt-BR","@id":"https:\/\/secure.gravatar.com\/avatar\/e0a867bdedb85fd243eadf09663511f96fc81e0720a4a42581f334ad4303aa6b?s=96&d=mm&r=g","url":"https:\/\/secure.gravatar.com\/avatar\/e0a867bdedb85fd243eadf09663511f96fc81e0720a4a42581f334ad4303aa6b?s=96&d=mm&r=g","contentUrl":"https:\/\/secure.gravatar.com\/avatar\/e0a867bdedb85fd243eadf09663511f96fc81e0720a4a42581f334ad4303aa6b?s=96&d=mm&r=g","caption":"Reda\u00e7\u00e3o"}}]}},"amp_enabled":true,"_links":{"self":[{"href":"https:\/\/www.notibras.com\/site\/wp-json\/wp\/v2\/posts\/304118","targetHints":{"allow":["GET"]}}],"collection":[{"href":"https:\/\/www.notibras.com\/site\/wp-json\/wp\/v2\/posts"}],"about":[{"href":"https:\/\/www.notibras.com\/site\/wp-json\/wp\/v2\/types\/post"}],"author":[{"embeddable":true,"href":"https:\/\/www.notibras.com\/site\/wp-json\/wp\/v2\/users\/2"}],"replies":[{"embeddable":true,"href":"https:\/\/www.notibras.com\/site\/wp-json\/wp\/v2\/comments?post=304118"}],"version-history":[{"count":1,"href":"https:\/\/www.notibras.com\/site\/wp-json\/wp\/v2\/posts\/304118\/revisions"}],"predecessor-version":[{"id":304120,"href":"https:\/\/www.notibras.com\/site\/wp-json\/wp\/v2\/posts\/304118\/revisions\/304120"}],"wp:featuredmedia":[{"embeddable":true,"href":"https:\/\/www.notibras.com\/site\/wp-json\/wp\/v2\/media\/304119"}],"wp:attachment":[{"href":"https:\/\/www.notibras.com\/site\/wp-json\/wp\/v2\/media?parent=304118"}],"wp:term":[{"taxonomy":"category","embeddable":true,"href":"https:\/\/www.notibras.com\/site\/wp-json\/wp\/v2\/categories?post=304118"},{"taxonomy":"post_tag","embeddable":true,"href":"https:\/\/www.notibras.com\/site\/wp-json\/wp\/v2\/tags?post=304118"}],"curies":[{"name":"wp","href":"https:\/\/api.w.org\/{rel}","templated":true}]}}