{"id":304141,"date":"2023-05-04T07:26:34","date_gmt":"2023-05-04T10:26:34","guid":{"rendered":"https:\/\/www.notibras.com\/site\/?p=304141"},"modified":"2023-05-04T07:26:34","modified_gmt":"2023-05-04T10:26:34","slug":"cursos-de-capacitacao-acontecem-entre-maio-e-junho","status":"publish","type":"post","link":"https:\/\/www.notibras.com\/site\/cursos-de-capacitacao-acontecem-entre-maio-e-junho\/","title":{"rendered":"Cursos de capacita\u00e7\u00e3o acontecem entre maio e junho"},"content":{"rendered":"<p>Seguindo novo mote, &#8220;Jornada do Empreendedor&#8221;, a partir de 8 de maio, o Cufa Empreenda realiza novas oficinas de capacita\u00e7\u00e3o, em modo h\u00edbrido, ou seja, o primeiro m\u00f3dulo do projeto promove 4 encontros virtuais que acontecem no canal da institui\u00e7\u00e3o e o segundo proporciona os demais encontros presenciais, no Sesc Ceil\u00e2ndia, com uma equipe de profissionais de refer\u00eancia. As inscri\u00e7\u00f5es devem ser realizadas pelo site da entidade.<\/p>\n<p>A programa\u00e7\u00e3o conta com 8 distintos cursos, como Redes Sociais, Gest\u00e3o Financeira, Plano de Neg\u00f3cios e Oficina de Co cria\u00e7\u00e3o, por exemplo, al\u00e9m de monitorias individuais com os professores. A proposta para esta temporada do Empreenda \u00e9 que os alunos participem de toda a forma\u00e7\u00e3o j\u00e1 que as aulas foram pensadas e constru\u00eddas para serem complementares, promovendo assim uma ampla capacita\u00e7\u00e3o para aqueles que empreendem ou sonham com o pr\u00f3prio neg\u00f3cio.<\/p>\n<p>O projeto \u2013 iniciado em 2020, no marco do concurso de beleza Top Cufa-DF \u2013 ofereceu ao p\u00fablico empreendedor de Bras\u00edlia forma\u00e7\u00f5es gratuitas em diferentes edi\u00e7\u00f5es que aconteceram em 2021 e 2022. Este ano, o projeto segue a todo vapor al\u00e7ando novos voos. A novidade nesta edi\u00e7\u00e3o \u00e9 que, para as pessoas que n\u00e3o se inscreveram nas oficinas virtuais e t\u00eam interesse em adquirir o conhecimento compartilhado, a Central ir\u00e1 disponibilizar as aulas no site da organiza\u00e7\u00e3o, tornando assim o conhecimento ainda mais acess\u00edvel.<\/p>\n<p>Essa nova fase, idealizada para expandir o alcance do projeto, \u00e9 promovida pela Central \u00danica das Favelas do Distrito Federal (Cufa\/DF), em parceria com o Projeto SA e com o Minist\u00e9rio P\u00fablico do Trabalho. Como explica o pr\u00f3prio presidente da Cufa-DF, Bruno Kesseler, &#8220;nosso objetivo principal, com a edi\u00e7\u00e3o Jornada do Empreendedor, \u00e9 dar continuidade a um trabalho muito importante e que tem dado resultados muito positivos. Um projeto que realizamos h\u00e1 tr\u00eas anos com as comunidades perif\u00e9ricas. Nossa proposta \u00e9 a de expans\u00e3o permanente, por\u00e9m, buscando sempre maior qualidade&#8221;. Veja cronograma dos cursos:<\/p>\n<p><strong>M\u00f3dulo I &#8211; Online e ao vivo<\/strong><br \/>\nCurso: Voc\u00ea e Seu Neg\u00f3cio na Pr\u00e1tica.<br \/>\n\u00b7Data: 8 de maio (segunda-feira)<br \/>\n\u00b7Hor\u00e1rio: 19h30 \u00e0s 21h30<br \/>\n\u00b7Dura\u00e7\u00e3o: 2h.<br \/>\n\u00b7Local: Canal Cufa DF.<br \/>\n\u00b7Professora: Angelica Diano.<br \/>\n\u00b7Sobre a oficina: &#8220;Voc\u00ea e Seu Neg\u00f3cio na Pr\u00e1tica&#8221; \u00e9 a oficina de introdu\u00e7\u00e3o da Jornada do Empreendedor. E assim como uma jornada, \u00e9 nessa aula que proporcionamos aos alunos, conceitos b\u00e1sicos para come\u00e7ar e manter um neg\u00f3cio. A proposta \u00e9 fazer uma an\u00e1lise espec\u00edfica e detalhada para que o caminho seja de bons frutos.<\/p>\n<p>Curso: Ferramentas de Gest\u00e3o para o Sucesso.<br \/>\n\u00b7Data: 15 de maio (segunda-feira)<br \/>\n\u00b7Hor\u00e1rio: 19h30 \u00e0s 21h30<br \/>\n\u00b7Dura\u00e7\u00e3o: 2h.<br \/>\n\u00b7Local: Canal Cufa DF.<br \/>\n\u00b7Professor: Leo Ornelas.<br \/>\n\u00b7Sobre a oficina: agora que j\u00e1 sabemos para onde vamos e temos um plano, precisamos de ferramentas que nos auxiliem durante essa jornada. Quais s\u00e3o os equipamentos e tecnologias que ir\u00e3o auxiliar o pr\u00f3prio neg\u00f3cio? Essa e outras quest\u00f5es ser\u00e3o respondidas e experimentadas neste encontro.<\/p>\n<p>Curso: Redes Sociais.<br \/>\n\u00b7Data: 22 de maio (segunda-feira)<br \/>\n\u00b7Hor\u00e1rio: 19h30 \u00e0s 21h30h<br \/>\n\u00b7Dura\u00e7\u00e3o: 2h.<br \/>\n\u00b7Local: Canal Cufa DF.<br \/>\n\u00b7Professora: Tauana Oliveira.<br \/>\n\u00b7Sobre a oficina: se tem algo que o empreendedor quer \u00e9 vender. Ele precisa desse combust\u00edvel para continuar a jornada. E, hoje em dia, sabemos que um excelente caminho para as vendas s\u00e3o as redes sociais. \u00c9 muito importante que o empreendedor conhe\u00e7a o funcionamento das redes sociais e tudo o que ela engloba para colaborar com o crescimento do neg\u00f3cio.<\/p>\n<p>Curso: Gest\u00e3o Financeira &#8211; Valores e Custos.<br \/>\n\u00b7Data: 29 de maio (segunda-feira)<br \/>\n\u00b7Hor\u00e1rio: 19h30 h \u00e0s 21:30h<br \/>\n\u00b7Dura\u00e7\u00e3o: 2h.<br \/>\n\u00b7Local: Canal Cufa DF.<br \/>\n\u00b7Professora: Lai Santiago.<br \/>\n\u00b7Sobre a oficina: chegamos na fase da jornada em que precisamos falar de dinheiro. \u00c9 aqui, neste encontro, onde vamos aprender a lidar com a gest\u00e3o financeira da nossa empresa. Quais os aspectos devem ser priorizados, como e quais os crit\u00e9rios para precificar produtos e servi\u00e7os.<\/p>\n<p><strong>M\u00f3dulo II &#8211; Presencial<\/strong><br \/>\nCurso: Plano de Neg\u00f3cios I<br \/>\nData: 10 de junho (s\u00e1bado)<br \/>\n\u00b7Hor\u00e1rio: 09 \u00e0s 12h<br \/>\n\u00b7Dura\u00e7\u00e3o: 3h<br \/>\n\u00b7Local: Sesc Ceil\u00e2ndia.<br \/>\n\u00b7Sobre a oficina: no segundo m\u00f3dulo da Jornada do Empreendedor, o projeto dar\u00e1 continuidade \u00e0s capacita\u00e7\u00f5es com os encontros presenciais. Nesta etapa as seguintes perguntas ir\u00e3o basear a primeira aula: O que preciso saber para vender mais? Como me comunicar para alcan\u00e7ar minha meta de vendas?<\/p>\n<p>Exemplos do dia a dia, refer\u00eancias de livros, v\u00eddeos, cases de sucesso e din\u00e2micas de intera\u00e7\u00e3o, far\u00e3o parte da aula presencial. O objetivo \u00e9 desenvolver as habilidades de comunica\u00e7\u00e3o e persuas\u00e3o.<\/p>\n<p>Curso: Plano de Neg\u00f3cios II<br \/>\n\u00b7Data: 11 de junho (domingo)<br \/>\n\u00b7Hor\u00e1rio: 09 \u00e0s 12h<br \/>\n\u00b7Dura\u00e7\u00e3o: 3h<br \/>\n\u00b7Local: Sesc Ceil\u00e2ndia.<br \/>\n\u00b7Sobre a oficina: &#8220;\u00c9 hora do Pitch&#8221;. A pr\u00e1tica de olhar para as pessoas, enxergar poss\u00edveis clientes e trabalhar a comunica\u00e7\u00e3o efetiva no processo de vendas s\u00e3o estrat\u00e9gias que far\u00e3o parte da nossa jornada. Neste momento faremos mais um dia de treinamento pr\u00e1tico do pitch de vendas.<\/p>\n<p>Curso: Formaliza\u00e7\u00e3o Fomentos e Portf\u00f3lio<br \/>\n\u00b7Data: 17 de junho (s\u00e1bado)<br \/>\n\u00b7Hor\u00e1rio: 09 \u00e0s 12h<br \/>\n\u00b7Dura\u00e7\u00e3o: 3h<br \/>\n\u00b7Local: Sesc Ceil\u00e2ndia.<br \/>\n\u00b7Sobre a oficina: e agora, quais as possibilidades de expans\u00e3o da minha empresa? O processo de formaliza\u00e7\u00e3o e entendimento das leis de trabalho e de alternativas de fomentos v\u00e3o ajudar seu neg\u00f3cio a estar cada vez mais profissional.<\/p>\n<p>Curso: Oficina de Co cria\u00e7\u00e3o e Simp\u00f3sio<br \/>\n\u00b7Data: 18 de junho (domingo)<br \/>\n\u00b7Hor\u00e1rio: 09 \u00e0s 15h<br \/>\n\u00b7Dura\u00e7\u00e3o: manh\u00e3 e tarde.<br \/>\n\u00b7Local: Sesc Ceil\u00e2ndia.<br \/>\n\u00b7Sobre a oficina: \u00daltimo encontro, chegamos ao fim de nossa jornada. Neste momento vamos construir, em equipe, uma grande ideia de neg\u00f3cios para trabalharmos a nossa criatividade. A din\u00e2mica acontece com atividades pr\u00e1ticas que v\u00e3o envolver todo o processo da jornada at\u00e9 aqui, do olhar para o seu neg\u00f3cio at\u00e9 a formaliza\u00e7\u00e3o. E na finaliza\u00e7\u00e3o do dia de trabalho, teremos um grande encontro com nomes que s\u00e3o grandes refer\u00eancias do empreendedorismo.<\/p>\n","protected":false},"excerpt":{"rendered":"<p>Seguindo novo mote, &#8220;Jornada do Empreendedor&#8221;, a partir de 8 de maio, o Cufa Empreenda realiza novas oficinas de capacita\u00e7\u00e3o, em modo h\u00edbrido, ou seja, o primeiro m\u00f3dulo do projeto promove 4 encontros virtuais que acontecem no canal da institui\u00e7\u00e3o e o segundo proporciona os demais encontros presenciais, no Sesc Ceil\u00e2ndia, com uma equipe de [&hellip;]<\/p>\n","protected":false},"author":2,"featured_media":304142,"comment_status":"closed","ping_status":"closed","sticky":false,"template":"","format":"standard","meta":{"_acf_changed":false,"footnotes":""},"categories":[161],"tags":[],"class_list":["post-304141","post","type-post","status-publish","format-standard","has-post-thumbnail","hentry","category-quadradinho-em-foco"],"acf":[],"yoast_head":"<!-- This site is optimized with the Yoast SEO plugin v27.2 - https:\/\/yoast.com\/product\/yoast-seo-wordpress\/ -->\n<title>Cursos de capacita\u00e7\u00e3o acontecem entre maio e junho - Notibras<\/title>\n<meta name=\"robots\" content=\"index, follow, max-snippet:-1, max-image-preview:large, max-video-preview:-1\" \/>\n<link rel=\"canonical\" href=\"https:\/\/www.notibras.com\/site\/cursos-de-capacitacao-acontecem-entre-maio-e-junho\/\" \/>\n<meta property=\"og:locale\" content=\"pt_BR\" \/>\n<meta property=\"og:type\" content=\"article\" \/>\n<meta property=\"og:title\" content=\"Cursos de capacita\u00e7\u00e3o acontecem entre maio e junho - Notibras\" \/>\n<meta property=\"og:description\" content=\"Seguindo novo mote, &#8220;Jornada do Empreendedor&#8221;, a partir de 8 de maio, o Cufa Empreenda realiza novas oficinas de capacita\u00e7\u00e3o, em modo h\u00edbrido, ou seja, o primeiro m\u00f3dulo do projeto promove 4 encontros virtuais que acontecem no canal da institui\u00e7\u00e3o e o segundo proporciona os demais encontros presenciais, no Sesc Ceil\u00e2ndia, com uma equipe de [&hellip;]\" \/>\n<meta property=\"og:url\" content=\"https:\/\/www.notibras.com\/site\/cursos-de-capacitacao-acontecem-entre-maio-e-junho\/\" \/>\n<meta property=\"og:site_name\" content=\"Notibras\" \/>\n<meta property=\"article:publisher\" content=\"https:\/\/www.facebook.com\/notibras\/\" \/>\n<meta property=\"article:published_time\" content=\"2023-05-04T10:26:34+00:00\" \/>\n<meta property=\"og:image\" content=\"https:\/\/www.notibras.com\/site\/wp-content\/uploads\/2023\/05\/cufa.emp_.jpg\" \/>\n\t<meta property=\"og:image:width\" content=\"728\" \/>\n\t<meta property=\"og:image:height\" content=\"486\" \/>\n\t<meta property=\"og:image:type\" content=\"image\/jpeg\" \/>\n<meta name=\"author\" content=\"Reda\u00e7\u00e3o\" \/>\n<meta name=\"twitter:card\" content=\"summary_large_image\" \/>\n<meta name=\"twitter:creator\" content=\"@Notibras\" \/>\n<meta name=\"twitter:site\" content=\"@Notibras\" \/>\n<meta name=\"twitter:label1\" content=\"Escrito por\" \/>\n\t<meta name=\"twitter:data1\" content=\"Reda\u00e7\u00e3o\" \/>\n\t<meta name=\"twitter:label2\" content=\"Est. tempo de leitura\" \/>\n\t<meta name=\"twitter:data2\" content=\"6 minutos\" \/>\n<script type=\"application\/ld+json\" class=\"yoast-schema-graph\">{\"@context\":\"https:\/\/schema.org\",\"@graph\":[{\"@type\":\"Article\",\"@id\":\"https:\/\/www.notibras.com\/site\/cursos-de-capacitacao-acontecem-entre-maio-e-junho\/#article\",\"isPartOf\":{\"@id\":\"https:\/\/www.notibras.com\/site\/cursos-de-capacitacao-acontecem-entre-maio-e-junho\/\"},\"author\":{\"name\":\"Reda\u00e7\u00e3o\",\"@id\":\"https:\/\/www.notibras.com\/site\/#\/schema\/person\/36ab0979449956132d3e5b517ea76ac8\"},\"headline\":\"Cursos de capacita\u00e7\u00e3o acontecem entre maio e junho\",\"datePublished\":\"2023-05-04T10:26:34+00:00\",\"mainEntityOfPage\":{\"@id\":\"https:\/\/www.notibras.com\/site\/cursos-de-capacitacao-acontecem-entre-maio-e-junho\/\"},\"wordCount\":1043,\"publisher\":{\"@id\":\"https:\/\/www.notibras.com\/site\/#organization\"},\"image\":{\"@id\":\"https:\/\/www.notibras.com\/site\/cursos-de-capacitacao-acontecem-entre-maio-e-junho\/#primaryimage\"},\"thumbnailUrl\":\"https:\/\/www.notibras.com\/site\/wp-content\/uploads\/2023\/05\/cufa.emp_.jpg\",\"articleSection\":[\"Quadradinho em Foco\"],\"inLanguage\":\"pt-BR\"},{\"@type\":\"WebPage\",\"@id\":\"https:\/\/www.notibras.com\/site\/cursos-de-capacitacao-acontecem-entre-maio-e-junho\/\",\"url\":\"https:\/\/www.notibras.com\/site\/cursos-de-capacitacao-acontecem-entre-maio-e-junho\/\",\"name\":\"Cursos de capacita\u00e7\u00e3o acontecem entre maio e junho - Notibras\",\"isPartOf\":{\"@id\":\"https:\/\/www.notibras.com\/site\/#website\"},\"primaryImageOfPage\":{\"@id\":\"https:\/\/www.notibras.com\/site\/cursos-de-capacitacao-acontecem-entre-maio-e-junho\/#primaryimage\"},\"image\":{\"@id\":\"https:\/\/www.notibras.com\/site\/cursos-de-capacitacao-acontecem-entre-maio-e-junho\/#primaryimage\"},\"thumbnailUrl\":\"https:\/\/www.notibras.com\/site\/wp-content\/uploads\/2023\/05\/cufa.emp_.jpg\",\"datePublished\":\"2023-05-04T10:26:34+00:00\",\"breadcrumb\":{\"@id\":\"https:\/\/www.notibras.com\/site\/cursos-de-capacitacao-acontecem-entre-maio-e-junho\/#breadcrumb\"},\"inLanguage\":\"pt-BR\",\"potentialAction\":[{\"@type\":\"ReadAction\",\"target\":[\"https:\/\/www.notibras.com\/site\/cursos-de-capacitacao-acontecem-entre-maio-e-junho\/\"]}]},{\"@type\":\"ImageObject\",\"inLanguage\":\"pt-BR\",\"@id\":\"https:\/\/www.notibras.com\/site\/cursos-de-capacitacao-acontecem-entre-maio-e-junho\/#primaryimage\",\"url\":\"https:\/\/www.notibras.com\/site\/wp-content\/uploads\/2023\/05\/cufa.emp_.jpg\",\"contentUrl\":\"https:\/\/www.notibras.com\/site\/wp-content\/uploads\/2023\/05\/cufa.emp_.jpg\",\"width\":728,\"height\":486},{\"@type\":\"BreadcrumbList\",\"@id\":\"https:\/\/www.notibras.com\/site\/cursos-de-capacitacao-acontecem-entre-maio-e-junho\/#breadcrumb\",\"itemListElement\":[{\"@type\":\"ListItem\",\"position\":1,\"name\":\"In\u00edcio\",\"item\":\"https:\/\/www.notibras.com\/site\/\"},{\"@type\":\"ListItem\",\"position\":2,\"name\":\"Cursos de capacita\u00e7\u00e3o acontecem entre maio e junho\"}]},{\"@type\":\"WebSite\",\"@id\":\"https:\/\/www.notibras.com\/site\/#website\",\"url\":\"https:\/\/www.notibras.com\/site\/\",\"name\":\"Notibras\",\"description\":\"Not\u00edcias de Bras\u00edlia, do Brasil e do Mundo\",\"publisher\":{\"@id\":\"https:\/\/www.notibras.com\/site\/#organization\"},\"potentialAction\":[{\"@type\":\"SearchAction\",\"target\":{\"@type\":\"EntryPoint\",\"urlTemplate\":\"https:\/\/www.notibras.com\/site\/?s={search_term_string}\"},\"query-input\":{\"@type\":\"PropertyValueSpecification\",\"valueRequired\":true,\"valueName\":\"search_term_string\"}}],\"inLanguage\":\"pt-BR\"},{\"@type\":\"Organization\",\"@id\":\"https:\/\/www.notibras.com\/site\/#organization\",\"name\":\"Grupo Notibras de Comunica\u00e7\u00e3o\",\"url\":\"https:\/\/www.notibras.com\/site\/\",\"logo\":{\"@type\":\"ImageObject\",\"inLanguage\":\"pt-BR\",\"@id\":\"https:\/\/www.notibras.com\/site\/#\/schema\/logo\/image\/\",\"url\":\"https:\/\/www.notibras.com\/site\/wp-content\/uploads\/2023\/01\/notibras23.png\",\"contentUrl\":\"https:\/\/www.notibras.com\/site\/wp-content\/uploads\/2023\/01\/notibras23.png\",\"width\":350,\"height\":87,\"caption\":\"Grupo Notibras de Comunica\u00e7\u00e3o\"},\"image\":{\"@id\":\"https:\/\/www.notibras.com\/site\/#\/schema\/logo\/image\/\"},\"sameAs\":[\"https:\/\/www.facebook.com\/notibras\/\",\"https:\/\/x.com\/Notibras\",\"https:\/\/www.instagram.com\/notibras\/\"]},{\"@type\":\"Person\",\"@id\":\"https:\/\/www.notibras.com\/site\/#\/schema\/person\/36ab0979449956132d3e5b517ea76ac8\",\"name\":\"Reda\u00e7\u00e3o\",\"image\":{\"@type\":\"ImageObject\",\"inLanguage\":\"pt-BR\",\"@id\":\"https:\/\/secure.gravatar.com\/avatar\/e0a867bdedb85fd243eadf09663511f96fc81e0720a4a42581f334ad4303aa6b?s=96&d=mm&r=g\",\"url\":\"https:\/\/secure.gravatar.com\/avatar\/e0a867bdedb85fd243eadf09663511f96fc81e0720a4a42581f334ad4303aa6b?s=96&d=mm&r=g\",\"contentUrl\":\"https:\/\/secure.gravatar.com\/avatar\/e0a867bdedb85fd243eadf09663511f96fc81e0720a4a42581f334ad4303aa6b?s=96&d=mm&r=g\",\"caption\":\"Reda\u00e7\u00e3o\"}}]}<\/script>\n<!-- \/ Yoast SEO plugin. -->","yoast_head_json":{"title":"Cursos de capacita\u00e7\u00e3o acontecem entre maio e junho - Notibras","robots":{"index":"index","follow":"follow","max-snippet":"max-snippet:-1","max-image-preview":"max-image-preview:large","max-video-preview":"max-video-preview:-1"},"canonical":"https:\/\/www.notibras.com\/site\/cursos-de-capacitacao-acontecem-entre-maio-e-junho\/","og_locale":"pt_BR","og_type":"article","og_title":"Cursos de capacita\u00e7\u00e3o acontecem entre maio e junho - Notibras","og_description":"Seguindo novo mote, &#8220;Jornada do Empreendedor&#8221;, a partir de 8 de maio, o Cufa Empreenda realiza novas oficinas de capacita\u00e7\u00e3o, em modo h\u00edbrido, ou seja, o primeiro m\u00f3dulo do projeto promove 4 encontros virtuais que acontecem no canal da institui\u00e7\u00e3o e o segundo proporciona os demais encontros presenciais, no Sesc Ceil\u00e2ndia, com uma equipe de [&hellip;]","og_url":"https:\/\/www.notibras.com\/site\/cursos-de-capacitacao-acontecem-entre-maio-e-junho\/","og_site_name":"Notibras","article_publisher":"https:\/\/www.facebook.com\/notibras\/","article_published_time":"2023-05-04T10:26:34+00:00","og_image":[{"width":728,"height":486,"url":"https:\/\/www.notibras.com\/site\/wp-content\/uploads\/2023\/05\/cufa.emp_.jpg","type":"image\/jpeg"}],"author":"Reda\u00e7\u00e3o","twitter_card":"summary_large_image","twitter_creator":"@Notibras","twitter_site":"@Notibras","twitter_misc":{"Escrito por":"Reda\u00e7\u00e3o","Est. tempo de leitura":"6 minutos"},"schema":{"@context":"https:\/\/schema.org","@graph":[{"@type":"Article","@id":"https:\/\/www.notibras.com\/site\/cursos-de-capacitacao-acontecem-entre-maio-e-junho\/#article","isPartOf":{"@id":"https:\/\/www.notibras.com\/site\/cursos-de-capacitacao-acontecem-entre-maio-e-junho\/"},"author":{"name":"Reda\u00e7\u00e3o","@id":"https:\/\/www.notibras.com\/site\/#\/schema\/person\/36ab0979449956132d3e5b517ea76ac8"},"headline":"Cursos de capacita\u00e7\u00e3o acontecem entre maio e junho","datePublished":"2023-05-04T10:26:34+00:00","mainEntityOfPage":{"@id":"https:\/\/www.notibras.com\/site\/cursos-de-capacitacao-acontecem-entre-maio-e-junho\/"},"wordCount":1043,"publisher":{"@id":"https:\/\/www.notibras.com\/site\/#organization"},"image":{"@id":"https:\/\/www.notibras.com\/site\/cursos-de-capacitacao-acontecem-entre-maio-e-junho\/#primaryimage"},"thumbnailUrl":"https:\/\/www.notibras.com\/site\/wp-content\/uploads\/2023\/05\/cufa.emp_.jpg","articleSection":["Quadradinho em Foco"],"inLanguage":"pt-BR"},{"@type":"WebPage","@id":"https:\/\/www.notibras.com\/site\/cursos-de-capacitacao-acontecem-entre-maio-e-junho\/","url":"https:\/\/www.notibras.com\/site\/cursos-de-capacitacao-acontecem-entre-maio-e-junho\/","name":"Cursos de capacita\u00e7\u00e3o acontecem entre maio e junho - Notibras","isPartOf":{"@id":"https:\/\/www.notibras.com\/site\/#website"},"primaryImageOfPage":{"@id":"https:\/\/www.notibras.com\/site\/cursos-de-capacitacao-acontecem-entre-maio-e-junho\/#primaryimage"},"image":{"@id":"https:\/\/www.notibras.com\/site\/cursos-de-capacitacao-acontecem-entre-maio-e-junho\/#primaryimage"},"thumbnailUrl":"https:\/\/www.notibras.com\/site\/wp-content\/uploads\/2023\/05\/cufa.emp_.jpg","datePublished":"2023-05-04T10:26:34+00:00","breadcrumb":{"@id":"https:\/\/www.notibras.com\/site\/cursos-de-capacitacao-acontecem-entre-maio-e-junho\/#breadcrumb"},"inLanguage":"pt-BR","potentialAction":[{"@type":"ReadAction","target":["https:\/\/www.notibras.com\/site\/cursos-de-capacitacao-acontecem-entre-maio-e-junho\/"]}]},{"@type":"ImageObject","inLanguage":"pt-BR","@id":"https:\/\/www.notibras.com\/site\/cursos-de-capacitacao-acontecem-entre-maio-e-junho\/#primaryimage","url":"https:\/\/www.notibras.com\/site\/wp-content\/uploads\/2023\/05\/cufa.emp_.jpg","contentUrl":"https:\/\/www.notibras.com\/site\/wp-content\/uploads\/2023\/05\/cufa.emp_.jpg","width":728,"height":486},{"@type":"BreadcrumbList","@id":"https:\/\/www.notibras.com\/site\/cursos-de-capacitacao-acontecem-entre-maio-e-junho\/#breadcrumb","itemListElement":[{"@type":"ListItem","position":1,"name":"In\u00edcio","item":"https:\/\/www.notibras.com\/site\/"},{"@type":"ListItem","position":2,"name":"Cursos de capacita\u00e7\u00e3o acontecem entre maio e junho"}]},{"@type":"WebSite","@id":"https:\/\/www.notibras.com\/site\/#website","url":"https:\/\/www.notibras.com\/site\/","name":"Notibras","description":"Not\u00edcias de Bras\u00edlia, do Brasil e do Mundo","publisher":{"@id":"https:\/\/www.notibras.com\/site\/#organization"},"potentialAction":[{"@type":"SearchAction","target":{"@type":"EntryPoint","urlTemplate":"https:\/\/www.notibras.com\/site\/?s={search_term_string}"},"query-input":{"@type":"PropertyValueSpecification","valueRequired":true,"valueName":"search_term_string"}}],"inLanguage":"pt-BR"},{"@type":"Organization","@id":"https:\/\/www.notibras.com\/site\/#organization","name":"Grupo Notibras de Comunica\u00e7\u00e3o","url":"https:\/\/www.notibras.com\/site\/","logo":{"@type":"ImageObject","inLanguage":"pt-BR","@id":"https:\/\/www.notibras.com\/site\/#\/schema\/logo\/image\/","url":"https:\/\/www.notibras.com\/site\/wp-content\/uploads\/2023\/01\/notibras23.png","contentUrl":"https:\/\/www.notibras.com\/site\/wp-content\/uploads\/2023\/01\/notibras23.png","width":350,"height":87,"caption":"Grupo Notibras de Comunica\u00e7\u00e3o"},"image":{"@id":"https:\/\/www.notibras.com\/site\/#\/schema\/logo\/image\/"},"sameAs":["https:\/\/www.facebook.com\/notibras\/","https:\/\/x.com\/Notibras","https:\/\/www.instagram.com\/notibras\/"]},{"@type":"Person","@id":"https:\/\/www.notibras.com\/site\/#\/schema\/person\/36ab0979449956132d3e5b517ea76ac8","name":"Reda\u00e7\u00e3o","image":{"@type":"ImageObject","inLanguage":"pt-BR","@id":"https:\/\/secure.gravatar.com\/avatar\/e0a867bdedb85fd243eadf09663511f96fc81e0720a4a42581f334ad4303aa6b?s=96&d=mm&r=g","url":"https:\/\/secure.gravatar.com\/avatar\/e0a867bdedb85fd243eadf09663511f96fc81e0720a4a42581f334ad4303aa6b?s=96&d=mm&r=g","contentUrl":"https:\/\/secure.gravatar.com\/avatar\/e0a867bdedb85fd243eadf09663511f96fc81e0720a4a42581f334ad4303aa6b?s=96&d=mm&r=g","caption":"Reda\u00e7\u00e3o"}}]}},"amp_enabled":true,"_links":{"self":[{"href":"https:\/\/www.notibras.com\/site\/wp-json\/wp\/v2\/posts\/304141","targetHints":{"allow":["GET"]}}],"collection":[{"href":"https:\/\/www.notibras.com\/site\/wp-json\/wp\/v2\/posts"}],"about":[{"href":"https:\/\/www.notibras.com\/site\/wp-json\/wp\/v2\/types\/post"}],"author":[{"embeddable":true,"href":"https:\/\/www.notibras.com\/site\/wp-json\/wp\/v2\/users\/2"}],"replies":[{"embeddable":true,"href":"https:\/\/www.notibras.com\/site\/wp-json\/wp\/v2\/comments?post=304141"}],"version-history":[{"count":1,"href":"https:\/\/www.notibras.com\/site\/wp-json\/wp\/v2\/posts\/304141\/revisions"}],"predecessor-version":[{"id":304143,"href":"https:\/\/www.notibras.com\/site\/wp-json\/wp\/v2\/posts\/304141\/revisions\/304143"}],"wp:featuredmedia":[{"embeddable":true,"href":"https:\/\/www.notibras.com\/site\/wp-json\/wp\/v2\/media\/304142"}],"wp:attachment":[{"href":"https:\/\/www.notibras.com\/site\/wp-json\/wp\/v2\/media?parent=304141"}],"wp:term":[{"taxonomy":"category","embeddable":true,"href":"https:\/\/www.notibras.com\/site\/wp-json\/wp\/v2\/categories?post=304141"},{"taxonomy":"post_tag","embeddable":true,"href":"https:\/\/www.notibras.com\/site\/wp-json\/wp\/v2\/tags?post=304141"}],"curies":[{"name":"wp","href":"https:\/\/api.w.org\/{rel}","templated":true}]}}