{"id":304145,"date":"2023-05-04T09:35:59","date_gmt":"2023-05-04T12:35:59","guid":{"rendered":"https:\/\/www.notibras.com\/site\/?p=304145"},"modified":"2023-05-04T09:35:34","modified_gmt":"2023-05-04T12:35:34","slug":"guerra-do-som-alto-provoca-surdez-apocaliptica","status":"publish","type":"post","link":"https:\/\/www.notibras.com\/site\/guerra-do-som-alto-provoca-surdez-apocaliptica\/","title":{"rendered":"Guerra do som alto provoca surdez apocal\u00edptica"},"content":{"rendered":"<p>Essa hist\u00f3ria aconteceu h\u00e1 muitos anos. Para dizer a verdade, eu havia me esquecido dela, at\u00e9 que a Ninica, a minha filha, me lembrou. Eu nem queria escrever sobre esse ocorrido, mas a minha mulher, a maravilhosa Dona Irene, me obrigou a sentar em frente ao computador e come\u00e7ar a digitar.<\/p>\n<p>Nessa \u00e9poca, eu ainda era funcion\u00e1rio do Banco do Brasil. Entrava \u00e0s 8 e sa\u00eda \u00e0s 14h15. Em seguida, ia direto para a cl\u00ednica veterin\u00e1ria, onde eu ficava, muitas vezes, at\u00e9 altas horas da noite. Isso de segunda a sexta. Al\u00e9m disso, eu tamb\u00e9m trabalhava na veterin\u00e1ria aos s\u00e1bados o dia inteiro e, pasmem, inclusive aos domingos, na parte da manh\u00e3.<\/p>\n<p>Ali\u00e1s, foi nessa \u00e9poca que escrevi o meu primeiro romance, &#8220;Despido de ilus\u00f5es&#8221;, al\u00e9m de outros textos. Como voc\u00ea pode perceber, a minha vida era muito corrida. No entanto, como um antigo colega da Rural (UFRRJ), o M\u00e1rcio, costumava dizer, para mim era at\u00e9 f\u00e1cil, j\u00e1 que o meu dia tinha 25 horas.<\/p>\n<p>Pois bem, l\u00e1 estava eu naquele fat\u00eddico domingo, depois de chegar em casa, tomar banho e, finalmente, sentar no sof\u00e1 para almo\u00e7ar. Nem me lembro de ter dado a primeira garfada, pois acabei adormecendo com o prato de comida no colo. De repente, acordei assustado e joguei o prato pro alto. Foi farofa pra todo lado. Uma gritaria louca vinda justamente da casa em frente \u00e0 minha. Ainda ressabiado, me levantei e fui ver o que era. N\u00e3o \u00e9 que a vizinha resolveu transformar a sua resid\u00eancia em uma igreja?<\/p>\n<p>N\u00e3o sou de arrumar confus\u00e3o com ningu\u00e9m. Por isso, fechei todas as janelas para abafar ao m\u00e1ximo aquela histeria religiosa. Mas que nada! Do jeito que aquele povo gritava, at\u00e9 pensei que Deus precisa arrumar um aparelho pra surdez o mais r\u00e1pido poss\u00edvel. Seja como for, tomei coragem e fui tentar conversar com a minha vizinha, que nem deu bola para as minhas queixas. Ela simplesmente me disse: &#8220;Irm\u00e3o, venha ouvir a palavra do Senhor!&#8221; Eu apenas consegui pensar em uma coisa, mas n\u00e3o tive coragem de dizer: &#8220;\u00d4, sua doida, do jeito que voc\u00eas est\u00e3o gritando, ningu\u00e9m consegue mesmo ouvir as palavras Dele!&#8221;<\/p>\n<p>Voltei para a minha casa e, juro, tentei controlar meus \u00edmpetos assassinos. Eu me joguei no sof\u00e1 e coloquei duas almofadas nas minhas orelhas. Nada abafava aqueles berros! Diante dessa situa\u00e7\u00e3o, resolvi fazer algo que n\u00e3o recomendo a ningu\u00e9m. Coloquei o aparelho de som na varanda, justamente virado para a igreja da minha vizinha. Agora era guerra! Peguei um velho disco do Raul Seixas, escolhi uma m\u00fasica bem apropriada para aquela ocasi\u00e3o; &#8220;O Diabo \u00e9 o pai do rock&#8221;. Foi um festival de m\u00edsseis de Deus de l\u00e1, uma verdadeira bomba at\u00f4mica do Capeta daqui. At\u00e9 que acabei adormecendo com toda aquela barulheira. \u00c9 que, quando fico estressado, me d\u00e1 um sono t\u00e3o intenso, que n\u00e3o h\u00e1 santo que me acorde.<\/p>\n<p>Acordei todo l\u00e2nguido e faceiro bem cedo no dia seguinte, fui trabalhar no Banco do Brasil como de costume. Depois fui para a cl\u00ednica, onde um cliente me contou a fofoca que estava rolando na quadra. N\u00e3o sou curioso, mas isso n\u00e3o o impediu de me contar. Pois bem, ele me falou para eu tomar cuidado com um cara doido, cheio de farofa no cabelo, e que gostava de fazer oferenda ao Diabo. Creio que eu devo ter ficado t\u00e3o envergonhado com essa hist\u00f3ria, que a apaguei da mem\u00f3ria at\u00e9 que a Ninica, rindo muito, a trouxe de volta. Ali\u00e1s, ela tamb\u00e9m me disse que, desde aquela \u00e9poca, se tornou f\u00e3 do Raul.<\/p>\n","protected":false},"excerpt":{"rendered":"<p>Essa hist\u00f3ria aconteceu h\u00e1 muitos anos. Para dizer a verdade, eu havia me esquecido dela, at\u00e9 que a Ninica, a minha filha, me lembrou. Eu nem queria escrever sobre esse ocorrido, mas a minha mulher, a maravilhosa Dona Irene, me obrigou a sentar em frente ao computador e come\u00e7ar a digitar. Nessa \u00e9poca, eu ainda [&hellip;]<\/p>\n","protected":false},"author":2,"featured_media":304146,"comment_status":"closed","ping_status":"closed","sticky":false,"template":"","format":"standard","meta":{"_acf_changed":false,"footnotes":""},"categories":[161],"tags":[],"class_list":["post-304145","post","type-post","status-publish","format-standard","has-post-thumbnail","hentry","category-quadradinho-em-foco"],"acf":[],"yoast_head":"<!-- This site is optimized with the Yoast SEO plugin v27.2 - https:\/\/yoast.com\/product\/yoast-seo-wordpress\/ -->\n<title>Guerra do som alto provoca surdez apocal\u00edptica - Notibras<\/title>\n<meta name=\"robots\" content=\"index, follow, max-snippet:-1, max-image-preview:large, max-video-preview:-1\" \/>\n<link rel=\"canonical\" href=\"https:\/\/www.notibras.com\/site\/guerra-do-som-alto-provoca-surdez-apocaliptica\/\" \/>\n<meta property=\"og:locale\" content=\"pt_BR\" \/>\n<meta property=\"og:type\" content=\"article\" \/>\n<meta property=\"og:title\" content=\"Guerra do som alto provoca surdez apocal\u00edptica - Notibras\" \/>\n<meta property=\"og:description\" content=\"Essa hist\u00f3ria aconteceu h\u00e1 muitos anos. Para dizer a verdade, eu havia me esquecido dela, at\u00e9 que a Ninica, a minha filha, me lembrou. Eu nem queria escrever sobre esse ocorrido, mas a minha mulher, a maravilhosa Dona Irene, me obrigou a sentar em frente ao computador e come\u00e7ar a digitar. Nessa \u00e9poca, eu ainda [&hellip;]\" \/>\n<meta property=\"og:url\" content=\"https:\/\/www.notibras.com\/site\/guerra-do-som-alto-provoca-surdez-apocaliptica\/\" \/>\n<meta property=\"og:site_name\" content=\"Notibras\" \/>\n<meta property=\"article:publisher\" content=\"https:\/\/www.facebook.com\/notibras\/\" \/>\n<meta property=\"article:published_time\" content=\"2023-05-04T12:35:59+00:00\" \/>\n<meta property=\"og:image\" content=\"https:\/\/www.notibras.com\/site\/wp-content\/uploads\/2023\/05\/rrfarofafa.webp\" \/>\n\t<meta property=\"og:image:width\" content=\"1920\" \/>\n\t<meta property=\"og:image:height\" content=\"1277\" \/>\n\t<meta property=\"og:image:type\" content=\"image\/webp\" \/>\n<meta name=\"author\" content=\"Reda\u00e7\u00e3o\" \/>\n<meta name=\"twitter:card\" content=\"summary_large_image\" \/>\n<meta name=\"twitter:creator\" content=\"@Notibras\" \/>\n<meta name=\"twitter:site\" content=\"@Notibras\" \/>\n<meta name=\"twitter:label1\" content=\"Escrito por\" \/>\n\t<meta name=\"twitter:data1\" content=\"Reda\u00e7\u00e3o\" \/>\n\t<meta name=\"twitter:label2\" content=\"Est. tempo de leitura\" \/>\n\t<meta name=\"twitter:data2\" content=\"4 minutos\" \/>\n<script type=\"application\/ld+json\" class=\"yoast-schema-graph\">{\"@context\":\"https:\/\/schema.org\",\"@graph\":[{\"@type\":\"Article\",\"@id\":\"https:\/\/www.notibras.com\/site\/guerra-do-som-alto-provoca-surdez-apocaliptica\/#article\",\"isPartOf\":{\"@id\":\"https:\/\/www.notibras.com\/site\/guerra-do-som-alto-provoca-surdez-apocaliptica\/\"},\"author\":{\"name\":\"Reda\u00e7\u00e3o\",\"@id\":\"https:\/\/www.notibras.com\/site\/#\/schema\/person\/36ab0979449956132d3e5b517ea76ac8\"},\"headline\":\"Guerra do som alto provoca surdez apocal\u00edptica\",\"datePublished\":\"2023-05-04T12:35:59+00:00\",\"mainEntityOfPage\":{\"@id\":\"https:\/\/www.notibras.com\/site\/guerra-do-som-alto-provoca-surdez-apocaliptica\/\"},\"wordCount\":642,\"publisher\":{\"@id\":\"https:\/\/www.notibras.com\/site\/#organization\"},\"image\":{\"@id\":\"https:\/\/www.notibras.com\/site\/guerra-do-som-alto-provoca-surdez-apocaliptica\/#primaryimage\"},\"thumbnailUrl\":\"https:\/\/www.notibras.com\/site\/wp-content\/uploads\/2023\/05\/rrfarofafa.webp\",\"articleSection\":[\"Quadradinho em Foco\"],\"inLanguage\":\"pt-BR\"},{\"@type\":\"WebPage\",\"@id\":\"https:\/\/www.notibras.com\/site\/guerra-do-som-alto-provoca-surdez-apocaliptica\/\",\"url\":\"https:\/\/www.notibras.com\/site\/guerra-do-som-alto-provoca-surdez-apocaliptica\/\",\"name\":\"Guerra do som alto provoca surdez apocal\u00edptica - Notibras\",\"isPartOf\":{\"@id\":\"https:\/\/www.notibras.com\/site\/#website\"},\"primaryImageOfPage\":{\"@id\":\"https:\/\/www.notibras.com\/site\/guerra-do-som-alto-provoca-surdez-apocaliptica\/#primaryimage\"},\"image\":{\"@id\":\"https:\/\/www.notibras.com\/site\/guerra-do-som-alto-provoca-surdez-apocaliptica\/#primaryimage\"},\"thumbnailUrl\":\"https:\/\/www.notibras.com\/site\/wp-content\/uploads\/2023\/05\/rrfarofafa.webp\",\"datePublished\":\"2023-05-04T12:35:59+00:00\",\"breadcrumb\":{\"@id\":\"https:\/\/www.notibras.com\/site\/guerra-do-som-alto-provoca-surdez-apocaliptica\/#breadcrumb\"},\"inLanguage\":\"pt-BR\",\"potentialAction\":[{\"@type\":\"ReadAction\",\"target\":[\"https:\/\/www.notibras.com\/site\/guerra-do-som-alto-provoca-surdez-apocaliptica\/\"]}]},{\"@type\":\"ImageObject\",\"inLanguage\":\"pt-BR\",\"@id\":\"https:\/\/www.notibras.com\/site\/guerra-do-som-alto-provoca-surdez-apocaliptica\/#primaryimage\",\"url\":\"https:\/\/www.notibras.com\/site\/wp-content\/uploads\/2023\/05\/rrfarofafa.webp\",\"contentUrl\":\"https:\/\/www.notibras.com\/site\/wp-content\/uploads\/2023\/05\/rrfarofafa.webp\",\"width\":1920,\"height\":1277},{\"@type\":\"BreadcrumbList\",\"@id\":\"https:\/\/www.notibras.com\/site\/guerra-do-som-alto-provoca-surdez-apocaliptica\/#breadcrumb\",\"itemListElement\":[{\"@type\":\"ListItem\",\"position\":1,\"name\":\"In\u00edcio\",\"item\":\"https:\/\/www.notibras.com\/site\/\"},{\"@type\":\"ListItem\",\"position\":2,\"name\":\"Guerra do som alto provoca surdez apocal\u00edptica\"}]},{\"@type\":\"WebSite\",\"@id\":\"https:\/\/www.notibras.com\/site\/#website\",\"url\":\"https:\/\/www.notibras.com\/site\/\",\"name\":\"Notibras\",\"description\":\"Not\u00edcias de Bras\u00edlia, do Brasil e do Mundo\",\"publisher\":{\"@id\":\"https:\/\/www.notibras.com\/site\/#organization\"},\"potentialAction\":[{\"@type\":\"SearchAction\",\"target\":{\"@type\":\"EntryPoint\",\"urlTemplate\":\"https:\/\/www.notibras.com\/site\/?s={search_term_string}\"},\"query-input\":{\"@type\":\"PropertyValueSpecification\",\"valueRequired\":true,\"valueName\":\"search_term_string\"}}],\"inLanguage\":\"pt-BR\"},{\"@type\":\"Organization\",\"@id\":\"https:\/\/www.notibras.com\/site\/#organization\",\"name\":\"Grupo Notibras de Comunica\u00e7\u00e3o\",\"url\":\"https:\/\/www.notibras.com\/site\/\",\"logo\":{\"@type\":\"ImageObject\",\"inLanguage\":\"pt-BR\",\"@id\":\"https:\/\/www.notibras.com\/site\/#\/schema\/logo\/image\/\",\"url\":\"https:\/\/www.notibras.com\/site\/wp-content\/uploads\/2023\/01\/notibras23.png\",\"contentUrl\":\"https:\/\/www.notibras.com\/site\/wp-content\/uploads\/2023\/01\/notibras23.png\",\"width\":350,\"height\":87,\"caption\":\"Grupo Notibras de Comunica\u00e7\u00e3o\"},\"image\":{\"@id\":\"https:\/\/www.notibras.com\/site\/#\/schema\/logo\/image\/\"},\"sameAs\":[\"https:\/\/www.facebook.com\/notibras\/\",\"https:\/\/x.com\/Notibras\",\"https:\/\/www.instagram.com\/notibras\/\"]},{\"@type\":\"Person\",\"@id\":\"https:\/\/www.notibras.com\/site\/#\/schema\/person\/36ab0979449956132d3e5b517ea76ac8\",\"name\":\"Reda\u00e7\u00e3o\",\"image\":{\"@type\":\"ImageObject\",\"inLanguage\":\"pt-BR\",\"@id\":\"https:\/\/secure.gravatar.com\/avatar\/e0a867bdedb85fd243eadf09663511f96fc81e0720a4a42581f334ad4303aa6b?s=96&d=mm&r=g\",\"url\":\"https:\/\/secure.gravatar.com\/avatar\/e0a867bdedb85fd243eadf09663511f96fc81e0720a4a42581f334ad4303aa6b?s=96&d=mm&r=g\",\"contentUrl\":\"https:\/\/secure.gravatar.com\/avatar\/e0a867bdedb85fd243eadf09663511f96fc81e0720a4a42581f334ad4303aa6b?s=96&d=mm&r=g\",\"caption\":\"Reda\u00e7\u00e3o\"}}]}<\/script>\n<!-- \/ Yoast SEO plugin. -->","yoast_head_json":{"title":"Guerra do som alto provoca surdez apocal\u00edptica - Notibras","robots":{"index":"index","follow":"follow","max-snippet":"max-snippet:-1","max-image-preview":"max-image-preview:large","max-video-preview":"max-video-preview:-1"},"canonical":"https:\/\/www.notibras.com\/site\/guerra-do-som-alto-provoca-surdez-apocaliptica\/","og_locale":"pt_BR","og_type":"article","og_title":"Guerra do som alto provoca surdez apocal\u00edptica - Notibras","og_description":"Essa hist\u00f3ria aconteceu h\u00e1 muitos anos. Para dizer a verdade, eu havia me esquecido dela, at\u00e9 que a Ninica, a minha filha, me lembrou. Eu nem queria escrever sobre esse ocorrido, mas a minha mulher, a maravilhosa Dona Irene, me obrigou a sentar em frente ao computador e come\u00e7ar a digitar. Nessa \u00e9poca, eu ainda [&hellip;]","og_url":"https:\/\/www.notibras.com\/site\/guerra-do-som-alto-provoca-surdez-apocaliptica\/","og_site_name":"Notibras","article_publisher":"https:\/\/www.facebook.com\/notibras\/","article_published_time":"2023-05-04T12:35:59+00:00","og_image":[{"width":1920,"height":1277,"url":"https:\/\/www.notibras.com\/site\/wp-content\/uploads\/2023\/05\/rrfarofafa.webp","type":"image\/webp"}],"author":"Reda\u00e7\u00e3o","twitter_card":"summary_large_image","twitter_creator":"@Notibras","twitter_site":"@Notibras","twitter_misc":{"Escrito por":"Reda\u00e7\u00e3o","Est. tempo de leitura":"4 minutos"},"schema":{"@context":"https:\/\/schema.org","@graph":[{"@type":"Article","@id":"https:\/\/www.notibras.com\/site\/guerra-do-som-alto-provoca-surdez-apocaliptica\/#article","isPartOf":{"@id":"https:\/\/www.notibras.com\/site\/guerra-do-som-alto-provoca-surdez-apocaliptica\/"},"author":{"name":"Reda\u00e7\u00e3o","@id":"https:\/\/www.notibras.com\/site\/#\/schema\/person\/36ab0979449956132d3e5b517ea76ac8"},"headline":"Guerra do som alto provoca surdez apocal\u00edptica","datePublished":"2023-05-04T12:35:59+00:00","mainEntityOfPage":{"@id":"https:\/\/www.notibras.com\/site\/guerra-do-som-alto-provoca-surdez-apocaliptica\/"},"wordCount":642,"publisher":{"@id":"https:\/\/www.notibras.com\/site\/#organization"},"image":{"@id":"https:\/\/www.notibras.com\/site\/guerra-do-som-alto-provoca-surdez-apocaliptica\/#primaryimage"},"thumbnailUrl":"https:\/\/www.notibras.com\/site\/wp-content\/uploads\/2023\/05\/rrfarofafa.webp","articleSection":["Quadradinho em Foco"],"inLanguage":"pt-BR"},{"@type":"WebPage","@id":"https:\/\/www.notibras.com\/site\/guerra-do-som-alto-provoca-surdez-apocaliptica\/","url":"https:\/\/www.notibras.com\/site\/guerra-do-som-alto-provoca-surdez-apocaliptica\/","name":"Guerra do som alto provoca surdez apocal\u00edptica - Notibras","isPartOf":{"@id":"https:\/\/www.notibras.com\/site\/#website"},"primaryImageOfPage":{"@id":"https:\/\/www.notibras.com\/site\/guerra-do-som-alto-provoca-surdez-apocaliptica\/#primaryimage"},"image":{"@id":"https:\/\/www.notibras.com\/site\/guerra-do-som-alto-provoca-surdez-apocaliptica\/#primaryimage"},"thumbnailUrl":"https:\/\/www.notibras.com\/site\/wp-content\/uploads\/2023\/05\/rrfarofafa.webp","datePublished":"2023-05-04T12:35:59+00:00","breadcrumb":{"@id":"https:\/\/www.notibras.com\/site\/guerra-do-som-alto-provoca-surdez-apocaliptica\/#breadcrumb"},"inLanguage":"pt-BR","potentialAction":[{"@type":"ReadAction","target":["https:\/\/www.notibras.com\/site\/guerra-do-som-alto-provoca-surdez-apocaliptica\/"]}]},{"@type":"ImageObject","inLanguage":"pt-BR","@id":"https:\/\/www.notibras.com\/site\/guerra-do-som-alto-provoca-surdez-apocaliptica\/#primaryimage","url":"https:\/\/www.notibras.com\/site\/wp-content\/uploads\/2023\/05\/rrfarofafa.webp","contentUrl":"https:\/\/www.notibras.com\/site\/wp-content\/uploads\/2023\/05\/rrfarofafa.webp","width":1920,"height":1277},{"@type":"BreadcrumbList","@id":"https:\/\/www.notibras.com\/site\/guerra-do-som-alto-provoca-surdez-apocaliptica\/#breadcrumb","itemListElement":[{"@type":"ListItem","position":1,"name":"In\u00edcio","item":"https:\/\/www.notibras.com\/site\/"},{"@type":"ListItem","position":2,"name":"Guerra do som alto provoca surdez apocal\u00edptica"}]},{"@type":"WebSite","@id":"https:\/\/www.notibras.com\/site\/#website","url":"https:\/\/www.notibras.com\/site\/","name":"Notibras","description":"Not\u00edcias de Bras\u00edlia, do Brasil e do Mundo","publisher":{"@id":"https:\/\/www.notibras.com\/site\/#organization"},"potentialAction":[{"@type":"SearchAction","target":{"@type":"EntryPoint","urlTemplate":"https:\/\/www.notibras.com\/site\/?s={search_term_string}"},"query-input":{"@type":"PropertyValueSpecification","valueRequired":true,"valueName":"search_term_string"}}],"inLanguage":"pt-BR"},{"@type":"Organization","@id":"https:\/\/www.notibras.com\/site\/#organization","name":"Grupo Notibras de Comunica\u00e7\u00e3o","url":"https:\/\/www.notibras.com\/site\/","logo":{"@type":"ImageObject","inLanguage":"pt-BR","@id":"https:\/\/www.notibras.com\/site\/#\/schema\/logo\/image\/","url":"https:\/\/www.notibras.com\/site\/wp-content\/uploads\/2023\/01\/notibras23.png","contentUrl":"https:\/\/www.notibras.com\/site\/wp-content\/uploads\/2023\/01\/notibras23.png","width":350,"height":87,"caption":"Grupo Notibras de Comunica\u00e7\u00e3o"},"image":{"@id":"https:\/\/www.notibras.com\/site\/#\/schema\/logo\/image\/"},"sameAs":["https:\/\/www.facebook.com\/notibras\/","https:\/\/x.com\/Notibras","https:\/\/www.instagram.com\/notibras\/"]},{"@type":"Person","@id":"https:\/\/www.notibras.com\/site\/#\/schema\/person\/36ab0979449956132d3e5b517ea76ac8","name":"Reda\u00e7\u00e3o","image":{"@type":"ImageObject","inLanguage":"pt-BR","@id":"https:\/\/secure.gravatar.com\/avatar\/e0a867bdedb85fd243eadf09663511f96fc81e0720a4a42581f334ad4303aa6b?s=96&d=mm&r=g","url":"https:\/\/secure.gravatar.com\/avatar\/e0a867bdedb85fd243eadf09663511f96fc81e0720a4a42581f334ad4303aa6b?s=96&d=mm&r=g","contentUrl":"https:\/\/secure.gravatar.com\/avatar\/e0a867bdedb85fd243eadf09663511f96fc81e0720a4a42581f334ad4303aa6b?s=96&d=mm&r=g","caption":"Reda\u00e7\u00e3o"}}]}},"amp_enabled":true,"_links":{"self":[{"href":"https:\/\/www.notibras.com\/site\/wp-json\/wp\/v2\/posts\/304145","targetHints":{"allow":["GET"]}}],"collection":[{"href":"https:\/\/www.notibras.com\/site\/wp-json\/wp\/v2\/posts"}],"about":[{"href":"https:\/\/www.notibras.com\/site\/wp-json\/wp\/v2\/types\/post"}],"author":[{"embeddable":true,"href":"https:\/\/www.notibras.com\/site\/wp-json\/wp\/v2\/users\/2"}],"replies":[{"embeddable":true,"href":"https:\/\/www.notibras.com\/site\/wp-json\/wp\/v2\/comments?post=304145"}],"version-history":[{"count":1,"href":"https:\/\/www.notibras.com\/site\/wp-json\/wp\/v2\/posts\/304145\/revisions"}],"predecessor-version":[{"id":304147,"href":"https:\/\/www.notibras.com\/site\/wp-json\/wp\/v2\/posts\/304145\/revisions\/304147"}],"wp:featuredmedia":[{"embeddable":true,"href":"https:\/\/www.notibras.com\/site\/wp-json\/wp\/v2\/media\/304146"}],"wp:attachment":[{"href":"https:\/\/www.notibras.com\/site\/wp-json\/wp\/v2\/media?parent=304145"}],"wp:term":[{"taxonomy":"category","embeddable":true,"href":"https:\/\/www.notibras.com\/site\/wp-json\/wp\/v2\/categories?post=304145"},{"taxonomy":"post_tag","embeddable":true,"href":"https:\/\/www.notibras.com\/site\/wp-json\/wp\/v2\/tags?post=304145"}],"curies":[{"name":"wp","href":"https:\/\/api.w.org\/{rel}","templated":true}]}}