{"id":304185,"date":"2023-05-05T07:13:06","date_gmt":"2023-05-05T10:13:06","guid":{"rendered":"https:\/\/www.notibras.com\/site\/?p=304185"},"modified":"2023-05-05T07:13:06","modified_gmt":"2023-05-05T10:13:06","slug":"sugestao-noturna-para-velho-que-se-acha-jovem","status":"publish","type":"post","link":"https:\/\/www.notibras.com\/site\/sugestao-noturna-para-velho-que-se-acha-jovem\/","title":{"rendered":"Sugest\u00e3o noturna para velho que se acha jovem"},"content":{"rendered":"<p>Entre as v\u00e1rias teorias que aplico ao meu vetusto, afrodis\u00edaco e rocambolesco dia a dia, uma delas \u00e9 impag\u00e1vel, inegoci\u00e1vel e imprest\u00e1vel: fico de mal com o amigo ou com o companheiro de jornadas, mas n\u00e3o perco a piada. Dia desses, ap\u00f3s ler, sob protesto, um desses memes enviados sem autoriza\u00e7\u00e3o, reagi com a sutileza de um paquiderme no cio \u00e0s recomenda\u00e7\u00f5es recebidas. Sob o pretexto de me colocar a par acerca das recentes preocupa\u00e7\u00f5es da medicina com os idosos, o texto encaminhado pelo mancebo de longa conviv\u00eancia de imediato me assustou, pois, apesar do tempo j\u00e1 vivido, n\u00e3o sou idoso. Me acho do tipo gasto, com alguns &#8220;manch\u00f5es&#8221; no couro, silicones nas partes pudendas, sol\u00favel, sem brochuras na encaderna\u00e7\u00e3o e, gra\u00e7as a Deus, ainda sem m\u00e1culas na chamada Faixa de Gaza.<\/p>\n<p>Escrito na segunda pessoa do singular, um dos &#8220;recomendamentos&#8221; mais estranhos tratou da mija\u00e7\u00e3o da madrugada. Como n\u00e3o urino com abund\u00e2ncia, estranhei, mas segui adiante. O alerta dizia o seguinte: \u201cSe acordares para ir ao banheiro urinar, n\u00e3o levante com rapidez, pois o sangue \u2018esvazia\u2019 a cabe\u00e7a e tu podes ficar tonto e at\u00e9 mesmo desmaiar. Fa\u00e7a assim: Retese bem as pernas durante 30 segundos, de modo a come\u00e7ar a acelerar os batimentos card\u00edacos. Sente na beira da cama, pausadamente, e mantenha-se quieto durante um minuto\u201d. N\u00e3o precisei esperar tanto tempo para perceber que j\u00e1 estava todo mijado. Dormi despreocupado, mas sonhando com um resposta justa e proporcional \u00e0 minha incontin\u00eancia for\u00e7ada.<\/p>\n<p>\u00c9 claro que a preocupa\u00e7\u00e3o mijat\u00f3ria impediu que a ideia aparecesse logo nos primeiros dias. Demorou, mas chegou tamb\u00e9m na forma de recomenda\u00e7\u00e3o \u00e0queles que j\u00e1 passaram da idade da raz\u00e3o, isto \u00e9, que literalmente j\u00e1 dobraram o cabo sem esperan\u00e7a. Tive de buscar informa\u00e7\u00f5es frias com quem nunca vi e que conheci por interm\u00e9dio de memes aparentemente quentes, mas carentes de confirma\u00e7\u00e3o. Em outras palavras, usei o informativo de um tal Jo\u00e3o Comitto, supostamente um autor fict\u00edcio de um tamb\u00e9m inventado Manual Para Fazer Amor na 3\u00aa. Idade. Falso ou n\u00e3o, as 15 ideias s\u00e3o palp\u00e1veis e pra l\u00e1 de aproveit\u00e1veis. Tive a n\u00edtida impress\u00e3o de que era eu o principal usu\u00e1rio das instru\u00e7\u00f5es.<\/p>\n<p>Fiquei de queixo ca\u00eddo \u2013 o resto j\u00e1 caiu faz tempo \u2013 logo na primeira recomenda\u00e7\u00e3o, que \u00e9 sempre usar \u00f3culos antes da sali\u00eancia. Nunca havia pensado nisso. Tamb\u00e9m jamais havia tido preocupa\u00e7\u00e3o com uma quest\u00e3o aparentemente \u00f3bvia: me certificar de que a companhia realmente estava na cama. A dica n\u00famero tr\u00eas \u00e9 singular, mas interessante. Passei a ajustar o despertador para tocar em 3 minutos e nunca mais adormeci durante a performance. Elementar \u00e9 acertar a ilumina\u00e7\u00e3o, pois o perigo \u00e9 iminente quando a decis\u00e3o \u00e9 por apagar todas as luzes. Outra coisa imprescind\u00edvel \u00e9 deixar o celular programado com o n\u00famero do Samu ou da emerg\u00eancia m\u00e9dica de sua prefer\u00eancia.<\/p>\n<p>Talvez pare\u00e7a exagero, mas passei a escrever na m\u00e3o o nome da pessoa com a qual estou acoplando. Esquecer pode significar o fim do acoplamento. Outra coisa fundamental: tenho sempre \u00e0 m\u00e3o um Dorflex ou similares para o caso de n\u00e3o cumprimento da performance. Inevit\u00e1vel em algumas situa\u00e7\u00f5es, mas, quando consigo, evito fazer barulho. Afinal, nem todos os vizinhos s\u00e3o surdos. Nunca \u00e9 demais utilizar dois travesseiros sob os joelhos. Eles n\u00e3o servem de apoio para posi\u00e7\u00e3o alguma, mas evitam for\u00e7ar a artrose. \u00c0s vezes em que opto pelo uso da camisinha, mantenho antes uma conversa de p\u00e9 de orelha com o piu piu. Tenho medo de que ele confunda o trem com touca para dormir e apague sem ajudar no servi\u00e7o. Ainda que sinta necessidade, n\u00e3o tomo laxantes nos dois dias anteriores \u00e0 sali\u00eancia.<\/p>\n<p>Me apavora a ideia de ter uma de minhas numerosas crises de tosse. Mesmo nos dias de frio, n\u00e3o esque\u00e7o de tirar a parte de baixo do pijama, embora mantenha a camiseta para n\u00e3o pegar gripe. Como n\u00e3o sou modesto, voc\u00eas j\u00e1 viram que sou bom nesse neg\u00f3cio de possuir o sexo oposto. O problema \u00e9 que, mesmo sob efeito do Viagra ou do Cialis, s\u00f3 consigo repetir a dose de um a dois anos ap\u00f3s. Esse prazo de car\u00eancia me impede de reunir os amigos para contar as boas novas. Logo na primeira frase, eles perceber\u00e3o que o bamb\u00e3o \u00e9 bissexto. Se voc\u00ea est\u00e1 rindo, \u00e9 melhor parar, porque eu pelo menos tento. N\u00e3o fujo da raia. Nem da vacina. Fiz melhor do que o Z\u00e9 Gotinha imbroch\u00e1vel. Diz que tomou, que n\u00e3o tomou, que tomou&#8230; Acabou levando o que a Luzia levou na horta. Passou quatro anos acusando a Justi\u00e7a Eleitoral de fraude nas elei\u00e7\u00f5es e terminou o mandato fraudando cart\u00f5es de vacina.<\/p>\n","protected":false},"excerpt":{"rendered":"<p>Entre as v\u00e1rias teorias que aplico ao meu vetusto, afrodis\u00edaco e rocambolesco dia a dia, uma delas \u00e9 impag\u00e1vel, inegoci\u00e1vel e imprest\u00e1vel: fico de mal com o amigo ou com o companheiro de jornadas, mas n\u00e3o perco a piada. Dia desses, ap\u00f3s ler, sob protesto, um desses memes enviados sem autoriza\u00e7\u00e3o, reagi com a sutileza [&hellip;]<\/p>\n","protected":false},"author":2,"featured_media":304186,"comment_status":"closed","ping_status":"closed","sticky":false,"template":"","format":"standard","meta":{"_acf_changed":false,"footnotes":""},"categories":[161],"tags":[],"class_list":["post-304185","post","type-post","status-publish","format-standard","has-post-thumbnail","hentry","category-quadradinho-em-foco"],"acf":[],"yoast_head":"<!-- This site is optimized with the Yoast SEO plugin v27.2 - https:\/\/yoast.com\/product\/yoast-seo-wordpress\/ -->\n<title>Sugest\u00e3o noturna para velho que se acha jovem - Notibras<\/title>\n<meta name=\"robots\" content=\"index, follow, max-snippet:-1, max-image-preview:large, max-video-preview:-1\" \/>\n<link rel=\"canonical\" href=\"https:\/\/www.notibras.com\/site\/sugestao-noturna-para-velho-que-se-acha-jovem\/\" \/>\n<meta property=\"og:locale\" content=\"pt_BR\" \/>\n<meta property=\"og:type\" content=\"article\" \/>\n<meta property=\"og:title\" content=\"Sugest\u00e3o noturna para velho que se acha jovem - Notibras\" \/>\n<meta property=\"og:description\" content=\"Entre as v\u00e1rias teorias que aplico ao meu vetusto, afrodis\u00edaco e rocambolesco dia a dia, uma delas \u00e9 impag\u00e1vel, inegoci\u00e1vel e imprest\u00e1vel: fico de mal com o amigo ou com o companheiro de jornadas, mas n\u00e3o perco a piada. Dia desses, ap\u00f3s ler, sob protesto, um desses memes enviados sem autoriza\u00e7\u00e3o, reagi com a sutileza [&hellip;]\" \/>\n<meta property=\"og:url\" content=\"https:\/\/www.notibras.com\/site\/sugestao-noturna-para-velho-que-se-acha-jovem\/\" \/>\n<meta property=\"og:site_name\" content=\"Notibras\" \/>\n<meta property=\"article:publisher\" content=\"https:\/\/www.facebook.com\/notibras\/\" \/>\n<meta property=\"article:published_time\" content=\"2023-05-05T10:13:06+00:00\" \/>\n<meta property=\"og:image\" content=\"https:\/\/www.notibras.com\/site\/wp-content\/uploads\/2023\/05\/idosoxixi.webp\" \/>\n\t<meta property=\"og:image:width\" content=\"1008\" \/>\n\t<meta property=\"og:image:height\" content=\"673\" \/>\n\t<meta property=\"og:image:type\" content=\"image\/webp\" \/>\n<meta name=\"author\" content=\"Reda\u00e7\u00e3o\" \/>\n<meta name=\"twitter:card\" content=\"summary_large_image\" \/>\n<meta name=\"twitter:creator\" content=\"@Notibras\" \/>\n<meta name=\"twitter:site\" content=\"@Notibras\" \/>\n<meta name=\"twitter:label1\" content=\"Escrito por\" \/>\n\t<meta name=\"twitter:data1\" content=\"Reda\u00e7\u00e3o\" \/>\n\t<meta name=\"twitter:label2\" content=\"Est. tempo de leitura\" \/>\n\t<meta name=\"twitter:data2\" content=\"5 minutos\" \/>\n<script type=\"application\/ld+json\" class=\"yoast-schema-graph\">{\"@context\":\"https:\/\/schema.org\",\"@graph\":[{\"@type\":\"Article\",\"@id\":\"https:\/\/www.notibras.com\/site\/sugestao-noturna-para-velho-que-se-acha-jovem\/#article\",\"isPartOf\":{\"@id\":\"https:\/\/www.notibras.com\/site\/sugestao-noturna-para-velho-que-se-acha-jovem\/\"},\"author\":{\"name\":\"Reda\u00e7\u00e3o\",\"@id\":\"https:\/\/www.notibras.com\/site\/#\/schema\/person\/36ab0979449956132d3e5b517ea76ac8\"},\"headline\":\"Sugest\u00e3o noturna para velho que se acha jovem\",\"datePublished\":\"2023-05-05T10:13:06+00:00\",\"mainEntityOfPage\":{\"@id\":\"https:\/\/www.notibras.com\/site\/sugestao-noturna-para-velho-que-se-acha-jovem\/\"},\"wordCount\":850,\"publisher\":{\"@id\":\"https:\/\/www.notibras.com\/site\/#organization\"},\"image\":{\"@id\":\"https:\/\/www.notibras.com\/site\/sugestao-noturna-para-velho-que-se-acha-jovem\/#primaryimage\"},\"thumbnailUrl\":\"https:\/\/www.notibras.com\/site\/wp-content\/uploads\/2023\/05\/idosoxixi.webp\",\"articleSection\":[\"Quadradinho em Foco\"],\"inLanguage\":\"pt-BR\"},{\"@type\":\"WebPage\",\"@id\":\"https:\/\/www.notibras.com\/site\/sugestao-noturna-para-velho-que-se-acha-jovem\/\",\"url\":\"https:\/\/www.notibras.com\/site\/sugestao-noturna-para-velho-que-se-acha-jovem\/\",\"name\":\"Sugest\u00e3o noturna para velho que se acha jovem - Notibras\",\"isPartOf\":{\"@id\":\"https:\/\/www.notibras.com\/site\/#website\"},\"primaryImageOfPage\":{\"@id\":\"https:\/\/www.notibras.com\/site\/sugestao-noturna-para-velho-que-se-acha-jovem\/#primaryimage\"},\"image\":{\"@id\":\"https:\/\/www.notibras.com\/site\/sugestao-noturna-para-velho-que-se-acha-jovem\/#primaryimage\"},\"thumbnailUrl\":\"https:\/\/www.notibras.com\/site\/wp-content\/uploads\/2023\/05\/idosoxixi.webp\",\"datePublished\":\"2023-05-05T10:13:06+00:00\",\"breadcrumb\":{\"@id\":\"https:\/\/www.notibras.com\/site\/sugestao-noturna-para-velho-que-se-acha-jovem\/#breadcrumb\"},\"inLanguage\":\"pt-BR\",\"potentialAction\":[{\"@type\":\"ReadAction\",\"target\":[\"https:\/\/www.notibras.com\/site\/sugestao-noturna-para-velho-que-se-acha-jovem\/\"]}]},{\"@type\":\"ImageObject\",\"inLanguage\":\"pt-BR\",\"@id\":\"https:\/\/www.notibras.com\/site\/sugestao-noturna-para-velho-que-se-acha-jovem\/#primaryimage\",\"url\":\"https:\/\/www.notibras.com\/site\/wp-content\/uploads\/2023\/05\/idosoxixi.webp\",\"contentUrl\":\"https:\/\/www.notibras.com\/site\/wp-content\/uploads\/2023\/05\/idosoxixi.webp\",\"width\":1008,\"height\":673},{\"@type\":\"BreadcrumbList\",\"@id\":\"https:\/\/www.notibras.com\/site\/sugestao-noturna-para-velho-que-se-acha-jovem\/#breadcrumb\",\"itemListElement\":[{\"@type\":\"ListItem\",\"position\":1,\"name\":\"In\u00edcio\",\"item\":\"https:\/\/www.notibras.com\/site\/\"},{\"@type\":\"ListItem\",\"position\":2,\"name\":\"Sugest\u00e3o noturna para velho que se acha jovem\"}]},{\"@type\":\"WebSite\",\"@id\":\"https:\/\/www.notibras.com\/site\/#website\",\"url\":\"https:\/\/www.notibras.com\/site\/\",\"name\":\"Notibras\",\"description\":\"Not\u00edcias de Bras\u00edlia, do Brasil e do Mundo\",\"publisher\":{\"@id\":\"https:\/\/www.notibras.com\/site\/#organization\"},\"potentialAction\":[{\"@type\":\"SearchAction\",\"target\":{\"@type\":\"EntryPoint\",\"urlTemplate\":\"https:\/\/www.notibras.com\/site\/?s={search_term_string}\"},\"query-input\":{\"@type\":\"PropertyValueSpecification\",\"valueRequired\":true,\"valueName\":\"search_term_string\"}}],\"inLanguage\":\"pt-BR\"},{\"@type\":\"Organization\",\"@id\":\"https:\/\/www.notibras.com\/site\/#organization\",\"name\":\"Grupo Notibras de Comunica\u00e7\u00e3o\",\"url\":\"https:\/\/www.notibras.com\/site\/\",\"logo\":{\"@type\":\"ImageObject\",\"inLanguage\":\"pt-BR\",\"@id\":\"https:\/\/www.notibras.com\/site\/#\/schema\/logo\/image\/\",\"url\":\"https:\/\/www.notibras.com\/site\/wp-content\/uploads\/2023\/01\/notibras23.png\",\"contentUrl\":\"https:\/\/www.notibras.com\/site\/wp-content\/uploads\/2023\/01\/notibras23.png\",\"width\":350,\"height\":87,\"caption\":\"Grupo Notibras de Comunica\u00e7\u00e3o\"},\"image\":{\"@id\":\"https:\/\/www.notibras.com\/site\/#\/schema\/logo\/image\/\"},\"sameAs\":[\"https:\/\/www.facebook.com\/notibras\/\",\"https:\/\/x.com\/Notibras\",\"https:\/\/www.instagram.com\/notibras\/\"]},{\"@type\":\"Person\",\"@id\":\"https:\/\/www.notibras.com\/site\/#\/schema\/person\/36ab0979449956132d3e5b517ea76ac8\",\"name\":\"Reda\u00e7\u00e3o\",\"image\":{\"@type\":\"ImageObject\",\"inLanguage\":\"pt-BR\",\"@id\":\"https:\/\/secure.gravatar.com\/avatar\/e0a867bdedb85fd243eadf09663511f96fc81e0720a4a42581f334ad4303aa6b?s=96&d=mm&r=g\",\"url\":\"https:\/\/secure.gravatar.com\/avatar\/e0a867bdedb85fd243eadf09663511f96fc81e0720a4a42581f334ad4303aa6b?s=96&d=mm&r=g\",\"contentUrl\":\"https:\/\/secure.gravatar.com\/avatar\/e0a867bdedb85fd243eadf09663511f96fc81e0720a4a42581f334ad4303aa6b?s=96&d=mm&r=g\",\"caption\":\"Reda\u00e7\u00e3o\"}}]}<\/script>\n<!-- \/ Yoast SEO plugin. -->","yoast_head_json":{"title":"Sugest\u00e3o noturna para velho que se acha jovem - Notibras","robots":{"index":"index","follow":"follow","max-snippet":"max-snippet:-1","max-image-preview":"max-image-preview:large","max-video-preview":"max-video-preview:-1"},"canonical":"https:\/\/www.notibras.com\/site\/sugestao-noturna-para-velho-que-se-acha-jovem\/","og_locale":"pt_BR","og_type":"article","og_title":"Sugest\u00e3o noturna para velho que se acha jovem - Notibras","og_description":"Entre as v\u00e1rias teorias que aplico ao meu vetusto, afrodis\u00edaco e rocambolesco dia a dia, uma delas \u00e9 impag\u00e1vel, inegoci\u00e1vel e imprest\u00e1vel: fico de mal com o amigo ou com o companheiro de jornadas, mas n\u00e3o perco a piada. Dia desses, ap\u00f3s ler, sob protesto, um desses memes enviados sem autoriza\u00e7\u00e3o, reagi com a sutileza [&hellip;]","og_url":"https:\/\/www.notibras.com\/site\/sugestao-noturna-para-velho-que-se-acha-jovem\/","og_site_name":"Notibras","article_publisher":"https:\/\/www.facebook.com\/notibras\/","article_published_time":"2023-05-05T10:13:06+00:00","og_image":[{"width":1008,"height":673,"url":"https:\/\/www.notibras.com\/site\/wp-content\/uploads\/2023\/05\/idosoxixi.webp","type":"image\/webp"}],"author":"Reda\u00e7\u00e3o","twitter_card":"summary_large_image","twitter_creator":"@Notibras","twitter_site":"@Notibras","twitter_misc":{"Escrito por":"Reda\u00e7\u00e3o","Est. tempo de leitura":"5 minutos"},"schema":{"@context":"https:\/\/schema.org","@graph":[{"@type":"Article","@id":"https:\/\/www.notibras.com\/site\/sugestao-noturna-para-velho-que-se-acha-jovem\/#article","isPartOf":{"@id":"https:\/\/www.notibras.com\/site\/sugestao-noturna-para-velho-que-se-acha-jovem\/"},"author":{"name":"Reda\u00e7\u00e3o","@id":"https:\/\/www.notibras.com\/site\/#\/schema\/person\/36ab0979449956132d3e5b517ea76ac8"},"headline":"Sugest\u00e3o noturna para velho que se acha jovem","datePublished":"2023-05-05T10:13:06+00:00","mainEntityOfPage":{"@id":"https:\/\/www.notibras.com\/site\/sugestao-noturna-para-velho-que-se-acha-jovem\/"},"wordCount":850,"publisher":{"@id":"https:\/\/www.notibras.com\/site\/#organization"},"image":{"@id":"https:\/\/www.notibras.com\/site\/sugestao-noturna-para-velho-que-se-acha-jovem\/#primaryimage"},"thumbnailUrl":"https:\/\/www.notibras.com\/site\/wp-content\/uploads\/2023\/05\/idosoxixi.webp","articleSection":["Quadradinho em Foco"],"inLanguage":"pt-BR"},{"@type":"WebPage","@id":"https:\/\/www.notibras.com\/site\/sugestao-noturna-para-velho-que-se-acha-jovem\/","url":"https:\/\/www.notibras.com\/site\/sugestao-noturna-para-velho-que-se-acha-jovem\/","name":"Sugest\u00e3o noturna para velho que se acha jovem - Notibras","isPartOf":{"@id":"https:\/\/www.notibras.com\/site\/#website"},"primaryImageOfPage":{"@id":"https:\/\/www.notibras.com\/site\/sugestao-noturna-para-velho-que-se-acha-jovem\/#primaryimage"},"image":{"@id":"https:\/\/www.notibras.com\/site\/sugestao-noturna-para-velho-que-se-acha-jovem\/#primaryimage"},"thumbnailUrl":"https:\/\/www.notibras.com\/site\/wp-content\/uploads\/2023\/05\/idosoxixi.webp","datePublished":"2023-05-05T10:13:06+00:00","breadcrumb":{"@id":"https:\/\/www.notibras.com\/site\/sugestao-noturna-para-velho-que-se-acha-jovem\/#breadcrumb"},"inLanguage":"pt-BR","potentialAction":[{"@type":"ReadAction","target":["https:\/\/www.notibras.com\/site\/sugestao-noturna-para-velho-que-se-acha-jovem\/"]}]},{"@type":"ImageObject","inLanguage":"pt-BR","@id":"https:\/\/www.notibras.com\/site\/sugestao-noturna-para-velho-que-se-acha-jovem\/#primaryimage","url":"https:\/\/www.notibras.com\/site\/wp-content\/uploads\/2023\/05\/idosoxixi.webp","contentUrl":"https:\/\/www.notibras.com\/site\/wp-content\/uploads\/2023\/05\/idosoxixi.webp","width":1008,"height":673},{"@type":"BreadcrumbList","@id":"https:\/\/www.notibras.com\/site\/sugestao-noturna-para-velho-que-se-acha-jovem\/#breadcrumb","itemListElement":[{"@type":"ListItem","position":1,"name":"In\u00edcio","item":"https:\/\/www.notibras.com\/site\/"},{"@type":"ListItem","position":2,"name":"Sugest\u00e3o noturna para velho que se acha jovem"}]},{"@type":"WebSite","@id":"https:\/\/www.notibras.com\/site\/#website","url":"https:\/\/www.notibras.com\/site\/","name":"Notibras","description":"Not\u00edcias de Bras\u00edlia, do Brasil e do Mundo","publisher":{"@id":"https:\/\/www.notibras.com\/site\/#organization"},"potentialAction":[{"@type":"SearchAction","target":{"@type":"EntryPoint","urlTemplate":"https:\/\/www.notibras.com\/site\/?s={search_term_string}"},"query-input":{"@type":"PropertyValueSpecification","valueRequired":true,"valueName":"search_term_string"}}],"inLanguage":"pt-BR"},{"@type":"Organization","@id":"https:\/\/www.notibras.com\/site\/#organization","name":"Grupo Notibras de Comunica\u00e7\u00e3o","url":"https:\/\/www.notibras.com\/site\/","logo":{"@type":"ImageObject","inLanguage":"pt-BR","@id":"https:\/\/www.notibras.com\/site\/#\/schema\/logo\/image\/","url":"https:\/\/www.notibras.com\/site\/wp-content\/uploads\/2023\/01\/notibras23.png","contentUrl":"https:\/\/www.notibras.com\/site\/wp-content\/uploads\/2023\/01\/notibras23.png","width":350,"height":87,"caption":"Grupo Notibras de Comunica\u00e7\u00e3o"},"image":{"@id":"https:\/\/www.notibras.com\/site\/#\/schema\/logo\/image\/"},"sameAs":["https:\/\/www.facebook.com\/notibras\/","https:\/\/x.com\/Notibras","https:\/\/www.instagram.com\/notibras\/"]},{"@type":"Person","@id":"https:\/\/www.notibras.com\/site\/#\/schema\/person\/36ab0979449956132d3e5b517ea76ac8","name":"Reda\u00e7\u00e3o","image":{"@type":"ImageObject","inLanguage":"pt-BR","@id":"https:\/\/secure.gravatar.com\/avatar\/e0a867bdedb85fd243eadf09663511f96fc81e0720a4a42581f334ad4303aa6b?s=96&d=mm&r=g","url":"https:\/\/secure.gravatar.com\/avatar\/e0a867bdedb85fd243eadf09663511f96fc81e0720a4a42581f334ad4303aa6b?s=96&d=mm&r=g","contentUrl":"https:\/\/secure.gravatar.com\/avatar\/e0a867bdedb85fd243eadf09663511f96fc81e0720a4a42581f334ad4303aa6b?s=96&d=mm&r=g","caption":"Reda\u00e7\u00e3o"}}]}},"amp_enabled":true,"_links":{"self":[{"href":"https:\/\/www.notibras.com\/site\/wp-json\/wp\/v2\/posts\/304185","targetHints":{"allow":["GET"]}}],"collection":[{"href":"https:\/\/www.notibras.com\/site\/wp-json\/wp\/v2\/posts"}],"about":[{"href":"https:\/\/www.notibras.com\/site\/wp-json\/wp\/v2\/types\/post"}],"author":[{"embeddable":true,"href":"https:\/\/www.notibras.com\/site\/wp-json\/wp\/v2\/users\/2"}],"replies":[{"embeddable":true,"href":"https:\/\/www.notibras.com\/site\/wp-json\/wp\/v2\/comments?post=304185"}],"version-history":[{"count":1,"href":"https:\/\/www.notibras.com\/site\/wp-json\/wp\/v2\/posts\/304185\/revisions"}],"predecessor-version":[{"id":304187,"href":"https:\/\/www.notibras.com\/site\/wp-json\/wp\/v2\/posts\/304185\/revisions\/304187"}],"wp:featuredmedia":[{"embeddable":true,"href":"https:\/\/www.notibras.com\/site\/wp-json\/wp\/v2\/media\/304186"}],"wp:attachment":[{"href":"https:\/\/www.notibras.com\/site\/wp-json\/wp\/v2\/media?parent=304185"}],"wp:term":[{"taxonomy":"category","embeddable":true,"href":"https:\/\/www.notibras.com\/site\/wp-json\/wp\/v2\/categories?post=304185"},{"taxonomy":"post_tag","embeddable":true,"href":"https:\/\/www.notibras.com\/site\/wp-json\/wp\/v2\/tags?post=304185"}],"curies":[{"name":"wp","href":"https:\/\/api.w.org\/{rel}","templated":true}]}}