{"id":304188,"date":"2023-05-05T00:01:55","date_gmt":"2023-05-05T03:01:55","guid":{"rendered":"https:\/\/www.notibras.com\/site\/?p=304188"},"modified":"2023-05-05T07:22:25","modified_gmt":"2023-05-05T10:22:25","slug":"paula-belmonte-puxa-orelha-de-golpista-arrependido","status":"publish","type":"post","link":"https:\/\/www.notibras.com\/site\/paula-belmonte-puxa-orelha-de-golpista-arrependido\/","title":{"rendered":"Paula Belmonte puxa orelha de golpista arrependido"},"content":{"rendered":"<p>A Comiss\u00e3o Parlamentar de Inqu\u00e9rito (CPI) dos atos antidemocr\u00e1ticos da C\u00e2mara Legislativa do Distrito Federal realizou oitiva nesta quinta-feira (4) para ouvir o empres\u00e1rio Adauto L\u00facio Mesquita. O comerciante est\u00e1 sendo investigado pela Pol\u00edcia Civil como suspeito de ser o financiador ou arrecadador de recursos destinados ao pagamento do trio el\u00e9trico Coyote, utilizado durante manifesta\u00e7\u00f5es no acampamento em frente ao Quartel General (QG) do Ex\u00e9rcito. Questionado diversas vezes sobre a suposta participa\u00e7\u00e3o, ele negou ter doado ou amealhado dinheiro.<\/p>\n<p>O presidente da CPI, deputado Chico Vigilante (PT), foi o primeiro a inquirir o depoente e perguntou sobre ele ter financiado a contrata\u00e7\u00e3o do trio el\u00e9trico Coyote. O comerciante negou. \u201cN\u00e3o contratei o trio el\u00e9trico\u201d, disse o empres\u00e1rio. Na sequ\u00eancia, o presidente da CPI pediu a exibi\u00e7\u00e3o de v\u00eddeos onde ele aparece recebendo o equipamento. \u201cPegando aqui agora o Coyote. Olha o tamanho do trio el\u00e9trico. \u00c9 o maior de Bras\u00edlia\u201d, diz Adauto no v\u00eddeo que gravou e divulgou em suas redes sociais.<\/p>\n<p>O deputado petista garantiu que tem documentos sobre a contrata\u00e7\u00e3o do equipamento. \u201cEsse trio foi contratado por R$30 mil. Temos a listagem de quem contribuiu. O senhor \u00e9 o arrecadador\u201d, sentenciou Vigilante. Adauto continuou negando ter contribu\u00eddo financeiramente e disse que apenas ajudou na negocia\u00e7\u00e3o para baixar o pre\u00e7o. \u201cEles estavam negociando e eu falei para fazer um pre\u00e7o melhor. Sou o comprador na minha empresa, sei pechinchar. Tenho habilidade para negociar. N\u00e3o paguei um centavo do Coyote. Ajudei, pagaram e ponto. Minha participa\u00e7\u00e3o foi essa\u201d, afirmou Adauto.<\/p>\n<p>A deputada Jaqueline Silva (sem partido) mais uma vez questionou o empres\u00e1rio sobre a participa\u00e7\u00e3o que ele teve quanto \u00e0 contrata\u00e7\u00e3o e financiamento do trio el\u00e9trico. \u201cO senhor n\u00e3o teria feito nenhum aporte financeiro para o pagamento do trio, mas de alguma forma auxiliou nesse acordo\u201d, perguntou a deputada. \u201cCerto. N\u00e3o paguei nada\u201d, reiterou Adauto.<\/p>\n<p>Sobre a contrata\u00e7\u00e3o de outdoors no DF durante a campanha presidencial, Vigilante tamb\u00e9m indagou ao depoente. \u201cQuanto o senhor gastou com os outdoors que foram espalhados na cidade\u201d, inquiriu o parlamentar. \u201cEu n\u00e3o gastei nada\u201d, afirmou Adauto. \u201cMas o inqu\u00e9rito est\u00e1 apontando que foi o senhor quem contratou\u201d, insistiu Chico. \u201cO inqu\u00e9rito, n\u00e9. \u00c9 uma investiga\u00e7\u00e3o. Sei que a pol\u00edcia \u00e9 competente e vai chegar em um veredito e ver que eu n\u00e3o contratei nenhum outdoor. N\u00e3o vai chegar em mim. Tenho plena certeza de que n\u00e3o vai chegar\u201d, declarou o comerciante.<\/p>\n<p><strong>Doa\u00e7\u00f5es<\/strong><br \/>\nLogo no in\u00edcio do depoimento, Adauto admitiu que realizou doa\u00e7\u00e3o de dez mil reais para a campanha de reelei\u00e7\u00e3o do ex-presidente Bolsonaro. Al\u00e9m disso, fez o que chamou de pequenas doa\u00e7\u00f5es para pessoas do acampamento em frente ao QG.<\/p>\n<p>Foi prontamente questionado pelo presidente da CPI: \u201cEu tenho aqui documentos de depoimento para a Pol\u00edcia Civil, mostrando que n\u00e3o foram s\u00f3 R$ 100 reais n\u00e3o. Tem muito dinheiro aqui. O senhor foi um dos coordenadores da arrecada\u00e7\u00e3o [para o acampamento]. N\u00f3s temos provas\u201d, disse Vigilante. O depoente negou. \u201cN\u00e3o. Como \u00e9 um inqu\u00e9rito, ainda est\u00e1 em andamento e no momento certo isso vai ser provado que n\u00e3o procede\u201d, afian\u00e7ou o empres\u00e1rio.<\/p>\n<p>O assunto foi retomado em outro momento da reuni\u00e3o. O deputado Joaquim Roriz Neto (PL) questionou sobre a relev\u00e2ncia da doa\u00e7\u00e3o de campanha feita pelo empres\u00e1rio. \u201c\u00c9 ilegal fazer doa\u00e7\u00e3o de campanha?\u201d, perguntou. O depoente respondeu: \u201cPelo que eu saiba n\u00e3o\u201d. Em seguida o deputado liberal completou: \u201cEnt\u00e3o por que isso \u00e9 um fator? O que tem a ver ter contribu\u00eddo ou n\u00e3o na campanha do Bolsonaro. O senhor est\u00e1 sendo condenado por ter contribu\u00eddo\u201d, exclamou Roriz Neto.<\/p>\n<p><strong>Arrependimento<\/strong><br \/>\nQuestionado por Chico Vigilante, o comerciante admitiu que se arrepende de ter participado do movimento. \u201cSe eu imaginasse que teria chegado a esse ponto, dessa exposi\u00e7\u00e3o e desse sofrimento, eu realmente n\u00e3o teria ido. N\u00e3o teria participado. Eu me arrependo, sim\u201d, afirmou Adauto.<\/p>\n<p>Em contrapartida, ao final do depoimento, a deputada Paula Belmonte (Cidadania) retomou o assunto e defendeu o direito \u00e0 manifesta\u00e7\u00e3o. \u201cCausa muita tristeza quando o senhor fala que se arrependeu de participar das manifesta\u00e7\u00f5es. N\u00e3o podemos deixar nossa popula\u00e7\u00e3o com medo de se manifestar. N\u00e3o \u00e9 proibido se manifestar\u201d, declarou Belmonte.<\/p>\n<p><strong>Acampamento<\/strong><br \/>\nPerguntado sobre sua participa\u00e7\u00e3o no acampamento, o depoente disse que apenas foi ao acampamento poucas vezes e que o local tinha a organiza\u00e7\u00e3o e prote\u00e7\u00e3o do ex\u00e9rcito. \u201cDas vezes que eu fui l\u00e1, presenciei militares andando por todo o QG, organizando o estacionamento. Ali estava sendo cuidado, controlado e protegido pelo ex\u00e9rcito. A prova disso \u00e9 que no dia 7 \u00e0 noite a pol\u00edcia militar foi l\u00e1 para prender as pessoas e o ex\u00e9rcito n\u00e3o permitiu\u201d, assegurou Adauto.<\/p>\n<p>O deputado Hermeto (MBD) afirmou que o ex\u00e9rcito tem responsabilidade no acampamento. \u201cO ex\u00e9rcito estimulou aquele acampamento e estimulou o quebra-quebra. O ex\u00e9rcito tinha que ter tirado aquilo ali. E mesmo depois do dia primeiro [de janeiro], quando assumiu um novo governo, o primeiro ato era arrancar tudo aquilo. O maior culpado \u00e9 o ex\u00e9rcito que se omitiu\u201d, declarou o relator da CPI.<\/p>\n<p>\u201cParece que a gente est\u00e1 confundindo as coisas. A manifesta\u00e7\u00e3o pac\u00edfica \u00e9 garantida pela Constitui\u00e7\u00e3o e passamos quase a primeira hora tentando criar um confession\u00e1rio. Voc\u00ea pagou, arquitetou, convocou&#8230; Mas nada disso ainda foi comprovado e as pessoas s\u00e3o inocentes at\u00e9 provadas culpadas. Essa CPI precisa ser imparcial, n\u00e3o estamos aqui para fazer pr\u00e9-julgamentos. Estamos aqui para descobrir fatos\u201d, asseverou o deputado Roriz Neto.<\/p>\n<p>J\u00e1 o deputado Thiago Manzoni (PL) defendeu que n\u00e3o h\u00e1 rela\u00e7\u00e3o entre o acampamento no QG e a depreda\u00e7\u00e3o dos pr\u00e9dios feita no dia 8 de janeiro. \u201cEstamos partindo de uma premissa equivocada e chegando a uma conclus\u00e3o equivocada. H\u00e1 uma premissa de que as pessoas que estiveram naquela manifesta\u00e7\u00e3o em frente ao QG s\u00e3o as causadoras dos atos do dia 8. E essa premissa \u00e9 falsa. As manifesta\u00e7\u00f5es no QG n\u00e3o foram a causa dos incidentes. N\u00e3o eram sequer as mesmas pessoas\u201d, afirmou Manzoni.<\/p>\n<p>O deputado F\u00e1bio Felix (PSOL) inquiriu o depoente sobre sua participa\u00e7\u00e3o nos atos do dia 8 de janeiro. \u201cQuando o senhor viu as mensagens e decidiu ir para a Esplanada, n\u00e3o tinha conhecimento da dimens\u00e3o e do que acontecia no ato?\u201d, questionou o parlamentar. \u201cN\u00e3o tinha. Eu n\u00e3o imaginava. Eu imaginei manifesta\u00e7\u00e3o pac\u00edfica, pessoal de verde e amarelo. Eu discordo daquilo l\u00e1, eu reprovo e jamais faria. N\u00e3o tinha ningu\u00e9m quebrando, eu percebi que j\u00e1 estava quebrado. Eu fui embora quando o Bope chegou para cercar o Pal\u00e1cio do Planalto porque o STF j\u00e1 estava cercado\u201d, respondeu o empres\u00e1rio.<\/p>\n<p>Por sua vez, o deputado Pastor Daniel de Castro (PP) afirmou que os depredadores dos pr\u00e9dios p\u00fablicos no dia 8 n\u00e3o est\u00e3o presos. \u201cA CPI n\u00e3o julga e n\u00e3o trabalha sob hip\u00f3teses, mas sim sob fatos. Nosso dever \u00e9 condenar quem precisa ser condenado e cuidar daqueles que s\u00e3o inocentes. As pessoas que invadiram e quebraram as sedes dos tr\u00eas poderes foram orientadas para sair pelas portas do Pal\u00e1cio e foram embora. Elas n\u00e3o est\u00e3o presas\u201d, atestou o pastor.<\/p>\n<p>Adauto L\u00facio Mesquita \u00e9 empres\u00e1rio no DF desde 1995. Mineiro de Una\u00ed (MG), foi criado em Formosa (GO) e chegou a Ceil\u00e2ndia com 26 anos de idade. Abriu seu primeiro neg\u00f3cio, uma distribuidora de doces, em Samambaia. Hoje \u00e9 s\u00f3cio de empresas, entre as quais o Melhor Atacadista.<\/p>\n","protected":false},"excerpt":{"rendered":"<p>A Comiss\u00e3o Parlamentar de Inqu\u00e9rito (CPI) dos atos antidemocr\u00e1ticos da C\u00e2mara Legislativa do Distrito Federal realizou oitiva nesta quinta-feira (4) para ouvir o empres\u00e1rio Adauto L\u00facio Mesquita. O comerciante est\u00e1 sendo investigado pela Pol\u00edcia Civil como suspeito de ser o financiador ou arrecadador de recursos destinados ao pagamento do trio el\u00e9trico Coyote, utilizado durante manifesta\u00e7\u00f5es [&hellip;]<\/p>\n","protected":false},"author":2,"featured_media":304189,"comment_status":"closed","ping_status":"closed","sticky":false,"template":"","format":"standard","meta":{"_acf_changed":false,"footnotes":""},"categories":[161],"tags":[],"class_list":["post-304188","post","type-post","status-publish","format-standard","has-post-thumbnail","hentry","category-quadradinho-em-foco"],"acf":[],"yoast_head":"<!-- This site is optimized with the Yoast SEO plugin v27.2 - https:\/\/yoast.com\/product\/yoast-seo-wordpress\/ -->\n<title>Paula Belmonte puxa orelha de golpista arrependido - Notibras<\/title>\n<meta name=\"robots\" content=\"index, follow, max-snippet:-1, max-image-preview:large, max-video-preview:-1\" \/>\n<link rel=\"canonical\" href=\"https:\/\/www.notibras.com\/site\/paula-belmonte-puxa-orelha-de-golpista-arrependido\/\" \/>\n<meta property=\"og:locale\" content=\"pt_BR\" \/>\n<meta property=\"og:type\" content=\"article\" \/>\n<meta property=\"og:title\" content=\"Paula Belmonte puxa orelha de golpista arrependido - Notibras\" \/>\n<meta property=\"og:description\" content=\"A Comiss\u00e3o Parlamentar de Inqu\u00e9rito (CPI) dos atos antidemocr\u00e1ticos da C\u00e2mara Legislativa do Distrito Federal realizou oitiva nesta quinta-feira (4) para ouvir o empres\u00e1rio Adauto L\u00facio Mesquita. O comerciante est\u00e1 sendo investigado pela Pol\u00edcia Civil como suspeito de ser o financiador ou arrecadador de recursos destinados ao pagamento do trio el\u00e9trico Coyote, utilizado durante manifesta\u00e7\u00f5es [&hellip;]\" \/>\n<meta property=\"og:url\" content=\"https:\/\/www.notibras.com\/site\/paula-belmonte-puxa-orelha-de-golpista-arrependido\/\" \/>\n<meta property=\"og:site_name\" content=\"Notibras\" \/>\n<meta property=\"article:publisher\" content=\"https:\/\/www.facebook.com\/notibras\/\" \/>\n<meta property=\"article:published_time\" content=\"2023-05-05T03:01:55+00:00\" \/>\n<meta property=\"article:modified_time\" content=\"2023-05-05T10:22:25+00:00\" \/>\n<meta property=\"og:image\" content=\"https:\/\/www.notibras.com\/site\/wp-content\/uploads\/2023\/05\/CPI-Atos-Antidemocraticos-7.png\" \/>\n\t<meta property=\"og:image:width\" content=\"1618\" \/>\n\t<meta property=\"og:image:height\" content=\"1079\" \/>\n\t<meta property=\"og:image:type\" content=\"image\/png\" \/>\n<meta name=\"author\" content=\"Reda\u00e7\u00e3o\" \/>\n<meta name=\"twitter:card\" content=\"summary_large_image\" \/>\n<meta name=\"twitter:creator\" content=\"@Notibras\" \/>\n<meta name=\"twitter:site\" content=\"@Notibras\" \/>\n<meta name=\"twitter:label1\" content=\"Escrito por\" \/>\n\t<meta name=\"twitter:data1\" content=\"Reda\u00e7\u00e3o\" \/>\n\t<meta name=\"twitter:label2\" content=\"Est. tempo de leitura\" \/>\n\t<meta name=\"twitter:data2\" content=\"7 minutos\" \/>\n<script type=\"application\/ld+json\" class=\"yoast-schema-graph\">{\"@context\":\"https:\/\/schema.org\",\"@graph\":[{\"@type\":\"Article\",\"@id\":\"https:\/\/www.notibras.com\/site\/paula-belmonte-puxa-orelha-de-golpista-arrependido\/#article\",\"isPartOf\":{\"@id\":\"https:\/\/www.notibras.com\/site\/paula-belmonte-puxa-orelha-de-golpista-arrependido\/\"},\"author\":{\"name\":\"Reda\u00e7\u00e3o\",\"@id\":\"https:\/\/www.notibras.com\/site\/#\/schema\/person\/36ab0979449956132d3e5b517ea76ac8\"},\"headline\":\"Paula Belmonte puxa orelha de golpista arrependido\",\"datePublished\":\"2023-05-05T03:01:55+00:00\",\"dateModified\":\"2023-05-05T10:22:25+00:00\",\"mainEntityOfPage\":{\"@id\":\"https:\/\/www.notibras.com\/site\/paula-belmonte-puxa-orelha-de-golpista-arrependido\/\"},\"wordCount\":1316,\"publisher\":{\"@id\":\"https:\/\/www.notibras.com\/site\/#organization\"},\"image\":{\"@id\":\"https:\/\/www.notibras.com\/site\/paula-belmonte-puxa-orelha-de-golpista-arrependido\/#primaryimage\"},\"thumbnailUrl\":\"https:\/\/www.notibras.com\/site\/wp-content\/uploads\/2023\/05\/CPI-Atos-Antidemocraticos-7.png\",\"articleSection\":[\"Quadradinho em Foco\"],\"inLanguage\":\"pt-BR\"},{\"@type\":\"WebPage\",\"@id\":\"https:\/\/www.notibras.com\/site\/paula-belmonte-puxa-orelha-de-golpista-arrependido\/\",\"url\":\"https:\/\/www.notibras.com\/site\/paula-belmonte-puxa-orelha-de-golpista-arrependido\/\",\"name\":\"Paula Belmonte puxa orelha de golpista arrependido - Notibras\",\"isPartOf\":{\"@id\":\"https:\/\/www.notibras.com\/site\/#website\"},\"primaryImageOfPage\":{\"@id\":\"https:\/\/www.notibras.com\/site\/paula-belmonte-puxa-orelha-de-golpista-arrependido\/#primaryimage\"},\"image\":{\"@id\":\"https:\/\/www.notibras.com\/site\/paula-belmonte-puxa-orelha-de-golpista-arrependido\/#primaryimage\"},\"thumbnailUrl\":\"https:\/\/www.notibras.com\/site\/wp-content\/uploads\/2023\/05\/CPI-Atos-Antidemocraticos-7.png\",\"datePublished\":\"2023-05-05T03:01:55+00:00\",\"dateModified\":\"2023-05-05T10:22:25+00:00\",\"breadcrumb\":{\"@id\":\"https:\/\/www.notibras.com\/site\/paula-belmonte-puxa-orelha-de-golpista-arrependido\/#breadcrumb\"},\"inLanguage\":\"pt-BR\",\"potentialAction\":[{\"@type\":\"ReadAction\",\"target\":[\"https:\/\/www.notibras.com\/site\/paula-belmonte-puxa-orelha-de-golpista-arrependido\/\"]}]},{\"@type\":\"ImageObject\",\"inLanguage\":\"pt-BR\",\"@id\":\"https:\/\/www.notibras.com\/site\/paula-belmonte-puxa-orelha-de-golpista-arrependido\/#primaryimage\",\"url\":\"https:\/\/www.notibras.com\/site\/wp-content\/uploads\/2023\/05\/CPI-Atos-Antidemocraticos-7.png\",\"contentUrl\":\"https:\/\/www.notibras.com\/site\/wp-content\/uploads\/2023\/05\/CPI-Atos-Antidemocraticos-7.png\",\"width\":1618,\"height\":1079},{\"@type\":\"BreadcrumbList\",\"@id\":\"https:\/\/www.notibras.com\/site\/paula-belmonte-puxa-orelha-de-golpista-arrependido\/#breadcrumb\",\"itemListElement\":[{\"@type\":\"ListItem\",\"position\":1,\"name\":\"In\u00edcio\",\"item\":\"https:\/\/www.notibras.com\/site\/\"},{\"@type\":\"ListItem\",\"position\":2,\"name\":\"Paula Belmonte puxa orelha de golpista arrependido\"}]},{\"@type\":\"WebSite\",\"@id\":\"https:\/\/www.notibras.com\/site\/#website\",\"url\":\"https:\/\/www.notibras.com\/site\/\",\"name\":\"Notibras\",\"description\":\"Not\u00edcias de Bras\u00edlia, do Brasil e do Mundo\",\"publisher\":{\"@id\":\"https:\/\/www.notibras.com\/site\/#organization\"},\"potentialAction\":[{\"@type\":\"SearchAction\",\"target\":{\"@type\":\"EntryPoint\",\"urlTemplate\":\"https:\/\/www.notibras.com\/site\/?s={search_term_string}\"},\"query-input\":{\"@type\":\"PropertyValueSpecification\",\"valueRequired\":true,\"valueName\":\"search_term_string\"}}],\"inLanguage\":\"pt-BR\"},{\"@type\":\"Organization\",\"@id\":\"https:\/\/www.notibras.com\/site\/#organization\",\"name\":\"Grupo Notibras de Comunica\u00e7\u00e3o\",\"url\":\"https:\/\/www.notibras.com\/site\/\",\"logo\":{\"@type\":\"ImageObject\",\"inLanguage\":\"pt-BR\",\"@id\":\"https:\/\/www.notibras.com\/site\/#\/schema\/logo\/image\/\",\"url\":\"https:\/\/www.notibras.com\/site\/wp-content\/uploads\/2023\/01\/notibras23.png\",\"contentUrl\":\"https:\/\/www.notibras.com\/site\/wp-content\/uploads\/2023\/01\/notibras23.png\",\"width\":350,\"height\":87,\"caption\":\"Grupo Notibras de Comunica\u00e7\u00e3o\"},\"image\":{\"@id\":\"https:\/\/www.notibras.com\/site\/#\/schema\/logo\/image\/\"},\"sameAs\":[\"https:\/\/www.facebook.com\/notibras\/\",\"https:\/\/x.com\/Notibras\",\"https:\/\/www.instagram.com\/notibras\/\"]},{\"@type\":\"Person\",\"@id\":\"https:\/\/www.notibras.com\/site\/#\/schema\/person\/36ab0979449956132d3e5b517ea76ac8\",\"name\":\"Reda\u00e7\u00e3o\",\"image\":{\"@type\":\"ImageObject\",\"inLanguage\":\"pt-BR\",\"@id\":\"https:\/\/secure.gravatar.com\/avatar\/e0a867bdedb85fd243eadf09663511f96fc81e0720a4a42581f334ad4303aa6b?s=96&d=mm&r=g\",\"url\":\"https:\/\/secure.gravatar.com\/avatar\/e0a867bdedb85fd243eadf09663511f96fc81e0720a4a42581f334ad4303aa6b?s=96&d=mm&r=g\",\"contentUrl\":\"https:\/\/secure.gravatar.com\/avatar\/e0a867bdedb85fd243eadf09663511f96fc81e0720a4a42581f334ad4303aa6b?s=96&d=mm&r=g\",\"caption\":\"Reda\u00e7\u00e3o\"}}]}<\/script>\n<!-- \/ Yoast SEO plugin. -->","yoast_head_json":{"title":"Paula Belmonte puxa orelha de golpista arrependido - Notibras","robots":{"index":"index","follow":"follow","max-snippet":"max-snippet:-1","max-image-preview":"max-image-preview:large","max-video-preview":"max-video-preview:-1"},"canonical":"https:\/\/www.notibras.com\/site\/paula-belmonte-puxa-orelha-de-golpista-arrependido\/","og_locale":"pt_BR","og_type":"article","og_title":"Paula Belmonte puxa orelha de golpista arrependido - Notibras","og_description":"A Comiss\u00e3o Parlamentar de Inqu\u00e9rito (CPI) dos atos antidemocr\u00e1ticos da C\u00e2mara Legislativa do Distrito Federal realizou oitiva nesta quinta-feira (4) para ouvir o empres\u00e1rio Adauto L\u00facio Mesquita. O comerciante est\u00e1 sendo investigado pela Pol\u00edcia Civil como suspeito de ser o financiador ou arrecadador de recursos destinados ao pagamento do trio el\u00e9trico Coyote, utilizado durante manifesta\u00e7\u00f5es [&hellip;]","og_url":"https:\/\/www.notibras.com\/site\/paula-belmonte-puxa-orelha-de-golpista-arrependido\/","og_site_name":"Notibras","article_publisher":"https:\/\/www.facebook.com\/notibras\/","article_published_time":"2023-05-05T03:01:55+00:00","article_modified_time":"2023-05-05T10:22:25+00:00","og_image":[{"width":1618,"height":1079,"url":"https:\/\/www.notibras.com\/site\/wp-content\/uploads\/2023\/05\/CPI-Atos-Antidemocraticos-7.png","type":"image\/png"}],"author":"Reda\u00e7\u00e3o","twitter_card":"summary_large_image","twitter_creator":"@Notibras","twitter_site":"@Notibras","twitter_misc":{"Escrito por":"Reda\u00e7\u00e3o","Est. tempo de leitura":"7 minutos"},"schema":{"@context":"https:\/\/schema.org","@graph":[{"@type":"Article","@id":"https:\/\/www.notibras.com\/site\/paula-belmonte-puxa-orelha-de-golpista-arrependido\/#article","isPartOf":{"@id":"https:\/\/www.notibras.com\/site\/paula-belmonte-puxa-orelha-de-golpista-arrependido\/"},"author":{"name":"Reda\u00e7\u00e3o","@id":"https:\/\/www.notibras.com\/site\/#\/schema\/person\/36ab0979449956132d3e5b517ea76ac8"},"headline":"Paula Belmonte puxa orelha de golpista arrependido","datePublished":"2023-05-05T03:01:55+00:00","dateModified":"2023-05-05T10:22:25+00:00","mainEntityOfPage":{"@id":"https:\/\/www.notibras.com\/site\/paula-belmonte-puxa-orelha-de-golpista-arrependido\/"},"wordCount":1316,"publisher":{"@id":"https:\/\/www.notibras.com\/site\/#organization"},"image":{"@id":"https:\/\/www.notibras.com\/site\/paula-belmonte-puxa-orelha-de-golpista-arrependido\/#primaryimage"},"thumbnailUrl":"https:\/\/www.notibras.com\/site\/wp-content\/uploads\/2023\/05\/CPI-Atos-Antidemocraticos-7.png","articleSection":["Quadradinho em Foco"],"inLanguage":"pt-BR"},{"@type":"WebPage","@id":"https:\/\/www.notibras.com\/site\/paula-belmonte-puxa-orelha-de-golpista-arrependido\/","url":"https:\/\/www.notibras.com\/site\/paula-belmonte-puxa-orelha-de-golpista-arrependido\/","name":"Paula Belmonte puxa orelha de golpista arrependido - Notibras","isPartOf":{"@id":"https:\/\/www.notibras.com\/site\/#website"},"primaryImageOfPage":{"@id":"https:\/\/www.notibras.com\/site\/paula-belmonte-puxa-orelha-de-golpista-arrependido\/#primaryimage"},"image":{"@id":"https:\/\/www.notibras.com\/site\/paula-belmonte-puxa-orelha-de-golpista-arrependido\/#primaryimage"},"thumbnailUrl":"https:\/\/www.notibras.com\/site\/wp-content\/uploads\/2023\/05\/CPI-Atos-Antidemocraticos-7.png","datePublished":"2023-05-05T03:01:55+00:00","dateModified":"2023-05-05T10:22:25+00:00","breadcrumb":{"@id":"https:\/\/www.notibras.com\/site\/paula-belmonte-puxa-orelha-de-golpista-arrependido\/#breadcrumb"},"inLanguage":"pt-BR","potentialAction":[{"@type":"ReadAction","target":["https:\/\/www.notibras.com\/site\/paula-belmonte-puxa-orelha-de-golpista-arrependido\/"]}]},{"@type":"ImageObject","inLanguage":"pt-BR","@id":"https:\/\/www.notibras.com\/site\/paula-belmonte-puxa-orelha-de-golpista-arrependido\/#primaryimage","url":"https:\/\/www.notibras.com\/site\/wp-content\/uploads\/2023\/05\/CPI-Atos-Antidemocraticos-7.png","contentUrl":"https:\/\/www.notibras.com\/site\/wp-content\/uploads\/2023\/05\/CPI-Atos-Antidemocraticos-7.png","width":1618,"height":1079},{"@type":"BreadcrumbList","@id":"https:\/\/www.notibras.com\/site\/paula-belmonte-puxa-orelha-de-golpista-arrependido\/#breadcrumb","itemListElement":[{"@type":"ListItem","position":1,"name":"In\u00edcio","item":"https:\/\/www.notibras.com\/site\/"},{"@type":"ListItem","position":2,"name":"Paula Belmonte puxa orelha de golpista arrependido"}]},{"@type":"WebSite","@id":"https:\/\/www.notibras.com\/site\/#website","url":"https:\/\/www.notibras.com\/site\/","name":"Notibras","description":"Not\u00edcias de Bras\u00edlia, do Brasil e do Mundo","publisher":{"@id":"https:\/\/www.notibras.com\/site\/#organization"},"potentialAction":[{"@type":"SearchAction","target":{"@type":"EntryPoint","urlTemplate":"https:\/\/www.notibras.com\/site\/?s={search_term_string}"},"query-input":{"@type":"PropertyValueSpecification","valueRequired":true,"valueName":"search_term_string"}}],"inLanguage":"pt-BR"},{"@type":"Organization","@id":"https:\/\/www.notibras.com\/site\/#organization","name":"Grupo Notibras de Comunica\u00e7\u00e3o","url":"https:\/\/www.notibras.com\/site\/","logo":{"@type":"ImageObject","inLanguage":"pt-BR","@id":"https:\/\/www.notibras.com\/site\/#\/schema\/logo\/image\/","url":"https:\/\/www.notibras.com\/site\/wp-content\/uploads\/2023\/01\/notibras23.png","contentUrl":"https:\/\/www.notibras.com\/site\/wp-content\/uploads\/2023\/01\/notibras23.png","width":350,"height":87,"caption":"Grupo Notibras de Comunica\u00e7\u00e3o"},"image":{"@id":"https:\/\/www.notibras.com\/site\/#\/schema\/logo\/image\/"},"sameAs":["https:\/\/www.facebook.com\/notibras\/","https:\/\/x.com\/Notibras","https:\/\/www.instagram.com\/notibras\/"]},{"@type":"Person","@id":"https:\/\/www.notibras.com\/site\/#\/schema\/person\/36ab0979449956132d3e5b517ea76ac8","name":"Reda\u00e7\u00e3o","image":{"@type":"ImageObject","inLanguage":"pt-BR","@id":"https:\/\/secure.gravatar.com\/avatar\/e0a867bdedb85fd243eadf09663511f96fc81e0720a4a42581f334ad4303aa6b?s=96&d=mm&r=g","url":"https:\/\/secure.gravatar.com\/avatar\/e0a867bdedb85fd243eadf09663511f96fc81e0720a4a42581f334ad4303aa6b?s=96&d=mm&r=g","contentUrl":"https:\/\/secure.gravatar.com\/avatar\/e0a867bdedb85fd243eadf09663511f96fc81e0720a4a42581f334ad4303aa6b?s=96&d=mm&r=g","caption":"Reda\u00e7\u00e3o"}}]}},"amp_enabled":true,"_links":{"self":[{"href":"https:\/\/www.notibras.com\/site\/wp-json\/wp\/v2\/posts\/304188","targetHints":{"allow":["GET"]}}],"collection":[{"href":"https:\/\/www.notibras.com\/site\/wp-json\/wp\/v2\/posts"}],"about":[{"href":"https:\/\/www.notibras.com\/site\/wp-json\/wp\/v2\/types\/post"}],"author":[{"embeddable":true,"href":"https:\/\/www.notibras.com\/site\/wp-json\/wp\/v2\/users\/2"}],"replies":[{"embeddable":true,"href":"https:\/\/www.notibras.com\/site\/wp-json\/wp\/v2\/comments?post=304188"}],"version-history":[{"count":1,"href":"https:\/\/www.notibras.com\/site\/wp-json\/wp\/v2\/posts\/304188\/revisions"}],"predecessor-version":[{"id":304190,"href":"https:\/\/www.notibras.com\/site\/wp-json\/wp\/v2\/posts\/304188\/revisions\/304190"}],"wp:featuredmedia":[{"embeddable":true,"href":"https:\/\/www.notibras.com\/site\/wp-json\/wp\/v2\/media\/304189"}],"wp:attachment":[{"href":"https:\/\/www.notibras.com\/site\/wp-json\/wp\/v2\/media?parent=304188"}],"wp:term":[{"taxonomy":"category","embeddable":true,"href":"https:\/\/www.notibras.com\/site\/wp-json\/wp\/v2\/categories?post=304188"},{"taxonomy":"post_tag","embeddable":true,"href":"https:\/\/www.notibras.com\/site\/wp-json\/wp\/v2\/tags?post=304188"}],"curies":[{"name":"wp","href":"https:\/\/api.w.org\/{rel}","templated":true}]}}