{"id":304223,"date":"2023-05-05T14:26:29","date_gmt":"2023-05-05T17:26:29","guid":{"rendered":"https:\/\/www.notibras.com\/site\/?p=304223"},"modified":"2023-05-05T14:27:53","modified_gmt":"2023-05-05T17:27:53","slug":"brasilia-entra-no-top-5-das-cestas-basicas-mais-caras","status":"publish","type":"post","link":"https:\/\/www.notibras.com\/site\/brasilia-entra-no-top-5-das-cestas-basicas-mais-caras\/","title":{"rendered":"Bras\u00edlia entra no Top 5 das cestas b\u00e1sicas mais caras"},"content":{"rendered":"<p>O custo da cesta b\u00e1sica aumentou em abril em 14 das 17 capitais brasileiras que s\u00e3o analisadas na Pesquisa Nacional da Cesta B\u00e1sica de Alimentos, divulgada mensalmente pelo Departamento Intersindical de Estat\u00edstica e Estudos Socioecon\u00f4micos (Dieese). Segundo o estudo, a cesta s\u00f3 n\u00e3o subiu em Natal, onde o pre\u00e7o m\u00e9dio apresentou queda de 1,48% em rela\u00e7\u00e3o a mar\u00e7o, em Salvador (-0,91%) e Bel\u00e9m (-0,57%).<\/p>\n<p>Por outro lado, as maiores altas foram observadas em Porto Alegre, onde houve eleva\u00e7\u00e3o de 5,02% no custo mensal da cesta, em Florian\u00f3polis (3,65%), em Goi\u00e2nia (3,53%), em Bras\u00edlia (3,43%) e em Fortaleza (3,38%).<\/p>\n<p>A cesta b\u00e1sica mais cara do pa\u00eds continua sendo a de S\u00e3o Paulo, o que vem acontecendo pelo menos desde o in\u00edcio deste ano. No m\u00eas passado, o conjunto dos alimentos b\u00e1sicos na capital paulista custava em torno de R$ 794,68.<\/p>\n<p>Em seguida estavam as cestas de Porto Alegre (R$ 783,55), Florian\u00f3polis (R$ 769,35) e do Rio de Janeiro (R$ 750,77). Nas cidades do Norte e do Nordeste, onde a composi\u00e7\u00e3o da cesta \u00e9 diferente, os menores valores m\u00e9dios foram registrados em Aracaju (R$ 553,89), Recife (R$ 582,26), Jo\u00e3o Pessoa (R$ 585,42) e Salvador (R$ 585,99).<\/p>\n<p>Com base no valor da cesta mais cara, que no m\u00eas de abril foi novamente a de S\u00e3o Paulo, o Dieese calculou qual seria o sal\u00e1rio-m\u00ednimo ideal no pa\u00eds para cobrir as despesas com alimenta\u00e7\u00e3o, moradia, sa\u00fade, educa\u00e7\u00e3o, vestu\u00e1rio, higiene, transporte, lazer e previd\u00eancia. Segundo a entidade, o sal\u00e1rio-m\u00ednimo deveria ter sido de R$ 6.676,11 em abril, ou 5,13 vezes superior ao que o m\u00ednimo valia no m\u00eas passado (R$ 1.302,00).<\/p>\n<p>Nesta semana, o governo federal anunciou o reajuste no valor do novo sal\u00e1rio-m\u00ednimo do pa\u00eds: a partir deste m\u00eas, ele passa a valer R$ 1.320,00.<\/p>\n","protected":false},"excerpt":{"rendered":"<p>O custo da cesta b\u00e1sica aumentou em abril em 14 das 17 capitais brasileiras que s\u00e3o analisadas na Pesquisa Nacional da Cesta B\u00e1sica de Alimentos, divulgada mensalmente pelo Departamento Intersindical de Estat\u00edstica e Estudos Socioecon\u00f4micos (Dieese). Segundo o estudo, a cesta s\u00f3 n\u00e3o subiu em Natal, onde o pre\u00e7o m\u00e9dio apresentou queda de 1,48% em [&hellip;]<\/p>\n","protected":false},"author":2,"featured_media":304224,"comment_status":"closed","ping_status":"closed","sticky":false,"template":"","format":"standard","meta":{"_acf_changed":false,"footnotes":""},"categories":[161],"tags":[95],"class_list":["post-304223","post","type-post","status-publish","format-standard","has-post-thumbnail","hentry","category-quadradinho-em-foco","tag-capa"],"acf":[],"yoast_head":"<!-- This site is optimized with the Yoast SEO plugin v27.2 - https:\/\/yoast.com\/product\/yoast-seo-wordpress\/ -->\n<title>Bras\u00edlia entra no Top 5 das cestas b\u00e1sicas mais caras - Notibras<\/title>\n<meta name=\"robots\" content=\"index, follow, max-snippet:-1, max-image-preview:large, max-video-preview:-1\" \/>\n<link rel=\"canonical\" href=\"https:\/\/www.notibras.com\/site\/brasilia-entra-no-top-5-das-cestas-basicas-mais-caras\/\" \/>\n<meta property=\"og:locale\" content=\"pt_BR\" \/>\n<meta property=\"og:type\" content=\"article\" \/>\n<meta property=\"og:title\" content=\"Bras\u00edlia entra no Top 5 das cestas b\u00e1sicas mais caras - Notibras\" \/>\n<meta property=\"og:description\" content=\"O custo da cesta b\u00e1sica aumentou em abril em 14 das 17 capitais brasileiras que s\u00e3o analisadas na Pesquisa Nacional da Cesta B\u00e1sica de Alimentos, divulgada mensalmente pelo Departamento Intersindical de Estat\u00edstica e Estudos Socioecon\u00f4micos (Dieese). Segundo o estudo, a cesta s\u00f3 n\u00e3o subiu em Natal, onde o pre\u00e7o m\u00e9dio apresentou queda de 1,48% em [&hellip;]\" \/>\n<meta property=\"og:url\" content=\"https:\/\/www.notibras.com\/site\/brasilia-entra-no-top-5-das-cestas-basicas-mais-caras\/\" \/>\n<meta property=\"og:site_name\" content=\"Notibras\" \/>\n<meta property=\"article:publisher\" content=\"https:\/\/www.facebook.com\/notibras\/\" \/>\n<meta property=\"article:published_time\" content=\"2023-05-05T17:26:29+00:00\" \/>\n<meta property=\"article:modified_time\" content=\"2023-05-05T17:27:53+00:00\" \/>\n<meta property=\"og:image\" content=\"https:\/\/www.notibras.com\/site\/wp-content\/uploads\/2023\/05\/supermercados_dia_8-4.jpg\" \/>\n\t<meta property=\"og:image:width\" content=\"1170\" \/>\n\t<meta property=\"og:image:height\" content=\"700\" \/>\n\t<meta property=\"og:image:type\" content=\"image\/jpeg\" \/>\n<meta name=\"author\" content=\"Reda\u00e7\u00e3o\" \/>\n<meta name=\"twitter:card\" content=\"summary_large_image\" \/>\n<meta name=\"twitter:creator\" content=\"@Notibras\" \/>\n<meta name=\"twitter:site\" content=\"@Notibras\" \/>\n<meta name=\"twitter:label1\" content=\"Escrito por\" \/>\n\t<meta name=\"twitter:data1\" content=\"Reda\u00e7\u00e3o\" \/>\n\t<meta name=\"twitter:label2\" content=\"Est. tempo de leitura\" \/>\n\t<meta name=\"twitter:data2\" content=\"2 minutos\" \/>\n<script type=\"application\/ld+json\" class=\"yoast-schema-graph\">{\"@context\":\"https:\/\/schema.org\",\"@graph\":[{\"@type\":\"Article\",\"@id\":\"https:\/\/www.notibras.com\/site\/brasilia-entra-no-top-5-das-cestas-basicas-mais-caras\/#article\",\"isPartOf\":{\"@id\":\"https:\/\/www.notibras.com\/site\/brasilia-entra-no-top-5-das-cestas-basicas-mais-caras\/\"},\"author\":{\"name\":\"Reda\u00e7\u00e3o\",\"@id\":\"https:\/\/www.notibras.com\/site\/#\/schema\/person\/36ab0979449956132d3e5b517ea76ac8\"},\"headline\":\"Bras\u00edlia entra no Top 5 das cestas b\u00e1sicas mais caras\",\"datePublished\":\"2023-05-05T17:26:29+00:00\",\"dateModified\":\"2023-05-05T17:27:53+00:00\",\"mainEntityOfPage\":{\"@id\":\"https:\/\/www.notibras.com\/site\/brasilia-entra-no-top-5-das-cestas-basicas-mais-caras\/\"},\"wordCount\":323,\"publisher\":{\"@id\":\"https:\/\/www.notibras.com\/site\/#organization\"},\"image\":{\"@id\":\"https:\/\/www.notibras.com\/site\/brasilia-entra-no-top-5-das-cestas-basicas-mais-caras\/#primaryimage\"},\"thumbnailUrl\":\"https:\/\/www.notibras.com\/site\/wp-content\/uploads\/2023\/05\/supermercados_dia_8-4.jpg\",\"keywords\":[\"capa\"],\"articleSection\":[\"Quadradinho em Foco\"],\"inLanguage\":\"pt-BR\"},{\"@type\":\"WebPage\",\"@id\":\"https:\/\/www.notibras.com\/site\/brasilia-entra-no-top-5-das-cestas-basicas-mais-caras\/\",\"url\":\"https:\/\/www.notibras.com\/site\/brasilia-entra-no-top-5-das-cestas-basicas-mais-caras\/\",\"name\":\"Bras\u00edlia entra no Top 5 das cestas b\u00e1sicas mais caras - Notibras\",\"isPartOf\":{\"@id\":\"https:\/\/www.notibras.com\/site\/#website\"},\"primaryImageOfPage\":{\"@id\":\"https:\/\/www.notibras.com\/site\/brasilia-entra-no-top-5-das-cestas-basicas-mais-caras\/#primaryimage\"},\"image\":{\"@id\":\"https:\/\/www.notibras.com\/site\/brasilia-entra-no-top-5-das-cestas-basicas-mais-caras\/#primaryimage\"},\"thumbnailUrl\":\"https:\/\/www.notibras.com\/site\/wp-content\/uploads\/2023\/05\/supermercados_dia_8-4.jpg\",\"datePublished\":\"2023-05-05T17:26:29+00:00\",\"dateModified\":\"2023-05-05T17:27:53+00:00\",\"breadcrumb\":{\"@id\":\"https:\/\/www.notibras.com\/site\/brasilia-entra-no-top-5-das-cestas-basicas-mais-caras\/#breadcrumb\"},\"inLanguage\":\"pt-BR\",\"potentialAction\":[{\"@type\":\"ReadAction\",\"target\":[\"https:\/\/www.notibras.com\/site\/brasilia-entra-no-top-5-das-cestas-basicas-mais-caras\/\"]}]},{\"@type\":\"ImageObject\",\"inLanguage\":\"pt-BR\",\"@id\":\"https:\/\/www.notibras.com\/site\/brasilia-entra-no-top-5-das-cestas-basicas-mais-caras\/#primaryimage\",\"url\":\"https:\/\/www.notibras.com\/site\/wp-content\/uploads\/2023\/05\/supermercados_dia_8-4.jpg\",\"contentUrl\":\"https:\/\/www.notibras.com\/site\/wp-content\/uploads\/2023\/05\/supermercados_dia_8-4.jpg\",\"width\":1170,\"height\":700},{\"@type\":\"BreadcrumbList\",\"@id\":\"https:\/\/www.notibras.com\/site\/brasilia-entra-no-top-5-das-cestas-basicas-mais-caras\/#breadcrumb\",\"itemListElement\":[{\"@type\":\"ListItem\",\"position\":1,\"name\":\"In\u00edcio\",\"item\":\"https:\/\/www.notibras.com\/site\/\"},{\"@type\":\"ListItem\",\"position\":2,\"name\":\"Bras\u00edlia entra no Top 5 das cestas b\u00e1sicas mais caras\"}]},{\"@type\":\"WebSite\",\"@id\":\"https:\/\/www.notibras.com\/site\/#website\",\"url\":\"https:\/\/www.notibras.com\/site\/\",\"name\":\"Notibras\",\"description\":\"Not\u00edcias de Bras\u00edlia, do Brasil e do Mundo\",\"publisher\":{\"@id\":\"https:\/\/www.notibras.com\/site\/#organization\"},\"potentialAction\":[{\"@type\":\"SearchAction\",\"target\":{\"@type\":\"EntryPoint\",\"urlTemplate\":\"https:\/\/www.notibras.com\/site\/?s={search_term_string}\"},\"query-input\":{\"@type\":\"PropertyValueSpecification\",\"valueRequired\":true,\"valueName\":\"search_term_string\"}}],\"inLanguage\":\"pt-BR\"},{\"@type\":\"Organization\",\"@id\":\"https:\/\/www.notibras.com\/site\/#organization\",\"name\":\"Grupo Notibras de Comunica\u00e7\u00e3o\",\"url\":\"https:\/\/www.notibras.com\/site\/\",\"logo\":{\"@type\":\"ImageObject\",\"inLanguage\":\"pt-BR\",\"@id\":\"https:\/\/www.notibras.com\/site\/#\/schema\/logo\/image\/\",\"url\":\"https:\/\/www.notibras.com\/site\/wp-content\/uploads\/2023\/01\/notibras23.png\",\"contentUrl\":\"https:\/\/www.notibras.com\/site\/wp-content\/uploads\/2023\/01\/notibras23.png\",\"width\":350,\"height\":87,\"caption\":\"Grupo Notibras de Comunica\u00e7\u00e3o\"},\"image\":{\"@id\":\"https:\/\/www.notibras.com\/site\/#\/schema\/logo\/image\/\"},\"sameAs\":[\"https:\/\/www.facebook.com\/notibras\/\",\"https:\/\/x.com\/Notibras\",\"https:\/\/www.instagram.com\/notibras\/\"]},{\"@type\":\"Person\",\"@id\":\"https:\/\/www.notibras.com\/site\/#\/schema\/person\/36ab0979449956132d3e5b517ea76ac8\",\"name\":\"Reda\u00e7\u00e3o\",\"image\":{\"@type\":\"ImageObject\",\"inLanguage\":\"pt-BR\",\"@id\":\"https:\/\/secure.gravatar.com\/avatar\/e0a867bdedb85fd243eadf09663511f96fc81e0720a4a42581f334ad4303aa6b?s=96&d=mm&r=g\",\"url\":\"https:\/\/secure.gravatar.com\/avatar\/e0a867bdedb85fd243eadf09663511f96fc81e0720a4a42581f334ad4303aa6b?s=96&d=mm&r=g\",\"contentUrl\":\"https:\/\/secure.gravatar.com\/avatar\/e0a867bdedb85fd243eadf09663511f96fc81e0720a4a42581f334ad4303aa6b?s=96&d=mm&r=g\",\"caption\":\"Reda\u00e7\u00e3o\"}}]}<\/script>\n<!-- \/ Yoast SEO plugin. -->","yoast_head_json":{"title":"Bras\u00edlia entra no Top 5 das cestas b\u00e1sicas mais caras - Notibras","robots":{"index":"index","follow":"follow","max-snippet":"max-snippet:-1","max-image-preview":"max-image-preview:large","max-video-preview":"max-video-preview:-1"},"canonical":"https:\/\/www.notibras.com\/site\/brasilia-entra-no-top-5-das-cestas-basicas-mais-caras\/","og_locale":"pt_BR","og_type":"article","og_title":"Bras\u00edlia entra no Top 5 das cestas b\u00e1sicas mais caras - Notibras","og_description":"O custo da cesta b\u00e1sica aumentou em abril em 14 das 17 capitais brasileiras que s\u00e3o analisadas na Pesquisa Nacional da Cesta B\u00e1sica de Alimentos, divulgada mensalmente pelo Departamento Intersindical de Estat\u00edstica e Estudos Socioecon\u00f4micos (Dieese). Segundo o estudo, a cesta s\u00f3 n\u00e3o subiu em Natal, onde o pre\u00e7o m\u00e9dio apresentou queda de 1,48% em [&hellip;]","og_url":"https:\/\/www.notibras.com\/site\/brasilia-entra-no-top-5-das-cestas-basicas-mais-caras\/","og_site_name":"Notibras","article_publisher":"https:\/\/www.facebook.com\/notibras\/","article_published_time":"2023-05-05T17:26:29+00:00","article_modified_time":"2023-05-05T17:27:53+00:00","og_image":[{"width":1170,"height":700,"url":"https:\/\/www.notibras.com\/site\/wp-content\/uploads\/2023\/05\/supermercados_dia_8-4.jpg","type":"image\/jpeg"}],"author":"Reda\u00e7\u00e3o","twitter_card":"summary_large_image","twitter_creator":"@Notibras","twitter_site":"@Notibras","twitter_misc":{"Escrito por":"Reda\u00e7\u00e3o","Est. tempo de leitura":"2 minutos"},"schema":{"@context":"https:\/\/schema.org","@graph":[{"@type":"Article","@id":"https:\/\/www.notibras.com\/site\/brasilia-entra-no-top-5-das-cestas-basicas-mais-caras\/#article","isPartOf":{"@id":"https:\/\/www.notibras.com\/site\/brasilia-entra-no-top-5-das-cestas-basicas-mais-caras\/"},"author":{"name":"Reda\u00e7\u00e3o","@id":"https:\/\/www.notibras.com\/site\/#\/schema\/person\/36ab0979449956132d3e5b517ea76ac8"},"headline":"Bras\u00edlia entra no Top 5 das cestas b\u00e1sicas mais caras","datePublished":"2023-05-05T17:26:29+00:00","dateModified":"2023-05-05T17:27:53+00:00","mainEntityOfPage":{"@id":"https:\/\/www.notibras.com\/site\/brasilia-entra-no-top-5-das-cestas-basicas-mais-caras\/"},"wordCount":323,"publisher":{"@id":"https:\/\/www.notibras.com\/site\/#organization"},"image":{"@id":"https:\/\/www.notibras.com\/site\/brasilia-entra-no-top-5-das-cestas-basicas-mais-caras\/#primaryimage"},"thumbnailUrl":"https:\/\/www.notibras.com\/site\/wp-content\/uploads\/2023\/05\/supermercados_dia_8-4.jpg","keywords":["capa"],"articleSection":["Quadradinho em Foco"],"inLanguage":"pt-BR"},{"@type":"WebPage","@id":"https:\/\/www.notibras.com\/site\/brasilia-entra-no-top-5-das-cestas-basicas-mais-caras\/","url":"https:\/\/www.notibras.com\/site\/brasilia-entra-no-top-5-das-cestas-basicas-mais-caras\/","name":"Bras\u00edlia entra no Top 5 das cestas b\u00e1sicas mais caras - Notibras","isPartOf":{"@id":"https:\/\/www.notibras.com\/site\/#website"},"primaryImageOfPage":{"@id":"https:\/\/www.notibras.com\/site\/brasilia-entra-no-top-5-das-cestas-basicas-mais-caras\/#primaryimage"},"image":{"@id":"https:\/\/www.notibras.com\/site\/brasilia-entra-no-top-5-das-cestas-basicas-mais-caras\/#primaryimage"},"thumbnailUrl":"https:\/\/www.notibras.com\/site\/wp-content\/uploads\/2023\/05\/supermercados_dia_8-4.jpg","datePublished":"2023-05-05T17:26:29+00:00","dateModified":"2023-05-05T17:27:53+00:00","breadcrumb":{"@id":"https:\/\/www.notibras.com\/site\/brasilia-entra-no-top-5-das-cestas-basicas-mais-caras\/#breadcrumb"},"inLanguage":"pt-BR","potentialAction":[{"@type":"ReadAction","target":["https:\/\/www.notibras.com\/site\/brasilia-entra-no-top-5-das-cestas-basicas-mais-caras\/"]}]},{"@type":"ImageObject","inLanguage":"pt-BR","@id":"https:\/\/www.notibras.com\/site\/brasilia-entra-no-top-5-das-cestas-basicas-mais-caras\/#primaryimage","url":"https:\/\/www.notibras.com\/site\/wp-content\/uploads\/2023\/05\/supermercados_dia_8-4.jpg","contentUrl":"https:\/\/www.notibras.com\/site\/wp-content\/uploads\/2023\/05\/supermercados_dia_8-4.jpg","width":1170,"height":700},{"@type":"BreadcrumbList","@id":"https:\/\/www.notibras.com\/site\/brasilia-entra-no-top-5-das-cestas-basicas-mais-caras\/#breadcrumb","itemListElement":[{"@type":"ListItem","position":1,"name":"In\u00edcio","item":"https:\/\/www.notibras.com\/site\/"},{"@type":"ListItem","position":2,"name":"Bras\u00edlia entra no Top 5 das cestas b\u00e1sicas mais caras"}]},{"@type":"WebSite","@id":"https:\/\/www.notibras.com\/site\/#website","url":"https:\/\/www.notibras.com\/site\/","name":"Notibras","description":"Not\u00edcias de Bras\u00edlia, do Brasil e do Mundo","publisher":{"@id":"https:\/\/www.notibras.com\/site\/#organization"},"potentialAction":[{"@type":"SearchAction","target":{"@type":"EntryPoint","urlTemplate":"https:\/\/www.notibras.com\/site\/?s={search_term_string}"},"query-input":{"@type":"PropertyValueSpecification","valueRequired":true,"valueName":"search_term_string"}}],"inLanguage":"pt-BR"},{"@type":"Organization","@id":"https:\/\/www.notibras.com\/site\/#organization","name":"Grupo Notibras de Comunica\u00e7\u00e3o","url":"https:\/\/www.notibras.com\/site\/","logo":{"@type":"ImageObject","inLanguage":"pt-BR","@id":"https:\/\/www.notibras.com\/site\/#\/schema\/logo\/image\/","url":"https:\/\/www.notibras.com\/site\/wp-content\/uploads\/2023\/01\/notibras23.png","contentUrl":"https:\/\/www.notibras.com\/site\/wp-content\/uploads\/2023\/01\/notibras23.png","width":350,"height":87,"caption":"Grupo Notibras de Comunica\u00e7\u00e3o"},"image":{"@id":"https:\/\/www.notibras.com\/site\/#\/schema\/logo\/image\/"},"sameAs":["https:\/\/www.facebook.com\/notibras\/","https:\/\/x.com\/Notibras","https:\/\/www.instagram.com\/notibras\/"]},{"@type":"Person","@id":"https:\/\/www.notibras.com\/site\/#\/schema\/person\/36ab0979449956132d3e5b517ea76ac8","name":"Reda\u00e7\u00e3o","image":{"@type":"ImageObject","inLanguage":"pt-BR","@id":"https:\/\/secure.gravatar.com\/avatar\/e0a867bdedb85fd243eadf09663511f96fc81e0720a4a42581f334ad4303aa6b?s=96&d=mm&r=g","url":"https:\/\/secure.gravatar.com\/avatar\/e0a867bdedb85fd243eadf09663511f96fc81e0720a4a42581f334ad4303aa6b?s=96&d=mm&r=g","contentUrl":"https:\/\/secure.gravatar.com\/avatar\/e0a867bdedb85fd243eadf09663511f96fc81e0720a4a42581f334ad4303aa6b?s=96&d=mm&r=g","caption":"Reda\u00e7\u00e3o"}}]}},"amp_enabled":true,"_links":{"self":[{"href":"https:\/\/www.notibras.com\/site\/wp-json\/wp\/v2\/posts\/304223","targetHints":{"allow":["GET"]}}],"collection":[{"href":"https:\/\/www.notibras.com\/site\/wp-json\/wp\/v2\/posts"}],"about":[{"href":"https:\/\/www.notibras.com\/site\/wp-json\/wp\/v2\/types\/post"}],"author":[{"embeddable":true,"href":"https:\/\/www.notibras.com\/site\/wp-json\/wp\/v2\/users\/2"}],"replies":[{"embeddable":true,"href":"https:\/\/www.notibras.com\/site\/wp-json\/wp\/v2\/comments?post=304223"}],"version-history":[{"count":2,"href":"https:\/\/www.notibras.com\/site\/wp-json\/wp\/v2\/posts\/304223\/revisions"}],"predecessor-version":[{"id":304226,"href":"https:\/\/www.notibras.com\/site\/wp-json\/wp\/v2\/posts\/304223\/revisions\/304226"}],"wp:featuredmedia":[{"embeddable":true,"href":"https:\/\/www.notibras.com\/site\/wp-json\/wp\/v2\/media\/304224"}],"wp:attachment":[{"href":"https:\/\/www.notibras.com\/site\/wp-json\/wp\/v2\/media?parent=304223"}],"wp:term":[{"taxonomy":"category","embeddable":true,"href":"https:\/\/www.notibras.com\/site\/wp-json\/wp\/v2\/categories?post=304223"},{"taxonomy":"post_tag","embeddable":true,"href":"https:\/\/www.notibras.com\/site\/wp-json\/wp\/v2\/tags?post=304223"}],"curies":[{"name":"wp","href":"https:\/\/api.w.org\/{rel}","templated":true}]}}