{"id":304251,"date":"2023-05-06T06:29:07","date_gmt":"2023-05-06T09:29:07","guid":{"rendered":"https:\/\/www.notibras.com\/site\/?p=304251"},"modified":"2023-05-06T07:33:19","modified_gmt":"2023-05-06T10:33:19","slug":"desmatamento-aumenta-no-cerrado-e-cai-na-amazonia","status":"publish","type":"post","link":"https:\/\/www.notibras.com\/site\/desmatamento-aumenta-no-cerrado-e-cai-na-amazonia\/","title":{"rendered":"Desmatamento aumenta no Cerrado e cai na Amaz\u00f4nia"},"content":{"rendered":"<p>O desmatamento aumentou no Cerrado e caiu na Amaz\u00f4nia Legal, no acumulado de janeiro a abril de 2023, na compara\u00e7\u00e3o com o mesmo per\u00edodo do ano passado. Os dados s\u00e3o do Instituto Nacional de Pesquisas Espaciais (Inpe) coletados a partir do Sistema de Detec\u00e7\u00e3o do Desmatamento em Tempo Real (Deter), dispon\u00edvel na plataforma TerraBrasilis [http:\/\/terrabrasilis.dpi.inpe.br\/].<\/p>\n<p>No caso da Amaz\u00f4nia, a \u00e1rea perdida foi de 1.132,45 quil\u00f4metros quadrados (km2) este ano, um n\u00famero cerca de 41% menor do que o medido entre janeiro e abril do ano passado (1.967,69 km2), mas equivalente ao desmatamento ocorrido em 2021 (1,153,27 km2) e 2020 (1.204,15 km2).<\/p>\n<p>J\u00e1 o desmatamento no Cerrado entre janeiro e abril de 2023 foi o maior dos \u00faltimos cinco anos, alcan\u00e7ando 2.133 km2, segundo o Deter. O valor \u00e9 cerca de 14,5% maior do que o registrado no mesmo per\u00edodo do ano passado (1.886 km2). Considerando apenas o m\u00eas de abril, os alertas de desmatamento s\u00e3o 31% maiores este ano, na compara\u00e7\u00e3o com 2022.<\/p>\n<p><strong>Alerta<\/strong><br \/>\nEm nota, o Minist\u00e9rio do Meio Ambiente e Mudan\u00e7a do Clima (MMA) lembrou que o Deter faz um levantamento r\u00e1pido de alertas de evid\u00eancias de altera\u00e7\u00e3o da cobertura vegetal na Amaz\u00f4nia e no Cerrado. Esse levantamento \u00e9 considerado o principal instrumento de fiscaliza\u00e7\u00e3o e controle do desmatamento e da degrada\u00e7\u00e3o florestal, realizados pelo Instituto Brasileiro do Meio Ambiente e dos Recursos Naturais Renov\u00e1veis (Ibama) e demais \u00f3rg\u00e3os ambientais. Apesar disso, a plataforma n\u00e3o tem a finalidade de medir com precis\u00e3o as \u00e1reas desmatadas, o que \u00e9 feito pelo Projeto de Monitoramento do Desflorestamento na Amaz\u00f4nia Legal (Prodes), elaborado pelo Inpe anualmente.<\/p>\n<p>\u201cN\u00e3o \u00e9 poss\u00edvel, dada a escala da an\u00e1lise e a cobertura de nuvens que interferem nessas medi\u00e7\u00f5es, assegurar que esses n\u00fameros sejam definitivos. Entretanto, constituem importante ferramenta de planejamento e aprimoramento das a\u00e7\u00f5es para combater o desmatamento ilegal nesses biomas. Nesse sentido, o Minist\u00e9rio do Meio Ambiente e Mudan\u00e7a do Clima determinou rigorosa apura\u00e7\u00e3o dos alertas identificados pelo Deter, a fim de verificar se foram desmatamentos autorizados pelos Estados, visto que compete a eles emitir autoriza\u00e7\u00f5es de supress\u00e3o de vegeta\u00e7\u00e3o nativa. O MMA determinou, ainda, a verifica\u00e7\u00e3o das bases legais das autoriza\u00e7\u00f5es emitidas, bem como a a\u00e7\u00e3o imediata do Ibama no sentido de autuar e embargar as \u00e1reas desmatadas sem autoriza\u00e7\u00e3o\u201d, disse a pasta.<\/p>\n<p><strong>Repercuss\u00e3o<\/strong><br \/>\nOrganiza\u00e7\u00f5es ambientalistas repercutiram os dados do Deter. Para o WWF-Brasil, o resultado em rela\u00e7\u00e3o \u00e0 Amaz\u00f4nia pode indicar uma revers\u00e3o na tend\u00eancia da destrui\u00e7\u00e3o do bioma, mas ainda \u00e9 cedo para saber se tal mudan\u00e7a vai se consolidar. \u201cRecebemos os n\u00fameros de abril como sinal positivo, mas infelizmente ainda n\u00e3o podemos falar em tend\u00eancia de queda de desmatamento na Amaz\u00f4nia. Os n\u00fameros est\u00e3o num patamar muito alto e a temporada da seca, favor\u00e1vel ao desmatamento, n\u00e3o come\u00e7ou\u201d, afirma Mariana Napolitano, gerente de Conserva\u00e7\u00e3o do WWF-Brasil.<\/p>\n<p>J\u00e1 em rela\u00e7\u00e3o ao Cerrado, a situa\u00e7\u00e3o \u00e9 considerada muito alarmante. Cerca de 80% dos alertas de desmatamento ocorreram em \u00e1reas do Maranh\u00e3o, Tocantins, Piau\u00ed e Bahia, o chamado Matopiba, regi\u00e3o que \u00e9, atualmente, principal fronteira de expans\u00e3o agr\u00edcola no Brasil e uma das grandes frentes de destrui\u00e7\u00e3o de biomas do mundo. Nas \u00faltimas d\u00e9cadas, o Cerrado perdeu mais de 50% de sua cobertura vegetal original. O bioma \u00e9 o principal respons\u00e1vel pela seguran\u00e7a h\u00eddrica do pa\u00eds, por abrigar importantes bacias hidrogr\u00e1ficas e os maiores reservat\u00f3rios de abastecimento de \u00e1gua das grandes cidades. Al\u00e9m disso, depende do regime de chuvas est\u00e1vel para garantir produtividade na pr\u00f3pria atividade agr\u00edcola.<\/p>\n<p>O MMA informou que aumentou o n\u00famero embargos de uso de \u00e1rea desmatada ilegalmente em 216% desde janeiro. J\u00e1 a apreens\u00e3o de produtos oriundos de infra\u00e7\u00f5es ambientais aumentou 210%, segundo a pasta.<\/p>\n<p>\u201cNo Cerrado e demais biomas (exceto Amaz\u00f4nia) houve aumento de 169% dos autos de infra\u00e7\u00e3o de janeiro a abril em rela\u00e7\u00e3o \u00e0 m\u00e9dia na gest\u00e3o anterior. O n\u00famero de embargos de uso de \u00e1rea desmatada ilegalmente no Cerrado e demais biomas aumentou 198% e as apreens\u00f5es de produtos oriundos de infra\u00e7\u00f5es ambientais aumentaram 154% no mesmo per\u00edodo\u201d, destacou a pasta.<\/p>\n<p>Ainda segundo o governo federal, em maio ser\u00e1 conclu\u00edda a nova fase do Plano de Preven\u00e7\u00e3o e Controle do Desmatamento na Amaz\u00f4nia (PPCDAm), restitu\u00eddo por meio do presidente Luiz In\u00e1cio Lula da Silva. J\u00e1 em julho, o MMA deve iniciar a atualiza\u00e7\u00e3o do Plano de Preven\u00e7\u00e3o e Controle do Desmatamento no Cerrado (PPCerrado), que \u201cpermitir\u00e1 a amplia\u00e7\u00e3o e intensifica\u00e7\u00e3o dos esfor\u00e7os do governo federal, em parceria com os governos estaduais e a sociedade, para combater o desmatamento no bioma\u201d.<\/p>\n","protected":false},"excerpt":{"rendered":"<p>O desmatamento aumentou no Cerrado e caiu na Amaz\u00f4nia Legal, no acumulado de janeiro a abril de 2023, na compara\u00e7\u00e3o com o mesmo per\u00edodo do ano passado. Os dados s\u00e3o do Instituto Nacional de Pesquisas Espaciais (Inpe) coletados a partir do Sistema de Detec\u00e7\u00e3o do Desmatamento em Tempo Real (Deter), dispon\u00edvel na plataforma TerraBrasilis [http:\/\/terrabrasilis.dpi.inpe.br\/]. [&hellip;]<\/p>\n","protected":false},"author":2,"featured_media":304252,"comment_status":"closed","ping_status":"closed","sticky":false,"template":"","format":"standard","meta":{"_acf_changed":false,"footnotes":""},"categories":[161],"tags":[95],"class_list":["post-304251","post","type-post","status-publish","format-standard","has-post-thumbnail","hentry","category-quadradinho-em-foco","tag-capa"],"acf":[],"yoast_head":"<!-- This site is optimized with the Yoast SEO plugin v27.2 - https:\/\/yoast.com\/product\/yoast-seo-wordpress\/ -->\n<title>Desmatamento aumenta no Cerrado e cai na Amaz\u00f4nia - Notibras<\/title>\n<meta name=\"robots\" content=\"index, follow, max-snippet:-1, max-image-preview:large, max-video-preview:-1\" \/>\n<link rel=\"canonical\" href=\"https:\/\/www.notibras.com\/site\/desmatamento-aumenta-no-cerrado-e-cai-na-amazonia\/\" \/>\n<meta property=\"og:locale\" content=\"pt_BR\" \/>\n<meta property=\"og:type\" content=\"article\" \/>\n<meta property=\"og:title\" content=\"Desmatamento aumenta no Cerrado e cai na Amaz\u00f4nia - Notibras\" \/>\n<meta property=\"og:description\" content=\"O desmatamento aumentou no Cerrado e caiu na Amaz\u00f4nia Legal, no acumulado de janeiro a abril de 2023, na compara\u00e7\u00e3o com o mesmo per\u00edodo do ano passado. Os dados s\u00e3o do Instituto Nacional de Pesquisas Espaciais (Inpe) coletados a partir do Sistema de Detec\u00e7\u00e3o do Desmatamento em Tempo Real (Deter), dispon\u00edvel na plataforma TerraBrasilis [http:\/\/terrabrasilis.dpi.inpe.br\/]. [&hellip;]\" \/>\n<meta property=\"og:url\" content=\"https:\/\/www.notibras.com\/site\/desmatamento-aumenta-no-cerrado-e-cai-na-amazonia\/\" \/>\n<meta property=\"og:site_name\" content=\"Notibras\" \/>\n<meta property=\"article:publisher\" content=\"https:\/\/www.facebook.com\/notibras\/\" \/>\n<meta property=\"article:published_time\" content=\"2023-05-06T09:29:07+00:00\" \/>\n<meta property=\"article:modified_time\" content=\"2023-05-06T10:33:19+00:00\" \/>\n<meta property=\"og:image\" content=\"https:\/\/www.notibras.com\/site\/wp-content\/uploads\/2023\/05\/1057806-ebc_07.12.2016-3110_07.12.16-2.jpg\" \/>\n\t<meta property=\"og:image:width\" content=\"1170\" \/>\n\t<meta property=\"og:image:height\" content=\"700\" \/>\n\t<meta property=\"og:image:type\" content=\"image\/jpeg\" \/>\n<meta name=\"author\" content=\"Reda\u00e7\u00e3o\" \/>\n<meta name=\"twitter:card\" content=\"summary_large_image\" \/>\n<meta name=\"twitter:creator\" content=\"@Notibras\" \/>\n<meta name=\"twitter:site\" content=\"@Notibras\" \/>\n<meta name=\"twitter:label1\" content=\"Escrito por\" \/>\n\t<meta name=\"twitter:data1\" content=\"Reda\u00e7\u00e3o\" \/>\n\t<meta name=\"twitter:label2\" content=\"Est. tempo de leitura\" \/>\n\t<meta name=\"twitter:data2\" content=\"5 minutos\" \/>\n<script type=\"application\/ld+json\" class=\"yoast-schema-graph\">{\"@context\":\"https:\/\/schema.org\",\"@graph\":[{\"@type\":\"Article\",\"@id\":\"https:\/\/www.notibras.com\/site\/desmatamento-aumenta-no-cerrado-e-cai-na-amazonia\/#article\",\"isPartOf\":{\"@id\":\"https:\/\/www.notibras.com\/site\/desmatamento-aumenta-no-cerrado-e-cai-na-amazonia\/\"},\"author\":{\"name\":\"Reda\u00e7\u00e3o\",\"@id\":\"https:\/\/www.notibras.com\/site\/#\/schema\/person\/36ab0979449956132d3e5b517ea76ac8\"},\"headline\":\"Desmatamento aumenta no Cerrado e cai na Amaz\u00f4nia\",\"datePublished\":\"2023-05-06T09:29:07+00:00\",\"dateModified\":\"2023-05-06T10:33:19+00:00\",\"mainEntityOfPage\":{\"@id\":\"https:\/\/www.notibras.com\/site\/desmatamento-aumenta-no-cerrado-e-cai-na-amazonia\/\"},\"wordCount\":828,\"publisher\":{\"@id\":\"https:\/\/www.notibras.com\/site\/#organization\"},\"image\":{\"@id\":\"https:\/\/www.notibras.com\/site\/desmatamento-aumenta-no-cerrado-e-cai-na-amazonia\/#primaryimage\"},\"thumbnailUrl\":\"https:\/\/www.notibras.com\/site\/wp-content\/uploads\/2023\/05\/1057806-ebc_07.12.2016-3110_07.12.16-2.jpg\",\"keywords\":[\"capa\"],\"articleSection\":[\"Quadradinho em Foco\"],\"inLanguage\":\"pt-BR\"},{\"@type\":\"WebPage\",\"@id\":\"https:\/\/www.notibras.com\/site\/desmatamento-aumenta-no-cerrado-e-cai-na-amazonia\/\",\"url\":\"https:\/\/www.notibras.com\/site\/desmatamento-aumenta-no-cerrado-e-cai-na-amazonia\/\",\"name\":\"Desmatamento aumenta no Cerrado e cai na Amaz\u00f4nia - Notibras\",\"isPartOf\":{\"@id\":\"https:\/\/www.notibras.com\/site\/#website\"},\"primaryImageOfPage\":{\"@id\":\"https:\/\/www.notibras.com\/site\/desmatamento-aumenta-no-cerrado-e-cai-na-amazonia\/#primaryimage\"},\"image\":{\"@id\":\"https:\/\/www.notibras.com\/site\/desmatamento-aumenta-no-cerrado-e-cai-na-amazonia\/#primaryimage\"},\"thumbnailUrl\":\"https:\/\/www.notibras.com\/site\/wp-content\/uploads\/2023\/05\/1057806-ebc_07.12.2016-3110_07.12.16-2.jpg\",\"datePublished\":\"2023-05-06T09:29:07+00:00\",\"dateModified\":\"2023-05-06T10:33:19+00:00\",\"breadcrumb\":{\"@id\":\"https:\/\/www.notibras.com\/site\/desmatamento-aumenta-no-cerrado-e-cai-na-amazonia\/#breadcrumb\"},\"inLanguage\":\"pt-BR\",\"potentialAction\":[{\"@type\":\"ReadAction\",\"target\":[\"https:\/\/www.notibras.com\/site\/desmatamento-aumenta-no-cerrado-e-cai-na-amazonia\/\"]}]},{\"@type\":\"ImageObject\",\"inLanguage\":\"pt-BR\",\"@id\":\"https:\/\/www.notibras.com\/site\/desmatamento-aumenta-no-cerrado-e-cai-na-amazonia\/#primaryimage\",\"url\":\"https:\/\/www.notibras.com\/site\/wp-content\/uploads\/2023\/05\/1057806-ebc_07.12.2016-3110_07.12.16-2.jpg\",\"contentUrl\":\"https:\/\/www.notibras.com\/site\/wp-content\/uploads\/2023\/05\/1057806-ebc_07.12.2016-3110_07.12.16-2.jpg\",\"width\":1170,\"height\":700,\"caption\":\"Alto Para\u00edso (GO) - Queimadas em \u00e1rea de cerrado do munic\u00edpio de Alto Para\u00edso (Marcelo Camargo\/Ag\u00eancia Brasil)\"},{\"@type\":\"BreadcrumbList\",\"@id\":\"https:\/\/www.notibras.com\/site\/desmatamento-aumenta-no-cerrado-e-cai-na-amazonia\/#breadcrumb\",\"itemListElement\":[{\"@type\":\"ListItem\",\"position\":1,\"name\":\"In\u00edcio\",\"item\":\"https:\/\/www.notibras.com\/site\/\"},{\"@type\":\"ListItem\",\"position\":2,\"name\":\"Desmatamento aumenta no Cerrado e cai na Amaz\u00f4nia\"}]},{\"@type\":\"WebSite\",\"@id\":\"https:\/\/www.notibras.com\/site\/#website\",\"url\":\"https:\/\/www.notibras.com\/site\/\",\"name\":\"Notibras\",\"description\":\"Not\u00edcias de Bras\u00edlia, do Brasil e do Mundo\",\"publisher\":{\"@id\":\"https:\/\/www.notibras.com\/site\/#organization\"},\"potentialAction\":[{\"@type\":\"SearchAction\",\"target\":{\"@type\":\"EntryPoint\",\"urlTemplate\":\"https:\/\/www.notibras.com\/site\/?s={search_term_string}\"},\"query-input\":{\"@type\":\"PropertyValueSpecification\",\"valueRequired\":true,\"valueName\":\"search_term_string\"}}],\"inLanguage\":\"pt-BR\"},{\"@type\":\"Organization\",\"@id\":\"https:\/\/www.notibras.com\/site\/#organization\",\"name\":\"Grupo Notibras de Comunica\u00e7\u00e3o\",\"url\":\"https:\/\/www.notibras.com\/site\/\",\"logo\":{\"@type\":\"ImageObject\",\"inLanguage\":\"pt-BR\",\"@id\":\"https:\/\/www.notibras.com\/site\/#\/schema\/logo\/image\/\",\"url\":\"https:\/\/www.notibras.com\/site\/wp-content\/uploads\/2023\/01\/notibras23.png\",\"contentUrl\":\"https:\/\/www.notibras.com\/site\/wp-content\/uploads\/2023\/01\/notibras23.png\",\"width\":350,\"height\":87,\"caption\":\"Grupo Notibras de Comunica\u00e7\u00e3o\"},\"image\":{\"@id\":\"https:\/\/www.notibras.com\/site\/#\/schema\/logo\/image\/\"},\"sameAs\":[\"https:\/\/www.facebook.com\/notibras\/\",\"https:\/\/x.com\/Notibras\",\"https:\/\/www.instagram.com\/notibras\/\"]},{\"@type\":\"Person\",\"@id\":\"https:\/\/www.notibras.com\/site\/#\/schema\/person\/36ab0979449956132d3e5b517ea76ac8\",\"name\":\"Reda\u00e7\u00e3o\",\"image\":{\"@type\":\"ImageObject\",\"inLanguage\":\"pt-BR\",\"@id\":\"https:\/\/secure.gravatar.com\/avatar\/e0a867bdedb85fd243eadf09663511f96fc81e0720a4a42581f334ad4303aa6b?s=96&d=mm&r=g\",\"url\":\"https:\/\/secure.gravatar.com\/avatar\/e0a867bdedb85fd243eadf09663511f96fc81e0720a4a42581f334ad4303aa6b?s=96&d=mm&r=g\",\"contentUrl\":\"https:\/\/secure.gravatar.com\/avatar\/e0a867bdedb85fd243eadf09663511f96fc81e0720a4a42581f334ad4303aa6b?s=96&d=mm&r=g\",\"caption\":\"Reda\u00e7\u00e3o\"}}]}<\/script>\n<!-- \/ Yoast SEO plugin. -->","yoast_head_json":{"title":"Desmatamento aumenta no Cerrado e cai na Amaz\u00f4nia - Notibras","robots":{"index":"index","follow":"follow","max-snippet":"max-snippet:-1","max-image-preview":"max-image-preview:large","max-video-preview":"max-video-preview:-1"},"canonical":"https:\/\/www.notibras.com\/site\/desmatamento-aumenta-no-cerrado-e-cai-na-amazonia\/","og_locale":"pt_BR","og_type":"article","og_title":"Desmatamento aumenta no Cerrado e cai na Amaz\u00f4nia - Notibras","og_description":"O desmatamento aumentou no Cerrado e caiu na Amaz\u00f4nia Legal, no acumulado de janeiro a abril de 2023, na compara\u00e7\u00e3o com o mesmo per\u00edodo do ano passado. Os dados s\u00e3o do Instituto Nacional de Pesquisas Espaciais (Inpe) coletados a partir do Sistema de Detec\u00e7\u00e3o do Desmatamento em Tempo Real (Deter), dispon\u00edvel na plataforma TerraBrasilis [http:\/\/terrabrasilis.dpi.inpe.br\/]. [&hellip;]","og_url":"https:\/\/www.notibras.com\/site\/desmatamento-aumenta-no-cerrado-e-cai-na-amazonia\/","og_site_name":"Notibras","article_publisher":"https:\/\/www.facebook.com\/notibras\/","article_published_time":"2023-05-06T09:29:07+00:00","article_modified_time":"2023-05-06T10:33:19+00:00","og_image":[{"width":1170,"height":700,"url":"https:\/\/www.notibras.com\/site\/wp-content\/uploads\/2023\/05\/1057806-ebc_07.12.2016-3110_07.12.16-2.jpg","type":"image\/jpeg"}],"author":"Reda\u00e7\u00e3o","twitter_card":"summary_large_image","twitter_creator":"@Notibras","twitter_site":"@Notibras","twitter_misc":{"Escrito por":"Reda\u00e7\u00e3o","Est. tempo de leitura":"5 minutos"},"schema":{"@context":"https:\/\/schema.org","@graph":[{"@type":"Article","@id":"https:\/\/www.notibras.com\/site\/desmatamento-aumenta-no-cerrado-e-cai-na-amazonia\/#article","isPartOf":{"@id":"https:\/\/www.notibras.com\/site\/desmatamento-aumenta-no-cerrado-e-cai-na-amazonia\/"},"author":{"name":"Reda\u00e7\u00e3o","@id":"https:\/\/www.notibras.com\/site\/#\/schema\/person\/36ab0979449956132d3e5b517ea76ac8"},"headline":"Desmatamento aumenta no Cerrado e cai na Amaz\u00f4nia","datePublished":"2023-05-06T09:29:07+00:00","dateModified":"2023-05-06T10:33:19+00:00","mainEntityOfPage":{"@id":"https:\/\/www.notibras.com\/site\/desmatamento-aumenta-no-cerrado-e-cai-na-amazonia\/"},"wordCount":828,"publisher":{"@id":"https:\/\/www.notibras.com\/site\/#organization"},"image":{"@id":"https:\/\/www.notibras.com\/site\/desmatamento-aumenta-no-cerrado-e-cai-na-amazonia\/#primaryimage"},"thumbnailUrl":"https:\/\/www.notibras.com\/site\/wp-content\/uploads\/2023\/05\/1057806-ebc_07.12.2016-3110_07.12.16-2.jpg","keywords":["capa"],"articleSection":["Quadradinho em Foco"],"inLanguage":"pt-BR"},{"@type":"WebPage","@id":"https:\/\/www.notibras.com\/site\/desmatamento-aumenta-no-cerrado-e-cai-na-amazonia\/","url":"https:\/\/www.notibras.com\/site\/desmatamento-aumenta-no-cerrado-e-cai-na-amazonia\/","name":"Desmatamento aumenta no Cerrado e cai na Amaz\u00f4nia - Notibras","isPartOf":{"@id":"https:\/\/www.notibras.com\/site\/#website"},"primaryImageOfPage":{"@id":"https:\/\/www.notibras.com\/site\/desmatamento-aumenta-no-cerrado-e-cai-na-amazonia\/#primaryimage"},"image":{"@id":"https:\/\/www.notibras.com\/site\/desmatamento-aumenta-no-cerrado-e-cai-na-amazonia\/#primaryimage"},"thumbnailUrl":"https:\/\/www.notibras.com\/site\/wp-content\/uploads\/2023\/05\/1057806-ebc_07.12.2016-3110_07.12.16-2.jpg","datePublished":"2023-05-06T09:29:07+00:00","dateModified":"2023-05-06T10:33:19+00:00","breadcrumb":{"@id":"https:\/\/www.notibras.com\/site\/desmatamento-aumenta-no-cerrado-e-cai-na-amazonia\/#breadcrumb"},"inLanguage":"pt-BR","potentialAction":[{"@type":"ReadAction","target":["https:\/\/www.notibras.com\/site\/desmatamento-aumenta-no-cerrado-e-cai-na-amazonia\/"]}]},{"@type":"ImageObject","inLanguage":"pt-BR","@id":"https:\/\/www.notibras.com\/site\/desmatamento-aumenta-no-cerrado-e-cai-na-amazonia\/#primaryimage","url":"https:\/\/www.notibras.com\/site\/wp-content\/uploads\/2023\/05\/1057806-ebc_07.12.2016-3110_07.12.16-2.jpg","contentUrl":"https:\/\/www.notibras.com\/site\/wp-content\/uploads\/2023\/05\/1057806-ebc_07.12.2016-3110_07.12.16-2.jpg","width":1170,"height":700,"caption":"Alto Para\u00edso (GO) - Queimadas em \u00e1rea de cerrado do munic\u00edpio de Alto Para\u00edso (Marcelo Camargo\/Ag\u00eancia Brasil)"},{"@type":"BreadcrumbList","@id":"https:\/\/www.notibras.com\/site\/desmatamento-aumenta-no-cerrado-e-cai-na-amazonia\/#breadcrumb","itemListElement":[{"@type":"ListItem","position":1,"name":"In\u00edcio","item":"https:\/\/www.notibras.com\/site\/"},{"@type":"ListItem","position":2,"name":"Desmatamento aumenta no Cerrado e cai na Amaz\u00f4nia"}]},{"@type":"WebSite","@id":"https:\/\/www.notibras.com\/site\/#website","url":"https:\/\/www.notibras.com\/site\/","name":"Notibras","description":"Not\u00edcias de Bras\u00edlia, do Brasil e do Mundo","publisher":{"@id":"https:\/\/www.notibras.com\/site\/#organization"},"potentialAction":[{"@type":"SearchAction","target":{"@type":"EntryPoint","urlTemplate":"https:\/\/www.notibras.com\/site\/?s={search_term_string}"},"query-input":{"@type":"PropertyValueSpecification","valueRequired":true,"valueName":"search_term_string"}}],"inLanguage":"pt-BR"},{"@type":"Organization","@id":"https:\/\/www.notibras.com\/site\/#organization","name":"Grupo Notibras de Comunica\u00e7\u00e3o","url":"https:\/\/www.notibras.com\/site\/","logo":{"@type":"ImageObject","inLanguage":"pt-BR","@id":"https:\/\/www.notibras.com\/site\/#\/schema\/logo\/image\/","url":"https:\/\/www.notibras.com\/site\/wp-content\/uploads\/2023\/01\/notibras23.png","contentUrl":"https:\/\/www.notibras.com\/site\/wp-content\/uploads\/2023\/01\/notibras23.png","width":350,"height":87,"caption":"Grupo Notibras de Comunica\u00e7\u00e3o"},"image":{"@id":"https:\/\/www.notibras.com\/site\/#\/schema\/logo\/image\/"},"sameAs":["https:\/\/www.facebook.com\/notibras\/","https:\/\/x.com\/Notibras","https:\/\/www.instagram.com\/notibras\/"]},{"@type":"Person","@id":"https:\/\/www.notibras.com\/site\/#\/schema\/person\/36ab0979449956132d3e5b517ea76ac8","name":"Reda\u00e7\u00e3o","image":{"@type":"ImageObject","inLanguage":"pt-BR","@id":"https:\/\/secure.gravatar.com\/avatar\/e0a867bdedb85fd243eadf09663511f96fc81e0720a4a42581f334ad4303aa6b?s=96&d=mm&r=g","url":"https:\/\/secure.gravatar.com\/avatar\/e0a867bdedb85fd243eadf09663511f96fc81e0720a4a42581f334ad4303aa6b?s=96&d=mm&r=g","contentUrl":"https:\/\/secure.gravatar.com\/avatar\/e0a867bdedb85fd243eadf09663511f96fc81e0720a4a42581f334ad4303aa6b?s=96&d=mm&r=g","caption":"Reda\u00e7\u00e3o"}}]}},"amp_enabled":true,"_links":{"self":[{"href":"https:\/\/www.notibras.com\/site\/wp-json\/wp\/v2\/posts\/304251","targetHints":{"allow":["GET"]}}],"collection":[{"href":"https:\/\/www.notibras.com\/site\/wp-json\/wp\/v2\/posts"}],"about":[{"href":"https:\/\/www.notibras.com\/site\/wp-json\/wp\/v2\/types\/post"}],"author":[{"embeddable":true,"href":"https:\/\/www.notibras.com\/site\/wp-json\/wp\/v2\/users\/2"}],"replies":[{"embeddable":true,"href":"https:\/\/www.notibras.com\/site\/wp-json\/wp\/v2\/comments?post=304251"}],"version-history":[{"count":1,"href":"https:\/\/www.notibras.com\/site\/wp-json\/wp\/v2\/posts\/304251\/revisions"}],"predecessor-version":[{"id":304253,"href":"https:\/\/www.notibras.com\/site\/wp-json\/wp\/v2\/posts\/304251\/revisions\/304253"}],"wp:featuredmedia":[{"embeddable":true,"href":"https:\/\/www.notibras.com\/site\/wp-json\/wp\/v2\/media\/304252"}],"wp:attachment":[{"href":"https:\/\/www.notibras.com\/site\/wp-json\/wp\/v2\/media?parent=304251"}],"wp:term":[{"taxonomy":"category","embeddable":true,"href":"https:\/\/www.notibras.com\/site\/wp-json\/wp\/v2\/categories?post=304251"},{"taxonomy":"post_tag","embeddable":true,"href":"https:\/\/www.notibras.com\/site\/wp-json\/wp\/v2\/tags?post=304251"}],"curies":[{"name":"wp","href":"https:\/\/api.w.org\/{rel}","templated":true}]}}