{"id":304260,"date":"2023-05-06T00:00:48","date_gmt":"2023-05-06T03:00:48","guid":{"rendered":"https:\/\/www.notibras.com\/site\/?p=304260"},"modified":"2023-05-06T07:51:54","modified_gmt":"2023-05-06T10:51:54","slug":"paco-britto-assina-acordos-para-brasilia-exportar-mais","status":"publish","type":"post","link":"https:\/\/www.notibras.com\/site\/paco-britto-assina-acordos-para-brasilia-exportar-mais\/","title":{"rendered":"Paco Britto assina acordos para Bras\u00edlia exportar mais"},"content":{"rendered":"<p>Desenvolver a\u00e7\u00f5es para viabilizar o com\u00e9rcio exterior das empresas do Distrito Federal. Esse \u00e9 o objetivo principal do Memorando de Inten\u00e7\u00f5es, criado e assinado pela Secretaria de Rela\u00e7\u00f5es Internacionais (Serinter) do Governo do Distrito Federal (GDF), a Federa\u00e7\u00e3o das Ind\u00fastrias do DF (Fibra-DF), e a Ag\u00eancia Brasileira de Promo\u00e7\u00e3o de Exporta\u00e7\u00f5es e Investimentos (Apex Brasil).<\/p>\n<p>A perspectiva com a assinatura do documento \u00e9 que, em curto prazo, as empresas da capital possam se fortalecer e aumentar a participa\u00e7\u00e3o no cen\u00e1rio das exporta\u00e7\u00f5es nacional que, atualmente, representa cerca de 0,1% do que \u00e9 exportado pelo pa\u00eds.<\/p>\n<p>O documento foi assinado na abertura da &#8220;Semana da Empresa Exportadora \u2013 Exporta DF: Desafios e Oportunidades&#8221;, promovido pelo Centro Internacional de Neg\u00f3cios (CIN) da Fibra.<\/p>\n<p>&#8220;N\u00f3s temos que fazer a leitura correta, entender bem o problema para chegar \u00e0 solu\u00e7\u00e3o&#8221;, disse o presidente da Apex Brasil, Jorge Viana. De acordo com ele, no ano passado, de um total de US$ 55 bilh\u00f5es em exporta\u00e7\u00e3o, o Distrito Federal foi respons\u00e1vel por US$ 300 milh\u00f5es. &#8220;Precisamos encontrar maneiras de inserir as empresas do DF no mercado internacional, afinal, estamos falando de uma cidade com mais de 3 milh\u00f5es de pessoas e com participa\u00e7\u00e3o significativa no PIB nacional: mais de 3,5%&#8221;, ressaltou.<\/p>\n<p>Para o presidente da Fibra-DF, Jamal Bittar, a ind\u00fastria do DF tem potencial e capacidade para produzir e para exportar mais e a parceria entre as institui\u00e7\u00f5es ser\u00e1 fundamental para impulsionar o setor industrial e entregar o retorno social e econ\u00f4mico para a capital.<\/p>\n<p>&#8220;Este memorando \u00e9 a demonstra\u00e7\u00e3o de que Estado e iniciativa privada conseguem produzir bastante em parceria e ser\u00e1 de grande import\u00e2ncia agora, momento e que reindustrializa\u00e7\u00e3o do Brasil come\u00e7a a se materializar&#8221;, afirmou. &#8220;O DF precisa estar \u00e0 frente da retomada do crescimento da ind\u00fastria no Brasil e a busca por mercados no exterior \u00e9 um fator bastante importante para o crescimento e para a evolu\u00e7\u00e3o da ind\u00fastria local&#8221;, completou Bittar.<\/p>\n<p>No documento assinado, as institui\u00e7\u00f5es partir\u00e3o para o planejamento e execu\u00e7\u00e3o de iniciativas, incluindo programas e projetos de pesquisa, consultoria, assessoria, miss\u00f5es, eventos e estudos comparados e de viabilidade na \u00e1rea do com\u00e9rcio exterior, para mudar a realidade do com\u00e9rcio exterior na capital federal. O acordo prev\u00ea o desenvolvimento de um plano de trabalho espec\u00edfico para cada uma das a\u00e7\u00f5es planejadas.<\/p>\n<p>O secret\u00e1rio da Serinter, Paco Britto, afirmou que &#8220;desafios e oportunidades s\u00e3o igualmente proporcionais&#8221; e destacou pontos positivos do DF para o setor produtivo. &#8220;Localiza\u00e7\u00e3o estrat\u00e9gica, excelente infraestrutura, bons servi\u00e7os de transporte, redes de comunica\u00e7\u00e3o eficientes, boa oferta de energia e \u00e1gua, ambiente de neg\u00f3cios favor\u00e1vel e um setor p\u00fablico forte, o que facilita o acesso a recursos e informa\u00e7\u00f5es para empresas&#8221;, enumerou.<\/p>\n<p>De acordo com ele, o trabalho a ser promovido com a assinatura do acordo representa &#8220;um grande passo do Distrito Federal rumo ao mercado internacional&#8221;. &#8220;Assim tem sido a gest\u00e3o do governador Ibaneis Rocha desde o in\u00edcio: m\u00e3o na massa e parcerias para encontrar solu\u00e7\u00f5es para o desenvolvimento do Distrito Federal&#8221;, concluiu o secret\u00e1rio.<\/p>\n","protected":false},"excerpt":{"rendered":"<p>Desenvolver a\u00e7\u00f5es para viabilizar o com\u00e9rcio exterior das empresas do Distrito Federal. Esse \u00e9 o objetivo principal do Memorando de Inten\u00e7\u00f5es, criado e assinado pela Secretaria de Rela\u00e7\u00f5es Internacionais (Serinter) do Governo do Distrito Federal (GDF), a Federa\u00e7\u00e3o das Ind\u00fastrias do DF (Fibra-DF), e a Ag\u00eancia Brasileira de Promo\u00e7\u00e3o de Exporta\u00e7\u00f5es e Investimentos (Apex Brasil). [&hellip;]<\/p>\n","protected":false},"author":2,"featured_media":304261,"comment_status":"closed","ping_status":"closed","sticky":false,"template":"","format":"standard","meta":{"_acf_changed":false,"footnotes":""},"categories":[161],"tags":[],"class_list":["post-304260","post","type-post","status-publish","format-standard","has-post-thumbnail","hentry","category-quadradinho-em-foco"],"acf":[],"yoast_head":"<!-- This site is optimized with the Yoast SEO plugin v27.2 - https:\/\/yoast.com\/product\/yoast-seo-wordpress\/ -->\n<title>Paco Britto assina acordos para Bras\u00edlia exportar mais - Notibras<\/title>\n<meta name=\"robots\" content=\"index, follow, max-snippet:-1, max-image-preview:large, max-video-preview:-1\" \/>\n<link rel=\"canonical\" href=\"https:\/\/www.notibras.com\/site\/paco-britto-assina-acordos-para-brasilia-exportar-mais\/\" \/>\n<meta property=\"og:locale\" content=\"pt_BR\" \/>\n<meta property=\"og:type\" content=\"article\" \/>\n<meta property=\"og:title\" content=\"Paco Britto assina acordos para Bras\u00edlia exportar mais - Notibras\" \/>\n<meta property=\"og:description\" content=\"Desenvolver a\u00e7\u00f5es para viabilizar o com\u00e9rcio exterior das empresas do Distrito Federal. Esse \u00e9 o objetivo principal do Memorando de Inten\u00e7\u00f5es, criado e assinado pela Secretaria de Rela\u00e7\u00f5es Internacionais (Serinter) do Governo do Distrito Federal (GDF), a Federa\u00e7\u00e3o das Ind\u00fastrias do DF (Fibra-DF), e a Ag\u00eancia Brasileira de Promo\u00e7\u00e3o de Exporta\u00e7\u00f5es e Investimentos (Apex Brasil). [&hellip;]\" \/>\n<meta property=\"og:url\" content=\"https:\/\/www.notibras.com\/site\/paco-britto-assina-acordos-para-brasilia-exportar-mais\/\" \/>\n<meta property=\"og:site_name\" content=\"Notibras\" \/>\n<meta property=\"article:publisher\" content=\"https:\/\/www.facebook.com\/notibras\/\" \/>\n<meta property=\"article:published_time\" content=\"2023-05-06T03:00:48+00:00\" \/>\n<meta property=\"article:modified_time\" content=\"2023-05-06T10:51:54+00:00\" \/>\n<meta property=\"og:image\" content=\"https:\/\/www.notibras.com\/site\/wp-content\/uploads\/2023\/05\/VMS_3485-scaled-1.jpg\" \/>\n\t<meta property=\"og:image:width\" content=\"2560\" \/>\n\t<meta property=\"og:image:height\" content=\"1700\" \/>\n\t<meta property=\"og:image:type\" content=\"image\/jpeg\" \/>\n<meta name=\"author\" content=\"Reda\u00e7\u00e3o\" \/>\n<meta name=\"twitter:card\" content=\"summary_large_image\" \/>\n<meta name=\"twitter:creator\" content=\"@Notibras\" \/>\n<meta name=\"twitter:site\" content=\"@Notibras\" \/>\n<meta name=\"twitter:label1\" content=\"Escrito por\" \/>\n\t<meta name=\"twitter:data1\" content=\"Reda\u00e7\u00e3o\" \/>\n\t<meta name=\"twitter:label2\" content=\"Est. tempo de leitura\" \/>\n\t<meta name=\"twitter:data2\" content=\"3 minutos\" \/>\n<script type=\"application\/ld+json\" class=\"yoast-schema-graph\">{\"@context\":\"https:\/\/schema.org\",\"@graph\":[{\"@type\":\"Article\",\"@id\":\"https:\/\/www.notibras.com\/site\/paco-britto-assina-acordos-para-brasilia-exportar-mais\/#article\",\"isPartOf\":{\"@id\":\"https:\/\/www.notibras.com\/site\/paco-britto-assina-acordos-para-brasilia-exportar-mais\/\"},\"author\":{\"name\":\"Reda\u00e7\u00e3o\",\"@id\":\"https:\/\/www.notibras.com\/site\/#\/schema\/person\/36ab0979449956132d3e5b517ea76ac8\"},\"headline\":\"Paco Britto assina acordos para Bras\u00edlia exportar mais\",\"datePublished\":\"2023-05-06T03:00:48+00:00\",\"dateModified\":\"2023-05-06T10:51:54+00:00\",\"mainEntityOfPage\":{\"@id\":\"https:\/\/www.notibras.com\/site\/paco-britto-assina-acordos-para-brasilia-exportar-mais\/\"},\"wordCount\":549,\"publisher\":{\"@id\":\"https:\/\/www.notibras.com\/site\/#organization\"},\"image\":{\"@id\":\"https:\/\/www.notibras.com\/site\/paco-britto-assina-acordos-para-brasilia-exportar-mais\/#primaryimage\"},\"thumbnailUrl\":\"https:\/\/www.notibras.com\/site\/wp-content\/uploads\/2023\/05\/VMS_3485-scaled-1.jpg\",\"articleSection\":[\"Quadradinho em Foco\"],\"inLanguage\":\"pt-BR\"},{\"@type\":\"WebPage\",\"@id\":\"https:\/\/www.notibras.com\/site\/paco-britto-assina-acordos-para-brasilia-exportar-mais\/\",\"url\":\"https:\/\/www.notibras.com\/site\/paco-britto-assina-acordos-para-brasilia-exportar-mais\/\",\"name\":\"Paco Britto assina acordos para Bras\u00edlia exportar mais - Notibras\",\"isPartOf\":{\"@id\":\"https:\/\/www.notibras.com\/site\/#website\"},\"primaryImageOfPage\":{\"@id\":\"https:\/\/www.notibras.com\/site\/paco-britto-assina-acordos-para-brasilia-exportar-mais\/#primaryimage\"},\"image\":{\"@id\":\"https:\/\/www.notibras.com\/site\/paco-britto-assina-acordos-para-brasilia-exportar-mais\/#primaryimage\"},\"thumbnailUrl\":\"https:\/\/www.notibras.com\/site\/wp-content\/uploads\/2023\/05\/VMS_3485-scaled-1.jpg\",\"datePublished\":\"2023-05-06T03:00:48+00:00\",\"dateModified\":\"2023-05-06T10:51:54+00:00\",\"breadcrumb\":{\"@id\":\"https:\/\/www.notibras.com\/site\/paco-britto-assina-acordos-para-brasilia-exportar-mais\/#breadcrumb\"},\"inLanguage\":\"pt-BR\",\"potentialAction\":[{\"@type\":\"ReadAction\",\"target\":[\"https:\/\/www.notibras.com\/site\/paco-britto-assina-acordos-para-brasilia-exportar-mais\/\"]}]},{\"@type\":\"ImageObject\",\"inLanguage\":\"pt-BR\",\"@id\":\"https:\/\/www.notibras.com\/site\/paco-britto-assina-acordos-para-brasilia-exportar-mais\/#primaryimage\",\"url\":\"https:\/\/www.notibras.com\/site\/wp-content\/uploads\/2023\/05\/VMS_3485-scaled-1.jpg\",\"contentUrl\":\"https:\/\/www.notibras.com\/site\/wp-content\/uploads\/2023\/05\/VMS_3485-scaled-1.jpg\",\"width\":2560,\"height\":1700},{\"@type\":\"BreadcrumbList\",\"@id\":\"https:\/\/www.notibras.com\/site\/paco-britto-assina-acordos-para-brasilia-exportar-mais\/#breadcrumb\",\"itemListElement\":[{\"@type\":\"ListItem\",\"position\":1,\"name\":\"In\u00edcio\",\"item\":\"https:\/\/www.notibras.com\/site\/\"},{\"@type\":\"ListItem\",\"position\":2,\"name\":\"Paco Britto assina acordos para Bras\u00edlia exportar mais\"}]},{\"@type\":\"WebSite\",\"@id\":\"https:\/\/www.notibras.com\/site\/#website\",\"url\":\"https:\/\/www.notibras.com\/site\/\",\"name\":\"Notibras\",\"description\":\"Not\u00edcias de Bras\u00edlia, do Brasil e do Mundo\",\"publisher\":{\"@id\":\"https:\/\/www.notibras.com\/site\/#organization\"},\"potentialAction\":[{\"@type\":\"SearchAction\",\"target\":{\"@type\":\"EntryPoint\",\"urlTemplate\":\"https:\/\/www.notibras.com\/site\/?s={search_term_string}\"},\"query-input\":{\"@type\":\"PropertyValueSpecification\",\"valueRequired\":true,\"valueName\":\"search_term_string\"}}],\"inLanguage\":\"pt-BR\"},{\"@type\":\"Organization\",\"@id\":\"https:\/\/www.notibras.com\/site\/#organization\",\"name\":\"Grupo Notibras de Comunica\u00e7\u00e3o\",\"url\":\"https:\/\/www.notibras.com\/site\/\",\"logo\":{\"@type\":\"ImageObject\",\"inLanguage\":\"pt-BR\",\"@id\":\"https:\/\/www.notibras.com\/site\/#\/schema\/logo\/image\/\",\"url\":\"https:\/\/www.notibras.com\/site\/wp-content\/uploads\/2023\/01\/notibras23.png\",\"contentUrl\":\"https:\/\/www.notibras.com\/site\/wp-content\/uploads\/2023\/01\/notibras23.png\",\"width\":350,\"height\":87,\"caption\":\"Grupo Notibras de Comunica\u00e7\u00e3o\"},\"image\":{\"@id\":\"https:\/\/www.notibras.com\/site\/#\/schema\/logo\/image\/\"},\"sameAs\":[\"https:\/\/www.facebook.com\/notibras\/\",\"https:\/\/x.com\/Notibras\",\"https:\/\/www.instagram.com\/notibras\/\"]},{\"@type\":\"Person\",\"@id\":\"https:\/\/www.notibras.com\/site\/#\/schema\/person\/36ab0979449956132d3e5b517ea76ac8\",\"name\":\"Reda\u00e7\u00e3o\",\"image\":{\"@type\":\"ImageObject\",\"inLanguage\":\"pt-BR\",\"@id\":\"https:\/\/secure.gravatar.com\/avatar\/e0a867bdedb85fd243eadf09663511f96fc81e0720a4a42581f334ad4303aa6b?s=96&d=mm&r=g\",\"url\":\"https:\/\/secure.gravatar.com\/avatar\/e0a867bdedb85fd243eadf09663511f96fc81e0720a4a42581f334ad4303aa6b?s=96&d=mm&r=g\",\"contentUrl\":\"https:\/\/secure.gravatar.com\/avatar\/e0a867bdedb85fd243eadf09663511f96fc81e0720a4a42581f334ad4303aa6b?s=96&d=mm&r=g\",\"caption\":\"Reda\u00e7\u00e3o\"}}]}<\/script>\n<!-- \/ Yoast SEO plugin. -->","yoast_head_json":{"title":"Paco Britto assina acordos para Bras\u00edlia exportar mais - Notibras","robots":{"index":"index","follow":"follow","max-snippet":"max-snippet:-1","max-image-preview":"max-image-preview:large","max-video-preview":"max-video-preview:-1"},"canonical":"https:\/\/www.notibras.com\/site\/paco-britto-assina-acordos-para-brasilia-exportar-mais\/","og_locale":"pt_BR","og_type":"article","og_title":"Paco Britto assina acordos para Bras\u00edlia exportar mais - Notibras","og_description":"Desenvolver a\u00e7\u00f5es para viabilizar o com\u00e9rcio exterior das empresas do Distrito Federal. Esse \u00e9 o objetivo principal do Memorando de Inten\u00e7\u00f5es, criado e assinado pela Secretaria de Rela\u00e7\u00f5es Internacionais (Serinter) do Governo do Distrito Federal (GDF), a Federa\u00e7\u00e3o das Ind\u00fastrias do DF (Fibra-DF), e a Ag\u00eancia Brasileira de Promo\u00e7\u00e3o de Exporta\u00e7\u00f5es e Investimentos (Apex Brasil). [&hellip;]","og_url":"https:\/\/www.notibras.com\/site\/paco-britto-assina-acordos-para-brasilia-exportar-mais\/","og_site_name":"Notibras","article_publisher":"https:\/\/www.facebook.com\/notibras\/","article_published_time":"2023-05-06T03:00:48+00:00","article_modified_time":"2023-05-06T10:51:54+00:00","og_image":[{"width":2560,"height":1700,"url":"https:\/\/www.notibras.com\/site\/wp-content\/uploads\/2023\/05\/VMS_3485-scaled-1.jpg","type":"image\/jpeg"}],"author":"Reda\u00e7\u00e3o","twitter_card":"summary_large_image","twitter_creator":"@Notibras","twitter_site":"@Notibras","twitter_misc":{"Escrito por":"Reda\u00e7\u00e3o","Est. tempo de leitura":"3 minutos"},"schema":{"@context":"https:\/\/schema.org","@graph":[{"@type":"Article","@id":"https:\/\/www.notibras.com\/site\/paco-britto-assina-acordos-para-brasilia-exportar-mais\/#article","isPartOf":{"@id":"https:\/\/www.notibras.com\/site\/paco-britto-assina-acordos-para-brasilia-exportar-mais\/"},"author":{"name":"Reda\u00e7\u00e3o","@id":"https:\/\/www.notibras.com\/site\/#\/schema\/person\/36ab0979449956132d3e5b517ea76ac8"},"headline":"Paco Britto assina acordos para Bras\u00edlia exportar mais","datePublished":"2023-05-06T03:00:48+00:00","dateModified":"2023-05-06T10:51:54+00:00","mainEntityOfPage":{"@id":"https:\/\/www.notibras.com\/site\/paco-britto-assina-acordos-para-brasilia-exportar-mais\/"},"wordCount":549,"publisher":{"@id":"https:\/\/www.notibras.com\/site\/#organization"},"image":{"@id":"https:\/\/www.notibras.com\/site\/paco-britto-assina-acordos-para-brasilia-exportar-mais\/#primaryimage"},"thumbnailUrl":"https:\/\/www.notibras.com\/site\/wp-content\/uploads\/2023\/05\/VMS_3485-scaled-1.jpg","articleSection":["Quadradinho em Foco"],"inLanguage":"pt-BR"},{"@type":"WebPage","@id":"https:\/\/www.notibras.com\/site\/paco-britto-assina-acordos-para-brasilia-exportar-mais\/","url":"https:\/\/www.notibras.com\/site\/paco-britto-assina-acordos-para-brasilia-exportar-mais\/","name":"Paco Britto assina acordos para Bras\u00edlia exportar mais - Notibras","isPartOf":{"@id":"https:\/\/www.notibras.com\/site\/#website"},"primaryImageOfPage":{"@id":"https:\/\/www.notibras.com\/site\/paco-britto-assina-acordos-para-brasilia-exportar-mais\/#primaryimage"},"image":{"@id":"https:\/\/www.notibras.com\/site\/paco-britto-assina-acordos-para-brasilia-exportar-mais\/#primaryimage"},"thumbnailUrl":"https:\/\/www.notibras.com\/site\/wp-content\/uploads\/2023\/05\/VMS_3485-scaled-1.jpg","datePublished":"2023-05-06T03:00:48+00:00","dateModified":"2023-05-06T10:51:54+00:00","breadcrumb":{"@id":"https:\/\/www.notibras.com\/site\/paco-britto-assina-acordos-para-brasilia-exportar-mais\/#breadcrumb"},"inLanguage":"pt-BR","potentialAction":[{"@type":"ReadAction","target":["https:\/\/www.notibras.com\/site\/paco-britto-assina-acordos-para-brasilia-exportar-mais\/"]}]},{"@type":"ImageObject","inLanguage":"pt-BR","@id":"https:\/\/www.notibras.com\/site\/paco-britto-assina-acordos-para-brasilia-exportar-mais\/#primaryimage","url":"https:\/\/www.notibras.com\/site\/wp-content\/uploads\/2023\/05\/VMS_3485-scaled-1.jpg","contentUrl":"https:\/\/www.notibras.com\/site\/wp-content\/uploads\/2023\/05\/VMS_3485-scaled-1.jpg","width":2560,"height":1700},{"@type":"BreadcrumbList","@id":"https:\/\/www.notibras.com\/site\/paco-britto-assina-acordos-para-brasilia-exportar-mais\/#breadcrumb","itemListElement":[{"@type":"ListItem","position":1,"name":"In\u00edcio","item":"https:\/\/www.notibras.com\/site\/"},{"@type":"ListItem","position":2,"name":"Paco Britto assina acordos para Bras\u00edlia exportar mais"}]},{"@type":"WebSite","@id":"https:\/\/www.notibras.com\/site\/#website","url":"https:\/\/www.notibras.com\/site\/","name":"Notibras","description":"Not\u00edcias de Bras\u00edlia, do Brasil e do Mundo","publisher":{"@id":"https:\/\/www.notibras.com\/site\/#organization"},"potentialAction":[{"@type":"SearchAction","target":{"@type":"EntryPoint","urlTemplate":"https:\/\/www.notibras.com\/site\/?s={search_term_string}"},"query-input":{"@type":"PropertyValueSpecification","valueRequired":true,"valueName":"search_term_string"}}],"inLanguage":"pt-BR"},{"@type":"Organization","@id":"https:\/\/www.notibras.com\/site\/#organization","name":"Grupo Notibras de Comunica\u00e7\u00e3o","url":"https:\/\/www.notibras.com\/site\/","logo":{"@type":"ImageObject","inLanguage":"pt-BR","@id":"https:\/\/www.notibras.com\/site\/#\/schema\/logo\/image\/","url":"https:\/\/www.notibras.com\/site\/wp-content\/uploads\/2023\/01\/notibras23.png","contentUrl":"https:\/\/www.notibras.com\/site\/wp-content\/uploads\/2023\/01\/notibras23.png","width":350,"height":87,"caption":"Grupo Notibras de Comunica\u00e7\u00e3o"},"image":{"@id":"https:\/\/www.notibras.com\/site\/#\/schema\/logo\/image\/"},"sameAs":["https:\/\/www.facebook.com\/notibras\/","https:\/\/x.com\/Notibras","https:\/\/www.instagram.com\/notibras\/"]},{"@type":"Person","@id":"https:\/\/www.notibras.com\/site\/#\/schema\/person\/36ab0979449956132d3e5b517ea76ac8","name":"Reda\u00e7\u00e3o","image":{"@type":"ImageObject","inLanguage":"pt-BR","@id":"https:\/\/secure.gravatar.com\/avatar\/e0a867bdedb85fd243eadf09663511f96fc81e0720a4a42581f334ad4303aa6b?s=96&d=mm&r=g","url":"https:\/\/secure.gravatar.com\/avatar\/e0a867bdedb85fd243eadf09663511f96fc81e0720a4a42581f334ad4303aa6b?s=96&d=mm&r=g","contentUrl":"https:\/\/secure.gravatar.com\/avatar\/e0a867bdedb85fd243eadf09663511f96fc81e0720a4a42581f334ad4303aa6b?s=96&d=mm&r=g","caption":"Reda\u00e7\u00e3o"}}]}},"amp_enabled":true,"_links":{"self":[{"href":"https:\/\/www.notibras.com\/site\/wp-json\/wp\/v2\/posts\/304260","targetHints":{"allow":["GET"]}}],"collection":[{"href":"https:\/\/www.notibras.com\/site\/wp-json\/wp\/v2\/posts"}],"about":[{"href":"https:\/\/www.notibras.com\/site\/wp-json\/wp\/v2\/types\/post"}],"author":[{"embeddable":true,"href":"https:\/\/www.notibras.com\/site\/wp-json\/wp\/v2\/users\/2"}],"replies":[{"embeddable":true,"href":"https:\/\/www.notibras.com\/site\/wp-json\/wp\/v2\/comments?post=304260"}],"version-history":[{"count":1,"href":"https:\/\/www.notibras.com\/site\/wp-json\/wp\/v2\/posts\/304260\/revisions"}],"predecessor-version":[{"id":304262,"href":"https:\/\/www.notibras.com\/site\/wp-json\/wp\/v2\/posts\/304260\/revisions\/304262"}],"wp:featuredmedia":[{"embeddable":true,"href":"https:\/\/www.notibras.com\/site\/wp-json\/wp\/v2\/media\/304261"}],"wp:attachment":[{"href":"https:\/\/www.notibras.com\/site\/wp-json\/wp\/v2\/media?parent=304260"}],"wp:term":[{"taxonomy":"category","embeddable":true,"href":"https:\/\/www.notibras.com\/site\/wp-json\/wp\/v2\/categories?post=304260"},{"taxonomy":"post_tag","embeddable":true,"href":"https:\/\/www.notibras.com\/site\/wp-json\/wp\/v2\/tags?post=304260"}],"curies":[{"name":"wp","href":"https:\/\/api.w.org\/{rel}","templated":true}]}}