{"id":304263,"date":"2023-05-06T00:01:16","date_gmt":"2023-05-06T03:01:16","guid":{"rendered":"https:\/\/www.notibras.com\/site\/?p=304263"},"modified":"2023-05-06T08:04:36","modified_gmt":"2023-05-06T11:04:36","slug":"shoppings-esperam-crescimento-de-15-nas-vendas","status":"publish","type":"post","link":"https:\/\/www.notibras.com\/site\/shoppings-esperam-crescimento-de-15-nas-vendas\/","title":{"rendered":"Shoppings esperam crescimento de 15% nas vendas"},"content":{"rendered":"<p>Centros comerciais apostam em a\u00e7\u00f5es promocionais para atrair os consumidores Quando o assunto \u00e9 atrair visitantes e movimentar as vendas do com\u00e9rcio, o Dia das M\u00e3es \u00e9 considerado a segunda data mais importante do ano, ficando atr\u00e1s somente do Natal. O per\u00edodo comemorativo \u00e9 respons\u00e1vel por alavancar o consumo e atrair clientes. Otimista, as Organiza\u00e7\u00f5es PaulOOctavio \u2013 que re\u00fanem os estabelecimentos Bras\u00edlia, JK, Taguatinga e Terra\u00e7o Shopping \u2013 estimam 15% de crescimento nas vendas e um aumento de 10% no n\u00famero de visitantes, quando comparado aos \u00edndices do ano passado.<\/p>\n<p>O diretor de shoppings do Grupo PaulOOctavio, Geraldo Mello, acredita que a P\u00e1scoa deste ano funcionou como term\u00f4metro para receber a data e gerar expectativas positivas para o setor. \u201cO sucesso de nossas a\u00e7\u00f5es mostrou que o consumidor tem usufru\u00eddo cada vez mais de toda a comodidade e praticidade que os nossos empreendimentos oferecem. Estamos certos de que este \u00e9 o momento de investirmos em a\u00e7\u00f5es promocionais e, por isso, oferecemos promo\u00e7\u00f5es especiais para atrair o p\u00fablico e movimentar o com\u00e9rcio do Distrito Federal\u201d.<\/p>\n<p><strong>Bras\u00edlia Shopping<\/strong><br \/>\nO Bras\u00edlia Shopping prev\u00ea que as vendas para a data sejam 15% maiores que em 2022. \u00c9 esperado que o movimento no centro de compras aumente em 10%, comparado ao mesmo ano. Como parte da celebra\u00e7\u00e3o do m\u00eas das m\u00e3es, o Bras\u00edlia Shopping visa homenagear e reconhecer por meio de duas promo\u00e7\u00f5es especiais \u00e0s m\u00e3es brasilienses. Em compras acima de R$ 500, os clientes ganhar\u00e3o um kit FibraLata Granado Spa para M\u00e3os ou Spa para os P\u00e9s. Al\u00e9m do brinde, poder\u00e3o concorrer a um Jeep Renegade Longitude Flex 0KM.<\/p>\n<p>At\u00e9 o dia 14 de maio, em compras acima de R$ 500 no shopping, os clientes podem adquirir um Kit Fibralata Granado Spa para M\u00e3os ou Spa para os P\u00e9s. Ser\u00e1 concedido apenas um kit por CPF. A campanha oferece tamb\u00e9m um n\u00famero da sorte, a cada R$ 300, para participar do sorteio do Jeep Renegade. Essa promo\u00e7\u00e3o se entende um pouco mais, at\u00e9 13 de junho.<\/p>\n<p>O cadastro das notas fiscais ser\u00e1 realizado exclusivamente pelo aplicativo Wynk e a retirada do brinde ser\u00e1 feita no Balc\u00e3o de Trocas, no 1\u00ba piso. Ser\u00e3o aceitas notas contendo o CPF do pr\u00f3prio participante ou sem CPF. Consulte as informa\u00e7\u00f5es completas, como a lista de lojas participantes, no site do Bras\u00edlia Shopping.<\/p>\n<p><strong>JK Shopping<\/strong><br \/>\nO centro de compras lan\u00e7a a campanha \u201cM\u00e3e: o melhor presente \u00e9 voc\u00ea presente\u201d que, al\u00e9m de valorizar a presen\u00e7a como um presente especial, faz parte da celebra\u00e7\u00e3o dos 10 anos do empreendimento. At\u00e9 o dia 31 de maio, em compras acima de R$ 300, os clientes ganham um organizador de bolsa exclusivo, nas cores bege ou preto. Al\u00e9m disso, at\u00e9 o dia 13 de junho, a cada R$ 200 em compras, o participante ganhar\u00e1 um cupom eletr\u00f4nico para concorrer a um FIAT Argo 0km.<\/p>\n<p>Para participar, basta realizar o cadastro das notas fiscais no aplicativo do Wynk e dirigir-se ao ponto de trocas, localizado ao lado da loja Usaflex, no Piso L2, para validar o QR Code que aparecer\u00e1 no celular e retirar o brinde, limitado a uma unidade por CPF.<\/p>\n<p>Para o per\u00edodo, o shopping espera um crescimento de 10% tanto nas vendas, quanto no fluxo de pessoas.<\/p>\n<p>Os clientes encontram no JK Shopping uma infinidade de op\u00e7\u00f5es de presentes com um mix completo nos segmentos de moda feminina, cal\u00e7ados, bolsas, artigos de decora\u00e7\u00e3o e para casa, cosm\u00e9ticos, perfumaria, fitness e gourmet, objetos personalizados, telefonia e eletr\u00f4nicos. Para ajudar na escolha, o centro de compras disponibiliza uma vitrine virtual com diversas alternativas de presentes com ofertas imperd\u00edveis.<\/p>\n<p><strong>Taguatinga Shopping<\/strong><br \/>\nO Taguatinga Shopping celebra a chegada do Dia das M\u00e3es presenteando seus clientes com um conjunto exclusivo de pratos colecion\u00e1veis assinados pelo artista Athos Bulc\u00e3o, famoso por suas obras que registraram homenagens \u00e0 capital. A a\u00e7\u00e3o faz parte da campanha Compre, Ganhe e Concorra, especial para a data. At\u00e9 o dia 16 de maio, a cada R$ 500 em compras, clientes ganham um cupom para concorrer ao lan\u00e7amento do ano, um Fiat Fastback Audace Turbo, autom\u00e1tico, e ainda levam para a casa o brinde exclusivo. Os gifts colecion\u00e1veis se tornaram uma tradi\u00e7\u00e3o no TGS. Para aqueles que participaram de outras campanhas promocionais, os brindes deste ano s\u00e3o uma oportunidade de completar a cole\u00e7\u00e3o e fazer lindas composi\u00e7\u00f5es na mesa de casa.<\/p>\n<p>As artes escolhidas para compor as duplas de pratos deste ano s\u00e3o uma homenagem ao tradicional Bras\u00edlia Palace Hotel e \u00e0 grandiosa Torre de TV. A troca de notas ocorrer\u00e1 pelo aplicativo WYNK e a retirada do brinde \u00e9 realizada no lounge de trocas, localizado no 2\u00b0 piso. A participa\u00e7\u00e3o \u00e9 limitada a dois kits por CPF, ou seja, dois pares de pratos. O sorteio do carro ocorrer\u00e1 no dia 17 de maio e o resultado ser\u00e1 divulgado no site e nas redes sociais do Taguatinga Shopping. Para aqueles que querem ter suas chances duplicadas, basta doar 1 kg de alimento antes das trocas para ganharem cupons em dobro para concorrer ao pr\u00eamio. As doa\u00e7\u00f5es poder\u00e3o ser entregues no lounge de trocas e ser\u00e3o encaminhadas para as OSCs cadastradas no TGS Solid\u00e1rio.<\/p>\n<p>Durante o per\u00edodo, o centro de compras espera crescimento de 20% nas vendas e 10% no fluxo de pessoas. No Taguatinga Shopping, o p\u00fablico encontra tamb\u00e9m uma s\u00e9rie de lojas com op\u00e7\u00f5es de presentes para todos os gostos. No site e nas redes sociais do @taguashopping, \u00e9 poss\u00edvel conferir uma vitrine digital com dicas e ideias de lembran\u00e7as para celebrar o Dia das M\u00e3es. Al\u00e9m disso, o shopping oferece um servi\u00e7o personalizado com o Personal Shopper, um profissional que d\u00e1 sugest\u00f5es e ajuda na procura do presente ideal. Para este servi\u00e7o, basta entrar em contato por meio do WhatsApp (61) 99361-5000.<\/p>\n<p><strong>Terra\u00e7o Shopping<\/strong><br \/>\nJ\u00e1 o Terra\u00e7o Shopping, que prev\u00ea um crescimento de 15% nas vendas e de 10% no fluxo de visitantes, buscou inspira\u00e7\u00e3o nas lindas decora\u00e7\u00f5es portuguesas para trazer aos clientes um brinde encantador. O Shopping quer celebrar o Dia das M\u00e3es com as fam\u00edlias levando beleza para os lares com um conjunto de pratos decorados da linha Gourmet Oxford.<\/p>\n<p>At\u00e9 o dia 16 de junho, a cada R$ 200 em compras, o cliente poder\u00e1 trocar virtualmente suas notas fiscais no aplicativo Wynk por cupons para concorrer a um Fiat Pulse 0km. O sorteio ser\u00e1 no dia 17 de junho, a partir das 19h, pela Loteria Federal. Nas compras acima de R$ 500 os clientes ganham na hora um conjunto Gourmet Oxford, ao estilo das lou\u00e7as portuguesas, com seus arabescos inconfund\u00edveis. O brinde \u00e9 v\u00e1lido at\u00e9 o dia 18 de maio, ou enquanto durarem os estoques, e \u00e9 limitado a uma unidade por CPF. O posto de trocas e retirada de brindes est\u00e1 localizado no piso subsolo. Consulte o regulamento completo no site.<\/p>\n<p>E n\u00e3o acaba por a\u00ed! O shopping tamb\u00e9m preparou um conte\u00fado especial para as redes sociais com receitas e inspira\u00e7\u00f5es de mesa posta para combinar com os brindes da campanha, al\u00e9m de uma vitrine com dias de presentes para todos os perfis de m\u00e3es<\/p>\n","protected":false},"excerpt":{"rendered":"<p>Centros comerciais apostam em a\u00e7\u00f5es promocionais para atrair os consumidores Quando o assunto \u00e9 atrair visitantes e movimentar as vendas do com\u00e9rcio, o Dia das M\u00e3es \u00e9 considerado a segunda data mais importante do ano, ficando atr\u00e1s somente do Natal. O per\u00edodo comemorativo \u00e9 respons\u00e1vel por alavancar o consumo e atrair clientes. Otimista, as Organiza\u00e7\u00f5es [&hellip;]<\/p>\n","protected":false},"author":2,"featured_media":304265,"comment_status":"closed","ping_status":"closed","sticky":false,"template":"","format":"standard","meta":{"_acf_changed":false,"footnotes":""},"categories":[161],"tags":[],"class_list":["post-304263","post","type-post","status-publish","format-standard","has-post-thumbnail","hentry","category-quadradinho-em-foco"],"acf":[],"yoast_head":"<!-- This site is optimized with the Yoast SEO plugin v27.2 - https:\/\/yoast.com\/product\/yoast-seo-wordpress\/ -->\n<title>Shoppings esperam crescimento de 15% nas vendas - Notibras<\/title>\n<meta name=\"robots\" content=\"index, follow, max-snippet:-1, max-image-preview:large, max-video-preview:-1\" \/>\n<link rel=\"canonical\" href=\"https:\/\/www.notibras.com\/site\/shoppings-esperam-crescimento-de-15-nas-vendas\/\" \/>\n<meta property=\"og:locale\" content=\"pt_BR\" \/>\n<meta property=\"og:type\" content=\"article\" \/>\n<meta property=\"og:title\" content=\"Shoppings esperam crescimento de 15% nas vendas - Notibras\" \/>\n<meta property=\"og:description\" content=\"Centros comerciais apostam em a\u00e7\u00f5es promocionais para atrair os consumidores Quando o assunto \u00e9 atrair visitantes e movimentar as vendas do com\u00e9rcio, o Dia das M\u00e3es \u00e9 considerado a segunda data mais importante do ano, ficando atr\u00e1s somente do Natal. O per\u00edodo comemorativo \u00e9 respons\u00e1vel por alavancar o consumo e atrair clientes. Otimista, as Organiza\u00e7\u00f5es [&hellip;]\" \/>\n<meta property=\"og:url\" content=\"https:\/\/www.notibras.com\/site\/shoppings-esperam-crescimento-de-15-nas-vendas\/\" \/>\n<meta property=\"og:site_name\" content=\"Notibras\" \/>\n<meta property=\"article:publisher\" content=\"https:\/\/www.facebook.com\/notibras\/\" \/>\n<meta property=\"article:published_time\" content=\"2023-05-06T03:01:16+00:00\" \/>\n<meta property=\"article:modified_time\" content=\"2023-05-06T11:04:36+00:00\" \/>\n<meta property=\"og:image\" content=\"https:\/\/www.notibras.com\/site\/wp-content\/uploads\/2023\/05\/brasiliasho.webp\" \/>\n\t<meta property=\"og:image:width\" content=\"3000\" \/>\n\t<meta property=\"og:image:height\" content=\"2000\" \/>\n\t<meta property=\"og:image:type\" content=\"image\/webp\" \/>\n<meta name=\"author\" content=\"Reda\u00e7\u00e3o\" \/>\n<meta name=\"twitter:card\" content=\"summary_large_image\" \/>\n<meta name=\"twitter:creator\" content=\"@Notibras\" \/>\n<meta name=\"twitter:site\" content=\"@Notibras\" \/>\n<meta name=\"twitter:label1\" content=\"Escrito por\" \/>\n\t<meta name=\"twitter:data1\" content=\"Reda\u00e7\u00e3o\" \/>\n\t<meta name=\"twitter:label2\" content=\"Est. tempo de leitura\" \/>\n\t<meta name=\"twitter:data2\" content=\"7 minutos\" \/>\n<script type=\"application\/ld+json\" class=\"yoast-schema-graph\">{\"@context\":\"https:\/\/schema.org\",\"@graph\":[{\"@type\":\"Article\",\"@id\":\"https:\/\/www.notibras.com\/site\/shoppings-esperam-crescimento-de-15-nas-vendas\/#article\",\"isPartOf\":{\"@id\":\"https:\/\/www.notibras.com\/site\/shoppings-esperam-crescimento-de-15-nas-vendas\/\"},\"author\":{\"name\":\"Reda\u00e7\u00e3o\",\"@id\":\"https:\/\/www.notibras.com\/site\/#\/schema\/person\/36ab0979449956132d3e5b517ea76ac8\"},\"headline\":\"Shoppings esperam crescimento de 15% nas vendas\",\"datePublished\":\"2023-05-06T03:01:16+00:00\",\"dateModified\":\"2023-05-06T11:04:36+00:00\",\"mainEntityOfPage\":{\"@id\":\"https:\/\/www.notibras.com\/site\/shoppings-esperam-crescimento-de-15-nas-vendas\/\"},\"wordCount\":1229,\"publisher\":{\"@id\":\"https:\/\/www.notibras.com\/site\/#organization\"},\"image\":{\"@id\":\"https:\/\/www.notibras.com\/site\/shoppings-esperam-crescimento-de-15-nas-vendas\/#primaryimage\"},\"thumbnailUrl\":\"https:\/\/www.notibras.com\/site\/wp-content\/uploads\/2023\/05\/brasiliasho.webp\",\"articleSection\":[\"Quadradinho em Foco\"],\"inLanguage\":\"pt-BR\"},{\"@type\":\"WebPage\",\"@id\":\"https:\/\/www.notibras.com\/site\/shoppings-esperam-crescimento-de-15-nas-vendas\/\",\"url\":\"https:\/\/www.notibras.com\/site\/shoppings-esperam-crescimento-de-15-nas-vendas\/\",\"name\":\"Shoppings esperam crescimento de 15% nas vendas - Notibras\",\"isPartOf\":{\"@id\":\"https:\/\/www.notibras.com\/site\/#website\"},\"primaryImageOfPage\":{\"@id\":\"https:\/\/www.notibras.com\/site\/shoppings-esperam-crescimento-de-15-nas-vendas\/#primaryimage\"},\"image\":{\"@id\":\"https:\/\/www.notibras.com\/site\/shoppings-esperam-crescimento-de-15-nas-vendas\/#primaryimage\"},\"thumbnailUrl\":\"https:\/\/www.notibras.com\/site\/wp-content\/uploads\/2023\/05\/brasiliasho.webp\",\"datePublished\":\"2023-05-06T03:01:16+00:00\",\"dateModified\":\"2023-05-06T11:04:36+00:00\",\"breadcrumb\":{\"@id\":\"https:\/\/www.notibras.com\/site\/shoppings-esperam-crescimento-de-15-nas-vendas\/#breadcrumb\"},\"inLanguage\":\"pt-BR\",\"potentialAction\":[{\"@type\":\"ReadAction\",\"target\":[\"https:\/\/www.notibras.com\/site\/shoppings-esperam-crescimento-de-15-nas-vendas\/\"]}]},{\"@type\":\"ImageObject\",\"inLanguage\":\"pt-BR\",\"@id\":\"https:\/\/www.notibras.com\/site\/shoppings-esperam-crescimento-de-15-nas-vendas\/#primaryimage\",\"url\":\"https:\/\/www.notibras.com\/site\/wp-content\/uploads\/2023\/05\/brasiliasho.webp\",\"contentUrl\":\"https:\/\/www.notibras.com\/site\/wp-content\/uploads\/2023\/05\/brasiliasho.webp\",\"width\":3000,\"height\":2000},{\"@type\":\"BreadcrumbList\",\"@id\":\"https:\/\/www.notibras.com\/site\/shoppings-esperam-crescimento-de-15-nas-vendas\/#breadcrumb\",\"itemListElement\":[{\"@type\":\"ListItem\",\"position\":1,\"name\":\"In\u00edcio\",\"item\":\"https:\/\/www.notibras.com\/site\/\"},{\"@type\":\"ListItem\",\"position\":2,\"name\":\"Shoppings esperam crescimento de 15% nas vendas\"}]},{\"@type\":\"WebSite\",\"@id\":\"https:\/\/www.notibras.com\/site\/#website\",\"url\":\"https:\/\/www.notibras.com\/site\/\",\"name\":\"Notibras\",\"description\":\"Not\u00edcias de Bras\u00edlia, do Brasil e do Mundo\",\"publisher\":{\"@id\":\"https:\/\/www.notibras.com\/site\/#organization\"},\"potentialAction\":[{\"@type\":\"SearchAction\",\"target\":{\"@type\":\"EntryPoint\",\"urlTemplate\":\"https:\/\/www.notibras.com\/site\/?s={search_term_string}\"},\"query-input\":{\"@type\":\"PropertyValueSpecification\",\"valueRequired\":true,\"valueName\":\"search_term_string\"}}],\"inLanguage\":\"pt-BR\"},{\"@type\":\"Organization\",\"@id\":\"https:\/\/www.notibras.com\/site\/#organization\",\"name\":\"Grupo Notibras de Comunica\u00e7\u00e3o\",\"url\":\"https:\/\/www.notibras.com\/site\/\",\"logo\":{\"@type\":\"ImageObject\",\"inLanguage\":\"pt-BR\",\"@id\":\"https:\/\/www.notibras.com\/site\/#\/schema\/logo\/image\/\",\"url\":\"https:\/\/www.notibras.com\/site\/wp-content\/uploads\/2023\/01\/notibras23.png\",\"contentUrl\":\"https:\/\/www.notibras.com\/site\/wp-content\/uploads\/2023\/01\/notibras23.png\",\"width\":350,\"height\":87,\"caption\":\"Grupo Notibras de Comunica\u00e7\u00e3o\"},\"image\":{\"@id\":\"https:\/\/www.notibras.com\/site\/#\/schema\/logo\/image\/\"},\"sameAs\":[\"https:\/\/www.facebook.com\/notibras\/\",\"https:\/\/x.com\/Notibras\",\"https:\/\/www.instagram.com\/notibras\/\"]},{\"@type\":\"Person\",\"@id\":\"https:\/\/www.notibras.com\/site\/#\/schema\/person\/36ab0979449956132d3e5b517ea76ac8\",\"name\":\"Reda\u00e7\u00e3o\",\"image\":{\"@type\":\"ImageObject\",\"inLanguage\":\"pt-BR\",\"@id\":\"https:\/\/secure.gravatar.com\/avatar\/e0a867bdedb85fd243eadf09663511f96fc81e0720a4a42581f334ad4303aa6b?s=96&d=mm&r=g\",\"url\":\"https:\/\/secure.gravatar.com\/avatar\/e0a867bdedb85fd243eadf09663511f96fc81e0720a4a42581f334ad4303aa6b?s=96&d=mm&r=g\",\"contentUrl\":\"https:\/\/secure.gravatar.com\/avatar\/e0a867bdedb85fd243eadf09663511f96fc81e0720a4a42581f334ad4303aa6b?s=96&d=mm&r=g\",\"caption\":\"Reda\u00e7\u00e3o\"}}]}<\/script>\n<!-- \/ Yoast SEO plugin. -->","yoast_head_json":{"title":"Shoppings esperam crescimento de 15% nas vendas - Notibras","robots":{"index":"index","follow":"follow","max-snippet":"max-snippet:-1","max-image-preview":"max-image-preview:large","max-video-preview":"max-video-preview:-1"},"canonical":"https:\/\/www.notibras.com\/site\/shoppings-esperam-crescimento-de-15-nas-vendas\/","og_locale":"pt_BR","og_type":"article","og_title":"Shoppings esperam crescimento de 15% nas vendas - Notibras","og_description":"Centros comerciais apostam em a\u00e7\u00f5es promocionais para atrair os consumidores Quando o assunto \u00e9 atrair visitantes e movimentar as vendas do com\u00e9rcio, o Dia das M\u00e3es \u00e9 considerado a segunda data mais importante do ano, ficando atr\u00e1s somente do Natal. O per\u00edodo comemorativo \u00e9 respons\u00e1vel por alavancar o consumo e atrair clientes. Otimista, as Organiza\u00e7\u00f5es [&hellip;]","og_url":"https:\/\/www.notibras.com\/site\/shoppings-esperam-crescimento-de-15-nas-vendas\/","og_site_name":"Notibras","article_publisher":"https:\/\/www.facebook.com\/notibras\/","article_published_time":"2023-05-06T03:01:16+00:00","article_modified_time":"2023-05-06T11:04:36+00:00","og_image":[{"width":3000,"height":2000,"url":"https:\/\/www.notibras.com\/site\/wp-content\/uploads\/2023\/05\/brasiliasho.webp","type":"image\/webp"}],"author":"Reda\u00e7\u00e3o","twitter_card":"summary_large_image","twitter_creator":"@Notibras","twitter_site":"@Notibras","twitter_misc":{"Escrito por":"Reda\u00e7\u00e3o","Est. tempo de leitura":"7 minutos"},"schema":{"@context":"https:\/\/schema.org","@graph":[{"@type":"Article","@id":"https:\/\/www.notibras.com\/site\/shoppings-esperam-crescimento-de-15-nas-vendas\/#article","isPartOf":{"@id":"https:\/\/www.notibras.com\/site\/shoppings-esperam-crescimento-de-15-nas-vendas\/"},"author":{"name":"Reda\u00e7\u00e3o","@id":"https:\/\/www.notibras.com\/site\/#\/schema\/person\/36ab0979449956132d3e5b517ea76ac8"},"headline":"Shoppings esperam crescimento de 15% nas vendas","datePublished":"2023-05-06T03:01:16+00:00","dateModified":"2023-05-06T11:04:36+00:00","mainEntityOfPage":{"@id":"https:\/\/www.notibras.com\/site\/shoppings-esperam-crescimento-de-15-nas-vendas\/"},"wordCount":1229,"publisher":{"@id":"https:\/\/www.notibras.com\/site\/#organization"},"image":{"@id":"https:\/\/www.notibras.com\/site\/shoppings-esperam-crescimento-de-15-nas-vendas\/#primaryimage"},"thumbnailUrl":"https:\/\/www.notibras.com\/site\/wp-content\/uploads\/2023\/05\/brasiliasho.webp","articleSection":["Quadradinho em Foco"],"inLanguage":"pt-BR"},{"@type":"WebPage","@id":"https:\/\/www.notibras.com\/site\/shoppings-esperam-crescimento-de-15-nas-vendas\/","url":"https:\/\/www.notibras.com\/site\/shoppings-esperam-crescimento-de-15-nas-vendas\/","name":"Shoppings esperam crescimento de 15% nas vendas - Notibras","isPartOf":{"@id":"https:\/\/www.notibras.com\/site\/#website"},"primaryImageOfPage":{"@id":"https:\/\/www.notibras.com\/site\/shoppings-esperam-crescimento-de-15-nas-vendas\/#primaryimage"},"image":{"@id":"https:\/\/www.notibras.com\/site\/shoppings-esperam-crescimento-de-15-nas-vendas\/#primaryimage"},"thumbnailUrl":"https:\/\/www.notibras.com\/site\/wp-content\/uploads\/2023\/05\/brasiliasho.webp","datePublished":"2023-05-06T03:01:16+00:00","dateModified":"2023-05-06T11:04:36+00:00","breadcrumb":{"@id":"https:\/\/www.notibras.com\/site\/shoppings-esperam-crescimento-de-15-nas-vendas\/#breadcrumb"},"inLanguage":"pt-BR","potentialAction":[{"@type":"ReadAction","target":["https:\/\/www.notibras.com\/site\/shoppings-esperam-crescimento-de-15-nas-vendas\/"]}]},{"@type":"ImageObject","inLanguage":"pt-BR","@id":"https:\/\/www.notibras.com\/site\/shoppings-esperam-crescimento-de-15-nas-vendas\/#primaryimage","url":"https:\/\/www.notibras.com\/site\/wp-content\/uploads\/2023\/05\/brasiliasho.webp","contentUrl":"https:\/\/www.notibras.com\/site\/wp-content\/uploads\/2023\/05\/brasiliasho.webp","width":3000,"height":2000},{"@type":"BreadcrumbList","@id":"https:\/\/www.notibras.com\/site\/shoppings-esperam-crescimento-de-15-nas-vendas\/#breadcrumb","itemListElement":[{"@type":"ListItem","position":1,"name":"In\u00edcio","item":"https:\/\/www.notibras.com\/site\/"},{"@type":"ListItem","position":2,"name":"Shoppings esperam crescimento de 15% nas vendas"}]},{"@type":"WebSite","@id":"https:\/\/www.notibras.com\/site\/#website","url":"https:\/\/www.notibras.com\/site\/","name":"Notibras","description":"Not\u00edcias de Bras\u00edlia, do Brasil e do Mundo","publisher":{"@id":"https:\/\/www.notibras.com\/site\/#organization"},"potentialAction":[{"@type":"SearchAction","target":{"@type":"EntryPoint","urlTemplate":"https:\/\/www.notibras.com\/site\/?s={search_term_string}"},"query-input":{"@type":"PropertyValueSpecification","valueRequired":true,"valueName":"search_term_string"}}],"inLanguage":"pt-BR"},{"@type":"Organization","@id":"https:\/\/www.notibras.com\/site\/#organization","name":"Grupo Notibras de Comunica\u00e7\u00e3o","url":"https:\/\/www.notibras.com\/site\/","logo":{"@type":"ImageObject","inLanguage":"pt-BR","@id":"https:\/\/www.notibras.com\/site\/#\/schema\/logo\/image\/","url":"https:\/\/www.notibras.com\/site\/wp-content\/uploads\/2023\/01\/notibras23.png","contentUrl":"https:\/\/www.notibras.com\/site\/wp-content\/uploads\/2023\/01\/notibras23.png","width":350,"height":87,"caption":"Grupo Notibras de Comunica\u00e7\u00e3o"},"image":{"@id":"https:\/\/www.notibras.com\/site\/#\/schema\/logo\/image\/"},"sameAs":["https:\/\/www.facebook.com\/notibras\/","https:\/\/x.com\/Notibras","https:\/\/www.instagram.com\/notibras\/"]},{"@type":"Person","@id":"https:\/\/www.notibras.com\/site\/#\/schema\/person\/36ab0979449956132d3e5b517ea76ac8","name":"Reda\u00e7\u00e3o","image":{"@type":"ImageObject","inLanguage":"pt-BR","@id":"https:\/\/secure.gravatar.com\/avatar\/e0a867bdedb85fd243eadf09663511f96fc81e0720a4a42581f334ad4303aa6b?s=96&d=mm&r=g","url":"https:\/\/secure.gravatar.com\/avatar\/e0a867bdedb85fd243eadf09663511f96fc81e0720a4a42581f334ad4303aa6b?s=96&d=mm&r=g","contentUrl":"https:\/\/secure.gravatar.com\/avatar\/e0a867bdedb85fd243eadf09663511f96fc81e0720a4a42581f334ad4303aa6b?s=96&d=mm&r=g","caption":"Reda\u00e7\u00e3o"}}]}},"amp_enabled":true,"_links":{"self":[{"href":"https:\/\/www.notibras.com\/site\/wp-json\/wp\/v2\/posts\/304263","targetHints":{"allow":["GET"]}}],"collection":[{"href":"https:\/\/www.notibras.com\/site\/wp-json\/wp\/v2\/posts"}],"about":[{"href":"https:\/\/www.notibras.com\/site\/wp-json\/wp\/v2\/types\/post"}],"author":[{"embeddable":true,"href":"https:\/\/www.notibras.com\/site\/wp-json\/wp\/v2\/users\/2"}],"replies":[{"embeddable":true,"href":"https:\/\/www.notibras.com\/site\/wp-json\/wp\/v2\/comments?post=304263"}],"version-history":[{"count":1,"href":"https:\/\/www.notibras.com\/site\/wp-json\/wp\/v2\/posts\/304263\/revisions"}],"predecessor-version":[{"id":304266,"href":"https:\/\/www.notibras.com\/site\/wp-json\/wp\/v2\/posts\/304263\/revisions\/304266"}],"wp:featuredmedia":[{"embeddable":true,"href":"https:\/\/www.notibras.com\/site\/wp-json\/wp\/v2\/media\/304265"}],"wp:attachment":[{"href":"https:\/\/www.notibras.com\/site\/wp-json\/wp\/v2\/media?parent=304263"}],"wp:term":[{"taxonomy":"category","embeddable":true,"href":"https:\/\/www.notibras.com\/site\/wp-json\/wp\/v2\/categories?post=304263"},{"taxonomy":"post_tag","embeddable":true,"href":"https:\/\/www.notibras.com\/site\/wp-json\/wp\/v2\/tags?post=304263"}],"curies":[{"name":"wp","href":"https:\/\/api.w.org\/{rel}","templated":true}]}}