{"id":304267,"date":"2023-05-06T08:22:09","date_gmt":"2023-05-06T11:22:09","guid":{"rendered":"https:\/\/www.notibras.com\/site\/?p=304267"},"modified":"2023-05-06T08:23:24","modified_gmt":"2023-05-06T11:23:24","slug":"joaquim-cai-como-um-pao-mofo-e-a-viuva-enriquece","status":"publish","type":"post","link":"https:\/\/www.notibras.com\/site\/joaquim-cai-como-um-pao-mofo-e-a-viuva-enriquece\/","title":{"rendered":"Joaquim cai como um p\u00e3o mofo e a vi\u00fava enriquece"},"content":{"rendered":"<p>Perf\u00eddia ganhou esse nome pela sonoridade que tanto agradou sua m\u00e3e, f\u00e3 de Altemar Dutra. Cresceu sem entender as risadinhas de alguns quando descobriam como a garota se chamava. A m\u00e3e, por sua vez, nunca se deu conta de que havia tra\u00e7ado o destino da filha assim que a registrou no cart\u00f3rio.<\/p>\n<p>A menina cresceu mais formosa do que a maioria naquela quadra. T\u00e3o bela se tornou, que logo atraiu os olhares mais sortidos. Obviamente que os olhos que a fitavam n\u00e3o eram apenas os de desejos, mas tamb\u00e9m os de inveja. Alguns at\u00e9 amb\u00edguos, onde esses sentimentos se misturavam.<\/p>\n<p>A jovem, bem cedo, causou disc\u00f3rdias inconcili\u00e1veis. Tanto \u00e9 que at\u00e9 o padre da par\u00f3quia foi chamado para resolver tais pendengas, j\u00e1 que os pastores n\u00e3o se entendiam, pois todos pareciam desejar aquele pit\u00e9u para si. Diante de tamanha hipocrisia, juntou-se uma pequena quantia, que foi entregue \u00e0 m\u00e3e de Perf\u00eddia, com a condi\u00e7\u00e3o de irem embora para outra cidade.<\/p>\n<p>Sem maiores perspectivas, as duas compraram passagens pro pr\u00f3ximo \u00f4nibus e, antes que a primavera terminasse, rumaram para a capital. Mal chegaram, a velha morreu de disenteria, coisa comum naqueles tempos. Sozinha, Perf\u00eddia, apesar da tristeza de ter que enterrar sua pr\u00f3pria m\u00e3e, se sentiu livre pela primeira vez na vida.<\/p>\n<p>A mulher usou preto por alguns dias, mas logo percebeu que havia nascido para as cores vivas. E foi assim que resolveu procurar pelo primeiro emprego, j\u00e1 que o dinheiro andava ainda mais curto do que a sua saia. E l\u00e1 foi a mo\u00e7a de pernas torneadas em dire\u00e7\u00e3o \u00e0 padaria da esquina, onde n\u00e3o havia cartaz de procura-se funcion\u00e1rio. E da\u00ed? Isso n\u00e3o foi empecilho para Perf\u00eddia.<\/p>\n<p>O velho Joaquim, que nem era t\u00e3o velho assim, foi chamado pela balconista, a Doroteia. Uma mulher estava \u00e0 procura de emprego. Joaquim resmungou algum palavr\u00e3o e se levantou enfurecido, certo de que aquele dia havia come\u00e7ado pelo avesso. No entanto, assim que bateu os olhos naquela formosura, mudou de ideia e a contratou antes que ela fosse embora.<\/p>\n<p>Vi\u00favo h\u00e1 poucos meses, o dono da padaria se viu apaixonado por Perf\u00eddia. Ent\u00e3o, assim que as coisas se ajeitaram, ele tomou coragem de propor casamento para a jovem mulher, que mal entrara na casa dos 20. Ela, que estava passando pano sobre o balc\u00e3o, gostou da proposta e, j\u00e1 no m\u00eas seguinte, com toda papelada em m\u00e3os, o cas\u00f3rio foi realizado.<\/p>\n<p>Perf\u00eddia gostou de acrescentar o sobrenome do marido ao seu, j\u00e1 que ela carregava, desde sempre, apenas o da sua falecida m\u00e3e. Perf\u00eddia da Silva Almeida. Soava respeitoso. A mulher gostou tanto, que fez quest\u00e3o de emoldurar a certid\u00e3o de casamento e pendur\u00e1-la na ampla sala do apartamento, que ficava justamente em cima da padaria.<\/p>\n<p>Agora ela era a patroa e, por isso, n\u00e3o precisava mais se preocupar com a faxina do com\u00e9rcio. Gastava seu tempo entre o sal\u00e3o e algumas compras. Joaquim, mesmo sendo m\u00e3o de vaca, n\u00e3o se atrevia a contrariar a esposa, pois era muito bem recompensado durante as noites de alcova. O ci\u00fame, todavia, estava sempre presente, pois todos os fregueses da padaria corriam os olhos pelo corpo de Perf\u00eddia. Tanto \u00e9 que ele insistia para que ela n\u00e3o ficasse muito tempo por ali.<\/p>\n<p>Obediente como uma boa esposa que era, Perf\u00eddia mal pisava no com\u00e9rcio do esposo. Gastava seu tempo lendo as revistas de fofocas ou, ent\u00e3o, batendo perna pela quadra. Pra qu\u00ea? Acabou se encantando por Augusto, um belo gajo rec\u00e9m-casado. Apesar dos compromissos firmados, os dois se entregaram \u00e0s tardes num quarto de motel do N\u00facleo Bandeirante. Afinal, era necess\u00e1rio manter a seriedade.<\/p>\n<p>N\u00e3o se sabe se a esposa de Augusto descobriu o entrevero, j\u00e1 que era mo\u00e7a de fam\u00edlia e, portanto, sabia que homens dignos tamb\u00e9m precisavam se divertir. Quanto ao Joaquim, parece que ele andava preocupado com os sumi\u00e7os da mulher. Tanto \u00e9 que pensou em dizer para ela passar mais tempo na padaria, mas logo se lembrou dos fregueses atrevidos.<\/p>\n<p>Para encurtar a hist\u00f3ria, eis que era uma quarta-feira, por volta das 14 h, quando Joaquim tombou direto no ch\u00e3o da padaria. Clientes e funcion\u00e1rios tentaram acudi-lo, mas j\u00e1 era tarde. O cora\u00e7\u00e3o do velho havia parado antes mesmo do rosto se esborrachar na cer\u00e2mica fria e gasta. Enquanto isso, l\u00e1 do outro lado da cidade, a agora vi\u00fava se divertia com o amado entre os felpudos len\u00e7\u00f3is da trai\u00e7\u00e3o. Perf\u00eddia!<\/p>\n","protected":false},"excerpt":{"rendered":"<p>Perf\u00eddia ganhou esse nome pela sonoridade que tanto agradou sua m\u00e3e, f\u00e3 de Altemar Dutra. Cresceu sem entender as risadinhas de alguns quando descobriam como a garota se chamava. A m\u00e3e, por sua vez, nunca se deu conta de que havia tra\u00e7ado o destino da filha assim que a registrou no cart\u00f3rio. A menina cresceu [&hellip;]<\/p>\n","protected":false},"author":2,"featured_media":304269,"comment_status":"closed","ping_status":"closed","sticky":false,"template":"","format":"standard","meta":{"_acf_changed":false,"footnotes":""},"categories":[161],"tags":[],"class_list":["post-304267","post","type-post","status-publish","format-standard","has-post-thumbnail","hentry","category-quadradinho-em-foco"],"acf":[],"yoast_head":"<!-- This site is optimized with the Yoast SEO plugin v27.2 - https:\/\/yoast.com\/product\/yoast-seo-wordpress\/ -->\n<title>Joaquim cai como um p\u00e3o mofo e a vi\u00fava enriquece - Notibras<\/title>\n<meta name=\"robots\" content=\"index, follow, max-snippet:-1, max-image-preview:large, max-video-preview:-1\" \/>\n<link rel=\"canonical\" href=\"https:\/\/www.notibras.com\/site\/joaquim-cai-como-um-pao-mofo-e-a-viuva-enriquece\/\" \/>\n<meta property=\"og:locale\" content=\"pt_BR\" \/>\n<meta property=\"og:type\" content=\"article\" \/>\n<meta property=\"og:title\" content=\"Joaquim cai como um p\u00e3o mofo e a vi\u00fava enriquece - Notibras\" \/>\n<meta property=\"og:description\" content=\"Perf\u00eddia ganhou esse nome pela sonoridade que tanto agradou sua m\u00e3e, f\u00e3 de Altemar Dutra. Cresceu sem entender as risadinhas de alguns quando descobriam como a garota se chamava. A m\u00e3e, por sua vez, nunca se deu conta de que havia tra\u00e7ado o destino da filha assim que a registrou no cart\u00f3rio. A menina cresceu [&hellip;]\" \/>\n<meta property=\"og:url\" content=\"https:\/\/www.notibras.com\/site\/joaquim-cai-como-um-pao-mofo-e-a-viuva-enriquece\/\" \/>\n<meta property=\"og:site_name\" content=\"Notibras\" \/>\n<meta property=\"article:publisher\" content=\"https:\/\/www.facebook.com\/notibras\/\" \/>\n<meta property=\"article:published_time\" content=\"2023-05-06T11:22:09+00:00\" \/>\n<meta property=\"article:modified_time\" content=\"2023-05-06T11:23:24+00:00\" \/>\n<meta property=\"og:image\" content=\"https:\/\/www.notibras.com\/site\/wp-content\/uploads\/2023\/05\/clima-romantico-1.jpg\" \/>\n\t<meta property=\"og:image:width\" content=\"563\" \/>\n\t<meta property=\"og:image:height\" content=\"388\" \/>\n\t<meta property=\"og:image:type\" content=\"image\/jpeg\" \/>\n<meta name=\"author\" content=\"Reda\u00e7\u00e3o\" \/>\n<meta name=\"twitter:card\" content=\"summary_large_image\" \/>\n<meta name=\"twitter:creator\" content=\"@Notibras\" \/>\n<meta name=\"twitter:site\" content=\"@Notibras\" \/>\n<meta name=\"twitter:label1\" content=\"Escrito por\" \/>\n\t<meta name=\"twitter:data1\" content=\"Reda\u00e7\u00e3o\" \/>\n\t<meta name=\"twitter:label2\" content=\"Est. tempo de leitura\" \/>\n\t<meta name=\"twitter:data2\" content=\"5 minutos\" \/>\n<script type=\"application\/ld+json\" class=\"yoast-schema-graph\">{\"@context\":\"https:\/\/schema.org\",\"@graph\":[{\"@type\":\"Article\",\"@id\":\"https:\/\/www.notibras.com\/site\/joaquim-cai-como-um-pao-mofo-e-a-viuva-enriquece\/#article\",\"isPartOf\":{\"@id\":\"https:\/\/www.notibras.com\/site\/joaquim-cai-como-um-pao-mofo-e-a-viuva-enriquece\/\"},\"author\":{\"name\":\"Reda\u00e7\u00e3o\",\"@id\":\"https:\/\/www.notibras.com\/site\/#\/schema\/person\/36ab0979449956132d3e5b517ea76ac8\"},\"headline\":\"Joaquim cai como um p\u00e3o mofo e a vi\u00fava enriquece\",\"datePublished\":\"2023-05-06T11:22:09+00:00\",\"dateModified\":\"2023-05-06T11:23:24+00:00\",\"mainEntityOfPage\":{\"@id\":\"https:\/\/www.notibras.com\/site\/joaquim-cai-como-um-pao-mofo-e-a-viuva-enriquece\/\"},\"wordCount\":806,\"publisher\":{\"@id\":\"https:\/\/www.notibras.com\/site\/#organization\"},\"image\":{\"@id\":\"https:\/\/www.notibras.com\/site\/joaquim-cai-como-um-pao-mofo-e-a-viuva-enriquece\/#primaryimage\"},\"thumbnailUrl\":\"https:\/\/www.notibras.com\/site\/wp-content\/uploads\/2023\/05\/clima-romantico-1.jpg\",\"articleSection\":[\"Quadradinho em Foco\"],\"inLanguage\":\"pt-BR\"},{\"@type\":\"WebPage\",\"@id\":\"https:\/\/www.notibras.com\/site\/joaquim-cai-como-um-pao-mofo-e-a-viuva-enriquece\/\",\"url\":\"https:\/\/www.notibras.com\/site\/joaquim-cai-como-um-pao-mofo-e-a-viuva-enriquece\/\",\"name\":\"Joaquim cai como um p\u00e3o mofo e a vi\u00fava enriquece - Notibras\",\"isPartOf\":{\"@id\":\"https:\/\/www.notibras.com\/site\/#website\"},\"primaryImageOfPage\":{\"@id\":\"https:\/\/www.notibras.com\/site\/joaquim-cai-como-um-pao-mofo-e-a-viuva-enriquece\/#primaryimage\"},\"image\":{\"@id\":\"https:\/\/www.notibras.com\/site\/joaquim-cai-como-um-pao-mofo-e-a-viuva-enriquece\/#primaryimage\"},\"thumbnailUrl\":\"https:\/\/www.notibras.com\/site\/wp-content\/uploads\/2023\/05\/clima-romantico-1.jpg\",\"datePublished\":\"2023-05-06T11:22:09+00:00\",\"dateModified\":\"2023-05-06T11:23:24+00:00\",\"breadcrumb\":{\"@id\":\"https:\/\/www.notibras.com\/site\/joaquim-cai-como-um-pao-mofo-e-a-viuva-enriquece\/#breadcrumb\"},\"inLanguage\":\"pt-BR\",\"potentialAction\":[{\"@type\":\"ReadAction\",\"target\":[\"https:\/\/www.notibras.com\/site\/joaquim-cai-como-um-pao-mofo-e-a-viuva-enriquece\/\"]}]},{\"@type\":\"ImageObject\",\"inLanguage\":\"pt-BR\",\"@id\":\"https:\/\/www.notibras.com\/site\/joaquim-cai-como-um-pao-mofo-e-a-viuva-enriquece\/#primaryimage\",\"url\":\"https:\/\/www.notibras.com\/site\/wp-content\/uploads\/2023\/05\/clima-romantico-1.jpg\",\"contentUrl\":\"https:\/\/www.notibras.com\/site\/wp-content\/uploads\/2023\/05\/clima-romantico-1.jpg\",\"width\":563,\"height\":388},{\"@type\":\"BreadcrumbList\",\"@id\":\"https:\/\/www.notibras.com\/site\/joaquim-cai-como-um-pao-mofo-e-a-viuva-enriquece\/#breadcrumb\",\"itemListElement\":[{\"@type\":\"ListItem\",\"position\":1,\"name\":\"In\u00edcio\",\"item\":\"https:\/\/www.notibras.com\/site\/\"},{\"@type\":\"ListItem\",\"position\":2,\"name\":\"Joaquim cai como um p\u00e3o mofo e a vi\u00fava enriquece\"}]},{\"@type\":\"WebSite\",\"@id\":\"https:\/\/www.notibras.com\/site\/#website\",\"url\":\"https:\/\/www.notibras.com\/site\/\",\"name\":\"Notibras\",\"description\":\"Not\u00edcias de Bras\u00edlia, do Brasil e do Mundo\",\"publisher\":{\"@id\":\"https:\/\/www.notibras.com\/site\/#organization\"},\"potentialAction\":[{\"@type\":\"SearchAction\",\"target\":{\"@type\":\"EntryPoint\",\"urlTemplate\":\"https:\/\/www.notibras.com\/site\/?s={search_term_string}\"},\"query-input\":{\"@type\":\"PropertyValueSpecification\",\"valueRequired\":true,\"valueName\":\"search_term_string\"}}],\"inLanguage\":\"pt-BR\"},{\"@type\":\"Organization\",\"@id\":\"https:\/\/www.notibras.com\/site\/#organization\",\"name\":\"Grupo Notibras de Comunica\u00e7\u00e3o\",\"url\":\"https:\/\/www.notibras.com\/site\/\",\"logo\":{\"@type\":\"ImageObject\",\"inLanguage\":\"pt-BR\",\"@id\":\"https:\/\/www.notibras.com\/site\/#\/schema\/logo\/image\/\",\"url\":\"https:\/\/www.notibras.com\/site\/wp-content\/uploads\/2023\/01\/notibras23.png\",\"contentUrl\":\"https:\/\/www.notibras.com\/site\/wp-content\/uploads\/2023\/01\/notibras23.png\",\"width\":350,\"height\":87,\"caption\":\"Grupo Notibras de Comunica\u00e7\u00e3o\"},\"image\":{\"@id\":\"https:\/\/www.notibras.com\/site\/#\/schema\/logo\/image\/\"},\"sameAs\":[\"https:\/\/www.facebook.com\/notibras\/\",\"https:\/\/x.com\/Notibras\",\"https:\/\/www.instagram.com\/notibras\/\"]},{\"@type\":\"Person\",\"@id\":\"https:\/\/www.notibras.com\/site\/#\/schema\/person\/36ab0979449956132d3e5b517ea76ac8\",\"name\":\"Reda\u00e7\u00e3o\",\"image\":{\"@type\":\"ImageObject\",\"inLanguage\":\"pt-BR\",\"@id\":\"https:\/\/secure.gravatar.com\/avatar\/e0a867bdedb85fd243eadf09663511f96fc81e0720a4a42581f334ad4303aa6b?s=96&d=mm&r=g\",\"url\":\"https:\/\/secure.gravatar.com\/avatar\/e0a867bdedb85fd243eadf09663511f96fc81e0720a4a42581f334ad4303aa6b?s=96&d=mm&r=g\",\"contentUrl\":\"https:\/\/secure.gravatar.com\/avatar\/e0a867bdedb85fd243eadf09663511f96fc81e0720a4a42581f334ad4303aa6b?s=96&d=mm&r=g\",\"caption\":\"Reda\u00e7\u00e3o\"}}]}<\/script>\n<!-- \/ Yoast SEO plugin. -->","yoast_head_json":{"title":"Joaquim cai como um p\u00e3o mofo e a vi\u00fava enriquece - Notibras","robots":{"index":"index","follow":"follow","max-snippet":"max-snippet:-1","max-image-preview":"max-image-preview:large","max-video-preview":"max-video-preview:-1"},"canonical":"https:\/\/www.notibras.com\/site\/joaquim-cai-como-um-pao-mofo-e-a-viuva-enriquece\/","og_locale":"pt_BR","og_type":"article","og_title":"Joaquim cai como um p\u00e3o mofo e a vi\u00fava enriquece - Notibras","og_description":"Perf\u00eddia ganhou esse nome pela sonoridade que tanto agradou sua m\u00e3e, f\u00e3 de Altemar Dutra. Cresceu sem entender as risadinhas de alguns quando descobriam como a garota se chamava. A m\u00e3e, por sua vez, nunca se deu conta de que havia tra\u00e7ado o destino da filha assim que a registrou no cart\u00f3rio. A menina cresceu [&hellip;]","og_url":"https:\/\/www.notibras.com\/site\/joaquim-cai-como-um-pao-mofo-e-a-viuva-enriquece\/","og_site_name":"Notibras","article_publisher":"https:\/\/www.facebook.com\/notibras\/","article_published_time":"2023-05-06T11:22:09+00:00","article_modified_time":"2023-05-06T11:23:24+00:00","og_image":[{"width":563,"height":388,"url":"https:\/\/www.notibras.com\/site\/wp-content\/uploads\/2023\/05\/clima-romantico-1.jpg","type":"image\/jpeg"}],"author":"Reda\u00e7\u00e3o","twitter_card":"summary_large_image","twitter_creator":"@Notibras","twitter_site":"@Notibras","twitter_misc":{"Escrito por":"Reda\u00e7\u00e3o","Est. tempo de leitura":"5 minutos"},"schema":{"@context":"https:\/\/schema.org","@graph":[{"@type":"Article","@id":"https:\/\/www.notibras.com\/site\/joaquim-cai-como-um-pao-mofo-e-a-viuva-enriquece\/#article","isPartOf":{"@id":"https:\/\/www.notibras.com\/site\/joaquim-cai-como-um-pao-mofo-e-a-viuva-enriquece\/"},"author":{"name":"Reda\u00e7\u00e3o","@id":"https:\/\/www.notibras.com\/site\/#\/schema\/person\/36ab0979449956132d3e5b517ea76ac8"},"headline":"Joaquim cai como um p\u00e3o mofo e a vi\u00fava enriquece","datePublished":"2023-05-06T11:22:09+00:00","dateModified":"2023-05-06T11:23:24+00:00","mainEntityOfPage":{"@id":"https:\/\/www.notibras.com\/site\/joaquim-cai-como-um-pao-mofo-e-a-viuva-enriquece\/"},"wordCount":806,"publisher":{"@id":"https:\/\/www.notibras.com\/site\/#organization"},"image":{"@id":"https:\/\/www.notibras.com\/site\/joaquim-cai-como-um-pao-mofo-e-a-viuva-enriquece\/#primaryimage"},"thumbnailUrl":"https:\/\/www.notibras.com\/site\/wp-content\/uploads\/2023\/05\/clima-romantico-1.jpg","articleSection":["Quadradinho em Foco"],"inLanguage":"pt-BR"},{"@type":"WebPage","@id":"https:\/\/www.notibras.com\/site\/joaquim-cai-como-um-pao-mofo-e-a-viuva-enriquece\/","url":"https:\/\/www.notibras.com\/site\/joaquim-cai-como-um-pao-mofo-e-a-viuva-enriquece\/","name":"Joaquim cai como um p\u00e3o mofo e a vi\u00fava enriquece - Notibras","isPartOf":{"@id":"https:\/\/www.notibras.com\/site\/#website"},"primaryImageOfPage":{"@id":"https:\/\/www.notibras.com\/site\/joaquim-cai-como-um-pao-mofo-e-a-viuva-enriquece\/#primaryimage"},"image":{"@id":"https:\/\/www.notibras.com\/site\/joaquim-cai-como-um-pao-mofo-e-a-viuva-enriquece\/#primaryimage"},"thumbnailUrl":"https:\/\/www.notibras.com\/site\/wp-content\/uploads\/2023\/05\/clima-romantico-1.jpg","datePublished":"2023-05-06T11:22:09+00:00","dateModified":"2023-05-06T11:23:24+00:00","breadcrumb":{"@id":"https:\/\/www.notibras.com\/site\/joaquim-cai-como-um-pao-mofo-e-a-viuva-enriquece\/#breadcrumb"},"inLanguage":"pt-BR","potentialAction":[{"@type":"ReadAction","target":["https:\/\/www.notibras.com\/site\/joaquim-cai-como-um-pao-mofo-e-a-viuva-enriquece\/"]}]},{"@type":"ImageObject","inLanguage":"pt-BR","@id":"https:\/\/www.notibras.com\/site\/joaquim-cai-como-um-pao-mofo-e-a-viuva-enriquece\/#primaryimage","url":"https:\/\/www.notibras.com\/site\/wp-content\/uploads\/2023\/05\/clima-romantico-1.jpg","contentUrl":"https:\/\/www.notibras.com\/site\/wp-content\/uploads\/2023\/05\/clima-romantico-1.jpg","width":563,"height":388},{"@type":"BreadcrumbList","@id":"https:\/\/www.notibras.com\/site\/joaquim-cai-como-um-pao-mofo-e-a-viuva-enriquece\/#breadcrumb","itemListElement":[{"@type":"ListItem","position":1,"name":"In\u00edcio","item":"https:\/\/www.notibras.com\/site\/"},{"@type":"ListItem","position":2,"name":"Joaquim cai como um p\u00e3o mofo e a vi\u00fava enriquece"}]},{"@type":"WebSite","@id":"https:\/\/www.notibras.com\/site\/#website","url":"https:\/\/www.notibras.com\/site\/","name":"Notibras","description":"Not\u00edcias de Bras\u00edlia, do Brasil e do Mundo","publisher":{"@id":"https:\/\/www.notibras.com\/site\/#organization"},"potentialAction":[{"@type":"SearchAction","target":{"@type":"EntryPoint","urlTemplate":"https:\/\/www.notibras.com\/site\/?s={search_term_string}"},"query-input":{"@type":"PropertyValueSpecification","valueRequired":true,"valueName":"search_term_string"}}],"inLanguage":"pt-BR"},{"@type":"Organization","@id":"https:\/\/www.notibras.com\/site\/#organization","name":"Grupo Notibras de Comunica\u00e7\u00e3o","url":"https:\/\/www.notibras.com\/site\/","logo":{"@type":"ImageObject","inLanguage":"pt-BR","@id":"https:\/\/www.notibras.com\/site\/#\/schema\/logo\/image\/","url":"https:\/\/www.notibras.com\/site\/wp-content\/uploads\/2023\/01\/notibras23.png","contentUrl":"https:\/\/www.notibras.com\/site\/wp-content\/uploads\/2023\/01\/notibras23.png","width":350,"height":87,"caption":"Grupo Notibras de Comunica\u00e7\u00e3o"},"image":{"@id":"https:\/\/www.notibras.com\/site\/#\/schema\/logo\/image\/"},"sameAs":["https:\/\/www.facebook.com\/notibras\/","https:\/\/x.com\/Notibras","https:\/\/www.instagram.com\/notibras\/"]},{"@type":"Person","@id":"https:\/\/www.notibras.com\/site\/#\/schema\/person\/36ab0979449956132d3e5b517ea76ac8","name":"Reda\u00e7\u00e3o","image":{"@type":"ImageObject","inLanguage":"pt-BR","@id":"https:\/\/secure.gravatar.com\/avatar\/e0a867bdedb85fd243eadf09663511f96fc81e0720a4a42581f334ad4303aa6b?s=96&d=mm&r=g","url":"https:\/\/secure.gravatar.com\/avatar\/e0a867bdedb85fd243eadf09663511f96fc81e0720a4a42581f334ad4303aa6b?s=96&d=mm&r=g","contentUrl":"https:\/\/secure.gravatar.com\/avatar\/e0a867bdedb85fd243eadf09663511f96fc81e0720a4a42581f334ad4303aa6b?s=96&d=mm&r=g","caption":"Reda\u00e7\u00e3o"}}]}},"amp_enabled":true,"_links":{"self":[{"href":"https:\/\/www.notibras.com\/site\/wp-json\/wp\/v2\/posts\/304267","targetHints":{"allow":["GET"]}}],"collection":[{"href":"https:\/\/www.notibras.com\/site\/wp-json\/wp\/v2\/posts"}],"about":[{"href":"https:\/\/www.notibras.com\/site\/wp-json\/wp\/v2\/types\/post"}],"author":[{"embeddable":true,"href":"https:\/\/www.notibras.com\/site\/wp-json\/wp\/v2\/users\/2"}],"replies":[{"embeddable":true,"href":"https:\/\/www.notibras.com\/site\/wp-json\/wp\/v2\/comments?post=304267"}],"version-history":[{"count":2,"href":"https:\/\/www.notibras.com\/site\/wp-json\/wp\/v2\/posts\/304267\/revisions"}],"predecessor-version":[{"id":304271,"href":"https:\/\/www.notibras.com\/site\/wp-json\/wp\/v2\/posts\/304267\/revisions\/304271"}],"wp:featuredmedia":[{"embeddable":true,"href":"https:\/\/www.notibras.com\/site\/wp-json\/wp\/v2\/media\/304269"}],"wp:attachment":[{"href":"https:\/\/www.notibras.com\/site\/wp-json\/wp\/v2\/media?parent=304267"}],"wp:term":[{"taxonomy":"category","embeddable":true,"href":"https:\/\/www.notibras.com\/site\/wp-json\/wp\/v2\/categories?post=304267"},{"taxonomy":"post_tag","embeddable":true,"href":"https:\/\/www.notibras.com\/site\/wp-json\/wp\/v2\/tags?post=304267"}],"curies":[{"name":"wp","href":"https:\/\/api.w.org\/{rel}","templated":true}]}}