{"id":304330,"date":"2023-05-07T07:53:39","date_gmt":"2023-05-07T10:53:39","guid":{"rendered":"https:\/\/www.notibras.com\/site\/?p=304330"},"modified":"2023-05-07T08:56:28","modified_gmt":"2023-05-07T11:56:28","slug":"denuncias-de-violacoes-contra-idosos-crescem-97","status":"publish","type":"post","link":"https:\/\/www.notibras.com\/site\/denuncias-de-violacoes-contra-idosos-crescem-97\/","title":{"rendered":"Den\u00fancias de viola\u00e7\u00f5es contra idosos crescem 97%"},"content":{"rendered":"<p>Nos primeiros tr\u00eas meses de 2023, as viola\u00e7\u00f5es de direitos humanos contra pessoas idosas alcan\u00e7aram 202,3 mil registros em todo o pa\u00eds, segundo dados da Ouvidoria Nacional dos Direitos Humanos, mantida pelo Minist\u00e9rio dos Direitos Humanos e Cidadania (MDHC) do governo federal.<\/p>\n<p>O n\u00famero \u00e9 97% maior se comparado com o mesmo per\u00edodo de 2022, quando foram registradas 102,8 mil viola\u00e7\u00f5es. A pasta pondera, no entanto, que os n\u00fameros podem envolver um n\u00famero menor de pessoas f\u00edsicas, pois uma den\u00fancia pode ser registrada sobre mais de uma viola\u00e7\u00e3o.<\/p>\n<p>A Secretaria Nacional dos Direitos da Pessoa Idosa atribui o aumento dos dados ao trabalho de divulga\u00e7\u00e3o Disque 100.<\/p>\n<p>O servi\u00e7o funciona diariamente, 24 horas, por dia, incluindo s\u00e1bados, domingos e feriados. As liga\u00e7\u00f5es podem ser feitas de todo o Brasil por meio de discagem direta e gratuita, de qualquer terminal telef\u00f4nico fixo ou m\u00f3vel, bastando discar 100.<\/p>\n<p>O Disque 100 tamb\u00e9m pode receber den\u00fancias via WhatsApp, pelo n\u00famero (61) 99611-0100.<\/p>\n","protected":false},"excerpt":{"rendered":"<p>Nos primeiros tr\u00eas meses de 2023, as viola\u00e7\u00f5es de direitos humanos contra pessoas idosas alcan\u00e7aram 202,3 mil registros em todo o pa\u00eds, segundo dados da Ouvidoria Nacional dos Direitos Humanos, mantida pelo Minist\u00e9rio dos Direitos Humanos e Cidadania (MDHC) do governo federal. O n\u00famero \u00e9 97% maior se comparado com o mesmo per\u00edodo de 2022, [&hellip;]<\/p>\n","protected":false},"author":2,"featured_media":304331,"comment_status":"closed","ping_status":"closed","sticky":false,"template":"","format":"standard","meta":{"_acf_changed":false,"footnotes":""},"categories":[161],"tags":[95],"class_list":["post-304330","post","type-post","status-publish","format-standard","has-post-thumbnail","hentry","category-quadradinho-em-foco","tag-capa"],"acf":[],"yoast_head":"<!-- This site is optimized with the Yoast SEO plugin v27.2 - https:\/\/yoast.com\/product\/yoast-seo-wordpress\/ -->\n<title>Den\u00fancias de viola\u00e7\u00f5es contra idosos crescem 97% - Notibras<\/title>\n<meta name=\"robots\" content=\"index, follow, max-snippet:-1, max-image-preview:large, max-video-preview:-1\" \/>\n<link rel=\"canonical\" href=\"https:\/\/www.notibras.com\/site\/denuncias-de-violacoes-contra-idosos-crescem-97\/\" \/>\n<meta property=\"og:locale\" content=\"pt_BR\" \/>\n<meta property=\"og:type\" content=\"article\" \/>\n<meta property=\"og:title\" content=\"Den\u00fancias de viola\u00e7\u00f5es contra idosos crescem 97% - Notibras\" \/>\n<meta property=\"og:description\" content=\"Nos primeiros tr\u00eas meses de 2023, as viola\u00e7\u00f5es de direitos humanos contra pessoas idosas alcan\u00e7aram 202,3 mil registros em todo o pa\u00eds, segundo dados da Ouvidoria Nacional dos Direitos Humanos, mantida pelo Minist\u00e9rio dos Direitos Humanos e Cidadania (MDHC) do governo federal. O n\u00famero \u00e9 97% maior se comparado com o mesmo per\u00edodo de 2022, [&hellip;]\" \/>\n<meta property=\"og:url\" content=\"https:\/\/www.notibras.com\/site\/denuncias-de-violacoes-contra-idosos-crescem-97\/\" \/>\n<meta property=\"og:site_name\" content=\"Notibras\" \/>\n<meta property=\"article:publisher\" content=\"https:\/\/www.facebook.com\/notibras\/\" \/>\n<meta property=\"article:published_time\" content=\"2023-05-07T10:53:39+00:00\" \/>\n<meta property=\"article:modified_time\" content=\"2023-05-07T11:56:28+00:00\" \/>\n<meta property=\"og:image\" content=\"https:\/\/www.notibras.com\/site\/wp-content\/uploads\/2023\/05\/mcmgo_abr_070820180691.jpg\" \/>\n\t<meta property=\"og:image:width\" content=\"1170\" \/>\n\t<meta property=\"og:image:height\" content=\"700\" \/>\n\t<meta property=\"og:image:type\" content=\"image\/jpeg\" \/>\n<meta name=\"author\" content=\"Reda\u00e7\u00e3o\" \/>\n<meta name=\"twitter:card\" content=\"summary_large_image\" \/>\n<meta name=\"twitter:creator\" content=\"@Notibras\" \/>\n<meta name=\"twitter:site\" content=\"@Notibras\" \/>\n<meta name=\"twitter:label1\" content=\"Escrito por\" \/>\n\t<meta name=\"twitter:data1\" content=\"Reda\u00e7\u00e3o\" \/>\n\t<meta name=\"twitter:label2\" content=\"Est. tempo de leitura\" \/>\n\t<meta name=\"twitter:data2\" content=\"1 minuto\" \/>\n<script type=\"application\/ld+json\" class=\"yoast-schema-graph\">{\"@context\":\"https:\/\/schema.org\",\"@graph\":[{\"@type\":\"Article\",\"@id\":\"https:\/\/www.notibras.com\/site\/denuncias-de-violacoes-contra-idosos-crescem-97\/#article\",\"isPartOf\":{\"@id\":\"https:\/\/www.notibras.com\/site\/denuncias-de-violacoes-contra-idosos-crescem-97\/\"},\"author\":{\"name\":\"Reda\u00e7\u00e3o\",\"@id\":\"https:\/\/www.notibras.com\/site\/#\/schema\/person\/36ab0979449956132d3e5b517ea76ac8\"},\"headline\":\"Den\u00fancias de viola\u00e7\u00f5es contra idosos crescem 97%\",\"datePublished\":\"2023-05-07T10:53:39+00:00\",\"dateModified\":\"2023-05-07T11:56:28+00:00\",\"mainEntityOfPage\":{\"@id\":\"https:\/\/www.notibras.com\/site\/denuncias-de-violacoes-contra-idosos-crescem-97\/\"},\"wordCount\":178,\"publisher\":{\"@id\":\"https:\/\/www.notibras.com\/site\/#organization\"},\"image\":{\"@id\":\"https:\/\/www.notibras.com\/site\/denuncias-de-violacoes-contra-idosos-crescem-97\/#primaryimage\"},\"thumbnailUrl\":\"https:\/\/www.notibras.com\/site\/wp-content\/uploads\/2023\/05\/mcmgo_abr_070820180691.jpg\",\"keywords\":[\"capa\"],\"articleSection\":[\"Quadradinho em Foco\"],\"inLanguage\":\"pt-BR\"},{\"@type\":\"WebPage\",\"@id\":\"https:\/\/www.notibras.com\/site\/denuncias-de-violacoes-contra-idosos-crescem-97\/\",\"url\":\"https:\/\/www.notibras.com\/site\/denuncias-de-violacoes-contra-idosos-crescem-97\/\",\"name\":\"Den\u00fancias de viola\u00e7\u00f5es contra idosos crescem 97% - Notibras\",\"isPartOf\":{\"@id\":\"https:\/\/www.notibras.com\/site\/#website\"},\"primaryImageOfPage\":{\"@id\":\"https:\/\/www.notibras.com\/site\/denuncias-de-violacoes-contra-idosos-crescem-97\/#primaryimage\"},\"image\":{\"@id\":\"https:\/\/www.notibras.com\/site\/denuncias-de-violacoes-contra-idosos-crescem-97\/#primaryimage\"},\"thumbnailUrl\":\"https:\/\/www.notibras.com\/site\/wp-content\/uploads\/2023\/05\/mcmgo_abr_070820180691.jpg\",\"datePublished\":\"2023-05-07T10:53:39+00:00\",\"dateModified\":\"2023-05-07T11:56:28+00:00\",\"breadcrumb\":{\"@id\":\"https:\/\/www.notibras.com\/site\/denuncias-de-violacoes-contra-idosos-crescem-97\/#breadcrumb\"},\"inLanguage\":\"pt-BR\",\"potentialAction\":[{\"@type\":\"ReadAction\",\"target\":[\"https:\/\/www.notibras.com\/site\/denuncias-de-violacoes-contra-idosos-crescem-97\/\"]}]},{\"@type\":\"ImageObject\",\"inLanguage\":\"pt-BR\",\"@id\":\"https:\/\/www.notibras.com\/site\/denuncias-de-violacoes-contra-idosos-crescem-97\/#primaryimage\",\"url\":\"https:\/\/www.notibras.com\/site\/wp-content\/uploads\/2023\/05\/mcmgo_abr_070820180691.jpg\",\"contentUrl\":\"https:\/\/www.notibras.com\/site\/wp-content\/uploads\/2023\/05\/mcmgo_abr_070820180691.jpg\",\"width\":1170,\"height\":700,\"caption\":\"Homem deprimido\"},{\"@type\":\"BreadcrumbList\",\"@id\":\"https:\/\/www.notibras.com\/site\/denuncias-de-violacoes-contra-idosos-crescem-97\/#breadcrumb\",\"itemListElement\":[{\"@type\":\"ListItem\",\"position\":1,\"name\":\"In\u00edcio\",\"item\":\"https:\/\/www.notibras.com\/site\/\"},{\"@type\":\"ListItem\",\"position\":2,\"name\":\"Den\u00fancias de viola\u00e7\u00f5es contra idosos crescem 97%\"}]},{\"@type\":\"WebSite\",\"@id\":\"https:\/\/www.notibras.com\/site\/#website\",\"url\":\"https:\/\/www.notibras.com\/site\/\",\"name\":\"Notibras\",\"description\":\"Not\u00edcias de Bras\u00edlia, do Brasil e do Mundo\",\"publisher\":{\"@id\":\"https:\/\/www.notibras.com\/site\/#organization\"},\"potentialAction\":[{\"@type\":\"SearchAction\",\"target\":{\"@type\":\"EntryPoint\",\"urlTemplate\":\"https:\/\/www.notibras.com\/site\/?s={search_term_string}\"},\"query-input\":{\"@type\":\"PropertyValueSpecification\",\"valueRequired\":true,\"valueName\":\"search_term_string\"}}],\"inLanguage\":\"pt-BR\"},{\"@type\":\"Organization\",\"@id\":\"https:\/\/www.notibras.com\/site\/#organization\",\"name\":\"Grupo Notibras de Comunica\u00e7\u00e3o\",\"url\":\"https:\/\/www.notibras.com\/site\/\",\"logo\":{\"@type\":\"ImageObject\",\"inLanguage\":\"pt-BR\",\"@id\":\"https:\/\/www.notibras.com\/site\/#\/schema\/logo\/image\/\",\"url\":\"https:\/\/www.notibras.com\/site\/wp-content\/uploads\/2023\/01\/notibras23.png\",\"contentUrl\":\"https:\/\/www.notibras.com\/site\/wp-content\/uploads\/2023\/01\/notibras23.png\",\"width\":350,\"height\":87,\"caption\":\"Grupo Notibras de Comunica\u00e7\u00e3o\"},\"image\":{\"@id\":\"https:\/\/www.notibras.com\/site\/#\/schema\/logo\/image\/\"},\"sameAs\":[\"https:\/\/www.facebook.com\/notibras\/\",\"https:\/\/x.com\/Notibras\",\"https:\/\/www.instagram.com\/notibras\/\"]},{\"@type\":\"Person\",\"@id\":\"https:\/\/www.notibras.com\/site\/#\/schema\/person\/36ab0979449956132d3e5b517ea76ac8\",\"name\":\"Reda\u00e7\u00e3o\",\"image\":{\"@type\":\"ImageObject\",\"inLanguage\":\"pt-BR\",\"@id\":\"https:\/\/secure.gravatar.com\/avatar\/e0a867bdedb85fd243eadf09663511f96fc81e0720a4a42581f334ad4303aa6b?s=96&d=mm&r=g\",\"url\":\"https:\/\/secure.gravatar.com\/avatar\/e0a867bdedb85fd243eadf09663511f96fc81e0720a4a42581f334ad4303aa6b?s=96&d=mm&r=g\",\"contentUrl\":\"https:\/\/secure.gravatar.com\/avatar\/e0a867bdedb85fd243eadf09663511f96fc81e0720a4a42581f334ad4303aa6b?s=96&d=mm&r=g\",\"caption\":\"Reda\u00e7\u00e3o\"}}]}<\/script>\n<!-- \/ Yoast SEO plugin. -->","yoast_head_json":{"title":"Den\u00fancias de viola\u00e7\u00f5es contra idosos crescem 97% - Notibras","robots":{"index":"index","follow":"follow","max-snippet":"max-snippet:-1","max-image-preview":"max-image-preview:large","max-video-preview":"max-video-preview:-1"},"canonical":"https:\/\/www.notibras.com\/site\/denuncias-de-violacoes-contra-idosos-crescem-97\/","og_locale":"pt_BR","og_type":"article","og_title":"Den\u00fancias de viola\u00e7\u00f5es contra idosos crescem 97% - Notibras","og_description":"Nos primeiros tr\u00eas meses de 2023, as viola\u00e7\u00f5es de direitos humanos contra pessoas idosas alcan\u00e7aram 202,3 mil registros em todo o pa\u00eds, segundo dados da Ouvidoria Nacional dos Direitos Humanos, mantida pelo Minist\u00e9rio dos Direitos Humanos e Cidadania (MDHC) do governo federal. O n\u00famero \u00e9 97% maior se comparado com o mesmo per\u00edodo de 2022, [&hellip;]","og_url":"https:\/\/www.notibras.com\/site\/denuncias-de-violacoes-contra-idosos-crescem-97\/","og_site_name":"Notibras","article_publisher":"https:\/\/www.facebook.com\/notibras\/","article_published_time":"2023-05-07T10:53:39+00:00","article_modified_time":"2023-05-07T11:56:28+00:00","og_image":[{"width":1170,"height":700,"url":"https:\/\/www.notibras.com\/site\/wp-content\/uploads\/2023\/05\/mcmgo_abr_070820180691.jpg","type":"image\/jpeg"}],"author":"Reda\u00e7\u00e3o","twitter_card":"summary_large_image","twitter_creator":"@Notibras","twitter_site":"@Notibras","twitter_misc":{"Escrito por":"Reda\u00e7\u00e3o","Est. tempo de leitura":"1 minuto"},"schema":{"@context":"https:\/\/schema.org","@graph":[{"@type":"Article","@id":"https:\/\/www.notibras.com\/site\/denuncias-de-violacoes-contra-idosos-crescem-97\/#article","isPartOf":{"@id":"https:\/\/www.notibras.com\/site\/denuncias-de-violacoes-contra-idosos-crescem-97\/"},"author":{"name":"Reda\u00e7\u00e3o","@id":"https:\/\/www.notibras.com\/site\/#\/schema\/person\/36ab0979449956132d3e5b517ea76ac8"},"headline":"Den\u00fancias de viola\u00e7\u00f5es contra idosos crescem 97%","datePublished":"2023-05-07T10:53:39+00:00","dateModified":"2023-05-07T11:56:28+00:00","mainEntityOfPage":{"@id":"https:\/\/www.notibras.com\/site\/denuncias-de-violacoes-contra-idosos-crescem-97\/"},"wordCount":178,"publisher":{"@id":"https:\/\/www.notibras.com\/site\/#organization"},"image":{"@id":"https:\/\/www.notibras.com\/site\/denuncias-de-violacoes-contra-idosos-crescem-97\/#primaryimage"},"thumbnailUrl":"https:\/\/www.notibras.com\/site\/wp-content\/uploads\/2023\/05\/mcmgo_abr_070820180691.jpg","keywords":["capa"],"articleSection":["Quadradinho em Foco"],"inLanguage":"pt-BR"},{"@type":"WebPage","@id":"https:\/\/www.notibras.com\/site\/denuncias-de-violacoes-contra-idosos-crescem-97\/","url":"https:\/\/www.notibras.com\/site\/denuncias-de-violacoes-contra-idosos-crescem-97\/","name":"Den\u00fancias de viola\u00e7\u00f5es contra idosos crescem 97% - Notibras","isPartOf":{"@id":"https:\/\/www.notibras.com\/site\/#website"},"primaryImageOfPage":{"@id":"https:\/\/www.notibras.com\/site\/denuncias-de-violacoes-contra-idosos-crescem-97\/#primaryimage"},"image":{"@id":"https:\/\/www.notibras.com\/site\/denuncias-de-violacoes-contra-idosos-crescem-97\/#primaryimage"},"thumbnailUrl":"https:\/\/www.notibras.com\/site\/wp-content\/uploads\/2023\/05\/mcmgo_abr_070820180691.jpg","datePublished":"2023-05-07T10:53:39+00:00","dateModified":"2023-05-07T11:56:28+00:00","breadcrumb":{"@id":"https:\/\/www.notibras.com\/site\/denuncias-de-violacoes-contra-idosos-crescem-97\/#breadcrumb"},"inLanguage":"pt-BR","potentialAction":[{"@type":"ReadAction","target":["https:\/\/www.notibras.com\/site\/denuncias-de-violacoes-contra-idosos-crescem-97\/"]}]},{"@type":"ImageObject","inLanguage":"pt-BR","@id":"https:\/\/www.notibras.com\/site\/denuncias-de-violacoes-contra-idosos-crescem-97\/#primaryimage","url":"https:\/\/www.notibras.com\/site\/wp-content\/uploads\/2023\/05\/mcmgo_abr_070820180691.jpg","contentUrl":"https:\/\/www.notibras.com\/site\/wp-content\/uploads\/2023\/05\/mcmgo_abr_070820180691.jpg","width":1170,"height":700,"caption":"Homem deprimido"},{"@type":"BreadcrumbList","@id":"https:\/\/www.notibras.com\/site\/denuncias-de-violacoes-contra-idosos-crescem-97\/#breadcrumb","itemListElement":[{"@type":"ListItem","position":1,"name":"In\u00edcio","item":"https:\/\/www.notibras.com\/site\/"},{"@type":"ListItem","position":2,"name":"Den\u00fancias de viola\u00e7\u00f5es contra idosos crescem 97%"}]},{"@type":"WebSite","@id":"https:\/\/www.notibras.com\/site\/#website","url":"https:\/\/www.notibras.com\/site\/","name":"Notibras","description":"Not\u00edcias de Bras\u00edlia, do Brasil e do Mundo","publisher":{"@id":"https:\/\/www.notibras.com\/site\/#organization"},"potentialAction":[{"@type":"SearchAction","target":{"@type":"EntryPoint","urlTemplate":"https:\/\/www.notibras.com\/site\/?s={search_term_string}"},"query-input":{"@type":"PropertyValueSpecification","valueRequired":true,"valueName":"search_term_string"}}],"inLanguage":"pt-BR"},{"@type":"Organization","@id":"https:\/\/www.notibras.com\/site\/#organization","name":"Grupo Notibras de Comunica\u00e7\u00e3o","url":"https:\/\/www.notibras.com\/site\/","logo":{"@type":"ImageObject","inLanguage":"pt-BR","@id":"https:\/\/www.notibras.com\/site\/#\/schema\/logo\/image\/","url":"https:\/\/www.notibras.com\/site\/wp-content\/uploads\/2023\/01\/notibras23.png","contentUrl":"https:\/\/www.notibras.com\/site\/wp-content\/uploads\/2023\/01\/notibras23.png","width":350,"height":87,"caption":"Grupo Notibras de Comunica\u00e7\u00e3o"},"image":{"@id":"https:\/\/www.notibras.com\/site\/#\/schema\/logo\/image\/"},"sameAs":["https:\/\/www.facebook.com\/notibras\/","https:\/\/x.com\/Notibras","https:\/\/www.instagram.com\/notibras\/"]},{"@type":"Person","@id":"https:\/\/www.notibras.com\/site\/#\/schema\/person\/36ab0979449956132d3e5b517ea76ac8","name":"Reda\u00e7\u00e3o","image":{"@type":"ImageObject","inLanguage":"pt-BR","@id":"https:\/\/secure.gravatar.com\/avatar\/e0a867bdedb85fd243eadf09663511f96fc81e0720a4a42581f334ad4303aa6b?s=96&d=mm&r=g","url":"https:\/\/secure.gravatar.com\/avatar\/e0a867bdedb85fd243eadf09663511f96fc81e0720a4a42581f334ad4303aa6b?s=96&d=mm&r=g","contentUrl":"https:\/\/secure.gravatar.com\/avatar\/e0a867bdedb85fd243eadf09663511f96fc81e0720a4a42581f334ad4303aa6b?s=96&d=mm&r=g","caption":"Reda\u00e7\u00e3o"}}]}},"amp_enabled":true,"_links":{"self":[{"href":"https:\/\/www.notibras.com\/site\/wp-json\/wp\/v2\/posts\/304330","targetHints":{"allow":["GET"]}}],"collection":[{"href":"https:\/\/www.notibras.com\/site\/wp-json\/wp\/v2\/posts"}],"about":[{"href":"https:\/\/www.notibras.com\/site\/wp-json\/wp\/v2\/types\/post"}],"author":[{"embeddable":true,"href":"https:\/\/www.notibras.com\/site\/wp-json\/wp\/v2\/users\/2"}],"replies":[{"embeddable":true,"href":"https:\/\/www.notibras.com\/site\/wp-json\/wp\/v2\/comments?post=304330"}],"version-history":[{"count":1,"href":"https:\/\/www.notibras.com\/site\/wp-json\/wp\/v2\/posts\/304330\/revisions"}],"predecessor-version":[{"id":304332,"href":"https:\/\/www.notibras.com\/site\/wp-json\/wp\/v2\/posts\/304330\/revisions\/304332"}],"wp:featuredmedia":[{"embeddable":true,"href":"https:\/\/www.notibras.com\/site\/wp-json\/wp\/v2\/media\/304331"}],"wp:attachment":[{"href":"https:\/\/www.notibras.com\/site\/wp-json\/wp\/v2\/media?parent=304330"}],"wp:term":[{"taxonomy":"category","embeddable":true,"href":"https:\/\/www.notibras.com\/site\/wp-json\/wp\/v2\/categories?post=304330"},{"taxonomy":"post_tag","embeddable":true,"href":"https:\/\/www.notibras.com\/site\/wp-json\/wp\/v2\/tags?post=304330"}],"curies":[{"name":"wp","href":"https:\/\/api.w.org\/{rel}","templated":true}]}}