{"id":304353,"date":"2023-05-07T00:00:32","date_gmt":"2023-05-07T03:00:32","guid":{"rendered":"https:\/\/www.notibras.com\/site\/?p=304353"},"modified":"2023-05-07T10:04:49","modified_gmt":"2023-05-07T13:04:49","slug":"campo-ganha-forca-para-inclusao-produtiva-e-seguranca-alimentar","status":"publish","type":"post","link":"https:\/\/www.notibras.com\/site\/campo-ganha-forca-para-inclusao-produtiva-e-seguranca-alimentar\/","title":{"rendered":"Campo ganha for\u00e7a para inclus\u00e3o produtiva e seguran\u00e7a alimentar"},"content":{"rendered":"<p>Um grupo de 16 extensionistas da Empresa de Assist\u00eancia T\u00e9cnica e Extens\u00e3o Rural (Emater-DF) promoveu uma oficina de Montagem do Sistema de Irriga\u00e7\u00e3o por Gotejamento, na comunidade Roseli Nunes, em Planaltina. A atividade teve o objetivo de capacitar os extensionistas na montagem de sistemas de irriga\u00e7\u00e3o por gotejamento doados pela Companhia de Desenvolvimento dos Vales do S\u00e3o Francisco e do Parna\u00edba (Codevasf), que possibilitam a irriga\u00e7\u00e3o numa \u00e1rea aproximada de 500 m\u00b2.<\/p>\n<p>A implanta\u00e7\u00e3o dos sistemas ser\u00e1 realizada em propriedades rurais de agricultores de baixa renda atendidos pela Emater e tem previs\u00e3o de ocorrer ainda neste ano. A a\u00e7\u00e3o vai proporcionar a inclus\u00e3o produtiva e permitir a produ\u00e7\u00e3o de alimentos para o consumo das fam\u00edlias rurais, garantindo-lhes a seguran\u00e7a alimentar e nutricional.<\/p>\n<p>A Codevasf fez a doa\u00e7\u00e3o de 300 sistemas de irriga\u00e7\u00e3o por gotejamento para a Emater no final de 2022. Os escrit\u00f3rios locais contemplados ir\u00e3o instalar o equipamento numa propriedade rural que servir\u00e1 como unidade demonstrativa para os produtores que ser\u00e3o beneficiados com o sistema. A defini\u00e7\u00e3o dos benefici\u00e1rios atendeu crit\u00e9rios t\u00e9cnicos e foi feita pelos extensionistas que prestam assist\u00eancia \u00e0s comunidades.<\/p>\n<p>O supervisor Regional Leste da Emater, Fabiano Carvalho, explica que s\u00f3 ser\u00e3o beneficiados os agricultores familiares que t\u00eam Declara\u00e7\u00e3o de Aptid\u00e3o ao Pronaf (DAP) e Cadastro Nacional da Agricultura Familiar (CAF). Al\u00e9m disso, ele esclarece que os produtores n\u00e3o podem ter qualquer sistema de irriga\u00e7\u00e3o localizado, ter acesso a uma quantidade de \u00e1gua que possa abastecer o sistema em um determinado per\u00edodo do ano e uma \u00e1rea dispon\u00edvel para implanta\u00e7\u00e3o do equipamento. \u201cNosso objetivo \u00e9 atender o produtor que ainda n\u00e3o tem irriga\u00e7\u00e3o em sua propriedade e transform\u00e1-la numa unidade modelo e, a partir desse m\u00f3dulo, aumentar o tamanho da sua produ\u00e7\u00e3o\u201d, destaca.<\/p>\n<p>Segundo o coordenador da oficina, Antonio Dantas, os equipamentos s\u00e3o de f\u00e1cil instala\u00e7\u00e3o e uso, podendo ser abastecidos por meio de uma caixa d\u2019\u00e1gua fixada a dois metros de altura, no m\u00ednimo. \u201c\u00c9 importante ressaltar o benef\u00edcio social e econ\u00f4mico para as fam\u00edlias rurais que ser\u00e3o atendidas gratuitamente com os sistemas de irriga\u00e7\u00e3o por gotejamento. Sem \u00e1gua, n\u00e3o h\u00e1 produ\u00e7\u00e3o rural sustent\u00e1vel. Com a capacita\u00e7\u00e3o, nossos extensionistas estar\u00e3o aptos a prestar toda assist\u00eancia t\u00e9cnica para esses produtores poderem ampliar ou iniciar a atividade rural para consumo, e quem sabe, at\u00e9 permitindo-lhes gerar renda com a produ\u00e7\u00e3o excedente\u201d, ressalta Dantas.<\/p>\n","protected":false},"excerpt":{"rendered":"<p>Um grupo de 16 extensionistas da Empresa de Assist\u00eancia T\u00e9cnica e Extens\u00e3o Rural (Emater-DF) promoveu uma oficina de Montagem do Sistema de Irriga\u00e7\u00e3o por Gotejamento, na comunidade Roseli Nunes, em Planaltina. A atividade teve o objetivo de capacitar os extensionistas na montagem de sistemas de irriga\u00e7\u00e3o por gotejamento doados pela Companhia de Desenvolvimento dos Vales [&hellip;]<\/p>\n","protected":false},"author":2,"featured_media":304354,"comment_status":"closed","ping_status":"closed","sticky":false,"template":"","format":"standard","meta":{"_acf_changed":false,"footnotes":""},"categories":[161],"tags":[],"class_list":["post-304353","post","type-post","status-publish","format-standard","has-post-thumbnail","hentry","category-quadradinho-em-foco"],"acf":[],"yoast_head":"<!-- This site is optimized with the Yoast SEO plugin v27.2 - https:\/\/yoast.com\/product\/yoast-seo-wordpress\/ -->\n<title>Campo ganha for\u00e7a para inclus\u00e3o produtiva e seguran\u00e7a alimentar - Notibras<\/title>\n<meta name=\"robots\" content=\"index, follow, max-snippet:-1, max-image-preview:large, max-video-preview:-1\" \/>\n<link rel=\"canonical\" href=\"https:\/\/www.notibras.com\/site\/campo-ganha-forca-para-inclusao-produtiva-e-seguranca-alimentar\/\" \/>\n<meta property=\"og:locale\" content=\"pt_BR\" \/>\n<meta property=\"og:type\" content=\"article\" \/>\n<meta property=\"og:title\" content=\"Campo ganha for\u00e7a para inclus\u00e3o produtiva e seguran\u00e7a alimentar - Notibras\" \/>\n<meta property=\"og:description\" content=\"Um grupo de 16 extensionistas da Empresa de Assist\u00eancia T\u00e9cnica e Extens\u00e3o Rural (Emater-DF) promoveu uma oficina de Montagem do Sistema de Irriga\u00e7\u00e3o por Gotejamento, na comunidade Roseli Nunes, em Planaltina. A atividade teve o objetivo de capacitar os extensionistas na montagem de sistemas de irriga\u00e7\u00e3o por gotejamento doados pela Companhia de Desenvolvimento dos Vales [&hellip;]\" \/>\n<meta property=\"og:url\" content=\"https:\/\/www.notibras.com\/site\/campo-ganha-forca-para-inclusao-produtiva-e-seguranca-alimentar\/\" \/>\n<meta property=\"og:site_name\" content=\"Notibras\" \/>\n<meta property=\"article:publisher\" content=\"https:\/\/www.facebook.com\/notibras\/\" \/>\n<meta property=\"article:published_time\" content=\"2023-05-07T03:00:32+00:00\" \/>\n<meta property=\"article:modified_time\" content=\"2023-05-07T13:04:49+00:00\" \/>\n<meta property=\"og:image\" content=\"https:\/\/www.notibras.com\/site\/wp-content\/uploads\/2023\/05\/foto1-1.jpg\" \/>\n\t<meta property=\"og:image:width\" content=\"750\" \/>\n\t<meta property=\"og:image:height\" content=\"420\" \/>\n\t<meta property=\"og:image:type\" content=\"image\/jpeg\" \/>\n<meta name=\"author\" content=\"Reda\u00e7\u00e3o\" \/>\n<meta name=\"twitter:card\" content=\"summary_large_image\" \/>\n<meta name=\"twitter:creator\" content=\"@Notibras\" \/>\n<meta name=\"twitter:site\" content=\"@Notibras\" \/>\n<meta name=\"twitter:label1\" content=\"Escrito por\" \/>\n\t<meta name=\"twitter:data1\" content=\"Reda\u00e7\u00e3o\" \/>\n\t<meta name=\"twitter:label2\" content=\"Est. tempo de leitura\" \/>\n\t<meta name=\"twitter:data2\" content=\"3 minutos\" \/>\n<script type=\"application\/ld+json\" class=\"yoast-schema-graph\">{\"@context\":\"https:\/\/schema.org\",\"@graph\":[{\"@type\":\"Article\",\"@id\":\"https:\/\/www.notibras.com\/site\/campo-ganha-forca-para-inclusao-produtiva-e-seguranca-alimentar\/#article\",\"isPartOf\":{\"@id\":\"https:\/\/www.notibras.com\/site\/campo-ganha-forca-para-inclusao-produtiva-e-seguranca-alimentar\/\"},\"author\":{\"name\":\"Reda\u00e7\u00e3o\",\"@id\":\"https:\/\/www.notibras.com\/site\/#\/schema\/person\/36ab0979449956132d3e5b517ea76ac8\"},\"headline\":\"Campo ganha for\u00e7a para inclus\u00e3o produtiva e seguran\u00e7a alimentar\",\"datePublished\":\"2023-05-07T03:00:32+00:00\",\"dateModified\":\"2023-05-07T13:04:49+00:00\",\"mainEntityOfPage\":{\"@id\":\"https:\/\/www.notibras.com\/site\/campo-ganha-forca-para-inclusao-produtiva-e-seguranca-alimentar\/\"},\"wordCount\":449,\"publisher\":{\"@id\":\"https:\/\/www.notibras.com\/site\/#organization\"},\"image\":{\"@id\":\"https:\/\/www.notibras.com\/site\/campo-ganha-forca-para-inclusao-produtiva-e-seguranca-alimentar\/#primaryimage\"},\"thumbnailUrl\":\"https:\/\/www.notibras.com\/site\/wp-content\/uploads\/2023\/05\/foto1-1.jpg\",\"articleSection\":[\"Quadradinho em Foco\"],\"inLanguage\":\"pt-BR\"},{\"@type\":\"WebPage\",\"@id\":\"https:\/\/www.notibras.com\/site\/campo-ganha-forca-para-inclusao-produtiva-e-seguranca-alimentar\/\",\"url\":\"https:\/\/www.notibras.com\/site\/campo-ganha-forca-para-inclusao-produtiva-e-seguranca-alimentar\/\",\"name\":\"Campo ganha for\u00e7a para inclus\u00e3o produtiva e seguran\u00e7a alimentar - Notibras\",\"isPartOf\":{\"@id\":\"https:\/\/www.notibras.com\/site\/#website\"},\"primaryImageOfPage\":{\"@id\":\"https:\/\/www.notibras.com\/site\/campo-ganha-forca-para-inclusao-produtiva-e-seguranca-alimentar\/#primaryimage\"},\"image\":{\"@id\":\"https:\/\/www.notibras.com\/site\/campo-ganha-forca-para-inclusao-produtiva-e-seguranca-alimentar\/#primaryimage\"},\"thumbnailUrl\":\"https:\/\/www.notibras.com\/site\/wp-content\/uploads\/2023\/05\/foto1-1.jpg\",\"datePublished\":\"2023-05-07T03:00:32+00:00\",\"dateModified\":\"2023-05-07T13:04:49+00:00\",\"breadcrumb\":{\"@id\":\"https:\/\/www.notibras.com\/site\/campo-ganha-forca-para-inclusao-produtiva-e-seguranca-alimentar\/#breadcrumb\"},\"inLanguage\":\"pt-BR\",\"potentialAction\":[{\"@type\":\"ReadAction\",\"target\":[\"https:\/\/www.notibras.com\/site\/campo-ganha-forca-para-inclusao-produtiva-e-seguranca-alimentar\/\"]}]},{\"@type\":\"ImageObject\",\"inLanguage\":\"pt-BR\",\"@id\":\"https:\/\/www.notibras.com\/site\/campo-ganha-forca-para-inclusao-produtiva-e-seguranca-alimentar\/#primaryimage\",\"url\":\"https:\/\/www.notibras.com\/site\/wp-content\/uploads\/2023\/05\/foto1-1.jpg\",\"contentUrl\":\"https:\/\/www.notibras.com\/site\/wp-content\/uploads\/2023\/05\/foto1-1.jpg\",\"width\":750,\"height\":420},{\"@type\":\"BreadcrumbList\",\"@id\":\"https:\/\/www.notibras.com\/site\/campo-ganha-forca-para-inclusao-produtiva-e-seguranca-alimentar\/#breadcrumb\",\"itemListElement\":[{\"@type\":\"ListItem\",\"position\":1,\"name\":\"In\u00edcio\",\"item\":\"https:\/\/www.notibras.com\/site\/\"},{\"@type\":\"ListItem\",\"position\":2,\"name\":\"Campo ganha for\u00e7a para inclus\u00e3o produtiva e seguran\u00e7a alimentar\"}]},{\"@type\":\"WebSite\",\"@id\":\"https:\/\/www.notibras.com\/site\/#website\",\"url\":\"https:\/\/www.notibras.com\/site\/\",\"name\":\"Notibras\",\"description\":\"Not\u00edcias de Bras\u00edlia, do Brasil e do Mundo\",\"publisher\":{\"@id\":\"https:\/\/www.notibras.com\/site\/#organization\"},\"potentialAction\":[{\"@type\":\"SearchAction\",\"target\":{\"@type\":\"EntryPoint\",\"urlTemplate\":\"https:\/\/www.notibras.com\/site\/?s={search_term_string}\"},\"query-input\":{\"@type\":\"PropertyValueSpecification\",\"valueRequired\":true,\"valueName\":\"search_term_string\"}}],\"inLanguage\":\"pt-BR\"},{\"@type\":\"Organization\",\"@id\":\"https:\/\/www.notibras.com\/site\/#organization\",\"name\":\"Grupo Notibras de Comunica\u00e7\u00e3o\",\"url\":\"https:\/\/www.notibras.com\/site\/\",\"logo\":{\"@type\":\"ImageObject\",\"inLanguage\":\"pt-BR\",\"@id\":\"https:\/\/www.notibras.com\/site\/#\/schema\/logo\/image\/\",\"url\":\"https:\/\/www.notibras.com\/site\/wp-content\/uploads\/2023\/01\/notibras23.png\",\"contentUrl\":\"https:\/\/www.notibras.com\/site\/wp-content\/uploads\/2023\/01\/notibras23.png\",\"width\":350,\"height\":87,\"caption\":\"Grupo Notibras de Comunica\u00e7\u00e3o\"},\"image\":{\"@id\":\"https:\/\/www.notibras.com\/site\/#\/schema\/logo\/image\/\"},\"sameAs\":[\"https:\/\/www.facebook.com\/notibras\/\",\"https:\/\/x.com\/Notibras\",\"https:\/\/www.instagram.com\/notibras\/\"]},{\"@type\":\"Person\",\"@id\":\"https:\/\/www.notibras.com\/site\/#\/schema\/person\/36ab0979449956132d3e5b517ea76ac8\",\"name\":\"Reda\u00e7\u00e3o\",\"image\":{\"@type\":\"ImageObject\",\"inLanguage\":\"pt-BR\",\"@id\":\"https:\/\/secure.gravatar.com\/avatar\/e0a867bdedb85fd243eadf09663511f96fc81e0720a4a42581f334ad4303aa6b?s=96&d=mm&r=g\",\"url\":\"https:\/\/secure.gravatar.com\/avatar\/e0a867bdedb85fd243eadf09663511f96fc81e0720a4a42581f334ad4303aa6b?s=96&d=mm&r=g\",\"contentUrl\":\"https:\/\/secure.gravatar.com\/avatar\/e0a867bdedb85fd243eadf09663511f96fc81e0720a4a42581f334ad4303aa6b?s=96&d=mm&r=g\",\"caption\":\"Reda\u00e7\u00e3o\"}}]}<\/script>\n<!-- \/ Yoast SEO plugin. -->","yoast_head_json":{"title":"Campo ganha for\u00e7a para inclus\u00e3o produtiva e seguran\u00e7a alimentar - Notibras","robots":{"index":"index","follow":"follow","max-snippet":"max-snippet:-1","max-image-preview":"max-image-preview:large","max-video-preview":"max-video-preview:-1"},"canonical":"https:\/\/www.notibras.com\/site\/campo-ganha-forca-para-inclusao-produtiva-e-seguranca-alimentar\/","og_locale":"pt_BR","og_type":"article","og_title":"Campo ganha for\u00e7a para inclus\u00e3o produtiva e seguran\u00e7a alimentar - Notibras","og_description":"Um grupo de 16 extensionistas da Empresa de Assist\u00eancia T\u00e9cnica e Extens\u00e3o Rural (Emater-DF) promoveu uma oficina de Montagem do Sistema de Irriga\u00e7\u00e3o por Gotejamento, na comunidade Roseli Nunes, em Planaltina. A atividade teve o objetivo de capacitar os extensionistas na montagem de sistemas de irriga\u00e7\u00e3o por gotejamento doados pela Companhia de Desenvolvimento dos Vales [&hellip;]","og_url":"https:\/\/www.notibras.com\/site\/campo-ganha-forca-para-inclusao-produtiva-e-seguranca-alimentar\/","og_site_name":"Notibras","article_publisher":"https:\/\/www.facebook.com\/notibras\/","article_published_time":"2023-05-07T03:00:32+00:00","article_modified_time":"2023-05-07T13:04:49+00:00","og_image":[{"width":750,"height":420,"url":"https:\/\/www.notibras.com\/site\/wp-content\/uploads\/2023\/05\/foto1-1.jpg","type":"image\/jpeg"}],"author":"Reda\u00e7\u00e3o","twitter_card":"summary_large_image","twitter_creator":"@Notibras","twitter_site":"@Notibras","twitter_misc":{"Escrito por":"Reda\u00e7\u00e3o","Est. tempo de leitura":"3 minutos"},"schema":{"@context":"https:\/\/schema.org","@graph":[{"@type":"Article","@id":"https:\/\/www.notibras.com\/site\/campo-ganha-forca-para-inclusao-produtiva-e-seguranca-alimentar\/#article","isPartOf":{"@id":"https:\/\/www.notibras.com\/site\/campo-ganha-forca-para-inclusao-produtiva-e-seguranca-alimentar\/"},"author":{"name":"Reda\u00e7\u00e3o","@id":"https:\/\/www.notibras.com\/site\/#\/schema\/person\/36ab0979449956132d3e5b517ea76ac8"},"headline":"Campo ganha for\u00e7a para inclus\u00e3o produtiva e seguran\u00e7a alimentar","datePublished":"2023-05-07T03:00:32+00:00","dateModified":"2023-05-07T13:04:49+00:00","mainEntityOfPage":{"@id":"https:\/\/www.notibras.com\/site\/campo-ganha-forca-para-inclusao-produtiva-e-seguranca-alimentar\/"},"wordCount":449,"publisher":{"@id":"https:\/\/www.notibras.com\/site\/#organization"},"image":{"@id":"https:\/\/www.notibras.com\/site\/campo-ganha-forca-para-inclusao-produtiva-e-seguranca-alimentar\/#primaryimage"},"thumbnailUrl":"https:\/\/www.notibras.com\/site\/wp-content\/uploads\/2023\/05\/foto1-1.jpg","articleSection":["Quadradinho em Foco"],"inLanguage":"pt-BR"},{"@type":"WebPage","@id":"https:\/\/www.notibras.com\/site\/campo-ganha-forca-para-inclusao-produtiva-e-seguranca-alimentar\/","url":"https:\/\/www.notibras.com\/site\/campo-ganha-forca-para-inclusao-produtiva-e-seguranca-alimentar\/","name":"Campo ganha for\u00e7a para inclus\u00e3o produtiva e seguran\u00e7a alimentar - Notibras","isPartOf":{"@id":"https:\/\/www.notibras.com\/site\/#website"},"primaryImageOfPage":{"@id":"https:\/\/www.notibras.com\/site\/campo-ganha-forca-para-inclusao-produtiva-e-seguranca-alimentar\/#primaryimage"},"image":{"@id":"https:\/\/www.notibras.com\/site\/campo-ganha-forca-para-inclusao-produtiva-e-seguranca-alimentar\/#primaryimage"},"thumbnailUrl":"https:\/\/www.notibras.com\/site\/wp-content\/uploads\/2023\/05\/foto1-1.jpg","datePublished":"2023-05-07T03:00:32+00:00","dateModified":"2023-05-07T13:04:49+00:00","breadcrumb":{"@id":"https:\/\/www.notibras.com\/site\/campo-ganha-forca-para-inclusao-produtiva-e-seguranca-alimentar\/#breadcrumb"},"inLanguage":"pt-BR","potentialAction":[{"@type":"ReadAction","target":["https:\/\/www.notibras.com\/site\/campo-ganha-forca-para-inclusao-produtiva-e-seguranca-alimentar\/"]}]},{"@type":"ImageObject","inLanguage":"pt-BR","@id":"https:\/\/www.notibras.com\/site\/campo-ganha-forca-para-inclusao-produtiva-e-seguranca-alimentar\/#primaryimage","url":"https:\/\/www.notibras.com\/site\/wp-content\/uploads\/2023\/05\/foto1-1.jpg","contentUrl":"https:\/\/www.notibras.com\/site\/wp-content\/uploads\/2023\/05\/foto1-1.jpg","width":750,"height":420},{"@type":"BreadcrumbList","@id":"https:\/\/www.notibras.com\/site\/campo-ganha-forca-para-inclusao-produtiva-e-seguranca-alimentar\/#breadcrumb","itemListElement":[{"@type":"ListItem","position":1,"name":"In\u00edcio","item":"https:\/\/www.notibras.com\/site\/"},{"@type":"ListItem","position":2,"name":"Campo ganha for\u00e7a para inclus\u00e3o produtiva e seguran\u00e7a alimentar"}]},{"@type":"WebSite","@id":"https:\/\/www.notibras.com\/site\/#website","url":"https:\/\/www.notibras.com\/site\/","name":"Notibras","description":"Not\u00edcias de Bras\u00edlia, do Brasil e do Mundo","publisher":{"@id":"https:\/\/www.notibras.com\/site\/#organization"},"potentialAction":[{"@type":"SearchAction","target":{"@type":"EntryPoint","urlTemplate":"https:\/\/www.notibras.com\/site\/?s={search_term_string}"},"query-input":{"@type":"PropertyValueSpecification","valueRequired":true,"valueName":"search_term_string"}}],"inLanguage":"pt-BR"},{"@type":"Organization","@id":"https:\/\/www.notibras.com\/site\/#organization","name":"Grupo Notibras de Comunica\u00e7\u00e3o","url":"https:\/\/www.notibras.com\/site\/","logo":{"@type":"ImageObject","inLanguage":"pt-BR","@id":"https:\/\/www.notibras.com\/site\/#\/schema\/logo\/image\/","url":"https:\/\/www.notibras.com\/site\/wp-content\/uploads\/2023\/01\/notibras23.png","contentUrl":"https:\/\/www.notibras.com\/site\/wp-content\/uploads\/2023\/01\/notibras23.png","width":350,"height":87,"caption":"Grupo Notibras de Comunica\u00e7\u00e3o"},"image":{"@id":"https:\/\/www.notibras.com\/site\/#\/schema\/logo\/image\/"},"sameAs":["https:\/\/www.facebook.com\/notibras\/","https:\/\/x.com\/Notibras","https:\/\/www.instagram.com\/notibras\/"]},{"@type":"Person","@id":"https:\/\/www.notibras.com\/site\/#\/schema\/person\/36ab0979449956132d3e5b517ea76ac8","name":"Reda\u00e7\u00e3o","image":{"@type":"ImageObject","inLanguage":"pt-BR","@id":"https:\/\/secure.gravatar.com\/avatar\/e0a867bdedb85fd243eadf09663511f96fc81e0720a4a42581f334ad4303aa6b?s=96&d=mm&r=g","url":"https:\/\/secure.gravatar.com\/avatar\/e0a867bdedb85fd243eadf09663511f96fc81e0720a4a42581f334ad4303aa6b?s=96&d=mm&r=g","contentUrl":"https:\/\/secure.gravatar.com\/avatar\/e0a867bdedb85fd243eadf09663511f96fc81e0720a4a42581f334ad4303aa6b?s=96&d=mm&r=g","caption":"Reda\u00e7\u00e3o"}}]}},"amp_enabled":true,"_links":{"self":[{"href":"https:\/\/www.notibras.com\/site\/wp-json\/wp\/v2\/posts\/304353","targetHints":{"allow":["GET"]}}],"collection":[{"href":"https:\/\/www.notibras.com\/site\/wp-json\/wp\/v2\/posts"}],"about":[{"href":"https:\/\/www.notibras.com\/site\/wp-json\/wp\/v2\/types\/post"}],"author":[{"embeddable":true,"href":"https:\/\/www.notibras.com\/site\/wp-json\/wp\/v2\/users\/2"}],"replies":[{"embeddable":true,"href":"https:\/\/www.notibras.com\/site\/wp-json\/wp\/v2\/comments?post=304353"}],"version-history":[{"count":1,"href":"https:\/\/www.notibras.com\/site\/wp-json\/wp\/v2\/posts\/304353\/revisions"}],"predecessor-version":[{"id":304355,"href":"https:\/\/www.notibras.com\/site\/wp-json\/wp\/v2\/posts\/304353\/revisions\/304355"}],"wp:featuredmedia":[{"embeddable":true,"href":"https:\/\/www.notibras.com\/site\/wp-json\/wp\/v2\/media\/304354"}],"wp:attachment":[{"href":"https:\/\/www.notibras.com\/site\/wp-json\/wp\/v2\/media?parent=304353"}],"wp:term":[{"taxonomy":"category","embeddable":true,"href":"https:\/\/www.notibras.com\/site\/wp-json\/wp\/v2\/categories?post=304353"},{"taxonomy":"post_tag","embeddable":true,"href":"https:\/\/www.notibras.com\/site\/wp-json\/wp\/v2\/tags?post=304353"}],"curies":[{"name":"wp","href":"https:\/\/api.w.org\/{rel}","templated":true}]}}