{"id":304356,"date":"2023-05-07T12:17:58","date_gmt":"2023-05-07T15:17:58","guid":{"rendered":"https:\/\/www.notibras.com\/site\/?p=304356"},"modified":"2023-05-07T12:17:58","modified_gmt":"2023-05-07T15:17:58","slug":"essa-moca-tao-diferente-que-reinventou-o-som","status":"publish","type":"post","link":"https:\/\/www.notibras.com\/site\/essa-moca-tao-diferente-que-reinventou-o-som\/","title":{"rendered":"&#8216;Essa mo\u00e7a t\u00e3o diferente que reinventou o som&#8217;"},"content":{"rendered":"<p>N\u00e3o h\u00e1 como negar que a Elza Soares nos incomoda! Ela tem aquela mania de atacar justamente os nossos preconceitos mais arraigados, aqueles mesmos que cismamos em gritar aos quatro cantos que n\u00e3o os possu\u00edmos. E essa mulher sempre foi assim, como se sentisse prazer em nos desconcertar.<\/p>\n<p>Queremos nos libertar quando a vemos. Queremos soltar a nossa voz, quando apreciamos sua arte. Apesar disso, ela nos incomoda! Ah, como podemos dar espa\u00e7o para uma mulher daquelas? Mulher preta! Ser\u00e1 que ela n\u00e3o sabe o seu lugar?<\/p>\n<p>A Elza j\u00e1 era para ter sido eliminada da nossa mem\u00f3ria h\u00e1 tempos! Mas l\u00e1 est\u00e1 ela, com aquele olhar que nos persegue, que n\u00e3o nos deixa escapar. Somos presas f\u00e1ceis, pois nos encantamos como Garrinchas que somos, hipnotizados por essa voz rascante, que nos rasga por completo.<\/p>\n<p>L\u00e1 estamos n\u00f3s, diante dessa preta favelada! Queremos nos libertar das amarras dessa sociedade hip\u00f3crita, que tenta empurrar nossos olhos para alguma recatada. Todavia, desejamos dar vaz\u00e3o ao que sentimos l\u00e1 no fundo e, por isso, buscamos sempre essa tal Elza Soares, mulher despojada de vergonhas, num pa\u00eds repleto de desejos reprimidos.<\/p>\n<p>Elza, t\u00e3o calejada das pauladas da vida, n\u00e3o se intimida com nada. Que venham brucutus em grupo! Ali\u00e1s, ela bem sabe que esses tipos s\u00f3 s\u00e3o o que s\u00e3o quando est\u00e3o juntos. Elza ri de todos eles, pois, para quem j\u00e1 enfrentou bala de canh\u00e3o, isso \u00e9 como mais um passeio na pra\u00e7a ou na esquina. Qualquer esquina! Ela conhece todas!<\/p>\n<p>N\u00e3o h\u00e1 como negar que a mat\u00e9ria pereceu, como foi noticiado para o mundo no dia 20 de janeiro de 2022. No entanto, a imensur\u00e1vel contribui\u00e7\u00e3o dessa tal Elza permanecer\u00e1 por aqui por gera\u00e7\u00f5es e gera\u00e7\u00f5es, que, caso sejam s\u00e1bias, beber\u00e3o dessa fonte inesgot\u00e1vel de teimosia. Teimosia de viver, pois a Elza Soares nada mais \u00e9 que a pr\u00f3pria teimosia, a mais pura teimosia de persist\u00eancia em continuar viva, apesar das infrut\u00edferas tentativas de apagar essa luz, que emana da sua voz: Rrrrrrrrrrrrrrrrr!!!<\/p>\n","protected":false},"excerpt":{"rendered":"<p>N\u00e3o h\u00e1 como negar que a Elza Soares nos incomoda! Ela tem aquela mania de atacar justamente os nossos preconceitos mais arraigados, aqueles mesmos que cismamos em gritar aos quatro cantos que n\u00e3o os possu\u00edmos. E essa mulher sempre foi assim, como se sentisse prazer em nos desconcertar. Queremos nos libertar quando a vemos. Queremos [&hellip;]<\/p>\n","protected":false},"author":2,"featured_media":304357,"comment_status":"closed","ping_status":"closed","sticky":false,"template":"","format":"standard","meta":{"_acf_changed":false,"footnotes":""},"categories":[161],"tags":[],"class_list":["post-304356","post","type-post","status-publish","format-standard","has-post-thumbnail","hentry","category-quadradinho-em-foco"],"acf":[],"yoast_head":"<!-- This site is optimized with the Yoast SEO plugin v27.2 - https:\/\/yoast.com\/product\/yoast-seo-wordpress\/ -->\n<title>&#039;Essa mo\u00e7a t\u00e3o diferente que reinventou o som&#039; - Notibras<\/title>\n<meta name=\"robots\" content=\"index, follow, max-snippet:-1, max-image-preview:large, max-video-preview:-1\" \/>\n<link rel=\"canonical\" href=\"https:\/\/www.notibras.com\/site\/essa-moca-tao-diferente-que-reinventou-o-som\/\" \/>\n<meta property=\"og:locale\" content=\"pt_BR\" \/>\n<meta property=\"og:type\" content=\"article\" \/>\n<meta property=\"og:title\" content=\"&#039;Essa mo\u00e7a t\u00e3o diferente que reinventou o som&#039; - Notibras\" \/>\n<meta property=\"og:description\" content=\"N\u00e3o h\u00e1 como negar que a Elza Soares nos incomoda! Ela tem aquela mania de atacar justamente os nossos preconceitos mais arraigados, aqueles mesmos que cismamos em gritar aos quatro cantos que n\u00e3o os possu\u00edmos. E essa mulher sempre foi assim, como se sentisse prazer em nos desconcertar. Queremos nos libertar quando a vemos. Queremos [&hellip;]\" \/>\n<meta property=\"og:url\" content=\"https:\/\/www.notibras.com\/site\/essa-moca-tao-diferente-que-reinventou-o-som\/\" \/>\n<meta property=\"og:site_name\" content=\"Notibras\" \/>\n<meta property=\"article:publisher\" content=\"https:\/\/www.facebook.com\/notibras\/\" \/>\n<meta property=\"article:published_time\" content=\"2023-05-07T15:17:58+00:00\" \/>\n<meta property=\"og:image\" content=\"https:\/\/www.notibras.com\/site\/wp-content\/uploads\/2023\/05\/180515093620.JPG-696x464-1.jpg\" \/>\n\t<meta property=\"og:image:width\" content=\"696\" \/>\n\t<meta property=\"og:image:height\" content=\"464\" \/>\n\t<meta property=\"og:image:type\" content=\"image\/jpeg\" \/>\n<meta name=\"author\" content=\"Reda\u00e7\u00e3o\" \/>\n<meta name=\"twitter:card\" content=\"summary_large_image\" \/>\n<meta name=\"twitter:creator\" content=\"@Notibras\" \/>\n<meta name=\"twitter:site\" content=\"@Notibras\" \/>\n<meta name=\"twitter:label1\" content=\"Escrito por\" \/>\n\t<meta name=\"twitter:data1\" content=\"Reda\u00e7\u00e3o\" \/>\n\t<meta name=\"twitter:label2\" content=\"Est. tempo de leitura\" \/>\n\t<meta name=\"twitter:data2\" content=\"2 minutos\" \/>\n<script type=\"application\/ld+json\" class=\"yoast-schema-graph\">{\"@context\":\"https:\/\/schema.org\",\"@graph\":[{\"@type\":\"Article\",\"@id\":\"https:\/\/www.notibras.com\/site\/essa-moca-tao-diferente-que-reinventou-o-som\/#article\",\"isPartOf\":{\"@id\":\"https:\/\/www.notibras.com\/site\/essa-moca-tao-diferente-que-reinventou-o-som\/\"},\"author\":{\"name\":\"Reda\u00e7\u00e3o\",\"@id\":\"https:\/\/www.notibras.com\/site\/#\/schema\/person\/36ab0979449956132d3e5b517ea76ac8\"},\"headline\":\"&#8216;Essa mo\u00e7a t\u00e3o diferente que reinventou o som&#8217;\",\"datePublished\":\"2023-05-07T15:17:58+00:00\",\"mainEntityOfPage\":{\"@id\":\"https:\/\/www.notibras.com\/site\/essa-moca-tao-diferente-que-reinventou-o-som\/\"},\"wordCount\":369,\"publisher\":{\"@id\":\"https:\/\/www.notibras.com\/site\/#organization\"},\"image\":{\"@id\":\"https:\/\/www.notibras.com\/site\/essa-moca-tao-diferente-que-reinventou-o-som\/#primaryimage\"},\"thumbnailUrl\":\"https:\/\/www.notibras.com\/site\/wp-content\/uploads\/2023\/05\/180515093620.JPG-696x464-1.jpg\",\"articleSection\":[\"Quadradinho em Foco\"],\"inLanguage\":\"pt-BR\"},{\"@type\":\"WebPage\",\"@id\":\"https:\/\/www.notibras.com\/site\/essa-moca-tao-diferente-que-reinventou-o-som\/\",\"url\":\"https:\/\/www.notibras.com\/site\/essa-moca-tao-diferente-que-reinventou-o-som\/\",\"name\":\"'Essa mo\u00e7a t\u00e3o diferente que reinventou o som' - Notibras\",\"isPartOf\":{\"@id\":\"https:\/\/www.notibras.com\/site\/#website\"},\"primaryImageOfPage\":{\"@id\":\"https:\/\/www.notibras.com\/site\/essa-moca-tao-diferente-que-reinventou-o-som\/#primaryimage\"},\"image\":{\"@id\":\"https:\/\/www.notibras.com\/site\/essa-moca-tao-diferente-que-reinventou-o-som\/#primaryimage\"},\"thumbnailUrl\":\"https:\/\/www.notibras.com\/site\/wp-content\/uploads\/2023\/05\/180515093620.JPG-696x464-1.jpg\",\"datePublished\":\"2023-05-07T15:17:58+00:00\",\"breadcrumb\":{\"@id\":\"https:\/\/www.notibras.com\/site\/essa-moca-tao-diferente-que-reinventou-o-som\/#breadcrumb\"},\"inLanguage\":\"pt-BR\",\"potentialAction\":[{\"@type\":\"ReadAction\",\"target\":[\"https:\/\/www.notibras.com\/site\/essa-moca-tao-diferente-que-reinventou-o-som\/\"]}]},{\"@type\":\"ImageObject\",\"inLanguage\":\"pt-BR\",\"@id\":\"https:\/\/www.notibras.com\/site\/essa-moca-tao-diferente-que-reinventou-o-som\/#primaryimage\",\"url\":\"https:\/\/www.notibras.com\/site\/wp-content\/uploads\/2023\/05\/180515093620.JPG-696x464-1.jpg\",\"contentUrl\":\"https:\/\/www.notibras.com\/site\/wp-content\/uploads\/2023\/05\/180515093620.JPG-696x464-1.jpg\",\"width\":696,\"height\":464},{\"@type\":\"BreadcrumbList\",\"@id\":\"https:\/\/www.notibras.com\/site\/essa-moca-tao-diferente-que-reinventou-o-som\/#breadcrumb\",\"itemListElement\":[{\"@type\":\"ListItem\",\"position\":1,\"name\":\"In\u00edcio\",\"item\":\"https:\/\/www.notibras.com\/site\/\"},{\"@type\":\"ListItem\",\"position\":2,\"name\":\"&#8216;Essa mo\u00e7a t\u00e3o diferente que reinventou o som&#8217;\"}]},{\"@type\":\"WebSite\",\"@id\":\"https:\/\/www.notibras.com\/site\/#website\",\"url\":\"https:\/\/www.notibras.com\/site\/\",\"name\":\"Notibras\",\"description\":\"Not\u00edcias de Bras\u00edlia, do Brasil e do Mundo\",\"publisher\":{\"@id\":\"https:\/\/www.notibras.com\/site\/#organization\"},\"potentialAction\":[{\"@type\":\"SearchAction\",\"target\":{\"@type\":\"EntryPoint\",\"urlTemplate\":\"https:\/\/www.notibras.com\/site\/?s={search_term_string}\"},\"query-input\":{\"@type\":\"PropertyValueSpecification\",\"valueRequired\":true,\"valueName\":\"search_term_string\"}}],\"inLanguage\":\"pt-BR\"},{\"@type\":\"Organization\",\"@id\":\"https:\/\/www.notibras.com\/site\/#organization\",\"name\":\"Grupo Notibras de Comunica\u00e7\u00e3o\",\"url\":\"https:\/\/www.notibras.com\/site\/\",\"logo\":{\"@type\":\"ImageObject\",\"inLanguage\":\"pt-BR\",\"@id\":\"https:\/\/www.notibras.com\/site\/#\/schema\/logo\/image\/\",\"url\":\"https:\/\/www.notibras.com\/site\/wp-content\/uploads\/2023\/01\/notibras23.png\",\"contentUrl\":\"https:\/\/www.notibras.com\/site\/wp-content\/uploads\/2023\/01\/notibras23.png\",\"width\":350,\"height\":87,\"caption\":\"Grupo Notibras de Comunica\u00e7\u00e3o\"},\"image\":{\"@id\":\"https:\/\/www.notibras.com\/site\/#\/schema\/logo\/image\/\"},\"sameAs\":[\"https:\/\/www.facebook.com\/notibras\/\",\"https:\/\/x.com\/Notibras\",\"https:\/\/www.instagram.com\/notibras\/\"]},{\"@type\":\"Person\",\"@id\":\"https:\/\/www.notibras.com\/site\/#\/schema\/person\/36ab0979449956132d3e5b517ea76ac8\",\"name\":\"Reda\u00e7\u00e3o\",\"image\":{\"@type\":\"ImageObject\",\"inLanguage\":\"pt-BR\",\"@id\":\"https:\/\/secure.gravatar.com\/avatar\/e0a867bdedb85fd243eadf09663511f96fc81e0720a4a42581f334ad4303aa6b?s=96&d=mm&r=g\",\"url\":\"https:\/\/secure.gravatar.com\/avatar\/e0a867bdedb85fd243eadf09663511f96fc81e0720a4a42581f334ad4303aa6b?s=96&d=mm&r=g\",\"contentUrl\":\"https:\/\/secure.gravatar.com\/avatar\/e0a867bdedb85fd243eadf09663511f96fc81e0720a4a42581f334ad4303aa6b?s=96&d=mm&r=g\",\"caption\":\"Reda\u00e7\u00e3o\"}}]}<\/script>\n<!-- \/ Yoast SEO plugin. -->","yoast_head_json":{"title":"'Essa mo\u00e7a t\u00e3o diferente que reinventou o som' - Notibras","robots":{"index":"index","follow":"follow","max-snippet":"max-snippet:-1","max-image-preview":"max-image-preview:large","max-video-preview":"max-video-preview:-1"},"canonical":"https:\/\/www.notibras.com\/site\/essa-moca-tao-diferente-que-reinventou-o-som\/","og_locale":"pt_BR","og_type":"article","og_title":"'Essa mo\u00e7a t\u00e3o diferente que reinventou o som' - Notibras","og_description":"N\u00e3o h\u00e1 como negar que a Elza Soares nos incomoda! Ela tem aquela mania de atacar justamente os nossos preconceitos mais arraigados, aqueles mesmos que cismamos em gritar aos quatro cantos que n\u00e3o os possu\u00edmos. E essa mulher sempre foi assim, como se sentisse prazer em nos desconcertar. Queremos nos libertar quando a vemos. Queremos [&hellip;]","og_url":"https:\/\/www.notibras.com\/site\/essa-moca-tao-diferente-que-reinventou-o-som\/","og_site_name":"Notibras","article_publisher":"https:\/\/www.facebook.com\/notibras\/","article_published_time":"2023-05-07T15:17:58+00:00","og_image":[{"width":696,"height":464,"url":"https:\/\/www.notibras.com\/site\/wp-content\/uploads\/2023\/05\/180515093620.JPG-696x464-1.jpg","type":"image\/jpeg"}],"author":"Reda\u00e7\u00e3o","twitter_card":"summary_large_image","twitter_creator":"@Notibras","twitter_site":"@Notibras","twitter_misc":{"Escrito por":"Reda\u00e7\u00e3o","Est. tempo de leitura":"2 minutos"},"schema":{"@context":"https:\/\/schema.org","@graph":[{"@type":"Article","@id":"https:\/\/www.notibras.com\/site\/essa-moca-tao-diferente-que-reinventou-o-som\/#article","isPartOf":{"@id":"https:\/\/www.notibras.com\/site\/essa-moca-tao-diferente-que-reinventou-o-som\/"},"author":{"name":"Reda\u00e7\u00e3o","@id":"https:\/\/www.notibras.com\/site\/#\/schema\/person\/36ab0979449956132d3e5b517ea76ac8"},"headline":"&#8216;Essa mo\u00e7a t\u00e3o diferente que reinventou o som&#8217;","datePublished":"2023-05-07T15:17:58+00:00","mainEntityOfPage":{"@id":"https:\/\/www.notibras.com\/site\/essa-moca-tao-diferente-que-reinventou-o-som\/"},"wordCount":369,"publisher":{"@id":"https:\/\/www.notibras.com\/site\/#organization"},"image":{"@id":"https:\/\/www.notibras.com\/site\/essa-moca-tao-diferente-que-reinventou-o-som\/#primaryimage"},"thumbnailUrl":"https:\/\/www.notibras.com\/site\/wp-content\/uploads\/2023\/05\/180515093620.JPG-696x464-1.jpg","articleSection":["Quadradinho em Foco"],"inLanguage":"pt-BR"},{"@type":"WebPage","@id":"https:\/\/www.notibras.com\/site\/essa-moca-tao-diferente-que-reinventou-o-som\/","url":"https:\/\/www.notibras.com\/site\/essa-moca-tao-diferente-que-reinventou-o-som\/","name":"'Essa mo\u00e7a t\u00e3o diferente que reinventou o som' - Notibras","isPartOf":{"@id":"https:\/\/www.notibras.com\/site\/#website"},"primaryImageOfPage":{"@id":"https:\/\/www.notibras.com\/site\/essa-moca-tao-diferente-que-reinventou-o-som\/#primaryimage"},"image":{"@id":"https:\/\/www.notibras.com\/site\/essa-moca-tao-diferente-que-reinventou-o-som\/#primaryimage"},"thumbnailUrl":"https:\/\/www.notibras.com\/site\/wp-content\/uploads\/2023\/05\/180515093620.JPG-696x464-1.jpg","datePublished":"2023-05-07T15:17:58+00:00","breadcrumb":{"@id":"https:\/\/www.notibras.com\/site\/essa-moca-tao-diferente-que-reinventou-o-som\/#breadcrumb"},"inLanguage":"pt-BR","potentialAction":[{"@type":"ReadAction","target":["https:\/\/www.notibras.com\/site\/essa-moca-tao-diferente-que-reinventou-o-som\/"]}]},{"@type":"ImageObject","inLanguage":"pt-BR","@id":"https:\/\/www.notibras.com\/site\/essa-moca-tao-diferente-que-reinventou-o-som\/#primaryimage","url":"https:\/\/www.notibras.com\/site\/wp-content\/uploads\/2023\/05\/180515093620.JPG-696x464-1.jpg","contentUrl":"https:\/\/www.notibras.com\/site\/wp-content\/uploads\/2023\/05\/180515093620.JPG-696x464-1.jpg","width":696,"height":464},{"@type":"BreadcrumbList","@id":"https:\/\/www.notibras.com\/site\/essa-moca-tao-diferente-que-reinventou-o-som\/#breadcrumb","itemListElement":[{"@type":"ListItem","position":1,"name":"In\u00edcio","item":"https:\/\/www.notibras.com\/site\/"},{"@type":"ListItem","position":2,"name":"&#8216;Essa mo\u00e7a t\u00e3o diferente que reinventou o som&#8217;"}]},{"@type":"WebSite","@id":"https:\/\/www.notibras.com\/site\/#website","url":"https:\/\/www.notibras.com\/site\/","name":"Notibras","description":"Not\u00edcias de Bras\u00edlia, do Brasil e do Mundo","publisher":{"@id":"https:\/\/www.notibras.com\/site\/#organization"},"potentialAction":[{"@type":"SearchAction","target":{"@type":"EntryPoint","urlTemplate":"https:\/\/www.notibras.com\/site\/?s={search_term_string}"},"query-input":{"@type":"PropertyValueSpecification","valueRequired":true,"valueName":"search_term_string"}}],"inLanguage":"pt-BR"},{"@type":"Organization","@id":"https:\/\/www.notibras.com\/site\/#organization","name":"Grupo Notibras de Comunica\u00e7\u00e3o","url":"https:\/\/www.notibras.com\/site\/","logo":{"@type":"ImageObject","inLanguage":"pt-BR","@id":"https:\/\/www.notibras.com\/site\/#\/schema\/logo\/image\/","url":"https:\/\/www.notibras.com\/site\/wp-content\/uploads\/2023\/01\/notibras23.png","contentUrl":"https:\/\/www.notibras.com\/site\/wp-content\/uploads\/2023\/01\/notibras23.png","width":350,"height":87,"caption":"Grupo Notibras de Comunica\u00e7\u00e3o"},"image":{"@id":"https:\/\/www.notibras.com\/site\/#\/schema\/logo\/image\/"},"sameAs":["https:\/\/www.facebook.com\/notibras\/","https:\/\/x.com\/Notibras","https:\/\/www.instagram.com\/notibras\/"]},{"@type":"Person","@id":"https:\/\/www.notibras.com\/site\/#\/schema\/person\/36ab0979449956132d3e5b517ea76ac8","name":"Reda\u00e7\u00e3o","image":{"@type":"ImageObject","inLanguage":"pt-BR","@id":"https:\/\/secure.gravatar.com\/avatar\/e0a867bdedb85fd243eadf09663511f96fc81e0720a4a42581f334ad4303aa6b?s=96&d=mm&r=g","url":"https:\/\/secure.gravatar.com\/avatar\/e0a867bdedb85fd243eadf09663511f96fc81e0720a4a42581f334ad4303aa6b?s=96&d=mm&r=g","contentUrl":"https:\/\/secure.gravatar.com\/avatar\/e0a867bdedb85fd243eadf09663511f96fc81e0720a4a42581f334ad4303aa6b?s=96&d=mm&r=g","caption":"Reda\u00e7\u00e3o"}}]}},"amp_enabled":true,"_links":{"self":[{"href":"https:\/\/www.notibras.com\/site\/wp-json\/wp\/v2\/posts\/304356","targetHints":{"allow":["GET"]}}],"collection":[{"href":"https:\/\/www.notibras.com\/site\/wp-json\/wp\/v2\/posts"}],"about":[{"href":"https:\/\/www.notibras.com\/site\/wp-json\/wp\/v2\/types\/post"}],"author":[{"embeddable":true,"href":"https:\/\/www.notibras.com\/site\/wp-json\/wp\/v2\/users\/2"}],"replies":[{"embeddable":true,"href":"https:\/\/www.notibras.com\/site\/wp-json\/wp\/v2\/comments?post=304356"}],"version-history":[{"count":1,"href":"https:\/\/www.notibras.com\/site\/wp-json\/wp\/v2\/posts\/304356\/revisions"}],"predecessor-version":[{"id":304358,"href":"https:\/\/www.notibras.com\/site\/wp-json\/wp\/v2\/posts\/304356\/revisions\/304358"}],"wp:featuredmedia":[{"embeddable":true,"href":"https:\/\/www.notibras.com\/site\/wp-json\/wp\/v2\/media\/304357"}],"wp:attachment":[{"href":"https:\/\/www.notibras.com\/site\/wp-json\/wp\/v2\/media?parent=304356"}],"wp:term":[{"taxonomy":"category","embeddable":true,"href":"https:\/\/www.notibras.com\/site\/wp-json\/wp\/v2\/categories?post=304356"},{"taxonomy":"post_tag","embeddable":true,"href":"https:\/\/www.notibras.com\/site\/wp-json\/wp\/v2\/tags?post=304356"}],"curies":[{"name":"wp","href":"https:\/\/api.w.org\/{rel}","templated":true}]}}