{"id":304359,"date":"2023-05-07T12:01:11","date_gmt":"2023-05-07T15:01:11","guid":{"rendered":"https:\/\/www.notibras.com\/site\/?p=304359"},"modified":"2023-05-07T12:23:32","modified_gmt":"2023-05-07T15:23:32","slug":"jovens-com-15-anos-ja-podem-tirar-titulo-de-eleitor","status":"publish","type":"post","link":"https:\/\/www.notibras.com\/site\/jovens-com-15-anos-ja-podem-tirar-titulo-de-eleitor\/","title":{"rendered":"Jovens com 15 anos j\u00e1 podem tirar t\u00edtulo de eleitor"},"content":{"rendered":"<p>Desde 2021, o Tribunal Superior Eleitoral (TSE) permite que jovens que completaram 15 anos emitam o t\u00edtulo de eleitor, mesmo que s\u00f3 possam votar, efetivamente, quando completarem 16 anos de idade.<\/p>\n<p>Segundo o cap\u00edtulo IV da Constitui\u00e7\u00e3o Federal, o alistamento eleitoral e o voto s\u00e3o facultativos para jovens de 16 e 17 anos, mas s\u00e3o obrigat\u00f3rios a partir dos 18 anos.<\/p>\n<p>A solicita\u00e7\u00e3o do primeiro t\u00edtulo eleitoral pode ser feita pela internet, pelo Autoatendimento do Eleitor, no sistema on-line T\u00edtuloNet. Ao acessar o sistema, o jovem deve selecionar a op\u00e7\u00e3o &#8216;n\u00e3o tenho&#8217;, na aba &#8216;T\u00edtulo de eleitor&#8217; e preencher todos os campos indicados com dados pessoais, como nome completo, e-mail, n\u00famero do Registro Geral (RG) e local de nascimento.<\/p>\n<p>Al\u00e9m dessas informa\u00e7\u00f5es, \u00e9 preciso anexar fotografias ao requerimento para comprova\u00e7\u00e3o da identidade. Por fim, \u00e9 necess\u00e1rio juntar um comprovante de resid\u00eancia. Homens at\u00e9 18 anos est\u00e3o dispensados de enviar o comprovante de quita\u00e7\u00e3o com o servi\u00e7o militar. Contudo, torna-se obrigat\u00f3rio para eleitores do sexo masculino, a partir dos 18 anos.<\/p>\n<p>H\u00e1, ainda, a op\u00e7\u00e3o de ir ao cart\u00f3rio eleitoral do munic\u00edpio. O Alistamento Eleitoral deve ser feito at\u00e9 a data de fechamento do cadastro, que ocorre sempre no m\u00eas de maio do ano em que houver elei\u00e7\u00e3o. A pr\u00f3xima elei\u00e7\u00e3o no Brasil ser\u00e1 em 2024 para eleger prefeitos e vereadores de mais de 5.550 munic\u00edpios.<\/p>\n<p>A secret\u00e1ria da Corregedoria-Geral Eleitoral, respons\u00e1vel pela fiscaliza\u00e7\u00e3o da regularidade dos servi\u00e7os eleitorais em todo o pa\u00eds, Roberta Gresta v\u00ea vantagem no alistamento eleitoral no per\u00edodo facultativo:<\/p>\n<p>\u201cA realiza\u00e7\u00e3o do alistamento da pessoa aos 15 anos estimula o jovem, pois, ao completar 16, j\u00e1 estar\u00e1 apto a votar, tornando-se efetivamente pertencente \u00e0 comunidade pol\u00edtica brasileira e respons\u00e1vel pelo fortalecimento da democracia\u201d.<\/p>\n<p>O pedido de emiss\u00e3o do documento pode ser acompanhado pela internet. Para isso, basta clicar na guia &#8216;Acompanhar Requerimento&#8217;, no site do TSE, e informar o n\u00famero do protocolo gerado na primeira fase do atendimento.<\/p>\n<p>Caso n\u00e3o haja pend\u00eancias, ap\u00f3s o processamento dos dados, o jovem futuro eleitor pode baixar o aplicativo e-T\u00edtulo no celular e, assim, utilizar a vers\u00e3o digital do documento, dispensando o t\u00edtulo em papel, inclusive em futuras vota\u00e7\u00f5es, dentro da se\u00e7\u00e3o eleitoral do eleitor.<\/p>\n","protected":false},"excerpt":{"rendered":"<p>Desde 2021, o Tribunal Superior Eleitoral (TSE) permite que jovens que completaram 15 anos emitam o t\u00edtulo de eleitor, mesmo que s\u00f3 possam votar, efetivamente, quando completarem 16 anos de idade. Segundo o cap\u00edtulo IV da Constitui\u00e7\u00e3o Federal, o alistamento eleitoral e o voto s\u00e3o facultativos para jovens de 16 e 17 anos, mas s\u00e3o [&hellip;]<\/p>\n","protected":false},"author":2,"featured_media":304360,"comment_status":"closed","ping_status":"closed","sticky":false,"template":"","format":"standard","meta":{"_acf_changed":false,"footnotes":""},"categories":[161],"tags":[],"class_list":["post-304359","post","type-post","status-publish","format-standard","has-post-thumbnail","hentry","category-quadradinho-em-foco"],"acf":[],"yoast_head":"<!-- This site is optimized with the Yoast SEO plugin v27.2 - https:\/\/yoast.com\/product\/yoast-seo-wordpress\/ -->\n<title>Jovens com 15 anos j\u00e1 podem tirar t\u00edtulo de eleitor - Notibras<\/title>\n<meta name=\"robots\" content=\"index, follow, max-snippet:-1, max-image-preview:large, max-video-preview:-1\" \/>\n<link rel=\"canonical\" href=\"https:\/\/www.notibras.com\/site\/jovens-com-15-anos-ja-podem-tirar-titulo-de-eleitor\/\" \/>\n<meta property=\"og:locale\" content=\"pt_BR\" \/>\n<meta property=\"og:type\" content=\"article\" \/>\n<meta property=\"og:title\" content=\"Jovens com 15 anos j\u00e1 podem tirar t\u00edtulo de eleitor - Notibras\" \/>\n<meta property=\"og:description\" content=\"Desde 2021, o Tribunal Superior Eleitoral (TSE) permite que jovens que completaram 15 anos emitam o t\u00edtulo de eleitor, mesmo que s\u00f3 possam votar, efetivamente, quando completarem 16 anos de idade. Segundo o cap\u00edtulo IV da Constitui\u00e7\u00e3o Federal, o alistamento eleitoral e o voto s\u00e3o facultativos para jovens de 16 e 17 anos, mas s\u00e3o [&hellip;]\" \/>\n<meta property=\"og:url\" content=\"https:\/\/www.notibras.com\/site\/jovens-com-15-anos-ja-podem-tirar-titulo-de-eleitor\/\" \/>\n<meta property=\"og:site_name\" content=\"Notibras\" \/>\n<meta property=\"article:publisher\" content=\"https:\/\/www.facebook.com\/notibras\/\" \/>\n<meta property=\"article:published_time\" content=\"2023-05-07T15:01:11+00:00\" \/>\n<meta property=\"article:modified_time\" content=\"2023-05-07T15:23:32+00:00\" \/>\n<meta property=\"og:image\" content=\"https:\/\/www.notibras.com\/site\/wp-content\/uploads\/2023\/05\/etitulo-1.jpg\" \/>\n\t<meta property=\"og:image:width\" content=\"1170\" \/>\n\t<meta property=\"og:image:height\" content=\"700\" \/>\n\t<meta property=\"og:image:type\" content=\"image\/jpeg\" \/>\n<meta name=\"author\" content=\"Reda\u00e7\u00e3o\" \/>\n<meta name=\"twitter:card\" content=\"summary_large_image\" \/>\n<meta name=\"twitter:creator\" content=\"@Notibras\" \/>\n<meta name=\"twitter:site\" content=\"@Notibras\" \/>\n<meta name=\"twitter:label1\" content=\"Escrito por\" \/>\n\t<meta name=\"twitter:data1\" content=\"Reda\u00e7\u00e3o\" \/>\n\t<meta name=\"twitter:label2\" content=\"Est. tempo de leitura\" \/>\n\t<meta name=\"twitter:data2\" content=\"3 minutos\" \/>\n<script type=\"application\/ld+json\" class=\"yoast-schema-graph\">{\"@context\":\"https:\/\/schema.org\",\"@graph\":[{\"@type\":\"Article\",\"@id\":\"https:\/\/www.notibras.com\/site\/jovens-com-15-anos-ja-podem-tirar-titulo-de-eleitor\/#article\",\"isPartOf\":{\"@id\":\"https:\/\/www.notibras.com\/site\/jovens-com-15-anos-ja-podem-tirar-titulo-de-eleitor\/\"},\"author\":{\"name\":\"Reda\u00e7\u00e3o\",\"@id\":\"https:\/\/www.notibras.com\/site\/#\/schema\/person\/36ab0979449956132d3e5b517ea76ac8\"},\"headline\":\"Jovens com 15 anos j\u00e1 podem tirar t\u00edtulo de eleitor\",\"datePublished\":\"2023-05-07T15:01:11+00:00\",\"dateModified\":\"2023-05-07T15:23:32+00:00\",\"mainEntityOfPage\":{\"@id\":\"https:\/\/www.notibras.com\/site\/jovens-com-15-anos-ja-podem-tirar-titulo-de-eleitor\/\"},\"wordCount\":408,\"publisher\":{\"@id\":\"https:\/\/www.notibras.com\/site\/#organization\"},\"image\":{\"@id\":\"https:\/\/www.notibras.com\/site\/jovens-com-15-anos-ja-podem-tirar-titulo-de-eleitor\/#primaryimage\"},\"thumbnailUrl\":\"https:\/\/www.notibras.com\/site\/wp-content\/uploads\/2023\/05\/etitulo-1.jpg\",\"articleSection\":[\"Quadradinho em Foco\"],\"inLanguage\":\"pt-BR\"},{\"@type\":\"WebPage\",\"@id\":\"https:\/\/www.notibras.com\/site\/jovens-com-15-anos-ja-podem-tirar-titulo-de-eleitor\/\",\"url\":\"https:\/\/www.notibras.com\/site\/jovens-com-15-anos-ja-podem-tirar-titulo-de-eleitor\/\",\"name\":\"Jovens com 15 anos j\u00e1 podem tirar t\u00edtulo de eleitor - Notibras\",\"isPartOf\":{\"@id\":\"https:\/\/www.notibras.com\/site\/#website\"},\"primaryImageOfPage\":{\"@id\":\"https:\/\/www.notibras.com\/site\/jovens-com-15-anos-ja-podem-tirar-titulo-de-eleitor\/#primaryimage\"},\"image\":{\"@id\":\"https:\/\/www.notibras.com\/site\/jovens-com-15-anos-ja-podem-tirar-titulo-de-eleitor\/#primaryimage\"},\"thumbnailUrl\":\"https:\/\/www.notibras.com\/site\/wp-content\/uploads\/2023\/05\/etitulo-1.jpg\",\"datePublished\":\"2023-05-07T15:01:11+00:00\",\"dateModified\":\"2023-05-07T15:23:32+00:00\",\"breadcrumb\":{\"@id\":\"https:\/\/www.notibras.com\/site\/jovens-com-15-anos-ja-podem-tirar-titulo-de-eleitor\/#breadcrumb\"},\"inLanguage\":\"pt-BR\",\"potentialAction\":[{\"@type\":\"ReadAction\",\"target\":[\"https:\/\/www.notibras.com\/site\/jovens-com-15-anos-ja-podem-tirar-titulo-de-eleitor\/\"]}]},{\"@type\":\"ImageObject\",\"inLanguage\":\"pt-BR\",\"@id\":\"https:\/\/www.notibras.com\/site\/jovens-com-15-anos-ja-podem-tirar-titulo-de-eleitor\/#primaryimage\",\"url\":\"https:\/\/www.notibras.com\/site\/wp-content\/uploads\/2023\/05\/etitulo-1.jpg\",\"contentUrl\":\"https:\/\/www.notibras.com\/site\/wp-content\/uploads\/2023\/05\/etitulo-1.jpg\",\"width\":1170,\"height\":700,\"caption\":\"t\u00edtulo de eleitor digital,e-T\u00edtulo\"},{\"@type\":\"BreadcrumbList\",\"@id\":\"https:\/\/www.notibras.com\/site\/jovens-com-15-anos-ja-podem-tirar-titulo-de-eleitor\/#breadcrumb\",\"itemListElement\":[{\"@type\":\"ListItem\",\"position\":1,\"name\":\"In\u00edcio\",\"item\":\"https:\/\/www.notibras.com\/site\/\"},{\"@type\":\"ListItem\",\"position\":2,\"name\":\"Jovens com 15 anos j\u00e1 podem tirar t\u00edtulo de eleitor\"}]},{\"@type\":\"WebSite\",\"@id\":\"https:\/\/www.notibras.com\/site\/#website\",\"url\":\"https:\/\/www.notibras.com\/site\/\",\"name\":\"Notibras\",\"description\":\"Not\u00edcias de Bras\u00edlia, do Brasil e do Mundo\",\"publisher\":{\"@id\":\"https:\/\/www.notibras.com\/site\/#organization\"},\"potentialAction\":[{\"@type\":\"SearchAction\",\"target\":{\"@type\":\"EntryPoint\",\"urlTemplate\":\"https:\/\/www.notibras.com\/site\/?s={search_term_string}\"},\"query-input\":{\"@type\":\"PropertyValueSpecification\",\"valueRequired\":true,\"valueName\":\"search_term_string\"}}],\"inLanguage\":\"pt-BR\"},{\"@type\":\"Organization\",\"@id\":\"https:\/\/www.notibras.com\/site\/#organization\",\"name\":\"Grupo Notibras de Comunica\u00e7\u00e3o\",\"url\":\"https:\/\/www.notibras.com\/site\/\",\"logo\":{\"@type\":\"ImageObject\",\"inLanguage\":\"pt-BR\",\"@id\":\"https:\/\/www.notibras.com\/site\/#\/schema\/logo\/image\/\",\"url\":\"https:\/\/www.notibras.com\/site\/wp-content\/uploads\/2023\/01\/notibras23.png\",\"contentUrl\":\"https:\/\/www.notibras.com\/site\/wp-content\/uploads\/2023\/01\/notibras23.png\",\"width\":350,\"height\":87,\"caption\":\"Grupo Notibras de Comunica\u00e7\u00e3o\"},\"image\":{\"@id\":\"https:\/\/www.notibras.com\/site\/#\/schema\/logo\/image\/\"},\"sameAs\":[\"https:\/\/www.facebook.com\/notibras\/\",\"https:\/\/x.com\/Notibras\",\"https:\/\/www.instagram.com\/notibras\/\"]},{\"@type\":\"Person\",\"@id\":\"https:\/\/www.notibras.com\/site\/#\/schema\/person\/36ab0979449956132d3e5b517ea76ac8\",\"name\":\"Reda\u00e7\u00e3o\",\"image\":{\"@type\":\"ImageObject\",\"inLanguage\":\"pt-BR\",\"@id\":\"https:\/\/secure.gravatar.com\/avatar\/e0a867bdedb85fd243eadf09663511f96fc81e0720a4a42581f334ad4303aa6b?s=96&d=mm&r=g\",\"url\":\"https:\/\/secure.gravatar.com\/avatar\/e0a867bdedb85fd243eadf09663511f96fc81e0720a4a42581f334ad4303aa6b?s=96&d=mm&r=g\",\"contentUrl\":\"https:\/\/secure.gravatar.com\/avatar\/e0a867bdedb85fd243eadf09663511f96fc81e0720a4a42581f334ad4303aa6b?s=96&d=mm&r=g\",\"caption\":\"Reda\u00e7\u00e3o\"}}]}<\/script>\n<!-- \/ Yoast SEO plugin. -->","yoast_head_json":{"title":"Jovens com 15 anos j\u00e1 podem tirar t\u00edtulo de eleitor - Notibras","robots":{"index":"index","follow":"follow","max-snippet":"max-snippet:-1","max-image-preview":"max-image-preview:large","max-video-preview":"max-video-preview:-1"},"canonical":"https:\/\/www.notibras.com\/site\/jovens-com-15-anos-ja-podem-tirar-titulo-de-eleitor\/","og_locale":"pt_BR","og_type":"article","og_title":"Jovens com 15 anos j\u00e1 podem tirar t\u00edtulo de eleitor - Notibras","og_description":"Desde 2021, o Tribunal Superior Eleitoral (TSE) permite que jovens que completaram 15 anos emitam o t\u00edtulo de eleitor, mesmo que s\u00f3 possam votar, efetivamente, quando completarem 16 anos de idade. Segundo o cap\u00edtulo IV da Constitui\u00e7\u00e3o Federal, o alistamento eleitoral e o voto s\u00e3o facultativos para jovens de 16 e 17 anos, mas s\u00e3o [&hellip;]","og_url":"https:\/\/www.notibras.com\/site\/jovens-com-15-anos-ja-podem-tirar-titulo-de-eleitor\/","og_site_name":"Notibras","article_publisher":"https:\/\/www.facebook.com\/notibras\/","article_published_time":"2023-05-07T15:01:11+00:00","article_modified_time":"2023-05-07T15:23:32+00:00","og_image":[{"width":1170,"height":700,"url":"https:\/\/www.notibras.com\/site\/wp-content\/uploads\/2023\/05\/etitulo-1.jpg","type":"image\/jpeg"}],"author":"Reda\u00e7\u00e3o","twitter_card":"summary_large_image","twitter_creator":"@Notibras","twitter_site":"@Notibras","twitter_misc":{"Escrito por":"Reda\u00e7\u00e3o","Est. tempo de leitura":"3 minutos"},"schema":{"@context":"https:\/\/schema.org","@graph":[{"@type":"Article","@id":"https:\/\/www.notibras.com\/site\/jovens-com-15-anos-ja-podem-tirar-titulo-de-eleitor\/#article","isPartOf":{"@id":"https:\/\/www.notibras.com\/site\/jovens-com-15-anos-ja-podem-tirar-titulo-de-eleitor\/"},"author":{"name":"Reda\u00e7\u00e3o","@id":"https:\/\/www.notibras.com\/site\/#\/schema\/person\/36ab0979449956132d3e5b517ea76ac8"},"headline":"Jovens com 15 anos j\u00e1 podem tirar t\u00edtulo de eleitor","datePublished":"2023-05-07T15:01:11+00:00","dateModified":"2023-05-07T15:23:32+00:00","mainEntityOfPage":{"@id":"https:\/\/www.notibras.com\/site\/jovens-com-15-anos-ja-podem-tirar-titulo-de-eleitor\/"},"wordCount":408,"publisher":{"@id":"https:\/\/www.notibras.com\/site\/#organization"},"image":{"@id":"https:\/\/www.notibras.com\/site\/jovens-com-15-anos-ja-podem-tirar-titulo-de-eleitor\/#primaryimage"},"thumbnailUrl":"https:\/\/www.notibras.com\/site\/wp-content\/uploads\/2023\/05\/etitulo-1.jpg","articleSection":["Quadradinho em Foco"],"inLanguage":"pt-BR"},{"@type":"WebPage","@id":"https:\/\/www.notibras.com\/site\/jovens-com-15-anos-ja-podem-tirar-titulo-de-eleitor\/","url":"https:\/\/www.notibras.com\/site\/jovens-com-15-anos-ja-podem-tirar-titulo-de-eleitor\/","name":"Jovens com 15 anos j\u00e1 podem tirar t\u00edtulo de eleitor - Notibras","isPartOf":{"@id":"https:\/\/www.notibras.com\/site\/#website"},"primaryImageOfPage":{"@id":"https:\/\/www.notibras.com\/site\/jovens-com-15-anos-ja-podem-tirar-titulo-de-eleitor\/#primaryimage"},"image":{"@id":"https:\/\/www.notibras.com\/site\/jovens-com-15-anos-ja-podem-tirar-titulo-de-eleitor\/#primaryimage"},"thumbnailUrl":"https:\/\/www.notibras.com\/site\/wp-content\/uploads\/2023\/05\/etitulo-1.jpg","datePublished":"2023-05-07T15:01:11+00:00","dateModified":"2023-05-07T15:23:32+00:00","breadcrumb":{"@id":"https:\/\/www.notibras.com\/site\/jovens-com-15-anos-ja-podem-tirar-titulo-de-eleitor\/#breadcrumb"},"inLanguage":"pt-BR","potentialAction":[{"@type":"ReadAction","target":["https:\/\/www.notibras.com\/site\/jovens-com-15-anos-ja-podem-tirar-titulo-de-eleitor\/"]}]},{"@type":"ImageObject","inLanguage":"pt-BR","@id":"https:\/\/www.notibras.com\/site\/jovens-com-15-anos-ja-podem-tirar-titulo-de-eleitor\/#primaryimage","url":"https:\/\/www.notibras.com\/site\/wp-content\/uploads\/2023\/05\/etitulo-1.jpg","contentUrl":"https:\/\/www.notibras.com\/site\/wp-content\/uploads\/2023\/05\/etitulo-1.jpg","width":1170,"height":700,"caption":"t\u00edtulo de eleitor digital,e-T\u00edtulo"},{"@type":"BreadcrumbList","@id":"https:\/\/www.notibras.com\/site\/jovens-com-15-anos-ja-podem-tirar-titulo-de-eleitor\/#breadcrumb","itemListElement":[{"@type":"ListItem","position":1,"name":"In\u00edcio","item":"https:\/\/www.notibras.com\/site\/"},{"@type":"ListItem","position":2,"name":"Jovens com 15 anos j\u00e1 podem tirar t\u00edtulo de eleitor"}]},{"@type":"WebSite","@id":"https:\/\/www.notibras.com\/site\/#website","url":"https:\/\/www.notibras.com\/site\/","name":"Notibras","description":"Not\u00edcias de Bras\u00edlia, do Brasil e do Mundo","publisher":{"@id":"https:\/\/www.notibras.com\/site\/#organization"},"potentialAction":[{"@type":"SearchAction","target":{"@type":"EntryPoint","urlTemplate":"https:\/\/www.notibras.com\/site\/?s={search_term_string}"},"query-input":{"@type":"PropertyValueSpecification","valueRequired":true,"valueName":"search_term_string"}}],"inLanguage":"pt-BR"},{"@type":"Organization","@id":"https:\/\/www.notibras.com\/site\/#organization","name":"Grupo Notibras de Comunica\u00e7\u00e3o","url":"https:\/\/www.notibras.com\/site\/","logo":{"@type":"ImageObject","inLanguage":"pt-BR","@id":"https:\/\/www.notibras.com\/site\/#\/schema\/logo\/image\/","url":"https:\/\/www.notibras.com\/site\/wp-content\/uploads\/2023\/01\/notibras23.png","contentUrl":"https:\/\/www.notibras.com\/site\/wp-content\/uploads\/2023\/01\/notibras23.png","width":350,"height":87,"caption":"Grupo Notibras de Comunica\u00e7\u00e3o"},"image":{"@id":"https:\/\/www.notibras.com\/site\/#\/schema\/logo\/image\/"},"sameAs":["https:\/\/www.facebook.com\/notibras\/","https:\/\/x.com\/Notibras","https:\/\/www.instagram.com\/notibras\/"]},{"@type":"Person","@id":"https:\/\/www.notibras.com\/site\/#\/schema\/person\/36ab0979449956132d3e5b517ea76ac8","name":"Reda\u00e7\u00e3o","image":{"@type":"ImageObject","inLanguage":"pt-BR","@id":"https:\/\/secure.gravatar.com\/avatar\/e0a867bdedb85fd243eadf09663511f96fc81e0720a4a42581f334ad4303aa6b?s=96&d=mm&r=g","url":"https:\/\/secure.gravatar.com\/avatar\/e0a867bdedb85fd243eadf09663511f96fc81e0720a4a42581f334ad4303aa6b?s=96&d=mm&r=g","contentUrl":"https:\/\/secure.gravatar.com\/avatar\/e0a867bdedb85fd243eadf09663511f96fc81e0720a4a42581f334ad4303aa6b?s=96&d=mm&r=g","caption":"Reda\u00e7\u00e3o"}}]}},"amp_enabled":true,"_links":{"self":[{"href":"https:\/\/www.notibras.com\/site\/wp-json\/wp\/v2\/posts\/304359","targetHints":{"allow":["GET"]}}],"collection":[{"href":"https:\/\/www.notibras.com\/site\/wp-json\/wp\/v2\/posts"}],"about":[{"href":"https:\/\/www.notibras.com\/site\/wp-json\/wp\/v2\/types\/post"}],"author":[{"embeddable":true,"href":"https:\/\/www.notibras.com\/site\/wp-json\/wp\/v2\/users\/2"}],"replies":[{"embeddable":true,"href":"https:\/\/www.notibras.com\/site\/wp-json\/wp\/v2\/comments?post=304359"}],"version-history":[{"count":1,"href":"https:\/\/www.notibras.com\/site\/wp-json\/wp\/v2\/posts\/304359\/revisions"}],"predecessor-version":[{"id":304361,"href":"https:\/\/www.notibras.com\/site\/wp-json\/wp\/v2\/posts\/304359\/revisions\/304361"}],"wp:featuredmedia":[{"embeddable":true,"href":"https:\/\/www.notibras.com\/site\/wp-json\/wp\/v2\/media\/304360"}],"wp:attachment":[{"href":"https:\/\/www.notibras.com\/site\/wp-json\/wp\/v2\/media?parent=304359"}],"wp:term":[{"taxonomy":"category","embeddable":true,"href":"https:\/\/www.notibras.com\/site\/wp-json\/wp\/v2\/categories?post=304359"},{"taxonomy":"post_tag","embeddable":true,"href":"https:\/\/www.notibras.com\/site\/wp-json\/wp\/v2\/tags?post=304359"}],"curies":[{"name":"wp","href":"https:\/\/api.w.org\/{rel}","templated":true}]}}