{"id":304368,"date":"2023-05-07T16:15:55","date_gmt":"2023-05-07T19:15:55","guid":{"rendered":"https:\/\/www.notibras.com\/site\/?p=304368"},"modified":"2023-05-07T16:22:04","modified_gmt":"2023-05-07T19:22:04","slug":"guerra-da-ma-informacao-joga-culpa-da-greve-em-cima-dos-professores","status":"publish","type":"post","link":"https:\/\/www.notibras.com\/site\/guerra-da-ma-informacao-joga-culpa-da-greve-em-cima-dos-professores\/","title":{"rendered":"Guerra da m\u00e1 informa\u00e7\u00e3o joga culpa da greve em cima dos professores"},"content":{"rendered":"<p>\u00c9 flagrante o jogo desinformativo de percentuais que o governo local e ve\u00edculos de imprensa ligados a atuais e ex-pol\u00edticos v\u00eam aplicando para tentar colocar a sociedade contra a greve da categoria do magist\u00e9rio p\u00fablico do DF.<\/p>\n<p>Um dos portais de not\u00edcia mais acessados do DF publicou a seguinte enquete: \u201cAssim como outras categorias de servidores, os professores do DF receber\u00e3o reajuste de 18% nos sal\u00e1rios. Mesmo assim, a categoria anunciou greve a partir desta quinta-feira. Voc\u00ea \u00e9 a favor ou contra a greve dos professores?\u201d. O mesmo portal lan\u00e7ou ainda como manchete: \u201cApesar de reajuste de 18%, professores decidem manter greve\u201d.<\/p>\n<p>Ambos os exemplos deixam clara a tentativa de conduzir os leitores \u00e0 falsa conclus\u00e3o de que foi concedido a professores(as) e orientadores(as) educacionais reajuste salarial mais do que suficiente (inclusive no mesmo valor oferecido a outras carreiras do funcionalismo local), mas, mesmo assim, a decis\u00e3o da categoria \u00e9 entrar em greve. Espera-se gerar revolta nos leitores e, ao mesmo tempo, descredibilizar o movimento.<\/p>\n<p>\u201cO que n\u00e3o se diz ou se coloca de maneira discreta \u00e9 que o reajuste n\u00e3o \u00e9 de 18%, mas sim de 6% ao ano, pagos em agosto. Isso porque o percentual imposto de maneira arbitr\u00e1ria pelo governador ser\u00e1 dividido em tr\u00eas anos. Al\u00e9m disso, estamos falando de uma categoria que, atualmente, ocupa a pen\u00faltima coloca\u00e7\u00e3o no ranking de remunera\u00e7\u00e3o dos profissionais com n\u00edvel superior do Distrito Federal. Isso vai, inclusive, contra o Plano Distrital de Educa\u00e7\u00e3o. Tratamento igual para desiguais transgride o princ\u00edpio da igualdade\u201d, reflete do diretor do Sinpro-DF Cleber Soares.<\/p>\n<p>Ele lembra que professores(as) e orientadores(as) educacionais est\u00e3o h\u00e1 oito anos sem reajuste salarial e que, por isso, acumulam mais de 30% de perda inflacion\u00e1ria. \u201cUm dos eixos centrais da nossa luta \u00e9 a reestrutura\u00e7\u00e3o salarial, que servir\u00e1 para mitigar as perdas impostas nos \u00faltimos anos. Com ela poderemos, por exemplo, incorporar gratifica\u00e7\u00f5es ao vencimento, reduzir os padr\u00f5es da tabela para chegar mais r\u00e1pido ao topo, aumentar percentuais de progress\u00e3o, entre outras quest\u00f5es\u201d, exemplifica.<\/p>\n<p>Segundo levantamento do Dieese (Departamento Intersindical de Estat\u00edstica e Estudos Socioecon\u00f4micos), 6% a mais no vencimento b\u00e1sico de professores(as) e orientadores(as) educacionais (tabela PQ3\/gradua\u00e7\u00e3o) representa pouco mais de R$ 200.<\/p>\n<p>Ao mesmo tempo em que tenta emplacar a narrativa de que professores(as) e orientadores(as) educacionais receberam reajuste farto, esses mesmos ve\u00edculos de imprensa e o pr\u00f3prio Ibaneis Rocha tentam silenciar o reajuste \u2013 e seu impacto \u2013 concedido ao governador e vice do DF, secret\u00e1rios e cargos comissionados.<\/p>\n<p>Com o reajuste de 25% de uma s\u00f3 vez, o sal\u00e1rio de Ibaneis Rocha ter\u00e1 acr\u00e9scimo de mais de R$ 5,8 mil: passar\u00e1 dos atuais R$ 23.449,55 para R$ 29.311,94. J\u00e1 o valor recebido pela vice-governadora passar\u00e1 de R$ 20.743,83 para R$ 25.929,79. Secret\u00e1rios de Estado, como a secret\u00e1ria de Educa\u00e7\u00e3o, H\u00e9lvia Paranagu\u00e1, por exemplo, passar\u00e3o a receber R$ 22.547,65. Os valores foram sancionados pelo pr\u00f3prio governador Ibaneis Rocha.<\/p>\n<p>\u201cResponsabilidade com a sociedade sempre foi uma marca do Sinpro. A greve \u00e9 o \u00faltimo recurso utilizado para combater o descaso contra a Educa\u00e7\u00e3o. Insistimos e continuamos insistindo no di\u00e1logo, na negocia\u00e7\u00e3o. Mas o GDF n\u00e3o avan\u00e7ou nas nossas pautas. E ainda por cima diz que vai \u2018radicalizar\u2019, como se estiv\u00e9ssemos em uma guerra\u201d, avalia a diretora do Sinpro Berenice Darc.<\/p>\n<p>Ela reflete que a luta da categoria do magist\u00e9rio p\u00fablico por valoriza\u00e7\u00e3o impacta diretamente na sociedade. \u201cQuando professores e professoras, orientadores e orientadoras educacionais s\u00e3o valorizados, a Educa\u00e7\u00e3o \u00e9 valorizada, e isso gera qualidade tamb\u00e9m na aprendizagem. Por isso, essa narrativa que se tenta criar \u00e9 uma fake news grave, e deve ser combatida.\u201d<\/p>\n<p><strong>Tem margem financeira<\/strong><br \/>\nRelat\u00f3rio Fiscal de Investimento no Pessoal, realizado pelo Dieese mostra que o governo do DF tem margem para avan\u00e7ar no valor de reajuste aplicado em pessoal, sem ultrapassar o limite prudencial da Lei de Responsabilidade Fiscal. Pelos c\u00e1lculos, o avan\u00e7o poderia ser de quase R$ 7,5 milh\u00f5es.<\/p>\n<p>Outra cifra importante foca no crescimento do Fundo Constitucional da Educa\u00e7\u00e3o. Para 2023, a previs\u00e3o de reajuste do Fundo \u00e9 de 41,4% em rela\u00e7\u00e3o ao executado em 2022. Com isso, a LOA 2023 (Lei Or\u00e7ament\u00e1ria Anual) destina R$ 5 bilh\u00f5es s\u00f3 para o setor da educa\u00e7\u00e3o, um crescimento de quase 79% em rela\u00e7\u00e3o ao empenhado em 2022.<\/p>\n<p><strong>Greve<\/strong><br \/>\nA greve da Educa\u00e7\u00e3o teve in\u00edcio nesta quinta-feira (4\/5), ratificada em assembleia geral. Em un\u00edssono, a frase \u201cprofessor na rua, Ibaneis a culpa \u00e9 sua\u201d foi entoada pela multid\u00e3o que esteve presente \u00e0 atividade.<\/p>\n","protected":false},"excerpt":{"rendered":"<p>\u00c9 flagrante o jogo desinformativo de percentuais que o governo local e ve\u00edculos de imprensa ligados a atuais e ex-pol\u00edticos v\u00eam aplicando para tentar colocar a sociedade contra a greve da categoria do magist\u00e9rio p\u00fablico do DF. Um dos portais de not\u00edcia mais acessados do DF publicou a seguinte enquete: \u201cAssim como outras categorias de [&hellip;]<\/p>\n","protected":false},"author":2,"featured_media":304369,"comment_status":"closed","ping_status":"closed","sticky":false,"template":"","format":"standard","meta":{"_acf_changed":false,"footnotes":""},"categories":[161],"tags":[],"class_list":["post-304368","post","type-post","status-publish","format-standard","has-post-thumbnail","hentry","category-quadradinho-em-foco"],"acf":[],"yoast_head":"<!-- This site is optimized with the Yoast SEO plugin v27.2 - https:\/\/yoast.com\/product\/yoast-seo-wordpress\/ -->\n<title>Guerra da m\u00e1 informa\u00e7\u00e3o joga culpa da greve em cima dos professores - Notibras<\/title>\n<meta name=\"robots\" content=\"index, follow, max-snippet:-1, max-image-preview:large, max-video-preview:-1\" \/>\n<link rel=\"canonical\" href=\"https:\/\/www.notibras.com\/site\/guerra-da-ma-informacao-joga-culpa-da-greve-em-cima-dos-professores\/\" \/>\n<meta property=\"og:locale\" content=\"pt_BR\" \/>\n<meta property=\"og:type\" content=\"article\" \/>\n<meta property=\"og:title\" content=\"Guerra da m\u00e1 informa\u00e7\u00e3o joga culpa da greve em cima dos professores - Notibras\" \/>\n<meta property=\"og:description\" content=\"\u00c9 flagrante o jogo desinformativo de percentuais que o governo local e ve\u00edculos de imprensa ligados a atuais e ex-pol\u00edticos v\u00eam aplicando para tentar colocar a sociedade contra a greve da categoria do magist\u00e9rio p\u00fablico do DF. Um dos portais de not\u00edcia mais acessados do DF publicou a seguinte enquete: \u201cAssim como outras categorias de [&hellip;]\" \/>\n<meta property=\"og:url\" content=\"https:\/\/www.notibras.com\/site\/guerra-da-ma-informacao-joga-culpa-da-greve-em-cima-dos-professores\/\" \/>\n<meta property=\"og:site_name\" content=\"Notibras\" \/>\n<meta property=\"article:publisher\" content=\"https:\/\/www.facebook.com\/notibras\/\" \/>\n<meta property=\"article:published_time\" content=\"2023-05-07T19:15:55+00:00\" \/>\n<meta property=\"article:modified_time\" content=\"2023-05-07T19:22:04+00:00\" \/>\n<meta property=\"og:image\" content=\"https:\/\/www.notibras.com\/site\/wp-content\/uploads\/2023\/05\/reajuste-de-ibaneis-756.jpg\" \/>\n\t<meta property=\"og:image:width\" content=\"756\" \/>\n\t<meta property=\"og:image:height\" content=\"425\" \/>\n\t<meta property=\"og:image:type\" content=\"image\/jpeg\" \/>\n<meta name=\"author\" content=\"Reda\u00e7\u00e3o\" \/>\n<meta name=\"twitter:card\" content=\"summary_large_image\" \/>\n<meta name=\"twitter:creator\" content=\"@Notibras\" \/>\n<meta name=\"twitter:site\" content=\"@Notibras\" \/>\n<meta name=\"twitter:label1\" content=\"Escrito por\" \/>\n\t<meta name=\"twitter:data1\" content=\"Reda\u00e7\u00e3o\" \/>\n\t<meta name=\"twitter:label2\" content=\"Est. tempo de leitura\" \/>\n\t<meta name=\"twitter:data2\" content=\"5 minutos\" \/>\n<script type=\"application\/ld+json\" class=\"yoast-schema-graph\">{\"@context\":\"https:\/\/schema.org\",\"@graph\":[{\"@type\":\"Article\",\"@id\":\"https:\/\/www.notibras.com\/site\/guerra-da-ma-informacao-joga-culpa-da-greve-em-cima-dos-professores\/#article\",\"isPartOf\":{\"@id\":\"https:\/\/www.notibras.com\/site\/guerra-da-ma-informacao-joga-culpa-da-greve-em-cima-dos-professores\/\"},\"author\":{\"name\":\"Reda\u00e7\u00e3o\",\"@id\":\"https:\/\/www.notibras.com\/site\/#\/schema\/person\/36ab0979449956132d3e5b517ea76ac8\"},\"headline\":\"Guerra da m\u00e1 informa\u00e7\u00e3o joga culpa da greve em cima dos professores\",\"datePublished\":\"2023-05-07T19:15:55+00:00\",\"dateModified\":\"2023-05-07T19:22:04+00:00\",\"mainEntityOfPage\":{\"@id\":\"https:\/\/www.notibras.com\/site\/guerra-da-ma-informacao-joga-culpa-da-greve-em-cima-dos-professores\/\"},\"wordCount\":794,\"publisher\":{\"@id\":\"https:\/\/www.notibras.com\/site\/#organization\"},\"image\":{\"@id\":\"https:\/\/www.notibras.com\/site\/guerra-da-ma-informacao-joga-culpa-da-greve-em-cima-dos-professores\/#primaryimage\"},\"thumbnailUrl\":\"https:\/\/www.notibras.com\/site\/wp-content\/uploads\/2023\/05\/reajuste-de-ibaneis-756.jpg\",\"articleSection\":[\"Quadradinho em Foco\"],\"inLanguage\":\"pt-BR\"},{\"@type\":\"WebPage\",\"@id\":\"https:\/\/www.notibras.com\/site\/guerra-da-ma-informacao-joga-culpa-da-greve-em-cima-dos-professores\/\",\"url\":\"https:\/\/www.notibras.com\/site\/guerra-da-ma-informacao-joga-culpa-da-greve-em-cima-dos-professores\/\",\"name\":\"Guerra da m\u00e1 informa\u00e7\u00e3o joga culpa da greve em cima dos professores - Notibras\",\"isPartOf\":{\"@id\":\"https:\/\/www.notibras.com\/site\/#website\"},\"primaryImageOfPage\":{\"@id\":\"https:\/\/www.notibras.com\/site\/guerra-da-ma-informacao-joga-culpa-da-greve-em-cima-dos-professores\/#primaryimage\"},\"image\":{\"@id\":\"https:\/\/www.notibras.com\/site\/guerra-da-ma-informacao-joga-culpa-da-greve-em-cima-dos-professores\/#primaryimage\"},\"thumbnailUrl\":\"https:\/\/www.notibras.com\/site\/wp-content\/uploads\/2023\/05\/reajuste-de-ibaneis-756.jpg\",\"datePublished\":\"2023-05-07T19:15:55+00:00\",\"dateModified\":\"2023-05-07T19:22:04+00:00\",\"breadcrumb\":{\"@id\":\"https:\/\/www.notibras.com\/site\/guerra-da-ma-informacao-joga-culpa-da-greve-em-cima-dos-professores\/#breadcrumb\"},\"inLanguage\":\"pt-BR\",\"potentialAction\":[{\"@type\":\"ReadAction\",\"target\":[\"https:\/\/www.notibras.com\/site\/guerra-da-ma-informacao-joga-culpa-da-greve-em-cima-dos-professores\/\"]}]},{\"@type\":\"ImageObject\",\"inLanguage\":\"pt-BR\",\"@id\":\"https:\/\/www.notibras.com\/site\/guerra-da-ma-informacao-joga-culpa-da-greve-em-cima-dos-professores\/#primaryimage\",\"url\":\"https:\/\/www.notibras.com\/site\/wp-content\/uploads\/2023\/05\/reajuste-de-ibaneis-756.jpg\",\"contentUrl\":\"https:\/\/www.notibras.com\/site\/wp-content\/uploads\/2023\/05\/reajuste-de-ibaneis-756.jpg\",\"width\":756,\"height\":425},{\"@type\":\"BreadcrumbList\",\"@id\":\"https:\/\/www.notibras.com\/site\/guerra-da-ma-informacao-joga-culpa-da-greve-em-cima-dos-professores\/#breadcrumb\",\"itemListElement\":[{\"@type\":\"ListItem\",\"position\":1,\"name\":\"In\u00edcio\",\"item\":\"https:\/\/www.notibras.com\/site\/\"},{\"@type\":\"ListItem\",\"position\":2,\"name\":\"Guerra da m\u00e1 informa\u00e7\u00e3o joga culpa da greve em cima dos professores\"}]},{\"@type\":\"WebSite\",\"@id\":\"https:\/\/www.notibras.com\/site\/#website\",\"url\":\"https:\/\/www.notibras.com\/site\/\",\"name\":\"Notibras\",\"description\":\"Not\u00edcias de Bras\u00edlia, do Brasil e do Mundo\",\"publisher\":{\"@id\":\"https:\/\/www.notibras.com\/site\/#organization\"},\"potentialAction\":[{\"@type\":\"SearchAction\",\"target\":{\"@type\":\"EntryPoint\",\"urlTemplate\":\"https:\/\/www.notibras.com\/site\/?s={search_term_string}\"},\"query-input\":{\"@type\":\"PropertyValueSpecification\",\"valueRequired\":true,\"valueName\":\"search_term_string\"}}],\"inLanguage\":\"pt-BR\"},{\"@type\":\"Organization\",\"@id\":\"https:\/\/www.notibras.com\/site\/#organization\",\"name\":\"Grupo Notibras de Comunica\u00e7\u00e3o\",\"url\":\"https:\/\/www.notibras.com\/site\/\",\"logo\":{\"@type\":\"ImageObject\",\"inLanguage\":\"pt-BR\",\"@id\":\"https:\/\/www.notibras.com\/site\/#\/schema\/logo\/image\/\",\"url\":\"https:\/\/www.notibras.com\/site\/wp-content\/uploads\/2023\/01\/notibras23.png\",\"contentUrl\":\"https:\/\/www.notibras.com\/site\/wp-content\/uploads\/2023\/01\/notibras23.png\",\"width\":350,\"height\":87,\"caption\":\"Grupo Notibras de Comunica\u00e7\u00e3o\"},\"image\":{\"@id\":\"https:\/\/www.notibras.com\/site\/#\/schema\/logo\/image\/\"},\"sameAs\":[\"https:\/\/www.facebook.com\/notibras\/\",\"https:\/\/x.com\/Notibras\",\"https:\/\/www.instagram.com\/notibras\/\"]},{\"@type\":\"Person\",\"@id\":\"https:\/\/www.notibras.com\/site\/#\/schema\/person\/36ab0979449956132d3e5b517ea76ac8\",\"name\":\"Reda\u00e7\u00e3o\",\"image\":{\"@type\":\"ImageObject\",\"inLanguage\":\"pt-BR\",\"@id\":\"https:\/\/secure.gravatar.com\/avatar\/e0a867bdedb85fd243eadf09663511f96fc81e0720a4a42581f334ad4303aa6b?s=96&d=mm&r=g\",\"url\":\"https:\/\/secure.gravatar.com\/avatar\/e0a867bdedb85fd243eadf09663511f96fc81e0720a4a42581f334ad4303aa6b?s=96&d=mm&r=g\",\"contentUrl\":\"https:\/\/secure.gravatar.com\/avatar\/e0a867bdedb85fd243eadf09663511f96fc81e0720a4a42581f334ad4303aa6b?s=96&d=mm&r=g\",\"caption\":\"Reda\u00e7\u00e3o\"}}]}<\/script>\n<!-- \/ Yoast SEO plugin. -->","yoast_head_json":{"title":"Guerra da m\u00e1 informa\u00e7\u00e3o joga culpa da greve em cima dos professores - Notibras","robots":{"index":"index","follow":"follow","max-snippet":"max-snippet:-1","max-image-preview":"max-image-preview:large","max-video-preview":"max-video-preview:-1"},"canonical":"https:\/\/www.notibras.com\/site\/guerra-da-ma-informacao-joga-culpa-da-greve-em-cima-dos-professores\/","og_locale":"pt_BR","og_type":"article","og_title":"Guerra da m\u00e1 informa\u00e7\u00e3o joga culpa da greve em cima dos professores - Notibras","og_description":"\u00c9 flagrante o jogo desinformativo de percentuais que o governo local e ve\u00edculos de imprensa ligados a atuais e ex-pol\u00edticos v\u00eam aplicando para tentar colocar a sociedade contra a greve da categoria do magist\u00e9rio p\u00fablico do DF. Um dos portais de not\u00edcia mais acessados do DF publicou a seguinte enquete: \u201cAssim como outras categorias de [&hellip;]","og_url":"https:\/\/www.notibras.com\/site\/guerra-da-ma-informacao-joga-culpa-da-greve-em-cima-dos-professores\/","og_site_name":"Notibras","article_publisher":"https:\/\/www.facebook.com\/notibras\/","article_published_time":"2023-05-07T19:15:55+00:00","article_modified_time":"2023-05-07T19:22:04+00:00","og_image":[{"width":756,"height":425,"url":"https:\/\/www.notibras.com\/site\/wp-content\/uploads\/2023\/05\/reajuste-de-ibaneis-756.jpg","type":"image\/jpeg"}],"author":"Reda\u00e7\u00e3o","twitter_card":"summary_large_image","twitter_creator":"@Notibras","twitter_site":"@Notibras","twitter_misc":{"Escrito por":"Reda\u00e7\u00e3o","Est. tempo de leitura":"5 minutos"},"schema":{"@context":"https:\/\/schema.org","@graph":[{"@type":"Article","@id":"https:\/\/www.notibras.com\/site\/guerra-da-ma-informacao-joga-culpa-da-greve-em-cima-dos-professores\/#article","isPartOf":{"@id":"https:\/\/www.notibras.com\/site\/guerra-da-ma-informacao-joga-culpa-da-greve-em-cima-dos-professores\/"},"author":{"name":"Reda\u00e7\u00e3o","@id":"https:\/\/www.notibras.com\/site\/#\/schema\/person\/36ab0979449956132d3e5b517ea76ac8"},"headline":"Guerra da m\u00e1 informa\u00e7\u00e3o joga culpa da greve em cima dos professores","datePublished":"2023-05-07T19:15:55+00:00","dateModified":"2023-05-07T19:22:04+00:00","mainEntityOfPage":{"@id":"https:\/\/www.notibras.com\/site\/guerra-da-ma-informacao-joga-culpa-da-greve-em-cima-dos-professores\/"},"wordCount":794,"publisher":{"@id":"https:\/\/www.notibras.com\/site\/#organization"},"image":{"@id":"https:\/\/www.notibras.com\/site\/guerra-da-ma-informacao-joga-culpa-da-greve-em-cima-dos-professores\/#primaryimage"},"thumbnailUrl":"https:\/\/www.notibras.com\/site\/wp-content\/uploads\/2023\/05\/reajuste-de-ibaneis-756.jpg","articleSection":["Quadradinho em Foco"],"inLanguage":"pt-BR"},{"@type":"WebPage","@id":"https:\/\/www.notibras.com\/site\/guerra-da-ma-informacao-joga-culpa-da-greve-em-cima-dos-professores\/","url":"https:\/\/www.notibras.com\/site\/guerra-da-ma-informacao-joga-culpa-da-greve-em-cima-dos-professores\/","name":"Guerra da m\u00e1 informa\u00e7\u00e3o joga culpa da greve em cima dos professores - Notibras","isPartOf":{"@id":"https:\/\/www.notibras.com\/site\/#website"},"primaryImageOfPage":{"@id":"https:\/\/www.notibras.com\/site\/guerra-da-ma-informacao-joga-culpa-da-greve-em-cima-dos-professores\/#primaryimage"},"image":{"@id":"https:\/\/www.notibras.com\/site\/guerra-da-ma-informacao-joga-culpa-da-greve-em-cima-dos-professores\/#primaryimage"},"thumbnailUrl":"https:\/\/www.notibras.com\/site\/wp-content\/uploads\/2023\/05\/reajuste-de-ibaneis-756.jpg","datePublished":"2023-05-07T19:15:55+00:00","dateModified":"2023-05-07T19:22:04+00:00","breadcrumb":{"@id":"https:\/\/www.notibras.com\/site\/guerra-da-ma-informacao-joga-culpa-da-greve-em-cima-dos-professores\/#breadcrumb"},"inLanguage":"pt-BR","potentialAction":[{"@type":"ReadAction","target":["https:\/\/www.notibras.com\/site\/guerra-da-ma-informacao-joga-culpa-da-greve-em-cima-dos-professores\/"]}]},{"@type":"ImageObject","inLanguage":"pt-BR","@id":"https:\/\/www.notibras.com\/site\/guerra-da-ma-informacao-joga-culpa-da-greve-em-cima-dos-professores\/#primaryimage","url":"https:\/\/www.notibras.com\/site\/wp-content\/uploads\/2023\/05\/reajuste-de-ibaneis-756.jpg","contentUrl":"https:\/\/www.notibras.com\/site\/wp-content\/uploads\/2023\/05\/reajuste-de-ibaneis-756.jpg","width":756,"height":425},{"@type":"BreadcrumbList","@id":"https:\/\/www.notibras.com\/site\/guerra-da-ma-informacao-joga-culpa-da-greve-em-cima-dos-professores\/#breadcrumb","itemListElement":[{"@type":"ListItem","position":1,"name":"In\u00edcio","item":"https:\/\/www.notibras.com\/site\/"},{"@type":"ListItem","position":2,"name":"Guerra da m\u00e1 informa\u00e7\u00e3o joga culpa da greve em cima dos professores"}]},{"@type":"WebSite","@id":"https:\/\/www.notibras.com\/site\/#website","url":"https:\/\/www.notibras.com\/site\/","name":"Notibras","description":"Not\u00edcias de Bras\u00edlia, do Brasil e do Mundo","publisher":{"@id":"https:\/\/www.notibras.com\/site\/#organization"},"potentialAction":[{"@type":"SearchAction","target":{"@type":"EntryPoint","urlTemplate":"https:\/\/www.notibras.com\/site\/?s={search_term_string}"},"query-input":{"@type":"PropertyValueSpecification","valueRequired":true,"valueName":"search_term_string"}}],"inLanguage":"pt-BR"},{"@type":"Organization","@id":"https:\/\/www.notibras.com\/site\/#organization","name":"Grupo Notibras de Comunica\u00e7\u00e3o","url":"https:\/\/www.notibras.com\/site\/","logo":{"@type":"ImageObject","inLanguage":"pt-BR","@id":"https:\/\/www.notibras.com\/site\/#\/schema\/logo\/image\/","url":"https:\/\/www.notibras.com\/site\/wp-content\/uploads\/2023\/01\/notibras23.png","contentUrl":"https:\/\/www.notibras.com\/site\/wp-content\/uploads\/2023\/01\/notibras23.png","width":350,"height":87,"caption":"Grupo Notibras de Comunica\u00e7\u00e3o"},"image":{"@id":"https:\/\/www.notibras.com\/site\/#\/schema\/logo\/image\/"},"sameAs":["https:\/\/www.facebook.com\/notibras\/","https:\/\/x.com\/Notibras","https:\/\/www.instagram.com\/notibras\/"]},{"@type":"Person","@id":"https:\/\/www.notibras.com\/site\/#\/schema\/person\/36ab0979449956132d3e5b517ea76ac8","name":"Reda\u00e7\u00e3o","image":{"@type":"ImageObject","inLanguage":"pt-BR","@id":"https:\/\/secure.gravatar.com\/avatar\/e0a867bdedb85fd243eadf09663511f96fc81e0720a4a42581f334ad4303aa6b?s=96&d=mm&r=g","url":"https:\/\/secure.gravatar.com\/avatar\/e0a867bdedb85fd243eadf09663511f96fc81e0720a4a42581f334ad4303aa6b?s=96&d=mm&r=g","contentUrl":"https:\/\/secure.gravatar.com\/avatar\/e0a867bdedb85fd243eadf09663511f96fc81e0720a4a42581f334ad4303aa6b?s=96&d=mm&r=g","caption":"Reda\u00e7\u00e3o"}}]}},"amp_enabled":true,"_links":{"self":[{"href":"https:\/\/www.notibras.com\/site\/wp-json\/wp\/v2\/posts\/304368","targetHints":{"allow":["GET"]}}],"collection":[{"href":"https:\/\/www.notibras.com\/site\/wp-json\/wp\/v2\/posts"}],"about":[{"href":"https:\/\/www.notibras.com\/site\/wp-json\/wp\/v2\/types\/post"}],"author":[{"embeddable":true,"href":"https:\/\/www.notibras.com\/site\/wp-json\/wp\/v2\/users\/2"}],"replies":[{"embeddable":true,"href":"https:\/\/www.notibras.com\/site\/wp-json\/wp\/v2\/comments?post=304368"}],"version-history":[{"count":5,"href":"https:\/\/www.notibras.com\/site\/wp-json\/wp\/v2\/posts\/304368\/revisions"}],"predecessor-version":[{"id":304374,"href":"https:\/\/www.notibras.com\/site\/wp-json\/wp\/v2\/posts\/304368\/revisions\/304374"}],"wp:featuredmedia":[{"embeddable":true,"href":"https:\/\/www.notibras.com\/site\/wp-json\/wp\/v2\/media\/304369"}],"wp:attachment":[{"href":"https:\/\/www.notibras.com\/site\/wp-json\/wp\/v2\/media?parent=304368"}],"wp:term":[{"taxonomy":"category","embeddable":true,"href":"https:\/\/www.notibras.com\/site\/wp-json\/wp\/v2\/categories?post=304368"},{"taxonomy":"post_tag","embeddable":true,"href":"https:\/\/www.notibras.com\/site\/wp-json\/wp\/v2\/tags?post=304368"}],"curies":[{"name":"wp","href":"https:\/\/api.w.org\/{rel}","templated":true}]}}