{"id":304430,"date":"2023-05-08T08:23:09","date_gmt":"2023-05-08T11:23:09","guid":{"rendered":"https:\/\/www.notibras.com\/site\/?p=304430"},"modified":"2023-05-08T08:23:09","modified_gmt":"2023-05-08T11:23:09","slug":"professor-encara-buriti-e-justica-e-mantem-greve","status":"publish","type":"post","link":"https:\/\/www.notibras.com\/site\/professor-encara-buriti-e-justica-e-mantem-greve\/","title":{"rendered":"Professor encara Buriti e Justi\u00e7a e mant\u00e9m greve"},"content":{"rendered":"<p>O Sinpro decidiu recorrer da decis\u00e3o do desembargador Roberto Freitas Filho, que determinou, em medida cautelar, que os professores suspendam a greve iniciada na \u00faltima quinta-feira. O sindicato n\u00e3o foi notificado judicialmente da decis\u00e3o at\u00e9 a noite de domingo, 7. A categoria, revoltada com o governo, que vem lhe dando as costas, divulgou nota em que conta toda a verdade. Veja:<\/p>\n<p><em>O desembargador se apoiou na alega\u00e7\u00e3o do GDF de que as negocia\u00e7\u00f5es n\u00e3o estariam conclu\u00eddas, ignorando o fato de que o Sinpro protocolou sete of\u00edcios solicitando audi\u00eancia s\u00f3 em 2023, mas n\u00e3o foi recebido pelo governador \u2013 o que mostra que n\u00e3o havia negocia\u00e7\u00e3o em curso.<\/em><\/p>\n<p><em>Na ilegalidade, est\u00e1 o governador Ibaneis Rocha, que n\u00e3o cumpre a Lei do Piso Nacional do Magist\u00e9rio, nem a meta 17 do Plano Distrital de Educa\u00e7\u00e3o.<\/em><\/p>\n<p><em>O tratamento truculento que o governador Ibaneis dispensa \u00e0 nossa categoria n\u00e3o \u00e9 in\u00e9dito. Seu governo tem sido marcado por imposi\u00e7\u00f5es e pela aus\u00eancia de di\u00e1logo. E, mesmo diante dessa hostilidade, enquanto enfrentamos 8 anos de congelamento salarial e a degrada\u00e7\u00e3o crescente das nossas condi\u00e7\u00f5es de trabalho, esta \u00e9 a primeira vez em quatro anos e meio de governo Ibaneis que a categoria recorre \u00e0 greve como ferramenta para fazer com que o governador ou\u00e7a as nossas reivindica\u00e7\u00f5es.<\/em><\/p>\n<p><em>Entretanto, ao contr\u00e1rio do que fizeram todos os demais governadores, que negociaram com a categoria em greve, Ibaneis, mais uma vez, exime-se de sua responsabilidade e se dirige \u00e0 Justi\u00e7a para n\u00e3o ter que negociar. Ele inclui no processo, inclusive, mais um elemento de coa\u00e7\u00e3o, ao executar a cobran\u00e7a de uma multa de R$ 3 milh\u00f5es, referente \u00e0 \u00faltima greve de professores(as) e orientadores(as) educacionais, em 2017 \u2013 multa essa ainda n\u00e3o consolidada, pois pendente de julgamento.<\/em><\/p>\n<p><em>Por todas as justificativas elencadas acima, por entender que a greve \u00e9 justa e que a sa\u00edda para ela est\u00e1 nas m\u00e3os do governador Ibaneis, o Sinpro-DF recorrer\u00e1 da decis\u00e3o do desembargador Roberto Freitas Filho.<\/em><\/p>\n<p><em>O Comando de Greve reafirma que quem define o fim da greve n\u00e3o \u00e9 o poder executivo nem o poder judici\u00e1rio, mas sim, os trabalhadores e trabalhadoras reunidos em sua assembleia geral.<\/em><\/p>\n<p><em>Portanto, o calend\u00e1rio de mobiliza\u00e7\u00e3o est\u00e1 mantido. De segunda a quarta, teremos nossos piquetes; \u00e0s 16h de segunda-feira faremos faixa\u00e7o e panfletagem na Rodovi\u00e1ria do Plano Piloto; e o Comando de Greve voltar\u00e1 a se reunir na noite de quarta-feira. Na quinta-feira, 11 de maio, \u00e0s 9h30, acontecer\u00e1 nossa pr\u00f3xima assembleia geral. O local ser\u00e1 divulgado em breve.<\/em><\/p>\n","protected":false},"excerpt":{"rendered":"<p>O Sinpro decidiu recorrer da decis\u00e3o do desembargador Roberto Freitas Filho, que determinou, em medida cautelar, que os professores suspendam a greve iniciada na \u00faltima quinta-feira. O sindicato n\u00e3o foi notificado judicialmente da decis\u00e3o at\u00e9 a noite de domingo, 7. A categoria, revoltada com o governo, que vem lhe dando as costas, divulgou nota em [&hellip;]<\/p>\n","protected":false},"author":2,"featured_media":304431,"comment_status":"closed","ping_status":"closed","sticky":false,"template":"","format":"standard","meta":{"_acf_changed":false,"footnotes":""},"categories":[161],"tags":[],"class_list":["post-304430","post","type-post","status-publish","format-standard","has-post-thumbnail","hentry","category-quadradinho-em-foco"],"acf":[],"yoast_head":"<!-- This site is optimized with the Yoast SEO plugin v27.2 - https:\/\/yoast.com\/product\/yoast-seo-wordpress\/ -->\n<title>Professor encara Buriti e Justi\u00e7a e mant\u00e9m greve - Notibras<\/title>\n<meta name=\"robots\" content=\"index, follow, max-snippet:-1, max-image-preview:large, max-video-preview:-1\" \/>\n<link rel=\"canonical\" href=\"https:\/\/www.notibras.com\/site\/professor-encara-buriti-e-justica-e-mantem-greve\/\" \/>\n<meta property=\"og:locale\" content=\"pt_BR\" \/>\n<meta property=\"og:type\" content=\"article\" \/>\n<meta property=\"og:title\" content=\"Professor encara Buriti e Justi\u00e7a e mant\u00e9m greve - Notibras\" \/>\n<meta property=\"og:description\" content=\"O Sinpro decidiu recorrer da decis\u00e3o do desembargador Roberto Freitas Filho, que determinou, em medida cautelar, que os professores suspendam a greve iniciada na \u00faltima quinta-feira. O sindicato n\u00e3o foi notificado judicialmente da decis\u00e3o at\u00e9 a noite de domingo, 7. A categoria, revoltada com o governo, que vem lhe dando as costas, divulgou nota em [&hellip;]\" \/>\n<meta property=\"og:url\" content=\"https:\/\/www.notibras.com\/site\/professor-encara-buriti-e-justica-e-mantem-greve\/\" \/>\n<meta property=\"og:site_name\" content=\"Notibras\" \/>\n<meta property=\"article:publisher\" content=\"https:\/\/www.facebook.com\/notibras\/\" \/>\n<meta property=\"article:published_time\" content=\"2023-05-08T11:23:09+00:00\" \/>\n<meta property=\"og:image\" content=\"https:\/\/www.notibras.com\/site\/wp-content\/uploads\/2023\/05\/e37a673c-f0f3-4191-85bb-30cc508a0e0a.jpg\" \/>\n\t<meta property=\"og:image:width\" content=\"1280\" \/>\n\t<meta property=\"og:image:height\" content=\"720\" \/>\n\t<meta property=\"og:image:type\" content=\"image\/jpeg\" \/>\n<meta name=\"author\" content=\"Reda\u00e7\u00e3o\" \/>\n<meta name=\"twitter:card\" content=\"summary_large_image\" \/>\n<meta name=\"twitter:creator\" content=\"@Notibras\" \/>\n<meta name=\"twitter:site\" content=\"@Notibras\" \/>\n<meta name=\"twitter:label1\" content=\"Escrito por\" \/>\n\t<meta name=\"twitter:data1\" content=\"Reda\u00e7\u00e3o\" \/>\n\t<meta name=\"twitter:label2\" content=\"Est. tempo de leitura\" \/>\n\t<meta name=\"twitter:data2\" content=\"3 minutos\" \/>\n<script type=\"application\/ld+json\" class=\"yoast-schema-graph\">{\"@context\":\"https:\/\/schema.org\",\"@graph\":[{\"@type\":\"Article\",\"@id\":\"https:\/\/www.notibras.com\/site\/professor-encara-buriti-e-justica-e-mantem-greve\/#article\",\"isPartOf\":{\"@id\":\"https:\/\/www.notibras.com\/site\/professor-encara-buriti-e-justica-e-mantem-greve\/\"},\"author\":{\"name\":\"Reda\u00e7\u00e3o\",\"@id\":\"https:\/\/www.notibras.com\/site\/#\/schema\/person\/36ab0979449956132d3e5b517ea76ac8\"},\"headline\":\"Professor encara Buriti e Justi\u00e7a e mant\u00e9m greve\",\"datePublished\":\"2023-05-08T11:23:09+00:00\",\"mainEntityOfPage\":{\"@id\":\"https:\/\/www.notibras.com\/site\/professor-encara-buriti-e-justica-e-mantem-greve\/\"},\"wordCount\":449,\"publisher\":{\"@id\":\"https:\/\/www.notibras.com\/site\/#organization\"},\"image\":{\"@id\":\"https:\/\/www.notibras.com\/site\/professor-encara-buriti-e-justica-e-mantem-greve\/#primaryimage\"},\"thumbnailUrl\":\"https:\/\/www.notibras.com\/site\/wp-content\/uploads\/2023\/05\/e37a673c-f0f3-4191-85bb-30cc508a0e0a.jpg\",\"articleSection\":[\"Quadradinho em Foco\"],\"inLanguage\":\"pt-BR\"},{\"@type\":\"WebPage\",\"@id\":\"https:\/\/www.notibras.com\/site\/professor-encara-buriti-e-justica-e-mantem-greve\/\",\"url\":\"https:\/\/www.notibras.com\/site\/professor-encara-buriti-e-justica-e-mantem-greve\/\",\"name\":\"Professor encara Buriti e Justi\u00e7a e mant\u00e9m greve - Notibras\",\"isPartOf\":{\"@id\":\"https:\/\/www.notibras.com\/site\/#website\"},\"primaryImageOfPage\":{\"@id\":\"https:\/\/www.notibras.com\/site\/professor-encara-buriti-e-justica-e-mantem-greve\/#primaryimage\"},\"image\":{\"@id\":\"https:\/\/www.notibras.com\/site\/professor-encara-buriti-e-justica-e-mantem-greve\/#primaryimage\"},\"thumbnailUrl\":\"https:\/\/www.notibras.com\/site\/wp-content\/uploads\/2023\/05\/e37a673c-f0f3-4191-85bb-30cc508a0e0a.jpg\",\"datePublished\":\"2023-05-08T11:23:09+00:00\",\"breadcrumb\":{\"@id\":\"https:\/\/www.notibras.com\/site\/professor-encara-buriti-e-justica-e-mantem-greve\/#breadcrumb\"},\"inLanguage\":\"pt-BR\",\"potentialAction\":[{\"@type\":\"ReadAction\",\"target\":[\"https:\/\/www.notibras.com\/site\/professor-encara-buriti-e-justica-e-mantem-greve\/\"]}]},{\"@type\":\"ImageObject\",\"inLanguage\":\"pt-BR\",\"@id\":\"https:\/\/www.notibras.com\/site\/professor-encara-buriti-e-justica-e-mantem-greve\/#primaryimage\",\"url\":\"https:\/\/www.notibras.com\/site\/wp-content\/uploads\/2023\/05\/e37a673c-f0f3-4191-85bb-30cc508a0e0a.jpg\",\"contentUrl\":\"https:\/\/www.notibras.com\/site\/wp-content\/uploads\/2023\/05\/e37a673c-f0f3-4191-85bb-30cc508a0e0a.jpg\",\"width\":1280,\"height\":720},{\"@type\":\"BreadcrumbList\",\"@id\":\"https:\/\/www.notibras.com\/site\/professor-encara-buriti-e-justica-e-mantem-greve\/#breadcrumb\",\"itemListElement\":[{\"@type\":\"ListItem\",\"position\":1,\"name\":\"In\u00edcio\",\"item\":\"https:\/\/www.notibras.com\/site\/\"},{\"@type\":\"ListItem\",\"position\":2,\"name\":\"Professor encara Buriti e Justi\u00e7a e mant\u00e9m greve\"}]},{\"@type\":\"WebSite\",\"@id\":\"https:\/\/www.notibras.com\/site\/#website\",\"url\":\"https:\/\/www.notibras.com\/site\/\",\"name\":\"Notibras\",\"description\":\"Not\u00edcias de Bras\u00edlia, do Brasil e do Mundo\",\"publisher\":{\"@id\":\"https:\/\/www.notibras.com\/site\/#organization\"},\"potentialAction\":[{\"@type\":\"SearchAction\",\"target\":{\"@type\":\"EntryPoint\",\"urlTemplate\":\"https:\/\/www.notibras.com\/site\/?s={search_term_string}\"},\"query-input\":{\"@type\":\"PropertyValueSpecification\",\"valueRequired\":true,\"valueName\":\"search_term_string\"}}],\"inLanguage\":\"pt-BR\"},{\"@type\":\"Organization\",\"@id\":\"https:\/\/www.notibras.com\/site\/#organization\",\"name\":\"Grupo Notibras de Comunica\u00e7\u00e3o\",\"url\":\"https:\/\/www.notibras.com\/site\/\",\"logo\":{\"@type\":\"ImageObject\",\"inLanguage\":\"pt-BR\",\"@id\":\"https:\/\/www.notibras.com\/site\/#\/schema\/logo\/image\/\",\"url\":\"https:\/\/www.notibras.com\/site\/wp-content\/uploads\/2023\/01\/notibras23.png\",\"contentUrl\":\"https:\/\/www.notibras.com\/site\/wp-content\/uploads\/2023\/01\/notibras23.png\",\"width\":350,\"height\":87,\"caption\":\"Grupo Notibras de Comunica\u00e7\u00e3o\"},\"image\":{\"@id\":\"https:\/\/www.notibras.com\/site\/#\/schema\/logo\/image\/\"},\"sameAs\":[\"https:\/\/www.facebook.com\/notibras\/\",\"https:\/\/x.com\/Notibras\",\"https:\/\/www.instagram.com\/notibras\/\"]},{\"@type\":\"Person\",\"@id\":\"https:\/\/www.notibras.com\/site\/#\/schema\/person\/36ab0979449956132d3e5b517ea76ac8\",\"name\":\"Reda\u00e7\u00e3o\",\"image\":{\"@type\":\"ImageObject\",\"inLanguage\":\"pt-BR\",\"@id\":\"https:\/\/secure.gravatar.com\/avatar\/e0a867bdedb85fd243eadf09663511f96fc81e0720a4a42581f334ad4303aa6b?s=96&d=mm&r=g\",\"url\":\"https:\/\/secure.gravatar.com\/avatar\/e0a867bdedb85fd243eadf09663511f96fc81e0720a4a42581f334ad4303aa6b?s=96&d=mm&r=g\",\"contentUrl\":\"https:\/\/secure.gravatar.com\/avatar\/e0a867bdedb85fd243eadf09663511f96fc81e0720a4a42581f334ad4303aa6b?s=96&d=mm&r=g\",\"caption\":\"Reda\u00e7\u00e3o\"}}]}<\/script>\n<!-- \/ Yoast SEO plugin. -->","yoast_head_json":{"title":"Professor encara Buriti e Justi\u00e7a e mant\u00e9m greve - Notibras","robots":{"index":"index","follow":"follow","max-snippet":"max-snippet:-1","max-image-preview":"max-image-preview:large","max-video-preview":"max-video-preview:-1"},"canonical":"https:\/\/www.notibras.com\/site\/professor-encara-buriti-e-justica-e-mantem-greve\/","og_locale":"pt_BR","og_type":"article","og_title":"Professor encara Buriti e Justi\u00e7a e mant\u00e9m greve - Notibras","og_description":"O Sinpro decidiu recorrer da decis\u00e3o do desembargador Roberto Freitas Filho, que determinou, em medida cautelar, que os professores suspendam a greve iniciada na \u00faltima quinta-feira. O sindicato n\u00e3o foi notificado judicialmente da decis\u00e3o at\u00e9 a noite de domingo, 7. A categoria, revoltada com o governo, que vem lhe dando as costas, divulgou nota em [&hellip;]","og_url":"https:\/\/www.notibras.com\/site\/professor-encara-buriti-e-justica-e-mantem-greve\/","og_site_name":"Notibras","article_publisher":"https:\/\/www.facebook.com\/notibras\/","article_published_time":"2023-05-08T11:23:09+00:00","og_image":[{"width":1280,"height":720,"url":"https:\/\/www.notibras.com\/site\/wp-content\/uploads\/2023\/05\/e37a673c-f0f3-4191-85bb-30cc508a0e0a.jpg","type":"image\/jpeg"}],"author":"Reda\u00e7\u00e3o","twitter_card":"summary_large_image","twitter_creator":"@Notibras","twitter_site":"@Notibras","twitter_misc":{"Escrito por":"Reda\u00e7\u00e3o","Est. tempo de leitura":"3 minutos"},"schema":{"@context":"https:\/\/schema.org","@graph":[{"@type":"Article","@id":"https:\/\/www.notibras.com\/site\/professor-encara-buriti-e-justica-e-mantem-greve\/#article","isPartOf":{"@id":"https:\/\/www.notibras.com\/site\/professor-encara-buriti-e-justica-e-mantem-greve\/"},"author":{"name":"Reda\u00e7\u00e3o","@id":"https:\/\/www.notibras.com\/site\/#\/schema\/person\/36ab0979449956132d3e5b517ea76ac8"},"headline":"Professor encara Buriti e Justi\u00e7a e mant\u00e9m greve","datePublished":"2023-05-08T11:23:09+00:00","mainEntityOfPage":{"@id":"https:\/\/www.notibras.com\/site\/professor-encara-buriti-e-justica-e-mantem-greve\/"},"wordCount":449,"publisher":{"@id":"https:\/\/www.notibras.com\/site\/#organization"},"image":{"@id":"https:\/\/www.notibras.com\/site\/professor-encara-buriti-e-justica-e-mantem-greve\/#primaryimage"},"thumbnailUrl":"https:\/\/www.notibras.com\/site\/wp-content\/uploads\/2023\/05\/e37a673c-f0f3-4191-85bb-30cc508a0e0a.jpg","articleSection":["Quadradinho em Foco"],"inLanguage":"pt-BR"},{"@type":"WebPage","@id":"https:\/\/www.notibras.com\/site\/professor-encara-buriti-e-justica-e-mantem-greve\/","url":"https:\/\/www.notibras.com\/site\/professor-encara-buriti-e-justica-e-mantem-greve\/","name":"Professor encara Buriti e Justi\u00e7a e mant\u00e9m greve - Notibras","isPartOf":{"@id":"https:\/\/www.notibras.com\/site\/#website"},"primaryImageOfPage":{"@id":"https:\/\/www.notibras.com\/site\/professor-encara-buriti-e-justica-e-mantem-greve\/#primaryimage"},"image":{"@id":"https:\/\/www.notibras.com\/site\/professor-encara-buriti-e-justica-e-mantem-greve\/#primaryimage"},"thumbnailUrl":"https:\/\/www.notibras.com\/site\/wp-content\/uploads\/2023\/05\/e37a673c-f0f3-4191-85bb-30cc508a0e0a.jpg","datePublished":"2023-05-08T11:23:09+00:00","breadcrumb":{"@id":"https:\/\/www.notibras.com\/site\/professor-encara-buriti-e-justica-e-mantem-greve\/#breadcrumb"},"inLanguage":"pt-BR","potentialAction":[{"@type":"ReadAction","target":["https:\/\/www.notibras.com\/site\/professor-encara-buriti-e-justica-e-mantem-greve\/"]}]},{"@type":"ImageObject","inLanguage":"pt-BR","@id":"https:\/\/www.notibras.com\/site\/professor-encara-buriti-e-justica-e-mantem-greve\/#primaryimage","url":"https:\/\/www.notibras.com\/site\/wp-content\/uploads\/2023\/05\/e37a673c-f0f3-4191-85bb-30cc508a0e0a.jpg","contentUrl":"https:\/\/www.notibras.com\/site\/wp-content\/uploads\/2023\/05\/e37a673c-f0f3-4191-85bb-30cc508a0e0a.jpg","width":1280,"height":720},{"@type":"BreadcrumbList","@id":"https:\/\/www.notibras.com\/site\/professor-encara-buriti-e-justica-e-mantem-greve\/#breadcrumb","itemListElement":[{"@type":"ListItem","position":1,"name":"In\u00edcio","item":"https:\/\/www.notibras.com\/site\/"},{"@type":"ListItem","position":2,"name":"Professor encara Buriti e Justi\u00e7a e mant\u00e9m greve"}]},{"@type":"WebSite","@id":"https:\/\/www.notibras.com\/site\/#website","url":"https:\/\/www.notibras.com\/site\/","name":"Notibras","description":"Not\u00edcias de Bras\u00edlia, do Brasil e do Mundo","publisher":{"@id":"https:\/\/www.notibras.com\/site\/#organization"},"potentialAction":[{"@type":"SearchAction","target":{"@type":"EntryPoint","urlTemplate":"https:\/\/www.notibras.com\/site\/?s={search_term_string}"},"query-input":{"@type":"PropertyValueSpecification","valueRequired":true,"valueName":"search_term_string"}}],"inLanguage":"pt-BR"},{"@type":"Organization","@id":"https:\/\/www.notibras.com\/site\/#organization","name":"Grupo Notibras de Comunica\u00e7\u00e3o","url":"https:\/\/www.notibras.com\/site\/","logo":{"@type":"ImageObject","inLanguage":"pt-BR","@id":"https:\/\/www.notibras.com\/site\/#\/schema\/logo\/image\/","url":"https:\/\/www.notibras.com\/site\/wp-content\/uploads\/2023\/01\/notibras23.png","contentUrl":"https:\/\/www.notibras.com\/site\/wp-content\/uploads\/2023\/01\/notibras23.png","width":350,"height":87,"caption":"Grupo Notibras de Comunica\u00e7\u00e3o"},"image":{"@id":"https:\/\/www.notibras.com\/site\/#\/schema\/logo\/image\/"},"sameAs":["https:\/\/www.facebook.com\/notibras\/","https:\/\/x.com\/Notibras","https:\/\/www.instagram.com\/notibras\/"]},{"@type":"Person","@id":"https:\/\/www.notibras.com\/site\/#\/schema\/person\/36ab0979449956132d3e5b517ea76ac8","name":"Reda\u00e7\u00e3o","image":{"@type":"ImageObject","inLanguage":"pt-BR","@id":"https:\/\/secure.gravatar.com\/avatar\/e0a867bdedb85fd243eadf09663511f96fc81e0720a4a42581f334ad4303aa6b?s=96&d=mm&r=g","url":"https:\/\/secure.gravatar.com\/avatar\/e0a867bdedb85fd243eadf09663511f96fc81e0720a4a42581f334ad4303aa6b?s=96&d=mm&r=g","contentUrl":"https:\/\/secure.gravatar.com\/avatar\/e0a867bdedb85fd243eadf09663511f96fc81e0720a4a42581f334ad4303aa6b?s=96&d=mm&r=g","caption":"Reda\u00e7\u00e3o"}}]}},"amp_enabled":true,"_links":{"self":[{"href":"https:\/\/www.notibras.com\/site\/wp-json\/wp\/v2\/posts\/304430","targetHints":{"allow":["GET"]}}],"collection":[{"href":"https:\/\/www.notibras.com\/site\/wp-json\/wp\/v2\/posts"}],"about":[{"href":"https:\/\/www.notibras.com\/site\/wp-json\/wp\/v2\/types\/post"}],"author":[{"embeddable":true,"href":"https:\/\/www.notibras.com\/site\/wp-json\/wp\/v2\/users\/2"}],"replies":[{"embeddable":true,"href":"https:\/\/www.notibras.com\/site\/wp-json\/wp\/v2\/comments?post=304430"}],"version-history":[{"count":1,"href":"https:\/\/www.notibras.com\/site\/wp-json\/wp\/v2\/posts\/304430\/revisions"}],"predecessor-version":[{"id":304432,"href":"https:\/\/www.notibras.com\/site\/wp-json\/wp\/v2\/posts\/304430\/revisions\/304432"}],"wp:featuredmedia":[{"embeddable":true,"href":"https:\/\/www.notibras.com\/site\/wp-json\/wp\/v2\/media\/304431"}],"wp:attachment":[{"href":"https:\/\/www.notibras.com\/site\/wp-json\/wp\/v2\/media?parent=304430"}],"wp:term":[{"taxonomy":"category","embeddable":true,"href":"https:\/\/www.notibras.com\/site\/wp-json\/wp\/v2\/categories?post=304430"},{"taxonomy":"post_tag","embeddable":true,"href":"https:\/\/www.notibras.com\/site\/wp-json\/wp\/v2\/tags?post=304430"}],"curies":[{"name":"wp","href":"https:\/\/api.w.org\/{rel}","templated":true}]}}