{"id":304437,"date":"2023-05-08T13:16:17","date_gmt":"2023-05-08T16:16:17","guid":{"rendered":"https:\/\/www.notibras.com\/site\/?p=304437"},"modified":"2023-05-08T13:16:56","modified_gmt":"2023-05-08T16:16:56","slug":"schmidt-que-fez-para-jk-o-famoso-50-anos-em-5","status":"publish","type":"post","link":"https:\/\/www.notibras.com\/site\/schmidt-que-fez-para-jk-o-famoso-50-anos-em-5\/","title":{"rendered":"Schmidt, que criou para JK o famoso 50 anos em 5"},"content":{"rendered":"<p>Folheando aleatoriamente a colet\u00e2nea de cr\u00f4nicas \u201cAs Florestas\u201d, de Augusto Frederico Schmidt, me deparo em mais de uma ocasi\u00e3o com a preocupa\u00e7\u00e3o do poeta quanto \u00e0 mem\u00f3ria e sobre quem se lembrar\u00e1 dele anos ap\u00f3s seu desaparecimento deste mundo. Schmidt nasceu no Rio de Janeiro, em 18 de abril de 1906. Na inf\u00e2ncia, morou na Su\u00ed\u00e7a, onde seus pais andavam \u00e0s voltas com tratamentos contra a tuberculose.<\/p>\n<p>Morto seu pai, a fam\u00edlia regressou ao Brasil, onde Schmidt teve uma vida modesta, residindo na Boca do Mato, estudou no internato do Granbery, em Juiz de Fora, Minas Gerais e, afinal, fixou-se com a m\u00e3e e os av\u00f3s em Copacabana. Foi caixeiro em loja de tecidos e gerente de serraria em Nova Igua\u00e7u, sempre demonstrando muito talento para os neg\u00f3cios.<\/p>\n<p>Embora n\u00e3o tenha pertencido exatamente a nenhum grupo em seu tempo de juventude, hoje \u00e9 classificado como poeta da segunda gera\u00e7\u00e3o do Modernismo. Al\u00e9m de versos, fazia pol\u00edtica (boa pol\u00edtica, diga-se de passagem), e foi muito pr\u00f3ximo de JK durante seu governo e ap\u00f3s ele. Como autor dos discursos presidenciais, atribui-se a Schmidt a cria\u00e7\u00e3o do lema de governo, \u201c50 anos em 5\u201d. No per\u00edodo, foi embaixador do Brasil perante a comunidade europeia, e criou a Opera\u00e7\u00e3o Panamericana, com o objetivo de promover o desenvolvimento econ\u00f4mico dos pa\u00edses da Am\u00e9rica Latina.<\/p>\n<p>Outra coisa que o poeta fez foi sucesso no mundo empresarial e das finan\u00e7as, tendo sido presidente do conselho de importante ind\u00fastria qu\u00edmica e o respons\u00e1vel por trazer ao Brasil o conceito de supermercado com autosservi\u00e7o, algo que conheceu nos Estados Unidos, fundando entre n\u00f3s os supermercados Disco, no ent\u00e3o Estado da Guanabara.<\/p>\n<p>Como cronista, Schmidt reproduziu em v\u00e1rios jornais e revistas a tem\u00e1tica de sua lira: as pessoas ausentes, o amor de outrora, a morte, a solid\u00e3o, a finitude da vida. Sempre em tom melanc\u00f3lico e saudoso, Manuel Bandeira, seu amigo de longa data, atribu\u00eda aos seus poemas uma dimens\u00e3o b\u00edblica e prof\u00e9tica, embora dissesse que o amigo jamais houvesse tido a virtude de fazer um soneto dentro da m\u00e9trica.<\/p>\n<p>Foi esse mesmo Bandeira que, num ver\u00e3o carioca nos anos 20, aconselhava a Schmidt, suarento e desajeitado dentro de um terno modesto, com o colarinho aberto, fazer regime para perder peso e, assim, ter o sucesso com mulheres que invejava em seus amigos.<\/p>\n<p>Al\u00e9m de Bandeira, Schmidt teve muitos outros amigos literatos, e era sempre generoso e gentil com eles. Paulo Mendes Campos conta sobre quando o viu pela primeira vez. Depois de longa amizade epistolar, o escritor mineiro foi ao Rio para uma olimp\u00edada universit\u00e1ria. Estando num bar com colegas, telefonou a Schmidt, que logo chegou a bordo de um autom\u00f3vel fabuloso, vestindo um elegante terno azul com um cravo vermelho na lapela. Pediu ao gar\u00e7om um complicado sorvete e discorreu por meia hora sobre futebol para o ent\u00e3o jovem Campos e seus acompanhantes.<\/p>\n<p>O mesmo escritor relata que, quando da visita de Pablo Neruda ao Brasil em 1945, o grupo de amigos que o acompanhavam pela noite do Rio inclu\u00eda Schmidt. No final, o poeta convidou a todos para que subissem ao seu apartamento, num andar da rua Paula Freitas, em Copacabana, e l\u00e1 explorassem sua variada adega. Campos se recorda de Schmidt comendo uma tangerina, perguntando a Neruda, que sorvia um fino vinho franc\u00eas, se, no mundo de amanh\u00e3, seria dado a todos beber um vinho como aquele, ao que o chileno respondeu, com sua poderosa e firme voz, \u201csi, ciertamente\u201d.<\/p>\n<p>Por curto per\u00edodo, Schmidt teve uma editora com seu nome, a qual foi respons\u00e1vel por lan\u00e7ar obras cl\u00e1ssicas da literatura nacional, como \u201cCasa Grande e Senzala\u201d, de Gilberto Freyre, \u201cCaminho para a dist\u00e2ncia\u201d, de Vinicius de Moraes, e \u201cCaet\u00e9s\u201d, de Graciliano Ramos. Ao ser apresentado a Vinicius por um amigo em comum para negociar a publica\u00e7\u00e3o da obra, Schmidt olhou-o de cima a baixo e disse \u201cmas \u00e9 uma crian\u00e7a&#8230;\u201d Vinicius ficou ofendido com a desconfian\u00e7a, mas logo formou-se entre ambos uma grande amizade que durou toda a vida. No fim dos anos 70, Vinicius, conversando com Jo\u00e3o Cond\u00e9, colunista e rep\u00f3rter, disse: \u201cpoeta mesmo foi o Schmidt.\u201d<\/p>\n<p>Schmidt amou v\u00e1rias mulheres e casou-se com Yedda Lemos, sobrinha de Jayme Ovalle, em 1936. Em alguns poemas, demonstra a tristeza por n\u00e3o ter tido filhos, falando sobre o ber\u00e7o vazio e sobre os seus tra\u00e7os que ningu\u00e9m herdou. Numa de suas cr\u00f4nicas, relata haver invejado uma cena vista de seu apartamento, observando a janela da habita\u00e7\u00e3o vizinha. No outro lado da rua, num andar mais baixo, o filho se preparava para dormir quando foi abra\u00e7ar o pai. E ele sentiu que aquele homem era o mais rico dentre todos os homens, pois ganhava o afeto de seu filho.<\/p>\n<p>Durante o invent\u00e1rio de Dona Yedda, no entanto, acabou aparecendo contra o esp\u00f3lio uma reivindica\u00e7\u00e3o de paternidade por parte da filha de uma ex-empregada de importante jornalista e colunista social carioca. Talvez os tra\u00e7os do poeta tenham, sim, sido passados para a posteridade, atrav\u00e9s de uma filha com a qual ele n\u00e3o conviveu&#8230; O assunto est\u00e1 sendo tratado pelos tribunais.<\/p>\n<p>O poeta, sempre gordo e sempre de \u00f3culos, por muitos anos teve um galo de estima\u00e7\u00e3o. Um galo branco, enorme, hier\u00e1tico, misterioso, sempre a espreitar no escuro quando, antes da hora da alba, o homem de neg\u00f3cios misturado ao escritor j\u00e1 perambulava pelo apartamento pronto a escrever e pensar o bem do Brasil, que desejava ver independente e desenvolvido. Morreu triste com a situa\u00e7\u00e3o do pa\u00eds, num abafado dia de ver\u00e3o, em 8 de fevereiro de 1965, e seu corpo est\u00e1 sepultado no cemit\u00e9rio S\u00e3o Jo\u00e3o Batista. Pouco tempo depois, foi homenageado pelo governo da Guanabara, tendo o viaduto pr\u00f3ximo do Corte do Cantagalo recebido seu nome, bem como uma escola municipal no Engenho de Dentro.<\/p>\n<p>\u00c9 esparsa a literatura existente sobre Augusto Frederico Schmidt nos dias de hoje. Penso que o mercado editorial brasileiro est\u00e1 devendo uma boa reedi\u00e7\u00e3o de suas obras po\u00e9ticas, que poderiam ser negociadas com a Funda\u00e7\u00e3o Yedda e Augusto Frederico Schmidt, detentora dos direitos, reunidas pela \u00faltima vez em volume \u00fanico em 1996.<\/p>\n<p>Uma biografia romanceada e algumas colet\u00e2neas de prosa foram lan\u00e7adas h\u00e1 alguns anos, aproveitando o retorno de seu nome \u00e0 m\u00eddia quando a <em>Rede Globo<\/em> lan\u00e7ou a miniss\u00e9rie \u201c<em>JK<\/em>\u201d, em 2006, na qual Schmidt foi belamente interpretado por Ant\u00f4nio Calloni. S\u00f3 a vida do poeta daria um filme. O jornalista Waldir Ribeiro do Val, secret\u00e1rio e revisor de Schmidt por alguns anos, \u00e9 autor da excelente obra \u201c<em>Vida e Poesia de Augusto Frederico Schmidt<\/em>\u201d, de 2020.<\/p>\n<p>Estamos em 2023, e a preocupa\u00e7\u00e3o do poeta de n\u00e3o ser esquecido felizmente jamais se concretizou. Ele continua vivo, sendo lembrado, sendo lido por v\u00e1rios admiradores seus que levar\u00e3o ao futuro versos como \u201c<em>se os meus l\u00e1bios de morto se abrissem\/permitindo que a minha voz de morto despertasse\/que as minhas m\u00e3os de morto retomassem a for\u00e7a perdida\/poderia ent\u00e3o partir\/daquilo que fui\/o grito de alerta\/o grito de espanto\/o apelo \u00e0 vida\/de quem se afogou\/nas mesmas \u00e1guas\/em que o Deus da miseric\u00f3rdia caminhou tranquilo.<\/em>\u201d<\/p>\n","protected":false},"excerpt":{"rendered":"<p>Folheando aleatoriamente a colet\u00e2nea de cr\u00f4nicas \u201cAs Florestas\u201d, de Augusto Frederico Schmidt, me deparo em mais de uma ocasi\u00e3o com a preocupa\u00e7\u00e3o do poeta quanto \u00e0 mem\u00f3ria e sobre quem se lembrar\u00e1 dele anos ap\u00f3s seu desaparecimento deste mundo. Schmidt nasceu no Rio de Janeiro, em 18 de abril de 1906. Na inf\u00e2ncia, morou na [&hellip;]<\/p>\n","protected":false},"author":2,"featured_media":304438,"comment_status":"closed","ping_status":"closed","sticky":false,"template":"","format":"standard","meta":{"_acf_changed":false,"footnotes":""},"categories":[161],"tags":[],"class_list":["post-304437","post","type-post","status-publish","format-standard","has-post-thumbnail","hentry","category-quadradinho-em-foco"],"acf":[],"yoast_head":"<!-- This site is optimized with the Yoast SEO plugin v27.2 - https:\/\/yoast.com\/product\/yoast-seo-wordpress\/ -->\n<title>Schmidt, que criou para JK o famoso 50 anos em 5 - Notibras<\/title>\n<meta name=\"robots\" content=\"index, follow, max-snippet:-1, max-image-preview:large, max-video-preview:-1\" \/>\n<link rel=\"canonical\" href=\"https:\/\/www.notibras.com\/site\/schmidt-que-fez-para-jk-o-famoso-50-anos-em-5\/\" \/>\n<meta property=\"og:locale\" content=\"pt_BR\" \/>\n<meta property=\"og:type\" content=\"article\" \/>\n<meta property=\"og:title\" content=\"Schmidt, que criou para JK o famoso 50 anos em 5 - Notibras\" \/>\n<meta property=\"og:description\" content=\"Folheando aleatoriamente a colet\u00e2nea de cr\u00f4nicas \u201cAs Florestas\u201d, de Augusto Frederico Schmidt, me deparo em mais de uma ocasi\u00e3o com a preocupa\u00e7\u00e3o do poeta quanto \u00e0 mem\u00f3ria e sobre quem se lembrar\u00e1 dele anos ap\u00f3s seu desaparecimento deste mundo. Schmidt nasceu no Rio de Janeiro, em 18 de abril de 1906. Na inf\u00e2ncia, morou na [&hellip;]\" \/>\n<meta property=\"og:url\" content=\"https:\/\/www.notibras.com\/site\/schmidt-que-fez-para-jk-o-famoso-50-anos-em-5\/\" \/>\n<meta property=\"og:site_name\" content=\"Notibras\" \/>\n<meta property=\"article:publisher\" content=\"https:\/\/www.facebook.com\/notibras\/\" \/>\n<meta property=\"article:published_time\" content=\"2023-05-08T16:16:17+00:00\" \/>\n<meta property=\"article:modified_time\" content=\"2023-05-08T16:16:56+00:00\" \/>\n<meta property=\"og:image\" content=\"https:\/\/www.notibras.com\/site\/wp-content\/uploads\/2023\/05\/9c19042c-fa6b-40c8-b13d-1e520df0d03a.jpg\" \/>\n\t<meta property=\"og:image:width\" content=\"1176\" \/>\n\t<meta property=\"og:image:height\" content=\"1600\" \/>\n\t<meta property=\"og:image:type\" content=\"image\/jpeg\" \/>\n<meta name=\"author\" content=\"Reda\u00e7\u00e3o\" \/>\n<meta name=\"twitter:card\" content=\"summary_large_image\" \/>\n<meta name=\"twitter:creator\" content=\"@Notibras\" \/>\n<meta name=\"twitter:site\" content=\"@Notibras\" \/>\n<meta name=\"twitter:label1\" content=\"Escrito por\" \/>\n\t<meta name=\"twitter:data1\" content=\"Reda\u00e7\u00e3o\" \/>\n\t<meta name=\"twitter:label2\" content=\"Est. tempo de leitura\" \/>\n\t<meta name=\"twitter:data2\" content=\"7 minutos\" \/>\n<script type=\"application\/ld+json\" class=\"yoast-schema-graph\">{\"@context\":\"https:\/\/schema.org\",\"@graph\":[{\"@type\":\"Article\",\"@id\":\"https:\/\/www.notibras.com\/site\/schmidt-que-fez-para-jk-o-famoso-50-anos-em-5\/#article\",\"isPartOf\":{\"@id\":\"https:\/\/www.notibras.com\/site\/schmidt-que-fez-para-jk-o-famoso-50-anos-em-5\/\"},\"author\":{\"name\":\"Reda\u00e7\u00e3o\",\"@id\":\"https:\/\/www.notibras.com\/site\/#\/schema\/person\/36ab0979449956132d3e5b517ea76ac8\"},\"headline\":\"Schmidt, que criou para JK o famoso 50 anos em 5\",\"datePublished\":\"2023-05-08T16:16:17+00:00\",\"dateModified\":\"2023-05-08T16:16:56+00:00\",\"mainEntityOfPage\":{\"@id\":\"https:\/\/www.notibras.com\/site\/schmidt-que-fez-para-jk-o-famoso-50-anos-em-5\/\"},\"wordCount\":1270,\"publisher\":{\"@id\":\"https:\/\/www.notibras.com\/site\/#organization\"},\"image\":{\"@id\":\"https:\/\/www.notibras.com\/site\/schmidt-que-fez-para-jk-o-famoso-50-anos-em-5\/#primaryimage\"},\"thumbnailUrl\":\"https:\/\/www.notibras.com\/site\/wp-content\/uploads\/2023\/05\/9c19042c-fa6b-40c8-b13d-1e520df0d03a.jpg\",\"articleSection\":[\"Quadradinho em Foco\"],\"inLanguage\":\"pt-BR\"},{\"@type\":\"WebPage\",\"@id\":\"https:\/\/www.notibras.com\/site\/schmidt-que-fez-para-jk-o-famoso-50-anos-em-5\/\",\"url\":\"https:\/\/www.notibras.com\/site\/schmidt-que-fez-para-jk-o-famoso-50-anos-em-5\/\",\"name\":\"Schmidt, que criou para JK o famoso 50 anos em 5 - Notibras\",\"isPartOf\":{\"@id\":\"https:\/\/www.notibras.com\/site\/#website\"},\"primaryImageOfPage\":{\"@id\":\"https:\/\/www.notibras.com\/site\/schmidt-que-fez-para-jk-o-famoso-50-anos-em-5\/#primaryimage\"},\"image\":{\"@id\":\"https:\/\/www.notibras.com\/site\/schmidt-que-fez-para-jk-o-famoso-50-anos-em-5\/#primaryimage\"},\"thumbnailUrl\":\"https:\/\/www.notibras.com\/site\/wp-content\/uploads\/2023\/05\/9c19042c-fa6b-40c8-b13d-1e520df0d03a.jpg\",\"datePublished\":\"2023-05-08T16:16:17+00:00\",\"dateModified\":\"2023-05-08T16:16:56+00:00\",\"breadcrumb\":{\"@id\":\"https:\/\/www.notibras.com\/site\/schmidt-que-fez-para-jk-o-famoso-50-anos-em-5\/#breadcrumb\"},\"inLanguage\":\"pt-BR\",\"potentialAction\":[{\"@type\":\"ReadAction\",\"target\":[\"https:\/\/www.notibras.com\/site\/schmidt-que-fez-para-jk-o-famoso-50-anos-em-5\/\"]}]},{\"@type\":\"ImageObject\",\"inLanguage\":\"pt-BR\",\"@id\":\"https:\/\/www.notibras.com\/site\/schmidt-que-fez-para-jk-o-famoso-50-anos-em-5\/#primaryimage\",\"url\":\"https:\/\/www.notibras.com\/site\/wp-content\/uploads\/2023\/05\/9c19042c-fa6b-40c8-b13d-1e520df0d03a.jpg\",\"contentUrl\":\"https:\/\/www.notibras.com\/site\/wp-content\/uploads\/2023\/05\/9c19042c-fa6b-40c8-b13d-1e520df0d03a.jpg\",\"width\":1176,\"height\":1600},{\"@type\":\"BreadcrumbList\",\"@id\":\"https:\/\/www.notibras.com\/site\/schmidt-que-fez-para-jk-o-famoso-50-anos-em-5\/#breadcrumb\",\"itemListElement\":[{\"@type\":\"ListItem\",\"position\":1,\"name\":\"In\u00edcio\",\"item\":\"https:\/\/www.notibras.com\/site\/\"},{\"@type\":\"ListItem\",\"position\":2,\"name\":\"Schmidt, que criou para JK o famoso 50 anos em 5\"}]},{\"@type\":\"WebSite\",\"@id\":\"https:\/\/www.notibras.com\/site\/#website\",\"url\":\"https:\/\/www.notibras.com\/site\/\",\"name\":\"Notibras\",\"description\":\"Not\u00edcias de Bras\u00edlia, do Brasil e do Mundo\",\"publisher\":{\"@id\":\"https:\/\/www.notibras.com\/site\/#organization\"},\"potentialAction\":[{\"@type\":\"SearchAction\",\"target\":{\"@type\":\"EntryPoint\",\"urlTemplate\":\"https:\/\/www.notibras.com\/site\/?s={search_term_string}\"},\"query-input\":{\"@type\":\"PropertyValueSpecification\",\"valueRequired\":true,\"valueName\":\"search_term_string\"}}],\"inLanguage\":\"pt-BR\"},{\"@type\":\"Organization\",\"@id\":\"https:\/\/www.notibras.com\/site\/#organization\",\"name\":\"Grupo Notibras de Comunica\u00e7\u00e3o\",\"url\":\"https:\/\/www.notibras.com\/site\/\",\"logo\":{\"@type\":\"ImageObject\",\"inLanguage\":\"pt-BR\",\"@id\":\"https:\/\/www.notibras.com\/site\/#\/schema\/logo\/image\/\",\"url\":\"https:\/\/www.notibras.com\/site\/wp-content\/uploads\/2023\/01\/notibras23.png\",\"contentUrl\":\"https:\/\/www.notibras.com\/site\/wp-content\/uploads\/2023\/01\/notibras23.png\",\"width\":350,\"height\":87,\"caption\":\"Grupo Notibras de Comunica\u00e7\u00e3o\"},\"image\":{\"@id\":\"https:\/\/www.notibras.com\/site\/#\/schema\/logo\/image\/\"},\"sameAs\":[\"https:\/\/www.facebook.com\/notibras\/\",\"https:\/\/x.com\/Notibras\",\"https:\/\/www.instagram.com\/notibras\/\"]},{\"@type\":\"Person\",\"@id\":\"https:\/\/www.notibras.com\/site\/#\/schema\/person\/36ab0979449956132d3e5b517ea76ac8\",\"name\":\"Reda\u00e7\u00e3o\",\"image\":{\"@type\":\"ImageObject\",\"inLanguage\":\"pt-BR\",\"@id\":\"https:\/\/secure.gravatar.com\/avatar\/e0a867bdedb85fd243eadf09663511f96fc81e0720a4a42581f334ad4303aa6b?s=96&d=mm&r=g\",\"url\":\"https:\/\/secure.gravatar.com\/avatar\/e0a867bdedb85fd243eadf09663511f96fc81e0720a4a42581f334ad4303aa6b?s=96&d=mm&r=g\",\"contentUrl\":\"https:\/\/secure.gravatar.com\/avatar\/e0a867bdedb85fd243eadf09663511f96fc81e0720a4a42581f334ad4303aa6b?s=96&d=mm&r=g\",\"caption\":\"Reda\u00e7\u00e3o\"}}]}<\/script>\n<!-- \/ Yoast SEO plugin. -->","yoast_head_json":{"title":"Schmidt, que criou para JK o famoso 50 anos em 5 - Notibras","robots":{"index":"index","follow":"follow","max-snippet":"max-snippet:-1","max-image-preview":"max-image-preview:large","max-video-preview":"max-video-preview:-1"},"canonical":"https:\/\/www.notibras.com\/site\/schmidt-que-fez-para-jk-o-famoso-50-anos-em-5\/","og_locale":"pt_BR","og_type":"article","og_title":"Schmidt, que criou para JK o famoso 50 anos em 5 - Notibras","og_description":"Folheando aleatoriamente a colet\u00e2nea de cr\u00f4nicas \u201cAs Florestas\u201d, de Augusto Frederico Schmidt, me deparo em mais de uma ocasi\u00e3o com a preocupa\u00e7\u00e3o do poeta quanto \u00e0 mem\u00f3ria e sobre quem se lembrar\u00e1 dele anos ap\u00f3s seu desaparecimento deste mundo. Schmidt nasceu no Rio de Janeiro, em 18 de abril de 1906. Na inf\u00e2ncia, morou na [&hellip;]","og_url":"https:\/\/www.notibras.com\/site\/schmidt-que-fez-para-jk-o-famoso-50-anos-em-5\/","og_site_name":"Notibras","article_publisher":"https:\/\/www.facebook.com\/notibras\/","article_published_time":"2023-05-08T16:16:17+00:00","article_modified_time":"2023-05-08T16:16:56+00:00","og_image":[{"width":1176,"height":1600,"url":"https:\/\/www.notibras.com\/site\/wp-content\/uploads\/2023\/05\/9c19042c-fa6b-40c8-b13d-1e520df0d03a.jpg","type":"image\/jpeg"}],"author":"Reda\u00e7\u00e3o","twitter_card":"summary_large_image","twitter_creator":"@Notibras","twitter_site":"@Notibras","twitter_misc":{"Escrito por":"Reda\u00e7\u00e3o","Est. tempo de leitura":"7 minutos"},"schema":{"@context":"https:\/\/schema.org","@graph":[{"@type":"Article","@id":"https:\/\/www.notibras.com\/site\/schmidt-que-fez-para-jk-o-famoso-50-anos-em-5\/#article","isPartOf":{"@id":"https:\/\/www.notibras.com\/site\/schmidt-que-fez-para-jk-o-famoso-50-anos-em-5\/"},"author":{"name":"Reda\u00e7\u00e3o","@id":"https:\/\/www.notibras.com\/site\/#\/schema\/person\/36ab0979449956132d3e5b517ea76ac8"},"headline":"Schmidt, que criou para JK o famoso 50 anos em 5","datePublished":"2023-05-08T16:16:17+00:00","dateModified":"2023-05-08T16:16:56+00:00","mainEntityOfPage":{"@id":"https:\/\/www.notibras.com\/site\/schmidt-que-fez-para-jk-o-famoso-50-anos-em-5\/"},"wordCount":1270,"publisher":{"@id":"https:\/\/www.notibras.com\/site\/#organization"},"image":{"@id":"https:\/\/www.notibras.com\/site\/schmidt-que-fez-para-jk-o-famoso-50-anos-em-5\/#primaryimage"},"thumbnailUrl":"https:\/\/www.notibras.com\/site\/wp-content\/uploads\/2023\/05\/9c19042c-fa6b-40c8-b13d-1e520df0d03a.jpg","articleSection":["Quadradinho em Foco"],"inLanguage":"pt-BR"},{"@type":"WebPage","@id":"https:\/\/www.notibras.com\/site\/schmidt-que-fez-para-jk-o-famoso-50-anos-em-5\/","url":"https:\/\/www.notibras.com\/site\/schmidt-que-fez-para-jk-o-famoso-50-anos-em-5\/","name":"Schmidt, que criou para JK o famoso 50 anos em 5 - Notibras","isPartOf":{"@id":"https:\/\/www.notibras.com\/site\/#website"},"primaryImageOfPage":{"@id":"https:\/\/www.notibras.com\/site\/schmidt-que-fez-para-jk-o-famoso-50-anos-em-5\/#primaryimage"},"image":{"@id":"https:\/\/www.notibras.com\/site\/schmidt-que-fez-para-jk-o-famoso-50-anos-em-5\/#primaryimage"},"thumbnailUrl":"https:\/\/www.notibras.com\/site\/wp-content\/uploads\/2023\/05\/9c19042c-fa6b-40c8-b13d-1e520df0d03a.jpg","datePublished":"2023-05-08T16:16:17+00:00","dateModified":"2023-05-08T16:16:56+00:00","breadcrumb":{"@id":"https:\/\/www.notibras.com\/site\/schmidt-que-fez-para-jk-o-famoso-50-anos-em-5\/#breadcrumb"},"inLanguage":"pt-BR","potentialAction":[{"@type":"ReadAction","target":["https:\/\/www.notibras.com\/site\/schmidt-que-fez-para-jk-o-famoso-50-anos-em-5\/"]}]},{"@type":"ImageObject","inLanguage":"pt-BR","@id":"https:\/\/www.notibras.com\/site\/schmidt-que-fez-para-jk-o-famoso-50-anos-em-5\/#primaryimage","url":"https:\/\/www.notibras.com\/site\/wp-content\/uploads\/2023\/05\/9c19042c-fa6b-40c8-b13d-1e520df0d03a.jpg","contentUrl":"https:\/\/www.notibras.com\/site\/wp-content\/uploads\/2023\/05\/9c19042c-fa6b-40c8-b13d-1e520df0d03a.jpg","width":1176,"height":1600},{"@type":"BreadcrumbList","@id":"https:\/\/www.notibras.com\/site\/schmidt-que-fez-para-jk-o-famoso-50-anos-em-5\/#breadcrumb","itemListElement":[{"@type":"ListItem","position":1,"name":"In\u00edcio","item":"https:\/\/www.notibras.com\/site\/"},{"@type":"ListItem","position":2,"name":"Schmidt, que criou para JK o famoso 50 anos em 5"}]},{"@type":"WebSite","@id":"https:\/\/www.notibras.com\/site\/#website","url":"https:\/\/www.notibras.com\/site\/","name":"Notibras","description":"Not\u00edcias de Bras\u00edlia, do Brasil e do Mundo","publisher":{"@id":"https:\/\/www.notibras.com\/site\/#organization"},"potentialAction":[{"@type":"SearchAction","target":{"@type":"EntryPoint","urlTemplate":"https:\/\/www.notibras.com\/site\/?s={search_term_string}"},"query-input":{"@type":"PropertyValueSpecification","valueRequired":true,"valueName":"search_term_string"}}],"inLanguage":"pt-BR"},{"@type":"Organization","@id":"https:\/\/www.notibras.com\/site\/#organization","name":"Grupo Notibras de Comunica\u00e7\u00e3o","url":"https:\/\/www.notibras.com\/site\/","logo":{"@type":"ImageObject","inLanguage":"pt-BR","@id":"https:\/\/www.notibras.com\/site\/#\/schema\/logo\/image\/","url":"https:\/\/www.notibras.com\/site\/wp-content\/uploads\/2023\/01\/notibras23.png","contentUrl":"https:\/\/www.notibras.com\/site\/wp-content\/uploads\/2023\/01\/notibras23.png","width":350,"height":87,"caption":"Grupo Notibras de Comunica\u00e7\u00e3o"},"image":{"@id":"https:\/\/www.notibras.com\/site\/#\/schema\/logo\/image\/"},"sameAs":["https:\/\/www.facebook.com\/notibras\/","https:\/\/x.com\/Notibras","https:\/\/www.instagram.com\/notibras\/"]},{"@type":"Person","@id":"https:\/\/www.notibras.com\/site\/#\/schema\/person\/36ab0979449956132d3e5b517ea76ac8","name":"Reda\u00e7\u00e3o","image":{"@type":"ImageObject","inLanguage":"pt-BR","@id":"https:\/\/secure.gravatar.com\/avatar\/e0a867bdedb85fd243eadf09663511f96fc81e0720a4a42581f334ad4303aa6b?s=96&d=mm&r=g","url":"https:\/\/secure.gravatar.com\/avatar\/e0a867bdedb85fd243eadf09663511f96fc81e0720a4a42581f334ad4303aa6b?s=96&d=mm&r=g","contentUrl":"https:\/\/secure.gravatar.com\/avatar\/e0a867bdedb85fd243eadf09663511f96fc81e0720a4a42581f334ad4303aa6b?s=96&d=mm&r=g","caption":"Reda\u00e7\u00e3o"}}]}},"amp_enabled":true,"_links":{"self":[{"href":"https:\/\/www.notibras.com\/site\/wp-json\/wp\/v2\/posts\/304437","targetHints":{"allow":["GET"]}}],"collection":[{"href":"https:\/\/www.notibras.com\/site\/wp-json\/wp\/v2\/posts"}],"about":[{"href":"https:\/\/www.notibras.com\/site\/wp-json\/wp\/v2\/types\/post"}],"author":[{"embeddable":true,"href":"https:\/\/www.notibras.com\/site\/wp-json\/wp\/v2\/users\/2"}],"replies":[{"embeddable":true,"href":"https:\/\/www.notibras.com\/site\/wp-json\/wp\/v2\/comments?post=304437"}],"version-history":[{"count":2,"href":"https:\/\/www.notibras.com\/site\/wp-json\/wp\/v2\/posts\/304437\/revisions"}],"predecessor-version":[{"id":304440,"href":"https:\/\/www.notibras.com\/site\/wp-json\/wp\/v2\/posts\/304437\/revisions\/304440"}],"wp:featuredmedia":[{"embeddable":true,"href":"https:\/\/www.notibras.com\/site\/wp-json\/wp\/v2\/media\/304438"}],"wp:attachment":[{"href":"https:\/\/www.notibras.com\/site\/wp-json\/wp\/v2\/media?parent=304437"}],"wp:term":[{"taxonomy":"category","embeddable":true,"href":"https:\/\/www.notibras.com\/site\/wp-json\/wp\/v2\/categories?post=304437"},{"taxonomy":"post_tag","embeddable":true,"href":"https:\/\/www.notibras.com\/site\/wp-json\/wp\/v2\/tags?post=304437"}],"curies":[{"name":"wp","href":"https:\/\/api.w.org\/{rel}","templated":true}]}}