{"id":304442,"date":"2023-05-08T11:37:16","date_gmt":"2023-05-08T14:37:16","guid":{"rendered":"https:\/\/www.notibras.com\/site\/?p=304442"},"modified":"2023-05-08T13:40:57","modified_gmt":"2023-05-08T16:40:57","slug":"comeca-mutirao-para-dar-certidao-de-nascimento-a-quem-nao-tem","status":"publish","type":"post","link":"https:\/\/www.notibras.com\/site\/comeca-mutirao-para-dar-certidao-de-nascimento-a-quem-nao-tem\/","title":{"rendered":"Come\u00e7a mutir\u00e3o para dar certid\u00e3o de nascimento a quem n\u00e3o tem"},"content":{"rendered":"<p>O Conselho Nacional de Justi\u00e7a (CNJ) come\u00e7ou nesta segunda (8) uma semana de esfor\u00e7o concentrado para tentar reduzir o n\u00famero de brasileiros que nunca tiveram nenhum documento, um contingente de 2,7 milh\u00f5es de pessoas, segundo informa\u00e7\u00f5es do Censo 2022 realizado pelo Instituto Brasileiro de Geografia e Estat\u00edstica (IBGE).<\/p>\n<p>At\u00e9 a pr\u00f3xima sexta-feira (12), o \u00f3rg\u00e3o promove o mutir\u00e3o em todas as unidades da federa\u00e7\u00e3o. A prioridade ser\u00e1 dada a pessoas em situa\u00e7\u00e3o de rua, que dependem da documenta\u00e7\u00e3o civil para ter acesso a direitos b\u00e1sicos, como programas assistenciais, matr\u00edculas em escolas p\u00fablicas e atendimento no Sistema \u00danico de Sa\u00fade (SUS).<\/p>\n<p>A \u201c1\u00aa Semana Nacional de Registro Civil &#8211; Registre-se!\u201d faz parte do Programa de Enfrentamento ao Sub-Registro Civil e de Amplia\u00e7\u00e3o ao Acesso \u00e0 Documenta\u00e7\u00e3o B\u00e1sica por Pessoas Vulner\u00e1veis, criado neste ano pela Corregedoria Nacional de Justi\u00e7a, um dos bra\u00e7os do CNJ.<\/p>\n<p>Outras popula\u00e7\u00f5es socialmente vulner\u00e1veis tamb\u00e9m s\u00e3o alvo da iniciativa, como os povos ind\u00edgenas, ribeirinhos, refugiados e popula\u00e7\u00e3o carcer\u00e1ria. O mutir\u00e3o deve se repetir ao menos uma vez por ano, diz o provimento que criou a semana.<\/p>\n<p>O foco, contudo, deve ser dado ao registro de pessoas em situa\u00e7\u00e3o de rua, grupo que aumentou 211% entre 2012 e 2022, segundo levantamento do Instituto de Pesquisas Econ\u00f4micas e Aplicadas (Ipea). De acordo com o estudo, h\u00e1 no Brasil mais de 230 mil pessoas nessa condi\u00e7\u00e3o.<\/p>\n<p>\u201cO que n\u00f3s percebemos agora, com a pandemia, \u00e9 que houve um acr\u00e9scimo de popula\u00e7\u00e3o de rua, houve uma urg\u00eancia de benef\u00edcios sociais. N\u00f3s realizamos conv\u00eanio com os minist\u00e9rios do Desenvolvimento Social, do Trabalho, de modo que, a partir do registro e j\u00e1 ali mesmo no local, poder\u00e3o ser encaminhadas para a capacita\u00e7\u00e3o e para um futuro emprego\u201d, disse ministro Lu\u00eds Felipe Salom\u00e3o, do Superior Tribunal de Justi\u00e7a (STJ), atual corregedor-nacional.<\/p>\n<p>Para que a iniciativa alcance esse p\u00fablico alvo, o CNJ tem mobilizado institui\u00e7\u00f5es e pessoas que j\u00e1 trabalham com essa tem\u00e1tica, como o padre J\u00falio Lancelotti, que presta aux\u00edlio \u00e0 popula\u00e7\u00e3o de rua de S\u00e3o Paulo e \u00e9 porta-voz da campanha nacional.<\/p>\n<p>Segundo o CNJ, o mutir\u00e3o contar\u00e1 com o apoio da Associa\u00e7\u00e3o Nacional dos Registradores de Pessoas Naturais (Arpen-Brasil) e demais associa\u00e7\u00f5es de registradores civis para viabilizar a certid\u00e3o de nascimento da popula\u00e7\u00e3o desprotegida social e economicamente.<\/p>\n<p>Defensorias p\u00fablicas e o Minist\u00e9rio P\u00fablico tamb\u00e9m s\u00e3o parceiros da iniciativa, auxiliando na presen\u00e7a de registradores em pra\u00e7as p\u00fablicas, por exemplo. As corregedorias-gerais dos tribunais de cada estado ficar\u00e3o a cargo de fiscalizar e apresentar os resultados do mutir\u00e3o.<\/p>\n","protected":false},"excerpt":{"rendered":"<p>O Conselho Nacional de Justi\u00e7a (CNJ) come\u00e7ou nesta segunda (8) uma semana de esfor\u00e7o concentrado para tentar reduzir o n\u00famero de brasileiros que nunca tiveram nenhum documento, um contingente de 2,7 milh\u00f5es de pessoas, segundo informa\u00e7\u00f5es do Censo 2022 realizado pelo Instituto Brasileiro de Geografia e Estat\u00edstica (IBGE). At\u00e9 a pr\u00f3xima sexta-feira (12), o \u00f3rg\u00e3o [&hellip;]<\/p>\n","protected":false},"author":2,"featured_media":304443,"comment_status":"closed","ping_status":"closed","sticky":false,"template":"","format":"standard","meta":{"_acf_changed":false,"footnotes":""},"categories":[161],"tags":[95],"class_list":["post-304442","post","type-post","status-publish","format-standard","has-post-thumbnail","hentry","category-quadradinho-em-foco","tag-capa"],"acf":[],"yoast_head":"<!-- This site is optimized with the Yoast SEO plugin v27.2 - https:\/\/yoast.com\/product\/yoast-seo-wordpress\/ -->\n<title>Come\u00e7a mutir\u00e3o para dar certid\u00e3o de nascimento a quem n\u00e3o tem - Notibras<\/title>\n<meta name=\"robots\" content=\"index, follow, max-snippet:-1, max-image-preview:large, max-video-preview:-1\" \/>\n<link rel=\"canonical\" href=\"https:\/\/www.notibras.com\/site\/comeca-mutirao-para-dar-certidao-de-nascimento-a-quem-nao-tem\/\" \/>\n<meta property=\"og:locale\" content=\"pt_BR\" \/>\n<meta property=\"og:type\" content=\"article\" \/>\n<meta property=\"og:title\" content=\"Come\u00e7a mutir\u00e3o para dar certid\u00e3o de nascimento a quem n\u00e3o tem - Notibras\" \/>\n<meta property=\"og:description\" content=\"O Conselho Nacional de Justi\u00e7a (CNJ) come\u00e7ou nesta segunda (8) uma semana de esfor\u00e7o concentrado para tentar reduzir o n\u00famero de brasileiros que nunca tiveram nenhum documento, um contingente de 2,7 milh\u00f5es de pessoas, segundo informa\u00e7\u00f5es do Censo 2022 realizado pelo Instituto Brasileiro de Geografia e Estat\u00edstica (IBGE). At\u00e9 a pr\u00f3xima sexta-feira (12), o \u00f3rg\u00e3o [&hellip;]\" \/>\n<meta property=\"og:url\" content=\"https:\/\/www.notibras.com\/site\/comeca-mutirao-para-dar-certidao-de-nascimento-a-quem-nao-tem\/\" \/>\n<meta property=\"og:site_name\" content=\"Notibras\" \/>\n<meta property=\"article:publisher\" content=\"https:\/\/www.facebook.com\/notibras\/\" \/>\n<meta property=\"article:published_time\" content=\"2023-05-08T14:37:16+00:00\" \/>\n<meta property=\"article:modified_time\" content=\"2023-05-08T16:40:57+00:00\" \/>\n<meta property=\"og:image\" content=\"https:\/\/www.notibras.com\/site\/wp-content\/uploads\/2023\/05\/pzzb9198.jpg\" \/>\n\t<meta property=\"og:image:width\" content=\"1170\" \/>\n\t<meta property=\"og:image:height\" content=\"700\" \/>\n\t<meta property=\"og:image:type\" content=\"image\/jpeg\" \/>\n<meta name=\"author\" content=\"Reda\u00e7\u00e3o\" \/>\n<meta name=\"twitter:card\" content=\"summary_large_image\" \/>\n<meta name=\"twitter:creator\" content=\"@Notibras\" \/>\n<meta name=\"twitter:site\" content=\"@Notibras\" \/>\n<meta name=\"twitter:label1\" content=\"Escrito por\" \/>\n\t<meta name=\"twitter:data1\" content=\"Reda\u00e7\u00e3o\" \/>\n\t<meta name=\"twitter:label2\" content=\"Est. tempo de leitura\" \/>\n\t<meta name=\"twitter:data2\" content=\"3 minutos\" \/>\n<script type=\"application\/ld+json\" class=\"yoast-schema-graph\">{\"@context\":\"https:\/\/schema.org\",\"@graph\":[{\"@type\":\"Article\",\"@id\":\"https:\/\/www.notibras.com\/site\/comeca-mutirao-para-dar-certidao-de-nascimento-a-quem-nao-tem\/#article\",\"isPartOf\":{\"@id\":\"https:\/\/www.notibras.com\/site\/comeca-mutirao-para-dar-certidao-de-nascimento-a-quem-nao-tem\/\"},\"author\":{\"name\":\"Reda\u00e7\u00e3o\",\"@id\":\"https:\/\/www.notibras.com\/site\/#\/schema\/person\/36ab0979449956132d3e5b517ea76ac8\"},\"headline\":\"Come\u00e7a mutir\u00e3o para dar certid\u00e3o de nascimento a quem n\u00e3o tem\",\"datePublished\":\"2023-05-08T14:37:16+00:00\",\"dateModified\":\"2023-05-08T16:40:57+00:00\",\"mainEntityOfPage\":{\"@id\":\"https:\/\/www.notibras.com\/site\/comeca-mutirao-para-dar-certidao-de-nascimento-a-quem-nao-tem\/\"},\"wordCount\":484,\"publisher\":{\"@id\":\"https:\/\/www.notibras.com\/site\/#organization\"},\"image\":{\"@id\":\"https:\/\/www.notibras.com\/site\/comeca-mutirao-para-dar-certidao-de-nascimento-a-quem-nao-tem\/#primaryimage\"},\"thumbnailUrl\":\"https:\/\/www.notibras.com\/site\/wp-content\/uploads\/2023\/05\/pzzb9198.jpg\",\"keywords\":[\"capa\"],\"articleSection\":[\"Quadradinho em Foco\"],\"inLanguage\":\"pt-BR\"},{\"@type\":\"WebPage\",\"@id\":\"https:\/\/www.notibras.com\/site\/comeca-mutirao-para-dar-certidao-de-nascimento-a-quem-nao-tem\/\",\"url\":\"https:\/\/www.notibras.com\/site\/comeca-mutirao-para-dar-certidao-de-nascimento-a-quem-nao-tem\/\",\"name\":\"Come\u00e7a mutir\u00e3o para dar certid\u00e3o de nascimento a quem n\u00e3o tem - Notibras\",\"isPartOf\":{\"@id\":\"https:\/\/www.notibras.com\/site\/#website\"},\"primaryImageOfPage\":{\"@id\":\"https:\/\/www.notibras.com\/site\/comeca-mutirao-para-dar-certidao-de-nascimento-a-quem-nao-tem\/#primaryimage\"},\"image\":{\"@id\":\"https:\/\/www.notibras.com\/site\/comeca-mutirao-para-dar-certidao-de-nascimento-a-quem-nao-tem\/#primaryimage\"},\"thumbnailUrl\":\"https:\/\/www.notibras.com\/site\/wp-content\/uploads\/2023\/05\/pzzb9198.jpg\",\"datePublished\":\"2023-05-08T14:37:16+00:00\",\"dateModified\":\"2023-05-08T16:40:57+00:00\",\"breadcrumb\":{\"@id\":\"https:\/\/www.notibras.com\/site\/comeca-mutirao-para-dar-certidao-de-nascimento-a-quem-nao-tem\/#breadcrumb\"},\"inLanguage\":\"pt-BR\",\"potentialAction\":[{\"@type\":\"ReadAction\",\"target\":[\"https:\/\/www.notibras.com\/site\/comeca-mutirao-para-dar-certidao-de-nascimento-a-quem-nao-tem\/\"]}]},{\"@type\":\"ImageObject\",\"inLanguage\":\"pt-BR\",\"@id\":\"https:\/\/www.notibras.com\/site\/comeca-mutirao-para-dar-certidao-de-nascimento-a-quem-nao-tem\/#primaryimage\",\"url\":\"https:\/\/www.notibras.com\/site\/wp-content\/uploads\/2023\/05\/pzzb9198.jpg\",\"contentUrl\":\"https:\/\/www.notibras.com\/site\/wp-content\/uploads\/2023\/05\/pzzb9198.jpg\",\"width\":1170,\"height\":700},{\"@type\":\"BreadcrumbList\",\"@id\":\"https:\/\/www.notibras.com\/site\/comeca-mutirao-para-dar-certidao-de-nascimento-a-quem-nao-tem\/#breadcrumb\",\"itemListElement\":[{\"@type\":\"ListItem\",\"position\":1,\"name\":\"In\u00edcio\",\"item\":\"https:\/\/www.notibras.com\/site\/\"},{\"@type\":\"ListItem\",\"position\":2,\"name\":\"Come\u00e7a mutir\u00e3o para dar certid\u00e3o de nascimento a quem n\u00e3o tem\"}]},{\"@type\":\"WebSite\",\"@id\":\"https:\/\/www.notibras.com\/site\/#website\",\"url\":\"https:\/\/www.notibras.com\/site\/\",\"name\":\"Notibras\",\"description\":\"Not\u00edcias de Bras\u00edlia, do Brasil e do Mundo\",\"publisher\":{\"@id\":\"https:\/\/www.notibras.com\/site\/#organization\"},\"potentialAction\":[{\"@type\":\"SearchAction\",\"target\":{\"@type\":\"EntryPoint\",\"urlTemplate\":\"https:\/\/www.notibras.com\/site\/?s={search_term_string}\"},\"query-input\":{\"@type\":\"PropertyValueSpecification\",\"valueRequired\":true,\"valueName\":\"search_term_string\"}}],\"inLanguage\":\"pt-BR\"},{\"@type\":\"Organization\",\"@id\":\"https:\/\/www.notibras.com\/site\/#organization\",\"name\":\"Grupo Notibras de Comunica\u00e7\u00e3o\",\"url\":\"https:\/\/www.notibras.com\/site\/\",\"logo\":{\"@type\":\"ImageObject\",\"inLanguage\":\"pt-BR\",\"@id\":\"https:\/\/www.notibras.com\/site\/#\/schema\/logo\/image\/\",\"url\":\"https:\/\/www.notibras.com\/site\/wp-content\/uploads\/2023\/01\/notibras23.png\",\"contentUrl\":\"https:\/\/www.notibras.com\/site\/wp-content\/uploads\/2023\/01\/notibras23.png\",\"width\":350,\"height\":87,\"caption\":\"Grupo Notibras de Comunica\u00e7\u00e3o\"},\"image\":{\"@id\":\"https:\/\/www.notibras.com\/site\/#\/schema\/logo\/image\/\"},\"sameAs\":[\"https:\/\/www.facebook.com\/notibras\/\",\"https:\/\/x.com\/Notibras\",\"https:\/\/www.instagram.com\/notibras\/\"]},{\"@type\":\"Person\",\"@id\":\"https:\/\/www.notibras.com\/site\/#\/schema\/person\/36ab0979449956132d3e5b517ea76ac8\",\"name\":\"Reda\u00e7\u00e3o\",\"image\":{\"@type\":\"ImageObject\",\"inLanguage\":\"pt-BR\",\"@id\":\"https:\/\/secure.gravatar.com\/avatar\/e0a867bdedb85fd243eadf09663511f96fc81e0720a4a42581f334ad4303aa6b?s=96&d=mm&r=g\",\"url\":\"https:\/\/secure.gravatar.com\/avatar\/e0a867bdedb85fd243eadf09663511f96fc81e0720a4a42581f334ad4303aa6b?s=96&d=mm&r=g\",\"contentUrl\":\"https:\/\/secure.gravatar.com\/avatar\/e0a867bdedb85fd243eadf09663511f96fc81e0720a4a42581f334ad4303aa6b?s=96&d=mm&r=g\",\"caption\":\"Reda\u00e7\u00e3o\"}}]}<\/script>\n<!-- \/ Yoast SEO plugin. -->","yoast_head_json":{"title":"Come\u00e7a mutir\u00e3o para dar certid\u00e3o de nascimento a quem n\u00e3o tem - Notibras","robots":{"index":"index","follow":"follow","max-snippet":"max-snippet:-1","max-image-preview":"max-image-preview:large","max-video-preview":"max-video-preview:-1"},"canonical":"https:\/\/www.notibras.com\/site\/comeca-mutirao-para-dar-certidao-de-nascimento-a-quem-nao-tem\/","og_locale":"pt_BR","og_type":"article","og_title":"Come\u00e7a mutir\u00e3o para dar certid\u00e3o de nascimento a quem n\u00e3o tem - Notibras","og_description":"O Conselho Nacional de Justi\u00e7a (CNJ) come\u00e7ou nesta segunda (8) uma semana de esfor\u00e7o concentrado para tentar reduzir o n\u00famero de brasileiros que nunca tiveram nenhum documento, um contingente de 2,7 milh\u00f5es de pessoas, segundo informa\u00e7\u00f5es do Censo 2022 realizado pelo Instituto Brasileiro de Geografia e Estat\u00edstica (IBGE). At\u00e9 a pr\u00f3xima sexta-feira (12), o \u00f3rg\u00e3o [&hellip;]","og_url":"https:\/\/www.notibras.com\/site\/comeca-mutirao-para-dar-certidao-de-nascimento-a-quem-nao-tem\/","og_site_name":"Notibras","article_publisher":"https:\/\/www.facebook.com\/notibras\/","article_published_time":"2023-05-08T14:37:16+00:00","article_modified_time":"2023-05-08T16:40:57+00:00","og_image":[{"width":1170,"height":700,"url":"https:\/\/www.notibras.com\/site\/wp-content\/uploads\/2023\/05\/pzzb9198.jpg","type":"image\/jpeg"}],"author":"Reda\u00e7\u00e3o","twitter_card":"summary_large_image","twitter_creator":"@Notibras","twitter_site":"@Notibras","twitter_misc":{"Escrito por":"Reda\u00e7\u00e3o","Est. tempo de leitura":"3 minutos"},"schema":{"@context":"https:\/\/schema.org","@graph":[{"@type":"Article","@id":"https:\/\/www.notibras.com\/site\/comeca-mutirao-para-dar-certidao-de-nascimento-a-quem-nao-tem\/#article","isPartOf":{"@id":"https:\/\/www.notibras.com\/site\/comeca-mutirao-para-dar-certidao-de-nascimento-a-quem-nao-tem\/"},"author":{"name":"Reda\u00e7\u00e3o","@id":"https:\/\/www.notibras.com\/site\/#\/schema\/person\/36ab0979449956132d3e5b517ea76ac8"},"headline":"Come\u00e7a mutir\u00e3o para dar certid\u00e3o de nascimento a quem n\u00e3o tem","datePublished":"2023-05-08T14:37:16+00:00","dateModified":"2023-05-08T16:40:57+00:00","mainEntityOfPage":{"@id":"https:\/\/www.notibras.com\/site\/comeca-mutirao-para-dar-certidao-de-nascimento-a-quem-nao-tem\/"},"wordCount":484,"publisher":{"@id":"https:\/\/www.notibras.com\/site\/#organization"},"image":{"@id":"https:\/\/www.notibras.com\/site\/comeca-mutirao-para-dar-certidao-de-nascimento-a-quem-nao-tem\/#primaryimage"},"thumbnailUrl":"https:\/\/www.notibras.com\/site\/wp-content\/uploads\/2023\/05\/pzzb9198.jpg","keywords":["capa"],"articleSection":["Quadradinho em Foco"],"inLanguage":"pt-BR"},{"@type":"WebPage","@id":"https:\/\/www.notibras.com\/site\/comeca-mutirao-para-dar-certidao-de-nascimento-a-quem-nao-tem\/","url":"https:\/\/www.notibras.com\/site\/comeca-mutirao-para-dar-certidao-de-nascimento-a-quem-nao-tem\/","name":"Come\u00e7a mutir\u00e3o para dar certid\u00e3o de nascimento a quem n\u00e3o tem - Notibras","isPartOf":{"@id":"https:\/\/www.notibras.com\/site\/#website"},"primaryImageOfPage":{"@id":"https:\/\/www.notibras.com\/site\/comeca-mutirao-para-dar-certidao-de-nascimento-a-quem-nao-tem\/#primaryimage"},"image":{"@id":"https:\/\/www.notibras.com\/site\/comeca-mutirao-para-dar-certidao-de-nascimento-a-quem-nao-tem\/#primaryimage"},"thumbnailUrl":"https:\/\/www.notibras.com\/site\/wp-content\/uploads\/2023\/05\/pzzb9198.jpg","datePublished":"2023-05-08T14:37:16+00:00","dateModified":"2023-05-08T16:40:57+00:00","breadcrumb":{"@id":"https:\/\/www.notibras.com\/site\/comeca-mutirao-para-dar-certidao-de-nascimento-a-quem-nao-tem\/#breadcrumb"},"inLanguage":"pt-BR","potentialAction":[{"@type":"ReadAction","target":["https:\/\/www.notibras.com\/site\/comeca-mutirao-para-dar-certidao-de-nascimento-a-quem-nao-tem\/"]}]},{"@type":"ImageObject","inLanguage":"pt-BR","@id":"https:\/\/www.notibras.com\/site\/comeca-mutirao-para-dar-certidao-de-nascimento-a-quem-nao-tem\/#primaryimage","url":"https:\/\/www.notibras.com\/site\/wp-content\/uploads\/2023\/05\/pzzb9198.jpg","contentUrl":"https:\/\/www.notibras.com\/site\/wp-content\/uploads\/2023\/05\/pzzb9198.jpg","width":1170,"height":700},{"@type":"BreadcrumbList","@id":"https:\/\/www.notibras.com\/site\/comeca-mutirao-para-dar-certidao-de-nascimento-a-quem-nao-tem\/#breadcrumb","itemListElement":[{"@type":"ListItem","position":1,"name":"In\u00edcio","item":"https:\/\/www.notibras.com\/site\/"},{"@type":"ListItem","position":2,"name":"Come\u00e7a mutir\u00e3o para dar certid\u00e3o de nascimento a quem n\u00e3o tem"}]},{"@type":"WebSite","@id":"https:\/\/www.notibras.com\/site\/#website","url":"https:\/\/www.notibras.com\/site\/","name":"Notibras","description":"Not\u00edcias de Bras\u00edlia, do Brasil e do Mundo","publisher":{"@id":"https:\/\/www.notibras.com\/site\/#organization"},"potentialAction":[{"@type":"SearchAction","target":{"@type":"EntryPoint","urlTemplate":"https:\/\/www.notibras.com\/site\/?s={search_term_string}"},"query-input":{"@type":"PropertyValueSpecification","valueRequired":true,"valueName":"search_term_string"}}],"inLanguage":"pt-BR"},{"@type":"Organization","@id":"https:\/\/www.notibras.com\/site\/#organization","name":"Grupo Notibras de Comunica\u00e7\u00e3o","url":"https:\/\/www.notibras.com\/site\/","logo":{"@type":"ImageObject","inLanguage":"pt-BR","@id":"https:\/\/www.notibras.com\/site\/#\/schema\/logo\/image\/","url":"https:\/\/www.notibras.com\/site\/wp-content\/uploads\/2023\/01\/notibras23.png","contentUrl":"https:\/\/www.notibras.com\/site\/wp-content\/uploads\/2023\/01\/notibras23.png","width":350,"height":87,"caption":"Grupo Notibras de Comunica\u00e7\u00e3o"},"image":{"@id":"https:\/\/www.notibras.com\/site\/#\/schema\/logo\/image\/"},"sameAs":["https:\/\/www.facebook.com\/notibras\/","https:\/\/x.com\/Notibras","https:\/\/www.instagram.com\/notibras\/"]},{"@type":"Person","@id":"https:\/\/www.notibras.com\/site\/#\/schema\/person\/36ab0979449956132d3e5b517ea76ac8","name":"Reda\u00e7\u00e3o","image":{"@type":"ImageObject","inLanguage":"pt-BR","@id":"https:\/\/secure.gravatar.com\/avatar\/e0a867bdedb85fd243eadf09663511f96fc81e0720a4a42581f334ad4303aa6b?s=96&d=mm&r=g","url":"https:\/\/secure.gravatar.com\/avatar\/e0a867bdedb85fd243eadf09663511f96fc81e0720a4a42581f334ad4303aa6b?s=96&d=mm&r=g","contentUrl":"https:\/\/secure.gravatar.com\/avatar\/e0a867bdedb85fd243eadf09663511f96fc81e0720a4a42581f334ad4303aa6b?s=96&d=mm&r=g","caption":"Reda\u00e7\u00e3o"}}]}},"amp_enabled":true,"_links":{"self":[{"href":"https:\/\/www.notibras.com\/site\/wp-json\/wp\/v2\/posts\/304442","targetHints":{"allow":["GET"]}}],"collection":[{"href":"https:\/\/www.notibras.com\/site\/wp-json\/wp\/v2\/posts"}],"about":[{"href":"https:\/\/www.notibras.com\/site\/wp-json\/wp\/v2\/types\/post"}],"author":[{"embeddable":true,"href":"https:\/\/www.notibras.com\/site\/wp-json\/wp\/v2\/users\/2"}],"replies":[{"embeddable":true,"href":"https:\/\/www.notibras.com\/site\/wp-json\/wp\/v2\/comments?post=304442"}],"version-history":[{"count":1,"href":"https:\/\/www.notibras.com\/site\/wp-json\/wp\/v2\/posts\/304442\/revisions"}],"predecessor-version":[{"id":304444,"href":"https:\/\/www.notibras.com\/site\/wp-json\/wp\/v2\/posts\/304442\/revisions\/304444"}],"wp:featuredmedia":[{"embeddable":true,"href":"https:\/\/www.notibras.com\/site\/wp-json\/wp\/v2\/media\/304443"}],"wp:attachment":[{"href":"https:\/\/www.notibras.com\/site\/wp-json\/wp\/v2\/media?parent=304442"}],"wp:term":[{"taxonomy":"category","embeddable":true,"href":"https:\/\/www.notibras.com\/site\/wp-json\/wp\/v2\/categories?post=304442"},{"taxonomy":"post_tag","embeddable":true,"href":"https:\/\/www.notibras.com\/site\/wp-json\/wp\/v2\/tags?post=304442"}],"curies":[{"name":"wp","href":"https:\/\/api.w.org\/{rel}","templated":true}]}}