{"id":30445,"date":"2014-12-06T21:08:22","date_gmt":"2014-12-07T00:08:22","guid":{"rendered":"http:\/\/www.notibras.com\/site\/?p=30445"},"modified":"2014-12-07T13:06:08","modified_gmt":"2014-12-07T16:06:08","slug":"vem-pra-rua-ocupa-avenida-paulista-em-mais-um-ato-contra-dilma-rousseff","status":"publish","type":"post","link":"https:\/\/www.notibras.com\/site\/vem-pra-rua-ocupa-avenida-paulista-em-mais-um-ato-contra-dilma-rousseff\/","title":{"rendered":"&#8216;Vem pr\u00e1 rua&#8217; ocupa Avenida Paulista em mais um ato contra Dilma Rousseff"},"content":{"rendered":"<div class=\"image-container anchor-left view-2\">Os paulistanos voltaram a tomar as ruas neste s\u00e1bado, em mais uma s\u00e9rie de protestos contra o governo petista e a reelei\u00e7\u00e3o da presidente Dilma Rousseff. Assim como nos outros atos realizados ap\u00f3s as elei\u00e7\u00f5es de outubro, cartazes levantados pediam interven\u00e7\u00e3o militar, o impeachment da presidente e demonstrar apoio ao senador tucano A\u00e9cio Neves, que foi candidato de oposi\u00e7\u00e3o nas elei\u00e7\u00f5es presidenciais.<\/div>\n<p class=\"text\">A manifesta\u00e7\u00e3o na Avenida Paulista foi apoiada nas redes sociais por l\u00edderes da oposi\u00e7\u00e3o, incluindo A\u00e9cio Neves. Apesar de l\u00edderes opositores terem convocado o protesto na sexta-feira e impulsionado seguidores a engrossar a passeata, a manifesta\u00e7\u00e3o n\u00e3o contou com a presen\u00e7a de figuras pol\u00edticas.<\/p>\n<p class=\"text\">Segundo a Pol\u00edcia Militar, cerca de 800 pessoas se concentraram inicialmente em frente ao Museu de Arte de S\u00e3o Paulo (Masp), mas a aglomera\u00e7\u00e3o se dividiu em dois grupos.<\/p>\n<p class=\"text\">A maioria dizia protestar unicamente contra a corrup\u00e7\u00e3o e cerca de 100 pessoas defendiam um golpe militar e carregavam cartazes exigindo a sa\u00edda da presidente petista.<\/p>\n<p class=\"text\">Um dos l\u00edderes do &#8220;Movimento Vem Pra Rua&#8221;, Rog\u00e9rio Chequer, esclareceu que o ato se limitou a um protesto contra a corrup\u00e7\u00e3o e a falta de \u00e9tica dos pol\u00edticos, e desautorizou qualquer manifesta\u00e7\u00e3o em defesa de uma interven\u00e7\u00e3o militar.<\/p>\n<blockquote>\n<p class=\"text\">&#8220;Somos contra as a\u00e7\u00f5es do governo Dilma, que est\u00e3o manchadas pela corrup\u00e7\u00e3o, pelo clientelismo e pela interfer\u00eancia entre os poderes. Defendemos uma investiga\u00e7\u00e3o exaustiva de todas as irregularidades, puni\u00e7\u00e3o aos culpados e que o governo seja mais eficaz com os gastos p\u00fablicos&#8221;, explicou.<\/p>\n<\/blockquote>\n<p class=\"text\">O empres\u00e1rio Ronaldo Luis Ferreira, um dos l\u00edderes do movimento que defende uma interven\u00e7\u00e3o militar, disse que o golpe \u00e9 a \u00fanica forma de &#8220;tirar todos os pol\u00edticos bandidos antes de convocar novas elei\u00e7\u00f5es&#8221;.<\/p>\n<p class=\"text\">Os dois grupos protestaram principalmente contra a rede de corrup\u00e7\u00e3o que, segundo a pol\u00edcia, se instalou na Petrobras e desvia os recursos da maior empresa do pa\u00eds.<\/p>\n<p class=\"text\">A p\u00e1gina do Facebook \u201cVem pra rua Brasil!\u201d fez campanha ao longo de toda a semana para reunir pessoas. Em posts, a p\u00e1gina pede para que todos os seguidores participem do ato marcado para as 15h\u00a0e que, de verde e amarelo, tamb\u00e9m convidem\u00a0outros manifestantes para participar.<\/p>\n<p class=\"text\">Na rede social, foram postados v\u00eddeos de pol\u00edticos e personalidades, como dos\u00a0senadores A\u00e9cio Neves (PSDB), Ronaldo Caiado (DEM) e\u00a0Aloysio Nunes (PSDB), al\u00e9m do ex-candidato\u00a0Eduardo Jorge (PV), e o cantor Paulo Ricardo,\u00a0que chamavam as pessoas \u00e0s ruas.<\/p>\n<p class=\"text\">\u00a0\u201cMais do que nunca devemos estar mobilizados. Essa \u00e9 a arma que n\u00f3s temos, a nossa mobiliza\u00e7\u00e3o e a nossa capacidade de indignarmos com tudo o que aconteceu e acontece no Brasil\u201d, diz A\u00e9cio Neves no v\u00eddeo que faz refer\u00eancia, entre outras coisas, ao caso de corrup\u00e7\u00e3o na estatal Petrobras.<\/p>\n","protected":false},"excerpt":{"rendered":"<p>Os paulistanos voltaram a tomar as ruas neste s\u00e1bado, em mais uma s\u00e9rie de protestos contra o governo petista e a reelei\u00e7\u00e3o da presidente Dilma Rousseff. Assim como nos outros atos realizados ap\u00f3s as elei\u00e7\u00f5es de outubro, cartazes levantados pediam interven\u00e7\u00e3o militar, o impeachment da presidente e demonstrar apoio ao senador tucano A\u00e9cio Neves, que [&hellip;]<\/p>\n","protected":false},"author":2,"featured_media":30446,"comment_status":"open","ping_status":"closed","sticky":false,"template":"","format":"standard","meta":{"_acf_changed":false,"footnotes":""},"categories":[16],"tags":[],"class_list":["post-30445","post","type-post","status-publish","format-standard","has-post-thumbnail","hentry","category-brasil"],"acf":[],"yoast_head":"<!-- This site is optimized with the Yoast SEO plugin v27.2 - https:\/\/yoast.com\/product\/yoast-seo-wordpress\/ -->\n<title>&#039;Vem pr\u00e1 rua&#039; ocupa Avenida Paulista em mais um ato contra Dilma Rousseff - Notibras<\/title>\n<meta name=\"robots\" content=\"index, follow, max-snippet:-1, max-image-preview:large, max-video-preview:-1\" \/>\n<link rel=\"canonical\" href=\"https:\/\/www.notibras.com\/site\/vem-pra-rua-ocupa-avenida-paulista-em-mais-um-ato-contra-dilma-rousseff\/\" \/>\n<meta property=\"og:locale\" content=\"pt_BR\" \/>\n<meta property=\"og:type\" content=\"article\" \/>\n<meta property=\"og:title\" content=\"&#039;Vem pr\u00e1 rua&#039; ocupa Avenida Paulista em mais um ato contra Dilma Rousseff - Notibras\" \/>\n<meta property=\"og:description\" content=\"Os paulistanos voltaram a tomar as ruas neste s\u00e1bado, em mais uma s\u00e9rie de protestos contra o governo petista e a reelei\u00e7\u00e3o da presidente Dilma Rousseff. Assim como nos outros atos realizados ap\u00f3s as elei\u00e7\u00f5es de outubro, cartazes levantados pediam interven\u00e7\u00e3o militar, o impeachment da presidente e demonstrar apoio ao senador tucano A\u00e9cio Neves, que [&hellip;]\" \/>\n<meta property=\"og:url\" content=\"https:\/\/www.notibras.com\/site\/vem-pra-rua-ocupa-avenida-paulista-em-mais-um-ato-contra-dilma-rousseff\/\" \/>\n<meta property=\"og:site_name\" content=\"Notibras\" \/>\n<meta property=\"article:publisher\" content=\"https:\/\/www.facebook.com\/notibras\/\" \/>\n<meta property=\"article:published_time\" content=\"2014-12-07T00:08:22+00:00\" \/>\n<meta property=\"article:modified_time\" content=\"2014-12-07T16:06:08+00:00\" \/>\n<meta property=\"og:image\" content=\"https:\/\/www.notibras.com\/site\/wp-content\/uploads\/2014\/12\/sao-pauloprotestospaulistafuturapressrenato-s-cerqueira122014x5945z.jpg\" \/>\n\t<meta property=\"og:image:width\" content=\"920\" \/>\n\t<meta property=\"og:image:height\" content=\"613\" \/>\n\t<meta property=\"og:image:type\" content=\"image\/jpeg\" \/>\n<meta name=\"author\" content=\"Reda\u00e7\u00e3o\" \/>\n<meta name=\"twitter:card\" content=\"summary_large_image\" \/>\n<meta name=\"twitter:creator\" content=\"@Notibras\" \/>\n<meta name=\"twitter:site\" content=\"@Notibras\" \/>\n<meta name=\"twitter:label1\" content=\"Escrito por\" \/>\n\t<meta name=\"twitter:data1\" content=\"Reda\u00e7\u00e3o\" \/>\n\t<meta name=\"twitter:label2\" content=\"Est. tempo de leitura\" \/>\n\t<meta name=\"twitter:data2\" content=\"2 minutos\" \/>\n<script type=\"application\/ld+json\" class=\"yoast-schema-graph\">{\"@context\":\"https:\/\/schema.org\",\"@graph\":[{\"@type\":\"Article\",\"@id\":\"https:\/\/www.notibras.com\/site\/vem-pra-rua-ocupa-avenida-paulista-em-mais-um-ato-contra-dilma-rousseff\/#article\",\"isPartOf\":{\"@id\":\"https:\/\/www.notibras.com\/site\/vem-pra-rua-ocupa-avenida-paulista-em-mais-um-ato-contra-dilma-rousseff\/\"},\"author\":{\"name\":\"Reda\u00e7\u00e3o\",\"@id\":\"https:\/\/www.notibras.com\/site\/#\/schema\/person\/36ab0979449956132d3e5b517ea76ac8\"},\"headline\":\"&#8216;Vem pr\u00e1 rua&#8217; ocupa Avenida Paulista em mais um ato contra Dilma Rousseff\",\"datePublished\":\"2014-12-07T00:08:22+00:00\",\"dateModified\":\"2014-12-07T16:06:08+00:00\",\"mainEntityOfPage\":{\"@id\":\"https:\/\/www.notibras.com\/site\/vem-pra-rua-ocupa-avenida-paulista-em-mais-um-ato-contra-dilma-rousseff\/\"},\"wordCount\":508,\"commentCount\":0,\"publisher\":{\"@id\":\"https:\/\/www.notibras.com\/site\/#organization\"},\"image\":{\"@id\":\"https:\/\/www.notibras.com\/site\/vem-pra-rua-ocupa-avenida-paulista-em-mais-um-ato-contra-dilma-rousseff\/#primaryimage\"},\"thumbnailUrl\":\"https:\/\/www.notibras.com\/site\/wp-content\/uploads\/2014\/12\/sao-pauloprotestospaulistafuturapressrenato-s-cerqueira122014x5945z.jpg\",\"articleSection\":[\"Brasil\"],\"inLanguage\":\"pt-BR\",\"potentialAction\":[{\"@type\":\"CommentAction\",\"name\":\"Comment\",\"target\":[\"https:\/\/www.notibras.com\/site\/vem-pra-rua-ocupa-avenida-paulista-em-mais-um-ato-contra-dilma-rousseff\/#respond\"]}]},{\"@type\":\"WebPage\",\"@id\":\"https:\/\/www.notibras.com\/site\/vem-pra-rua-ocupa-avenida-paulista-em-mais-um-ato-contra-dilma-rousseff\/\",\"url\":\"https:\/\/www.notibras.com\/site\/vem-pra-rua-ocupa-avenida-paulista-em-mais-um-ato-contra-dilma-rousseff\/\",\"name\":\"'Vem pr\u00e1 rua' ocupa Avenida Paulista em mais um ato contra Dilma Rousseff - Notibras\",\"isPartOf\":{\"@id\":\"https:\/\/www.notibras.com\/site\/#website\"},\"primaryImageOfPage\":{\"@id\":\"https:\/\/www.notibras.com\/site\/vem-pra-rua-ocupa-avenida-paulista-em-mais-um-ato-contra-dilma-rousseff\/#primaryimage\"},\"image\":{\"@id\":\"https:\/\/www.notibras.com\/site\/vem-pra-rua-ocupa-avenida-paulista-em-mais-um-ato-contra-dilma-rousseff\/#primaryimage\"},\"thumbnailUrl\":\"https:\/\/www.notibras.com\/site\/wp-content\/uploads\/2014\/12\/sao-pauloprotestospaulistafuturapressrenato-s-cerqueira122014x5945z.jpg\",\"datePublished\":\"2014-12-07T00:08:22+00:00\",\"dateModified\":\"2014-12-07T16:06:08+00:00\",\"breadcrumb\":{\"@id\":\"https:\/\/www.notibras.com\/site\/vem-pra-rua-ocupa-avenida-paulista-em-mais-um-ato-contra-dilma-rousseff\/#breadcrumb\"},\"inLanguage\":\"pt-BR\",\"potentialAction\":[{\"@type\":\"ReadAction\",\"target\":[\"https:\/\/www.notibras.com\/site\/vem-pra-rua-ocupa-avenida-paulista-em-mais-um-ato-contra-dilma-rousseff\/\"]}]},{\"@type\":\"ImageObject\",\"inLanguage\":\"pt-BR\",\"@id\":\"https:\/\/www.notibras.com\/site\/vem-pra-rua-ocupa-avenida-paulista-em-mais-um-ato-contra-dilma-rousseff\/#primaryimage\",\"url\":\"https:\/\/www.notibras.com\/site\/wp-content\/uploads\/2014\/12\/sao-pauloprotestospaulistafuturapressrenato-s-cerqueira122014x5945z.jpg\",\"contentUrl\":\"https:\/\/www.notibras.com\/site\/wp-content\/uploads\/2014\/12\/sao-pauloprotestospaulistafuturapressrenato-s-cerqueira122014x5945z.jpg\",\"width\":920,\"height\":613},{\"@type\":\"BreadcrumbList\",\"@id\":\"https:\/\/www.notibras.com\/site\/vem-pra-rua-ocupa-avenida-paulista-em-mais-um-ato-contra-dilma-rousseff\/#breadcrumb\",\"itemListElement\":[{\"@type\":\"ListItem\",\"position\":1,\"name\":\"In\u00edcio\",\"item\":\"https:\/\/www.notibras.com\/site\/\"},{\"@type\":\"ListItem\",\"position\":2,\"name\":\"&#8216;Vem pr\u00e1 rua&#8217; ocupa Avenida Paulista em mais um ato contra Dilma Rousseff\"}]},{\"@type\":\"WebSite\",\"@id\":\"https:\/\/www.notibras.com\/site\/#website\",\"url\":\"https:\/\/www.notibras.com\/site\/\",\"name\":\"Notibras\",\"description\":\"Not\u00edcias de Bras\u00edlia, do Brasil e do Mundo\",\"publisher\":{\"@id\":\"https:\/\/www.notibras.com\/site\/#organization\"},\"potentialAction\":[{\"@type\":\"SearchAction\",\"target\":{\"@type\":\"EntryPoint\",\"urlTemplate\":\"https:\/\/www.notibras.com\/site\/?s={search_term_string}\"},\"query-input\":{\"@type\":\"PropertyValueSpecification\",\"valueRequired\":true,\"valueName\":\"search_term_string\"}}],\"inLanguage\":\"pt-BR\"},{\"@type\":\"Organization\",\"@id\":\"https:\/\/www.notibras.com\/site\/#organization\",\"name\":\"Grupo Notibras de Comunica\u00e7\u00e3o\",\"url\":\"https:\/\/www.notibras.com\/site\/\",\"logo\":{\"@type\":\"ImageObject\",\"inLanguage\":\"pt-BR\",\"@id\":\"https:\/\/www.notibras.com\/site\/#\/schema\/logo\/image\/\",\"url\":\"https:\/\/www.notibras.com\/site\/wp-content\/uploads\/2023\/01\/notibras23.png\",\"contentUrl\":\"https:\/\/www.notibras.com\/site\/wp-content\/uploads\/2023\/01\/notibras23.png\",\"width\":350,\"height\":87,\"caption\":\"Grupo Notibras de Comunica\u00e7\u00e3o\"},\"image\":{\"@id\":\"https:\/\/www.notibras.com\/site\/#\/schema\/logo\/image\/\"},\"sameAs\":[\"https:\/\/www.facebook.com\/notibras\/\",\"https:\/\/x.com\/Notibras\",\"https:\/\/www.instagram.com\/notibras\/\"]},{\"@type\":\"Person\",\"@id\":\"https:\/\/www.notibras.com\/site\/#\/schema\/person\/36ab0979449956132d3e5b517ea76ac8\",\"name\":\"Reda\u00e7\u00e3o\",\"image\":{\"@type\":\"ImageObject\",\"inLanguage\":\"pt-BR\",\"@id\":\"https:\/\/secure.gravatar.com\/avatar\/e0a867bdedb85fd243eadf09663511f96fc81e0720a4a42581f334ad4303aa6b?s=96&d=mm&r=g\",\"url\":\"https:\/\/secure.gravatar.com\/avatar\/e0a867bdedb85fd243eadf09663511f96fc81e0720a4a42581f334ad4303aa6b?s=96&d=mm&r=g\",\"contentUrl\":\"https:\/\/secure.gravatar.com\/avatar\/e0a867bdedb85fd243eadf09663511f96fc81e0720a4a42581f334ad4303aa6b?s=96&d=mm&r=g\",\"caption\":\"Reda\u00e7\u00e3o\"}}]}<\/script>\n<!-- \/ Yoast SEO plugin. -->","yoast_head_json":{"title":"'Vem pr\u00e1 rua' ocupa Avenida Paulista em mais um ato contra Dilma Rousseff - Notibras","robots":{"index":"index","follow":"follow","max-snippet":"max-snippet:-1","max-image-preview":"max-image-preview:large","max-video-preview":"max-video-preview:-1"},"canonical":"https:\/\/www.notibras.com\/site\/vem-pra-rua-ocupa-avenida-paulista-em-mais-um-ato-contra-dilma-rousseff\/","og_locale":"pt_BR","og_type":"article","og_title":"'Vem pr\u00e1 rua' ocupa Avenida Paulista em mais um ato contra Dilma Rousseff - Notibras","og_description":"Os paulistanos voltaram a tomar as ruas neste s\u00e1bado, em mais uma s\u00e9rie de protestos contra o governo petista e a reelei\u00e7\u00e3o da presidente Dilma Rousseff. Assim como nos outros atos realizados ap\u00f3s as elei\u00e7\u00f5es de outubro, cartazes levantados pediam interven\u00e7\u00e3o militar, o impeachment da presidente e demonstrar apoio ao senador tucano A\u00e9cio Neves, que [&hellip;]","og_url":"https:\/\/www.notibras.com\/site\/vem-pra-rua-ocupa-avenida-paulista-em-mais-um-ato-contra-dilma-rousseff\/","og_site_name":"Notibras","article_publisher":"https:\/\/www.facebook.com\/notibras\/","article_published_time":"2014-12-07T00:08:22+00:00","article_modified_time":"2014-12-07T16:06:08+00:00","og_image":[{"width":920,"height":613,"url":"https:\/\/www.notibras.com\/site\/wp-content\/uploads\/2014\/12\/sao-pauloprotestospaulistafuturapressrenato-s-cerqueira122014x5945z.jpg","type":"image\/jpeg"}],"author":"Reda\u00e7\u00e3o","twitter_card":"summary_large_image","twitter_creator":"@Notibras","twitter_site":"@Notibras","twitter_misc":{"Escrito por":"Reda\u00e7\u00e3o","Est. tempo de leitura":"2 minutos"},"schema":{"@context":"https:\/\/schema.org","@graph":[{"@type":"Article","@id":"https:\/\/www.notibras.com\/site\/vem-pra-rua-ocupa-avenida-paulista-em-mais-um-ato-contra-dilma-rousseff\/#article","isPartOf":{"@id":"https:\/\/www.notibras.com\/site\/vem-pra-rua-ocupa-avenida-paulista-em-mais-um-ato-contra-dilma-rousseff\/"},"author":{"name":"Reda\u00e7\u00e3o","@id":"https:\/\/www.notibras.com\/site\/#\/schema\/person\/36ab0979449956132d3e5b517ea76ac8"},"headline":"&#8216;Vem pr\u00e1 rua&#8217; ocupa Avenida Paulista em mais um ato contra Dilma Rousseff","datePublished":"2014-12-07T00:08:22+00:00","dateModified":"2014-12-07T16:06:08+00:00","mainEntityOfPage":{"@id":"https:\/\/www.notibras.com\/site\/vem-pra-rua-ocupa-avenida-paulista-em-mais-um-ato-contra-dilma-rousseff\/"},"wordCount":508,"commentCount":0,"publisher":{"@id":"https:\/\/www.notibras.com\/site\/#organization"},"image":{"@id":"https:\/\/www.notibras.com\/site\/vem-pra-rua-ocupa-avenida-paulista-em-mais-um-ato-contra-dilma-rousseff\/#primaryimage"},"thumbnailUrl":"https:\/\/www.notibras.com\/site\/wp-content\/uploads\/2014\/12\/sao-pauloprotestospaulistafuturapressrenato-s-cerqueira122014x5945z.jpg","articleSection":["Brasil"],"inLanguage":"pt-BR","potentialAction":[{"@type":"CommentAction","name":"Comment","target":["https:\/\/www.notibras.com\/site\/vem-pra-rua-ocupa-avenida-paulista-em-mais-um-ato-contra-dilma-rousseff\/#respond"]}]},{"@type":"WebPage","@id":"https:\/\/www.notibras.com\/site\/vem-pra-rua-ocupa-avenida-paulista-em-mais-um-ato-contra-dilma-rousseff\/","url":"https:\/\/www.notibras.com\/site\/vem-pra-rua-ocupa-avenida-paulista-em-mais-um-ato-contra-dilma-rousseff\/","name":"'Vem pr\u00e1 rua' ocupa Avenida Paulista em mais um ato contra Dilma Rousseff - Notibras","isPartOf":{"@id":"https:\/\/www.notibras.com\/site\/#website"},"primaryImageOfPage":{"@id":"https:\/\/www.notibras.com\/site\/vem-pra-rua-ocupa-avenida-paulista-em-mais-um-ato-contra-dilma-rousseff\/#primaryimage"},"image":{"@id":"https:\/\/www.notibras.com\/site\/vem-pra-rua-ocupa-avenida-paulista-em-mais-um-ato-contra-dilma-rousseff\/#primaryimage"},"thumbnailUrl":"https:\/\/www.notibras.com\/site\/wp-content\/uploads\/2014\/12\/sao-pauloprotestospaulistafuturapressrenato-s-cerqueira122014x5945z.jpg","datePublished":"2014-12-07T00:08:22+00:00","dateModified":"2014-12-07T16:06:08+00:00","breadcrumb":{"@id":"https:\/\/www.notibras.com\/site\/vem-pra-rua-ocupa-avenida-paulista-em-mais-um-ato-contra-dilma-rousseff\/#breadcrumb"},"inLanguage":"pt-BR","potentialAction":[{"@type":"ReadAction","target":["https:\/\/www.notibras.com\/site\/vem-pra-rua-ocupa-avenida-paulista-em-mais-um-ato-contra-dilma-rousseff\/"]}]},{"@type":"ImageObject","inLanguage":"pt-BR","@id":"https:\/\/www.notibras.com\/site\/vem-pra-rua-ocupa-avenida-paulista-em-mais-um-ato-contra-dilma-rousseff\/#primaryimage","url":"https:\/\/www.notibras.com\/site\/wp-content\/uploads\/2014\/12\/sao-pauloprotestospaulistafuturapressrenato-s-cerqueira122014x5945z.jpg","contentUrl":"https:\/\/www.notibras.com\/site\/wp-content\/uploads\/2014\/12\/sao-pauloprotestospaulistafuturapressrenato-s-cerqueira122014x5945z.jpg","width":920,"height":613},{"@type":"BreadcrumbList","@id":"https:\/\/www.notibras.com\/site\/vem-pra-rua-ocupa-avenida-paulista-em-mais-um-ato-contra-dilma-rousseff\/#breadcrumb","itemListElement":[{"@type":"ListItem","position":1,"name":"In\u00edcio","item":"https:\/\/www.notibras.com\/site\/"},{"@type":"ListItem","position":2,"name":"&#8216;Vem pr\u00e1 rua&#8217; ocupa Avenida Paulista em mais um ato contra Dilma Rousseff"}]},{"@type":"WebSite","@id":"https:\/\/www.notibras.com\/site\/#website","url":"https:\/\/www.notibras.com\/site\/","name":"Notibras","description":"Not\u00edcias de Bras\u00edlia, do Brasil e do Mundo","publisher":{"@id":"https:\/\/www.notibras.com\/site\/#organization"},"potentialAction":[{"@type":"SearchAction","target":{"@type":"EntryPoint","urlTemplate":"https:\/\/www.notibras.com\/site\/?s={search_term_string}"},"query-input":{"@type":"PropertyValueSpecification","valueRequired":true,"valueName":"search_term_string"}}],"inLanguage":"pt-BR"},{"@type":"Organization","@id":"https:\/\/www.notibras.com\/site\/#organization","name":"Grupo Notibras de Comunica\u00e7\u00e3o","url":"https:\/\/www.notibras.com\/site\/","logo":{"@type":"ImageObject","inLanguage":"pt-BR","@id":"https:\/\/www.notibras.com\/site\/#\/schema\/logo\/image\/","url":"https:\/\/www.notibras.com\/site\/wp-content\/uploads\/2023\/01\/notibras23.png","contentUrl":"https:\/\/www.notibras.com\/site\/wp-content\/uploads\/2023\/01\/notibras23.png","width":350,"height":87,"caption":"Grupo Notibras de Comunica\u00e7\u00e3o"},"image":{"@id":"https:\/\/www.notibras.com\/site\/#\/schema\/logo\/image\/"},"sameAs":["https:\/\/www.facebook.com\/notibras\/","https:\/\/x.com\/Notibras","https:\/\/www.instagram.com\/notibras\/"]},{"@type":"Person","@id":"https:\/\/www.notibras.com\/site\/#\/schema\/person\/36ab0979449956132d3e5b517ea76ac8","name":"Reda\u00e7\u00e3o","image":{"@type":"ImageObject","inLanguage":"pt-BR","@id":"https:\/\/secure.gravatar.com\/avatar\/e0a867bdedb85fd243eadf09663511f96fc81e0720a4a42581f334ad4303aa6b?s=96&d=mm&r=g","url":"https:\/\/secure.gravatar.com\/avatar\/e0a867bdedb85fd243eadf09663511f96fc81e0720a4a42581f334ad4303aa6b?s=96&d=mm&r=g","contentUrl":"https:\/\/secure.gravatar.com\/avatar\/e0a867bdedb85fd243eadf09663511f96fc81e0720a4a42581f334ad4303aa6b?s=96&d=mm&r=g","caption":"Reda\u00e7\u00e3o"}}]}},"amp_enabled":true,"_links":{"self":[{"href":"https:\/\/www.notibras.com\/site\/wp-json\/wp\/v2\/posts\/30445","targetHints":{"allow":["GET"]}}],"collection":[{"href":"https:\/\/www.notibras.com\/site\/wp-json\/wp\/v2\/posts"}],"about":[{"href":"https:\/\/www.notibras.com\/site\/wp-json\/wp\/v2\/types\/post"}],"author":[{"embeddable":true,"href":"https:\/\/www.notibras.com\/site\/wp-json\/wp\/v2\/users\/2"}],"replies":[{"embeddable":true,"href":"https:\/\/www.notibras.com\/site\/wp-json\/wp\/v2\/comments?post=30445"}],"version-history":[{"count":0,"href":"https:\/\/www.notibras.com\/site\/wp-json\/wp\/v2\/posts\/30445\/revisions"}],"wp:featuredmedia":[{"embeddable":true,"href":"https:\/\/www.notibras.com\/site\/wp-json\/wp\/v2\/media\/30446"}],"wp:attachment":[{"href":"https:\/\/www.notibras.com\/site\/wp-json\/wp\/v2\/media?parent=30445"}],"wp:term":[{"taxonomy":"category","embeddable":true,"href":"https:\/\/www.notibras.com\/site\/wp-json\/wp\/v2\/categories?post=30445"},{"taxonomy":"post_tag","embeddable":true,"href":"https:\/\/www.notibras.com\/site\/wp-json\/wp\/v2\/tags?post=30445"}],"curies":[{"name":"wp","href":"https:\/\/api.w.org\/{rel}","templated":true}]}}