{"id":304502,"date":"2023-05-09T06:22:30","date_gmt":"2023-05-09T09:22:30","guid":{"rendered":"https:\/\/www.notibras.com\/site\/?p=304502"},"modified":"2023-05-09T06:25:08","modified_gmt":"2023-05-09T09:25:08","slug":"tirem-borba-levem-senna-e-deixem-candangos","status":"publish","type":"post","link":"https:\/\/www.notibras.com\/site\/tirem-borba-levem-senna-e-deixem-candangos\/","title":{"rendered":"Tirem Borba, levem Senna e deixem Candangos"},"content":{"rendered":"<p>Se tem uma coisa que me incomoda muito em Copacabana \u00e9 a est\u00e1tua do Ayrton Senna. Gente, o que esse trambolho tem a ver com Copa? Ali\u00e1s, o que tem a ver com o Rio de Janeiro? E que n\u00e3o me venham falar que ele \u00e9 um s\u00edmbolo do orgulho do esporte brasileiro. Balela!<\/p>\n<p>Em primeiro lugar, tenho c\u00e1 as minhas d\u00favidas se corrida de carro \u00e9 esporte. Isso n\u00e3o passa de um amontoado de almofadinhas que tenta descobrir quem \u00e9 que consegue pisar mais fundo no acelerador de um ve\u00edculo extremamente caro para qualquer bolso que eu e, provavelmente, voc\u00ea conhecemos.<\/p>\n<p>Um mais rico que o outro! Tanto \u00e9 que, quando deram uma chance a algu\u00e9m de classe n\u00e3o abastada, descobriu-se o maior vencedor de tal atividade. Preciso falar quem \u00e9? T\u00e1 bom, o nome dele \u00e9 Lewis Hamilton. Todavia, uma est\u00e1tua desse dito fen\u00f4meno das pistas tamb\u00e9m n\u00e3o cairia bem no cal\u00e7ad\u00e3o mais famoso do mundo.<\/p>\n<p>Tirem essa coisa vexat\u00f3ria de Copacabana! Se querem homenagear algu\u00e9m, n\u00e3o faltam \u00edcones relacionados \u00e0 Cidade Maravilhosa: Dona Ivone Lara, Nise da Silveira, Cartola, Vin\u00edcius de Moraes. O Rio n\u00e3o precisa do Ayrton Senna! Ali\u00e1s, querer ligar esse cara ao Rio \u00e9 pior que aqueles casamentos arranjados, t\u00e3o t\u00edpicos nos tempos dos nossos tatarav\u00f3s.<\/p>\n<p>At\u00e9 tenho uma sugest\u00e3o. Doem esse monumento para S\u00e3o Paulo, que poder\u00e1 coloc\u00e1-lo no lugar da est\u00e1tua do Borba Gato. Vai fazer muito mais sucesso, ainda mais porque o Senna at\u00e9 ganhou o meu respeito nos \u00faltimos tempos, j\u00e1 que \u00e9 o contraponto daquele outro, que arrumou emprego de motorista do Bozo, o palha\u00e7o, al\u00e9m de esconder coisinhas surrupiadas de um certo pal\u00e1cio, que n\u00e3o \u00e9 o de Buckingham. S\u00f3 n\u00e3o mexam com os Dois Candangos!<\/p>\n","protected":false},"excerpt":{"rendered":"<p>Se tem uma coisa que me incomoda muito em Copacabana \u00e9 a est\u00e1tua do Ayrton Senna. Gente, o que esse trambolho tem a ver com Copa? Ali\u00e1s, o que tem a ver com o Rio de Janeiro? E que n\u00e3o me venham falar que ele \u00e9 um s\u00edmbolo do orgulho do esporte brasileiro. Balela! Em [&hellip;]<\/p>\n","protected":false},"author":2,"featured_media":304503,"comment_status":"closed","ping_status":"closed","sticky":false,"template":"","format":"standard","meta":{"_acf_changed":false,"footnotes":""},"categories":[161],"tags":[],"class_list":["post-304502","post","type-post","status-publish","format-standard","has-post-thumbnail","hentry","category-quadradinho-em-foco"],"acf":[],"yoast_head":"<!-- This site is optimized with the Yoast SEO plugin v27.2 - https:\/\/yoast.com\/product\/yoast-seo-wordpress\/ -->\n<title>Tirem Borba, levem Senna e deixem Candangos - Notibras<\/title>\n<meta name=\"robots\" content=\"index, follow, max-snippet:-1, max-image-preview:large, max-video-preview:-1\" \/>\n<link rel=\"canonical\" href=\"https:\/\/www.notibras.com\/site\/tirem-borba-levem-senna-e-deixem-candangos\/\" \/>\n<meta property=\"og:locale\" content=\"pt_BR\" \/>\n<meta property=\"og:type\" content=\"article\" \/>\n<meta property=\"og:title\" content=\"Tirem Borba, levem Senna e deixem Candangos - Notibras\" \/>\n<meta property=\"og:description\" content=\"Se tem uma coisa que me incomoda muito em Copacabana \u00e9 a est\u00e1tua do Ayrton Senna. Gente, o que esse trambolho tem a ver com Copa? Ali\u00e1s, o que tem a ver com o Rio de Janeiro? E que n\u00e3o me venham falar que ele \u00e9 um s\u00edmbolo do orgulho do esporte brasileiro. Balela! Em [&hellip;]\" \/>\n<meta property=\"og:url\" content=\"https:\/\/www.notibras.com\/site\/tirem-borba-levem-senna-e-deixem-candangos\/\" \/>\n<meta property=\"og:site_name\" content=\"Notibras\" \/>\n<meta property=\"article:publisher\" content=\"https:\/\/www.facebook.com\/notibras\/\" \/>\n<meta property=\"article:published_time\" content=\"2023-05-09T09:22:30+00:00\" \/>\n<meta property=\"article:modified_time\" content=\"2023-05-09T09:25:08+00:00\" \/>\n<meta property=\"og:image\" content=\"https:\/\/www.notibras.com\/site\/wp-content\/uploads\/2023\/05\/Os_Candangos.jpg\" \/>\n\t<meta property=\"og:image:width\" content=\"2464\" \/>\n\t<meta property=\"og:image:height\" content=\"1632\" \/>\n\t<meta property=\"og:image:type\" content=\"image\/jpeg\" \/>\n<meta name=\"author\" content=\"Reda\u00e7\u00e3o\" \/>\n<meta name=\"twitter:card\" content=\"summary_large_image\" \/>\n<meta name=\"twitter:creator\" content=\"@Notibras\" \/>\n<meta name=\"twitter:site\" content=\"@Notibras\" \/>\n<meta name=\"twitter:label1\" content=\"Escrito por\" \/>\n\t<meta name=\"twitter:data1\" content=\"Reda\u00e7\u00e3o\" \/>\n\t<meta name=\"twitter:label2\" content=\"Est. tempo de leitura\" \/>\n\t<meta name=\"twitter:data2\" content=\"2 minutos\" \/>\n<script type=\"application\/ld+json\" class=\"yoast-schema-graph\">{\"@context\":\"https:\/\/schema.org\",\"@graph\":[{\"@type\":\"Article\",\"@id\":\"https:\/\/www.notibras.com\/site\/tirem-borba-levem-senna-e-deixem-candangos\/#article\",\"isPartOf\":{\"@id\":\"https:\/\/www.notibras.com\/site\/tirem-borba-levem-senna-e-deixem-candangos\/\"},\"author\":{\"name\":\"Reda\u00e7\u00e3o\",\"@id\":\"https:\/\/www.notibras.com\/site\/#\/schema\/person\/36ab0979449956132d3e5b517ea76ac8\"},\"headline\":\"Tirem Borba, levem Senna e deixem Candangos\",\"datePublished\":\"2023-05-09T09:22:30+00:00\",\"dateModified\":\"2023-05-09T09:25:08+00:00\",\"mainEntityOfPage\":{\"@id\":\"https:\/\/www.notibras.com\/site\/tirem-borba-levem-senna-e-deixem-candangos\/\"},\"wordCount\":317,\"publisher\":{\"@id\":\"https:\/\/www.notibras.com\/site\/#organization\"},\"image\":{\"@id\":\"https:\/\/www.notibras.com\/site\/tirem-borba-levem-senna-e-deixem-candangos\/#primaryimage\"},\"thumbnailUrl\":\"https:\/\/www.notibras.com\/site\/wp-content\/uploads\/2023\/05\/Os_Candangos.jpg\",\"articleSection\":[\"Quadradinho em Foco\"],\"inLanguage\":\"pt-BR\"},{\"@type\":\"WebPage\",\"@id\":\"https:\/\/www.notibras.com\/site\/tirem-borba-levem-senna-e-deixem-candangos\/\",\"url\":\"https:\/\/www.notibras.com\/site\/tirem-borba-levem-senna-e-deixem-candangos\/\",\"name\":\"Tirem Borba, levem Senna e deixem Candangos - Notibras\",\"isPartOf\":{\"@id\":\"https:\/\/www.notibras.com\/site\/#website\"},\"primaryImageOfPage\":{\"@id\":\"https:\/\/www.notibras.com\/site\/tirem-borba-levem-senna-e-deixem-candangos\/#primaryimage\"},\"image\":{\"@id\":\"https:\/\/www.notibras.com\/site\/tirem-borba-levem-senna-e-deixem-candangos\/#primaryimage\"},\"thumbnailUrl\":\"https:\/\/www.notibras.com\/site\/wp-content\/uploads\/2023\/05\/Os_Candangos.jpg\",\"datePublished\":\"2023-05-09T09:22:30+00:00\",\"dateModified\":\"2023-05-09T09:25:08+00:00\",\"breadcrumb\":{\"@id\":\"https:\/\/www.notibras.com\/site\/tirem-borba-levem-senna-e-deixem-candangos\/#breadcrumb\"},\"inLanguage\":\"pt-BR\",\"potentialAction\":[{\"@type\":\"ReadAction\",\"target\":[\"https:\/\/www.notibras.com\/site\/tirem-borba-levem-senna-e-deixem-candangos\/\"]}]},{\"@type\":\"ImageObject\",\"inLanguage\":\"pt-BR\",\"@id\":\"https:\/\/www.notibras.com\/site\/tirem-borba-levem-senna-e-deixem-candangos\/#primaryimage\",\"url\":\"https:\/\/www.notibras.com\/site\/wp-content\/uploads\/2023\/05\/Os_Candangos.jpg\",\"contentUrl\":\"https:\/\/www.notibras.com\/site\/wp-content\/uploads\/2023\/05\/Os_Candangos.jpg\",\"width\":2464,\"height\":1632},{\"@type\":\"BreadcrumbList\",\"@id\":\"https:\/\/www.notibras.com\/site\/tirem-borba-levem-senna-e-deixem-candangos\/#breadcrumb\",\"itemListElement\":[{\"@type\":\"ListItem\",\"position\":1,\"name\":\"In\u00edcio\",\"item\":\"https:\/\/www.notibras.com\/site\/\"},{\"@type\":\"ListItem\",\"position\":2,\"name\":\"Tirem Borba, levem Senna e deixem Candangos\"}]},{\"@type\":\"WebSite\",\"@id\":\"https:\/\/www.notibras.com\/site\/#website\",\"url\":\"https:\/\/www.notibras.com\/site\/\",\"name\":\"Notibras\",\"description\":\"Not\u00edcias de Bras\u00edlia, do Brasil e do Mundo\",\"publisher\":{\"@id\":\"https:\/\/www.notibras.com\/site\/#organization\"},\"potentialAction\":[{\"@type\":\"SearchAction\",\"target\":{\"@type\":\"EntryPoint\",\"urlTemplate\":\"https:\/\/www.notibras.com\/site\/?s={search_term_string}\"},\"query-input\":{\"@type\":\"PropertyValueSpecification\",\"valueRequired\":true,\"valueName\":\"search_term_string\"}}],\"inLanguage\":\"pt-BR\"},{\"@type\":\"Organization\",\"@id\":\"https:\/\/www.notibras.com\/site\/#organization\",\"name\":\"Grupo Notibras de Comunica\u00e7\u00e3o\",\"url\":\"https:\/\/www.notibras.com\/site\/\",\"logo\":{\"@type\":\"ImageObject\",\"inLanguage\":\"pt-BR\",\"@id\":\"https:\/\/www.notibras.com\/site\/#\/schema\/logo\/image\/\",\"url\":\"https:\/\/www.notibras.com\/site\/wp-content\/uploads\/2023\/01\/notibras23.png\",\"contentUrl\":\"https:\/\/www.notibras.com\/site\/wp-content\/uploads\/2023\/01\/notibras23.png\",\"width\":350,\"height\":87,\"caption\":\"Grupo Notibras de Comunica\u00e7\u00e3o\"},\"image\":{\"@id\":\"https:\/\/www.notibras.com\/site\/#\/schema\/logo\/image\/\"},\"sameAs\":[\"https:\/\/www.facebook.com\/notibras\/\",\"https:\/\/x.com\/Notibras\",\"https:\/\/www.instagram.com\/notibras\/\"]},{\"@type\":\"Person\",\"@id\":\"https:\/\/www.notibras.com\/site\/#\/schema\/person\/36ab0979449956132d3e5b517ea76ac8\",\"name\":\"Reda\u00e7\u00e3o\",\"image\":{\"@type\":\"ImageObject\",\"inLanguage\":\"pt-BR\",\"@id\":\"https:\/\/secure.gravatar.com\/avatar\/e0a867bdedb85fd243eadf09663511f96fc81e0720a4a42581f334ad4303aa6b?s=96&d=mm&r=g\",\"url\":\"https:\/\/secure.gravatar.com\/avatar\/e0a867bdedb85fd243eadf09663511f96fc81e0720a4a42581f334ad4303aa6b?s=96&d=mm&r=g\",\"contentUrl\":\"https:\/\/secure.gravatar.com\/avatar\/e0a867bdedb85fd243eadf09663511f96fc81e0720a4a42581f334ad4303aa6b?s=96&d=mm&r=g\",\"caption\":\"Reda\u00e7\u00e3o\"}}]}<\/script>\n<!-- \/ Yoast SEO plugin. -->","yoast_head_json":{"title":"Tirem Borba, levem Senna e deixem Candangos - Notibras","robots":{"index":"index","follow":"follow","max-snippet":"max-snippet:-1","max-image-preview":"max-image-preview:large","max-video-preview":"max-video-preview:-1"},"canonical":"https:\/\/www.notibras.com\/site\/tirem-borba-levem-senna-e-deixem-candangos\/","og_locale":"pt_BR","og_type":"article","og_title":"Tirem Borba, levem Senna e deixem Candangos - Notibras","og_description":"Se tem uma coisa que me incomoda muito em Copacabana \u00e9 a est\u00e1tua do Ayrton Senna. Gente, o que esse trambolho tem a ver com Copa? Ali\u00e1s, o que tem a ver com o Rio de Janeiro? E que n\u00e3o me venham falar que ele \u00e9 um s\u00edmbolo do orgulho do esporte brasileiro. Balela! Em [&hellip;]","og_url":"https:\/\/www.notibras.com\/site\/tirem-borba-levem-senna-e-deixem-candangos\/","og_site_name":"Notibras","article_publisher":"https:\/\/www.facebook.com\/notibras\/","article_published_time":"2023-05-09T09:22:30+00:00","article_modified_time":"2023-05-09T09:25:08+00:00","og_image":[{"width":2464,"height":1632,"url":"https:\/\/www.notibras.com\/site\/wp-content\/uploads\/2023\/05\/Os_Candangos.jpg","type":"image\/jpeg"}],"author":"Reda\u00e7\u00e3o","twitter_card":"summary_large_image","twitter_creator":"@Notibras","twitter_site":"@Notibras","twitter_misc":{"Escrito por":"Reda\u00e7\u00e3o","Est. tempo de leitura":"2 minutos"},"schema":{"@context":"https:\/\/schema.org","@graph":[{"@type":"Article","@id":"https:\/\/www.notibras.com\/site\/tirem-borba-levem-senna-e-deixem-candangos\/#article","isPartOf":{"@id":"https:\/\/www.notibras.com\/site\/tirem-borba-levem-senna-e-deixem-candangos\/"},"author":{"name":"Reda\u00e7\u00e3o","@id":"https:\/\/www.notibras.com\/site\/#\/schema\/person\/36ab0979449956132d3e5b517ea76ac8"},"headline":"Tirem Borba, levem Senna e deixem Candangos","datePublished":"2023-05-09T09:22:30+00:00","dateModified":"2023-05-09T09:25:08+00:00","mainEntityOfPage":{"@id":"https:\/\/www.notibras.com\/site\/tirem-borba-levem-senna-e-deixem-candangos\/"},"wordCount":317,"publisher":{"@id":"https:\/\/www.notibras.com\/site\/#organization"},"image":{"@id":"https:\/\/www.notibras.com\/site\/tirem-borba-levem-senna-e-deixem-candangos\/#primaryimage"},"thumbnailUrl":"https:\/\/www.notibras.com\/site\/wp-content\/uploads\/2023\/05\/Os_Candangos.jpg","articleSection":["Quadradinho em Foco"],"inLanguage":"pt-BR"},{"@type":"WebPage","@id":"https:\/\/www.notibras.com\/site\/tirem-borba-levem-senna-e-deixem-candangos\/","url":"https:\/\/www.notibras.com\/site\/tirem-borba-levem-senna-e-deixem-candangos\/","name":"Tirem Borba, levem Senna e deixem Candangos - Notibras","isPartOf":{"@id":"https:\/\/www.notibras.com\/site\/#website"},"primaryImageOfPage":{"@id":"https:\/\/www.notibras.com\/site\/tirem-borba-levem-senna-e-deixem-candangos\/#primaryimage"},"image":{"@id":"https:\/\/www.notibras.com\/site\/tirem-borba-levem-senna-e-deixem-candangos\/#primaryimage"},"thumbnailUrl":"https:\/\/www.notibras.com\/site\/wp-content\/uploads\/2023\/05\/Os_Candangos.jpg","datePublished":"2023-05-09T09:22:30+00:00","dateModified":"2023-05-09T09:25:08+00:00","breadcrumb":{"@id":"https:\/\/www.notibras.com\/site\/tirem-borba-levem-senna-e-deixem-candangos\/#breadcrumb"},"inLanguage":"pt-BR","potentialAction":[{"@type":"ReadAction","target":["https:\/\/www.notibras.com\/site\/tirem-borba-levem-senna-e-deixem-candangos\/"]}]},{"@type":"ImageObject","inLanguage":"pt-BR","@id":"https:\/\/www.notibras.com\/site\/tirem-borba-levem-senna-e-deixem-candangos\/#primaryimage","url":"https:\/\/www.notibras.com\/site\/wp-content\/uploads\/2023\/05\/Os_Candangos.jpg","contentUrl":"https:\/\/www.notibras.com\/site\/wp-content\/uploads\/2023\/05\/Os_Candangos.jpg","width":2464,"height":1632},{"@type":"BreadcrumbList","@id":"https:\/\/www.notibras.com\/site\/tirem-borba-levem-senna-e-deixem-candangos\/#breadcrumb","itemListElement":[{"@type":"ListItem","position":1,"name":"In\u00edcio","item":"https:\/\/www.notibras.com\/site\/"},{"@type":"ListItem","position":2,"name":"Tirem Borba, levem Senna e deixem Candangos"}]},{"@type":"WebSite","@id":"https:\/\/www.notibras.com\/site\/#website","url":"https:\/\/www.notibras.com\/site\/","name":"Notibras","description":"Not\u00edcias de Bras\u00edlia, do Brasil e do Mundo","publisher":{"@id":"https:\/\/www.notibras.com\/site\/#organization"},"potentialAction":[{"@type":"SearchAction","target":{"@type":"EntryPoint","urlTemplate":"https:\/\/www.notibras.com\/site\/?s={search_term_string}"},"query-input":{"@type":"PropertyValueSpecification","valueRequired":true,"valueName":"search_term_string"}}],"inLanguage":"pt-BR"},{"@type":"Organization","@id":"https:\/\/www.notibras.com\/site\/#organization","name":"Grupo Notibras de Comunica\u00e7\u00e3o","url":"https:\/\/www.notibras.com\/site\/","logo":{"@type":"ImageObject","inLanguage":"pt-BR","@id":"https:\/\/www.notibras.com\/site\/#\/schema\/logo\/image\/","url":"https:\/\/www.notibras.com\/site\/wp-content\/uploads\/2023\/01\/notibras23.png","contentUrl":"https:\/\/www.notibras.com\/site\/wp-content\/uploads\/2023\/01\/notibras23.png","width":350,"height":87,"caption":"Grupo Notibras de Comunica\u00e7\u00e3o"},"image":{"@id":"https:\/\/www.notibras.com\/site\/#\/schema\/logo\/image\/"},"sameAs":["https:\/\/www.facebook.com\/notibras\/","https:\/\/x.com\/Notibras","https:\/\/www.instagram.com\/notibras\/"]},{"@type":"Person","@id":"https:\/\/www.notibras.com\/site\/#\/schema\/person\/36ab0979449956132d3e5b517ea76ac8","name":"Reda\u00e7\u00e3o","image":{"@type":"ImageObject","inLanguage":"pt-BR","@id":"https:\/\/secure.gravatar.com\/avatar\/e0a867bdedb85fd243eadf09663511f96fc81e0720a4a42581f334ad4303aa6b?s=96&d=mm&r=g","url":"https:\/\/secure.gravatar.com\/avatar\/e0a867bdedb85fd243eadf09663511f96fc81e0720a4a42581f334ad4303aa6b?s=96&d=mm&r=g","contentUrl":"https:\/\/secure.gravatar.com\/avatar\/e0a867bdedb85fd243eadf09663511f96fc81e0720a4a42581f334ad4303aa6b?s=96&d=mm&r=g","caption":"Reda\u00e7\u00e3o"}}]}},"amp_enabled":true,"_links":{"self":[{"href":"https:\/\/www.notibras.com\/site\/wp-json\/wp\/v2\/posts\/304502","targetHints":{"allow":["GET"]}}],"collection":[{"href":"https:\/\/www.notibras.com\/site\/wp-json\/wp\/v2\/posts"}],"about":[{"href":"https:\/\/www.notibras.com\/site\/wp-json\/wp\/v2\/types\/post"}],"author":[{"embeddable":true,"href":"https:\/\/www.notibras.com\/site\/wp-json\/wp\/v2\/users\/2"}],"replies":[{"embeddable":true,"href":"https:\/\/www.notibras.com\/site\/wp-json\/wp\/v2\/comments?post=304502"}],"version-history":[{"count":2,"href":"https:\/\/www.notibras.com\/site\/wp-json\/wp\/v2\/posts\/304502\/revisions"}],"predecessor-version":[{"id":304505,"href":"https:\/\/www.notibras.com\/site\/wp-json\/wp\/v2\/posts\/304502\/revisions\/304505"}],"wp:featuredmedia":[{"embeddable":true,"href":"https:\/\/www.notibras.com\/site\/wp-json\/wp\/v2\/media\/304503"}],"wp:attachment":[{"href":"https:\/\/www.notibras.com\/site\/wp-json\/wp\/v2\/media?parent=304502"}],"wp:term":[{"taxonomy":"category","embeddable":true,"href":"https:\/\/www.notibras.com\/site\/wp-json\/wp\/v2\/categories?post=304502"},{"taxonomy":"post_tag","embeddable":true,"href":"https:\/\/www.notibras.com\/site\/wp-json\/wp\/v2\/tags?post=304502"}],"curies":[{"name":"wp","href":"https:\/\/api.w.org\/{rel}","templated":true}]}}