{"id":304511,"date":"2023-05-09T00:01:55","date_gmt":"2023-05-09T03:01:55","guid":{"rendered":"https:\/\/www.notibras.com\/site\/?p=304511"},"modified":"2023-05-09T07:03:44","modified_gmt":"2023-05-09T10:03:44","slug":"plano-para-pessoa-com-deficiencia-sai-em-quatro-meses","status":"publish","type":"post","link":"https:\/\/www.notibras.com\/site\/plano-para-pessoa-com-deficiencia-sai-em-quatro-meses\/","title":{"rendered":"Plano para pessoa com defici\u00eancia sai em quatro meses"},"content":{"rendered":"<p>Despacho presidencial publicado nesta segunda-feira (8) no Di\u00e1rio Oficial da Uni\u00e3o pelo vice-presidente Geraldo Alckmin prev\u00ea 120 dias para a elabora\u00e7\u00e3o do novo Plano Nacional dos Direitos da Pessoa com Defici\u00eancia \u2013 Plano Viver Sem Limite.<\/p>\n<p>\u201cDiante dos obst\u00e1culos enfrentados pelas pessoas com defici\u00eancia na concretiza\u00e7\u00e3o de seus direitos humanos fundamentais, determino a ado\u00e7\u00e3o de provid\u00eancias\u201d, destaca o texto, citando as seguintes pastas:<\/p>\n<p>&#8211; Casa Civil da Presid\u00eancia da Rep\u00fablica;<\/p>\n<p>&#8211; Minist\u00e9rio dos Direitos Humanos e da Cidadania;<\/p>\n<p>&#8211; Minist\u00e9rio da Educa\u00e7\u00e3o;<\/p>\n<p>&#8211; Minist\u00e9rio da Sa\u00fade;<\/p>\n<p>&#8211; Minist\u00e9rio da Justi\u00e7a e Seguran\u00e7a P\u00fablica;<\/p>\n<p>&#8211; Minist\u00e9rio da Gest\u00e3o e da Inova\u00e7\u00e3o em Servi\u00e7os P\u00fablicos;<\/p>\n<p>&#8211; Minist\u00e9rio da Ci\u00eancia, Tecnologia e Inova\u00e7\u00e3o;<\/p>\n<p>&#8211; Minist\u00e9rio do Desenvolvimento e Assist\u00eancia Social, Fam\u00edlia e Combate \u00e0 Fome;<\/p>\n<p>&#8211; Minist\u00e9rio das Cidades;<\/p>\n<p>&#8211; Minist\u00e9rio do Trabalho e Emprego<\/p>\n<p>A coordena\u00e7\u00e3o do programa, de acordo com a publica\u00e7\u00e3o, ficar\u00e1 com o Minist\u00e9rio dos Direitos Humanos e da Cidadania.<\/p>\n","protected":false},"excerpt":{"rendered":"<p>Despacho presidencial publicado nesta segunda-feira (8) no Di\u00e1rio Oficial da Uni\u00e3o pelo vice-presidente Geraldo Alckmin prev\u00ea 120 dias para a elabora\u00e7\u00e3o do novo Plano Nacional dos Direitos da Pessoa com Defici\u00eancia \u2013 Plano Viver Sem Limite. \u201cDiante dos obst\u00e1culos enfrentados pelas pessoas com defici\u00eancia na concretiza\u00e7\u00e3o de seus direitos humanos fundamentais, determino a ado\u00e7\u00e3o de [&hellip;]<\/p>\n","protected":false},"author":2,"featured_media":304512,"comment_status":"closed","ping_status":"closed","sticky":false,"template":"","format":"standard","meta":{"_acf_changed":false,"footnotes":""},"categories":[161],"tags":[],"class_list":["post-304511","post","type-post","status-publish","format-standard","has-post-thumbnail","hentry","category-quadradinho-em-foco"],"acf":[],"yoast_head":"<!-- This site is optimized with the Yoast SEO plugin v27.2 - https:\/\/yoast.com\/product\/yoast-seo-wordpress\/ -->\n<title>Plano para pessoa com defici\u00eancia sai em quatro meses - Notibras<\/title>\n<meta name=\"robots\" content=\"index, follow, max-snippet:-1, max-image-preview:large, max-video-preview:-1\" \/>\n<link rel=\"canonical\" href=\"https:\/\/www.notibras.com\/site\/plano-para-pessoa-com-deficiencia-sai-em-quatro-meses\/\" \/>\n<meta property=\"og:locale\" content=\"pt_BR\" \/>\n<meta property=\"og:type\" content=\"article\" \/>\n<meta property=\"og:title\" content=\"Plano para pessoa com defici\u00eancia sai em quatro meses - Notibras\" \/>\n<meta property=\"og:description\" content=\"Despacho presidencial publicado nesta segunda-feira (8) no Di\u00e1rio Oficial da Uni\u00e3o pelo vice-presidente Geraldo Alckmin prev\u00ea 120 dias para a elabora\u00e7\u00e3o do novo Plano Nacional dos Direitos da Pessoa com Defici\u00eancia \u2013 Plano Viver Sem Limite. \u201cDiante dos obst\u00e1culos enfrentados pelas pessoas com defici\u00eancia na concretiza\u00e7\u00e3o de seus direitos humanos fundamentais, determino a ado\u00e7\u00e3o de [&hellip;]\" \/>\n<meta property=\"og:url\" content=\"https:\/\/www.notibras.com\/site\/plano-para-pessoa-com-deficiencia-sai-em-quatro-meses\/\" \/>\n<meta property=\"og:site_name\" content=\"Notibras\" \/>\n<meta property=\"article:publisher\" content=\"https:\/\/www.facebook.com\/notibras\/\" \/>\n<meta property=\"article:published_time\" content=\"2023-05-09T03:01:55+00:00\" \/>\n<meta property=\"article:modified_time\" content=\"2023-05-09T10:03:44+00:00\" \/>\n<meta property=\"og:image\" content=\"https:\/\/www.notibras.com\/site\/wp-content\/uploads\/2023\/05\/whatsapp_image_2022-01-21_at_16.33.29-1.jpeg\" \/>\n\t<meta property=\"og:image:width\" content=\"1170\" \/>\n\t<meta property=\"og:image:height\" content=\"700\" \/>\n\t<meta property=\"og:image:type\" content=\"image\/jpeg\" \/>\n<meta name=\"author\" content=\"Reda\u00e7\u00e3o\" \/>\n<meta name=\"twitter:card\" content=\"summary_large_image\" \/>\n<meta name=\"twitter:creator\" content=\"@Notibras\" \/>\n<meta name=\"twitter:site\" content=\"@Notibras\" \/>\n<meta name=\"twitter:label1\" content=\"Escrito por\" \/>\n\t<meta name=\"twitter:data1\" content=\"Reda\u00e7\u00e3o\" \/>\n\t<meta name=\"twitter:label2\" content=\"Est. tempo de leitura\" \/>\n\t<meta name=\"twitter:data2\" content=\"1 minuto\" \/>\n<script type=\"application\/ld+json\" class=\"yoast-schema-graph\">{\"@context\":\"https:\/\/schema.org\",\"@graph\":[{\"@type\":\"Article\",\"@id\":\"https:\/\/www.notibras.com\/site\/plano-para-pessoa-com-deficiencia-sai-em-quatro-meses\/#article\",\"isPartOf\":{\"@id\":\"https:\/\/www.notibras.com\/site\/plano-para-pessoa-com-deficiencia-sai-em-quatro-meses\/\"},\"author\":{\"name\":\"Reda\u00e7\u00e3o\",\"@id\":\"https:\/\/www.notibras.com\/site\/#\/schema\/person\/36ab0979449956132d3e5b517ea76ac8\"},\"headline\":\"Plano para pessoa com defici\u00eancia sai em quatro meses\",\"datePublished\":\"2023-05-09T03:01:55+00:00\",\"dateModified\":\"2023-05-09T10:03:44+00:00\",\"mainEntityOfPage\":{\"@id\":\"https:\/\/www.notibras.com\/site\/plano-para-pessoa-com-deficiencia-sai-em-quatro-meses\/\"},\"wordCount\":193,\"publisher\":{\"@id\":\"https:\/\/www.notibras.com\/site\/#organization\"},\"image\":{\"@id\":\"https:\/\/www.notibras.com\/site\/plano-para-pessoa-com-deficiencia-sai-em-quatro-meses\/#primaryimage\"},\"thumbnailUrl\":\"https:\/\/www.notibras.com\/site\/wp-content\/uploads\/2023\/05\/whatsapp_image_2022-01-21_at_16.33.29-1.jpeg\",\"articleSection\":[\"Quadradinho em Foco\"],\"inLanguage\":\"pt-BR\"},{\"@type\":\"WebPage\",\"@id\":\"https:\/\/www.notibras.com\/site\/plano-para-pessoa-com-deficiencia-sai-em-quatro-meses\/\",\"url\":\"https:\/\/www.notibras.com\/site\/plano-para-pessoa-com-deficiencia-sai-em-quatro-meses\/\",\"name\":\"Plano para pessoa com defici\u00eancia sai em quatro meses - Notibras\",\"isPartOf\":{\"@id\":\"https:\/\/www.notibras.com\/site\/#website\"},\"primaryImageOfPage\":{\"@id\":\"https:\/\/www.notibras.com\/site\/plano-para-pessoa-com-deficiencia-sai-em-quatro-meses\/#primaryimage\"},\"image\":{\"@id\":\"https:\/\/www.notibras.com\/site\/plano-para-pessoa-com-deficiencia-sai-em-quatro-meses\/#primaryimage\"},\"thumbnailUrl\":\"https:\/\/www.notibras.com\/site\/wp-content\/uploads\/2023\/05\/whatsapp_image_2022-01-21_at_16.33.29-1.jpeg\",\"datePublished\":\"2023-05-09T03:01:55+00:00\",\"dateModified\":\"2023-05-09T10:03:44+00:00\",\"breadcrumb\":{\"@id\":\"https:\/\/www.notibras.com\/site\/plano-para-pessoa-com-deficiencia-sai-em-quatro-meses\/#breadcrumb\"},\"inLanguage\":\"pt-BR\",\"potentialAction\":[{\"@type\":\"ReadAction\",\"target\":[\"https:\/\/www.notibras.com\/site\/plano-para-pessoa-com-deficiencia-sai-em-quatro-meses\/\"]}]},{\"@type\":\"ImageObject\",\"inLanguage\":\"pt-BR\",\"@id\":\"https:\/\/www.notibras.com\/site\/plano-para-pessoa-com-deficiencia-sai-em-quatro-meses\/#primaryimage\",\"url\":\"https:\/\/www.notibras.com\/site\/wp-content\/uploads\/2023\/05\/whatsapp_image_2022-01-21_at_16.33.29-1.jpeg\",\"contentUrl\":\"https:\/\/www.notibras.com\/site\/wp-content\/uploads\/2023\/05\/whatsapp_image_2022-01-21_at_16.33.29-1.jpeg\",\"width\":1170,\"height\":700},{\"@type\":\"BreadcrumbList\",\"@id\":\"https:\/\/www.notibras.com\/site\/plano-para-pessoa-com-deficiencia-sai-em-quatro-meses\/#breadcrumb\",\"itemListElement\":[{\"@type\":\"ListItem\",\"position\":1,\"name\":\"In\u00edcio\",\"item\":\"https:\/\/www.notibras.com\/site\/\"},{\"@type\":\"ListItem\",\"position\":2,\"name\":\"Plano para pessoa com defici\u00eancia sai em quatro meses\"}]},{\"@type\":\"WebSite\",\"@id\":\"https:\/\/www.notibras.com\/site\/#website\",\"url\":\"https:\/\/www.notibras.com\/site\/\",\"name\":\"Notibras\",\"description\":\"Not\u00edcias de Bras\u00edlia, do Brasil e do Mundo\",\"publisher\":{\"@id\":\"https:\/\/www.notibras.com\/site\/#organization\"},\"potentialAction\":[{\"@type\":\"SearchAction\",\"target\":{\"@type\":\"EntryPoint\",\"urlTemplate\":\"https:\/\/www.notibras.com\/site\/?s={search_term_string}\"},\"query-input\":{\"@type\":\"PropertyValueSpecification\",\"valueRequired\":true,\"valueName\":\"search_term_string\"}}],\"inLanguage\":\"pt-BR\"},{\"@type\":\"Organization\",\"@id\":\"https:\/\/www.notibras.com\/site\/#organization\",\"name\":\"Grupo Notibras de Comunica\u00e7\u00e3o\",\"url\":\"https:\/\/www.notibras.com\/site\/\",\"logo\":{\"@type\":\"ImageObject\",\"inLanguage\":\"pt-BR\",\"@id\":\"https:\/\/www.notibras.com\/site\/#\/schema\/logo\/image\/\",\"url\":\"https:\/\/www.notibras.com\/site\/wp-content\/uploads\/2023\/01\/notibras23.png\",\"contentUrl\":\"https:\/\/www.notibras.com\/site\/wp-content\/uploads\/2023\/01\/notibras23.png\",\"width\":350,\"height\":87,\"caption\":\"Grupo Notibras de Comunica\u00e7\u00e3o\"},\"image\":{\"@id\":\"https:\/\/www.notibras.com\/site\/#\/schema\/logo\/image\/\"},\"sameAs\":[\"https:\/\/www.facebook.com\/notibras\/\",\"https:\/\/x.com\/Notibras\",\"https:\/\/www.instagram.com\/notibras\/\"]},{\"@type\":\"Person\",\"@id\":\"https:\/\/www.notibras.com\/site\/#\/schema\/person\/36ab0979449956132d3e5b517ea76ac8\",\"name\":\"Reda\u00e7\u00e3o\",\"image\":{\"@type\":\"ImageObject\",\"inLanguage\":\"pt-BR\",\"@id\":\"https:\/\/secure.gravatar.com\/avatar\/e0a867bdedb85fd243eadf09663511f96fc81e0720a4a42581f334ad4303aa6b?s=96&d=mm&r=g\",\"url\":\"https:\/\/secure.gravatar.com\/avatar\/e0a867bdedb85fd243eadf09663511f96fc81e0720a4a42581f334ad4303aa6b?s=96&d=mm&r=g\",\"contentUrl\":\"https:\/\/secure.gravatar.com\/avatar\/e0a867bdedb85fd243eadf09663511f96fc81e0720a4a42581f334ad4303aa6b?s=96&d=mm&r=g\",\"caption\":\"Reda\u00e7\u00e3o\"}}]}<\/script>\n<!-- \/ Yoast SEO plugin. -->","yoast_head_json":{"title":"Plano para pessoa com defici\u00eancia sai em quatro meses - Notibras","robots":{"index":"index","follow":"follow","max-snippet":"max-snippet:-1","max-image-preview":"max-image-preview:large","max-video-preview":"max-video-preview:-1"},"canonical":"https:\/\/www.notibras.com\/site\/plano-para-pessoa-com-deficiencia-sai-em-quatro-meses\/","og_locale":"pt_BR","og_type":"article","og_title":"Plano para pessoa com defici\u00eancia sai em quatro meses - Notibras","og_description":"Despacho presidencial publicado nesta segunda-feira (8) no Di\u00e1rio Oficial da Uni\u00e3o pelo vice-presidente Geraldo Alckmin prev\u00ea 120 dias para a elabora\u00e7\u00e3o do novo Plano Nacional dos Direitos da Pessoa com Defici\u00eancia \u2013 Plano Viver Sem Limite. \u201cDiante dos obst\u00e1culos enfrentados pelas pessoas com defici\u00eancia na concretiza\u00e7\u00e3o de seus direitos humanos fundamentais, determino a ado\u00e7\u00e3o de [&hellip;]","og_url":"https:\/\/www.notibras.com\/site\/plano-para-pessoa-com-deficiencia-sai-em-quatro-meses\/","og_site_name":"Notibras","article_publisher":"https:\/\/www.facebook.com\/notibras\/","article_published_time":"2023-05-09T03:01:55+00:00","article_modified_time":"2023-05-09T10:03:44+00:00","og_image":[{"width":1170,"height":700,"url":"https:\/\/www.notibras.com\/site\/wp-content\/uploads\/2023\/05\/whatsapp_image_2022-01-21_at_16.33.29-1.jpeg","type":"image\/jpeg"}],"author":"Reda\u00e7\u00e3o","twitter_card":"summary_large_image","twitter_creator":"@Notibras","twitter_site":"@Notibras","twitter_misc":{"Escrito por":"Reda\u00e7\u00e3o","Est. tempo de leitura":"1 minuto"},"schema":{"@context":"https:\/\/schema.org","@graph":[{"@type":"Article","@id":"https:\/\/www.notibras.com\/site\/plano-para-pessoa-com-deficiencia-sai-em-quatro-meses\/#article","isPartOf":{"@id":"https:\/\/www.notibras.com\/site\/plano-para-pessoa-com-deficiencia-sai-em-quatro-meses\/"},"author":{"name":"Reda\u00e7\u00e3o","@id":"https:\/\/www.notibras.com\/site\/#\/schema\/person\/36ab0979449956132d3e5b517ea76ac8"},"headline":"Plano para pessoa com defici\u00eancia sai em quatro meses","datePublished":"2023-05-09T03:01:55+00:00","dateModified":"2023-05-09T10:03:44+00:00","mainEntityOfPage":{"@id":"https:\/\/www.notibras.com\/site\/plano-para-pessoa-com-deficiencia-sai-em-quatro-meses\/"},"wordCount":193,"publisher":{"@id":"https:\/\/www.notibras.com\/site\/#organization"},"image":{"@id":"https:\/\/www.notibras.com\/site\/plano-para-pessoa-com-deficiencia-sai-em-quatro-meses\/#primaryimage"},"thumbnailUrl":"https:\/\/www.notibras.com\/site\/wp-content\/uploads\/2023\/05\/whatsapp_image_2022-01-21_at_16.33.29-1.jpeg","articleSection":["Quadradinho em Foco"],"inLanguage":"pt-BR"},{"@type":"WebPage","@id":"https:\/\/www.notibras.com\/site\/plano-para-pessoa-com-deficiencia-sai-em-quatro-meses\/","url":"https:\/\/www.notibras.com\/site\/plano-para-pessoa-com-deficiencia-sai-em-quatro-meses\/","name":"Plano para pessoa com defici\u00eancia sai em quatro meses - Notibras","isPartOf":{"@id":"https:\/\/www.notibras.com\/site\/#website"},"primaryImageOfPage":{"@id":"https:\/\/www.notibras.com\/site\/plano-para-pessoa-com-deficiencia-sai-em-quatro-meses\/#primaryimage"},"image":{"@id":"https:\/\/www.notibras.com\/site\/plano-para-pessoa-com-deficiencia-sai-em-quatro-meses\/#primaryimage"},"thumbnailUrl":"https:\/\/www.notibras.com\/site\/wp-content\/uploads\/2023\/05\/whatsapp_image_2022-01-21_at_16.33.29-1.jpeg","datePublished":"2023-05-09T03:01:55+00:00","dateModified":"2023-05-09T10:03:44+00:00","breadcrumb":{"@id":"https:\/\/www.notibras.com\/site\/plano-para-pessoa-com-deficiencia-sai-em-quatro-meses\/#breadcrumb"},"inLanguage":"pt-BR","potentialAction":[{"@type":"ReadAction","target":["https:\/\/www.notibras.com\/site\/plano-para-pessoa-com-deficiencia-sai-em-quatro-meses\/"]}]},{"@type":"ImageObject","inLanguage":"pt-BR","@id":"https:\/\/www.notibras.com\/site\/plano-para-pessoa-com-deficiencia-sai-em-quatro-meses\/#primaryimage","url":"https:\/\/www.notibras.com\/site\/wp-content\/uploads\/2023\/05\/whatsapp_image_2022-01-21_at_16.33.29-1.jpeg","contentUrl":"https:\/\/www.notibras.com\/site\/wp-content\/uploads\/2023\/05\/whatsapp_image_2022-01-21_at_16.33.29-1.jpeg","width":1170,"height":700},{"@type":"BreadcrumbList","@id":"https:\/\/www.notibras.com\/site\/plano-para-pessoa-com-deficiencia-sai-em-quatro-meses\/#breadcrumb","itemListElement":[{"@type":"ListItem","position":1,"name":"In\u00edcio","item":"https:\/\/www.notibras.com\/site\/"},{"@type":"ListItem","position":2,"name":"Plano para pessoa com defici\u00eancia sai em quatro meses"}]},{"@type":"WebSite","@id":"https:\/\/www.notibras.com\/site\/#website","url":"https:\/\/www.notibras.com\/site\/","name":"Notibras","description":"Not\u00edcias de Bras\u00edlia, do Brasil e do Mundo","publisher":{"@id":"https:\/\/www.notibras.com\/site\/#organization"},"potentialAction":[{"@type":"SearchAction","target":{"@type":"EntryPoint","urlTemplate":"https:\/\/www.notibras.com\/site\/?s={search_term_string}"},"query-input":{"@type":"PropertyValueSpecification","valueRequired":true,"valueName":"search_term_string"}}],"inLanguage":"pt-BR"},{"@type":"Organization","@id":"https:\/\/www.notibras.com\/site\/#organization","name":"Grupo Notibras de Comunica\u00e7\u00e3o","url":"https:\/\/www.notibras.com\/site\/","logo":{"@type":"ImageObject","inLanguage":"pt-BR","@id":"https:\/\/www.notibras.com\/site\/#\/schema\/logo\/image\/","url":"https:\/\/www.notibras.com\/site\/wp-content\/uploads\/2023\/01\/notibras23.png","contentUrl":"https:\/\/www.notibras.com\/site\/wp-content\/uploads\/2023\/01\/notibras23.png","width":350,"height":87,"caption":"Grupo Notibras de Comunica\u00e7\u00e3o"},"image":{"@id":"https:\/\/www.notibras.com\/site\/#\/schema\/logo\/image\/"},"sameAs":["https:\/\/www.facebook.com\/notibras\/","https:\/\/x.com\/Notibras","https:\/\/www.instagram.com\/notibras\/"]},{"@type":"Person","@id":"https:\/\/www.notibras.com\/site\/#\/schema\/person\/36ab0979449956132d3e5b517ea76ac8","name":"Reda\u00e7\u00e3o","image":{"@type":"ImageObject","inLanguage":"pt-BR","@id":"https:\/\/secure.gravatar.com\/avatar\/e0a867bdedb85fd243eadf09663511f96fc81e0720a4a42581f334ad4303aa6b?s=96&d=mm&r=g","url":"https:\/\/secure.gravatar.com\/avatar\/e0a867bdedb85fd243eadf09663511f96fc81e0720a4a42581f334ad4303aa6b?s=96&d=mm&r=g","contentUrl":"https:\/\/secure.gravatar.com\/avatar\/e0a867bdedb85fd243eadf09663511f96fc81e0720a4a42581f334ad4303aa6b?s=96&d=mm&r=g","caption":"Reda\u00e7\u00e3o"}}]}},"amp_enabled":true,"_links":{"self":[{"href":"https:\/\/www.notibras.com\/site\/wp-json\/wp\/v2\/posts\/304511","targetHints":{"allow":["GET"]}}],"collection":[{"href":"https:\/\/www.notibras.com\/site\/wp-json\/wp\/v2\/posts"}],"about":[{"href":"https:\/\/www.notibras.com\/site\/wp-json\/wp\/v2\/types\/post"}],"author":[{"embeddable":true,"href":"https:\/\/www.notibras.com\/site\/wp-json\/wp\/v2\/users\/2"}],"replies":[{"embeddable":true,"href":"https:\/\/www.notibras.com\/site\/wp-json\/wp\/v2\/comments?post=304511"}],"version-history":[{"count":1,"href":"https:\/\/www.notibras.com\/site\/wp-json\/wp\/v2\/posts\/304511\/revisions"}],"predecessor-version":[{"id":304513,"href":"https:\/\/www.notibras.com\/site\/wp-json\/wp\/v2\/posts\/304511\/revisions\/304513"}],"wp:featuredmedia":[{"embeddable":true,"href":"https:\/\/www.notibras.com\/site\/wp-json\/wp\/v2\/media\/304512"}],"wp:attachment":[{"href":"https:\/\/www.notibras.com\/site\/wp-json\/wp\/v2\/media?parent=304511"}],"wp:term":[{"taxonomy":"category","embeddable":true,"href":"https:\/\/www.notibras.com\/site\/wp-json\/wp\/v2\/categories?post=304511"},{"taxonomy":"post_tag","embeddable":true,"href":"https:\/\/www.notibras.com\/site\/wp-json\/wp\/v2\/tags?post=304511"}],"curies":[{"name":"wp","href":"https:\/\/api.w.org\/{rel}","templated":true}]}}