{"id":304514,"date":"2023-05-09T00:00:41","date_gmt":"2023-05-09T03:00:41","guid":{"rendered":"https:\/\/www.notibras.com\/site\/?p=304514"},"modified":"2023-05-09T07:14:28","modified_gmt":"2023-05-09T10:14:28","slug":"cristiano-investe-forte-para-atrair-mais-turistas","status":"publish","type":"post","link":"https:\/\/www.notibras.com\/site\/cristiano-investe-forte-para-atrair-mais-turistas\/","title":{"rendered":"Cristiano investe forte para atrair mais  turistas"},"content":{"rendered":"<p>Comemorado na segunda-feira (8), o Dia Nacional do Turismo, criado em 2012, visa conscientizar a popula\u00e7\u00e3o e fomentar as atividades nacionais do setor. Para incentivar o turismo no DF, o Governo do Distrito Federal (GDF) investir\u00e1, somente neste ano, R$ 100 milh\u00f5es, beneficiando mais de 50 segmentos tur\u00edsticos.<\/p>\n<p>O secret\u00e1rio do Turismo, Cristiano Ara\u00fajo, acredita que comemorar a data \u00e9, tamb\u00e9m, celebrar o desenvolvimento econ\u00f4mico e social do pa\u00eds. \u201cO turismo gera produtos, bens e servi\u00e7os de valores incalcul\u00e1veis das riquezas culturais, econ\u00f4micas e sociais do pa\u00eds. Aqui, na capital do Brasil, impulsionar o setor produtivo tem se tornado uma das prioridades do GDF\u201d, afirma<\/p>\n<p>Ele destaca tamb\u00e9m que a Secretaria de Turismo (Setur) tem atuado em conjunto com todo o setor para o fomento do DF. \u201cEstamos trabalhando em parceria com todo o trade, alinhados com o Minist\u00e9rio do Turismo, buscando solu\u00e7\u00f5es que possam atrair, cada vez mais, o turista nacional e internacional para nossa cidade\u201d, destaca.<\/p>\n<p>Bras\u00edlia est\u00e1 entre os principais destinos tur\u00edsticos de brasileiros e estrangeiros. O DF \u00e9 o terceiro polo gastron\u00f4mico do pa\u00eds, est\u00e1 entre as cinco cidades brasileiras com maior visita\u00e7\u00e3o n\u00e1utica e conta um grande parque hoteleiro com mais de 400 hot\u00e9is, de acordo com o Sindicato de Hot\u00e9is, Restaurantes, Bares e Similares de Bras\u00edlia (Sindhobar).<\/p>\n<p>Estruturada para receber turistas de neg\u00f3cios ou eventos, a cidade oferece equipamentos e servi\u00e7os tur\u00edsticos de alto padr\u00e3o de qualidade, e tem atra\u00eddo festivais, congressos e feiras de empreendedorismo.<\/p>\n<p>\u201cTemos buscado atrair feiras de turismo, eventos de tecnologia, esportivos, entre outros, para fomentar o turismo e a economia. Recentemente, participamos da Bolsa de Turismo de Lisboa [considerada uma das maiores feiras internacionais do setor]. Estamos recebendo muitos eventos, e todos t\u00eam o potencial de promover a nossa cidade\u201d, completa Cristiano Ara\u00fajo.<\/p>\n<p>O secret\u00e1rio de Rela\u00e7\u00f5es Internacionais, Paco Britto, que tem participado de visitas e eventos nas embaixadas para promo\u00e7\u00e3o da cidade, refor\u00e7a que as parcerias trar\u00e3o benef\u00edcios a diversas \u00e1reas do DF: \u201cAs empresas do setor de com\u00e9rcio de bens, servi\u00e7os e turismo representam quase 50% do PIB privado do DF. Com apoio de outros \u00f3rg\u00e3os do GDF, como a Setur, nossa meta \u00e9 n\u00e3o s\u00f3 aumentar as exporta\u00e7\u00f5es, mas trazer mais turistas e movimentar a cadeia produtiva das cidades\u201d.<\/p>\n<p>O secret\u00e1rio de Esporte e Lazer interino, Renato Junqueira, destaca que Bras\u00edlia permanece na lista das cidades com potencial para receber eventos esportivos de grandes magnitudes. \u201cA vinda da Liga das Na\u00e7\u00f5es de V\u00f4lei Feminino em junho e o lan\u00e7amento da candidatura de Bras\u00edlia para receber os Jogos da Juventude em 2025 mostram que a cidade se consagra como um dos principais destinos tur\u00edsticos e esportivos do pa\u00eds\u201d, diz.<\/p>\n<p>\u201cAl\u00e9m do mais, Bras\u00edlia tamb\u00e9m oferece diversos cen\u00e1rios para os amantes das pr\u00e1ticas esportivas, como o Lago Parano\u00e1 e o Parque da Cidade, sem falar nas in\u00fameras corridas de rua que acontecem por aqui, oportunidade em que recebemos corredores de diversas partes do pa\u00eds. Investir na realiza\u00e7\u00e3o de grandes eventos \u00e9 tamb\u00e9m fortalecer o setor tur\u00edstico e econ\u00f4mico, bem como ampliar a oferta de emprego e gera\u00e7\u00e3o de renda em nossa cidade\u201d, acrescenta Renato Junqueira.<\/p>\n<p>De acordo com dados divulgados pela Inframerica, empresa respons\u00e1vel pela gest\u00e3o do Aeroporto Internacional de Bras\u00edlia, houve um aumento no n\u00famero de passageiros no primeiro trimestre de 2023 em compara\u00e7\u00e3o com o mesmo per\u00edodo do ano anterior. Foram contabilizados 3,5 milh\u00f5es de passageiros entre janeiro e mar\u00e7o deste ano, um crescimento de 11% em rela\u00e7\u00e3o ao primeiro trimestre de 2022.<\/p>\n<p>Para atender as pessoas que visitam o DF, a cidade conta com cinco centros de apoio ao turista (CATs): no aeroporto, na Esplanada dos Minist\u00e9rios, na Rodovi\u00e1ria Interestadual, na Superquadra 308 da Asa Sul e na Torre de TV, onde foi rec\u00e9m-inaugurada uma unidade m\u00f3vel. O espa\u00e7o funciona de sexta a domingo, em todos os fins de semanas e feriados. S\u00e3o oferecidas gratuitamente informa\u00e7\u00f5es sobre os produtos e servi\u00e7os tur\u00edsticos no DF e Entorno, como mapas, guias tur\u00edsticos e materiais promocionais, distribu\u00eddos individualmente<\/p>\n<p>\u201cAtendemos em m\u00e9dia 150 pessoas por dia das 9 \u00e0s 17h. No CAT damos todo o apoio que o turista precisa, informamos os atrativos da cidade, os locais para visita que precisam de agendamento, os destinos fora do Plano Piloto com as atividades dentro do turismo rural, as feiras da cidades, entre outras informa\u00e7\u00f5es\u201d, relata o assessor t\u00e9cnico da Setur, Gustavo Bessa.<\/p>\n<p>O paulistano Cleytton Domingues, em visita \u00e0 cidade pela primeira vez, passou pelo espa\u00e7o em busca de informa\u00e7\u00f5es. \u201cSempre ouvi falar de Bras\u00edlia, afinal \u00e9 a capital do pa\u00eds, e tinha curiosidade sobre o turismo local; ent\u00e3o, aproveitei as f\u00e9rias e vim com minha esposa conhecer a cidade. Estamos ansiosos\u201d, conta o turista.<\/p>\n","protected":false},"excerpt":{"rendered":"<p>Comemorado na segunda-feira (8), o Dia Nacional do Turismo, criado em 2012, visa conscientizar a popula\u00e7\u00e3o e fomentar as atividades nacionais do setor. Para incentivar o turismo no DF, o Governo do Distrito Federal (GDF) investir\u00e1, somente neste ano, R$ 100 milh\u00f5es, beneficiando mais de 50 segmentos tur\u00edsticos. O secret\u00e1rio do Turismo, Cristiano Ara\u00fajo, acredita [&hellip;]<\/p>\n","protected":false},"author":2,"featured_media":304515,"comment_status":"closed","ping_status":"closed","sticky":false,"template":"","format":"standard","meta":{"_acf_changed":false,"footnotes":""},"categories":[161],"tags":[],"class_list":["post-304514","post","type-post","status-publish","format-standard","has-post-thumbnail","hentry","category-quadradinho-em-foco"],"acf":[],"yoast_head":"<!-- This site is optimized with the Yoast SEO plugin v27.2 - https:\/\/yoast.com\/product\/yoast-seo-wordpress\/ -->\n<title>Cristiano investe forte para atrair mais turistas - Notibras<\/title>\n<meta name=\"robots\" content=\"index, follow, max-snippet:-1, max-image-preview:large, max-video-preview:-1\" \/>\n<link rel=\"canonical\" href=\"https:\/\/www.notibras.com\/site\/cristiano-investe-forte-para-atrair-mais-turistas\/\" \/>\n<meta property=\"og:locale\" content=\"pt_BR\" \/>\n<meta property=\"og:type\" content=\"article\" \/>\n<meta property=\"og:title\" content=\"Cristiano investe forte para atrair mais turistas - Notibras\" \/>\n<meta property=\"og:description\" content=\"Comemorado na segunda-feira (8), o Dia Nacional do Turismo, criado em 2012, visa conscientizar a popula\u00e7\u00e3o e fomentar as atividades nacionais do setor. Para incentivar o turismo no DF, o Governo do Distrito Federal (GDF) investir\u00e1, somente neste ano, R$ 100 milh\u00f5es, beneficiando mais de 50 segmentos tur\u00edsticos. O secret\u00e1rio do Turismo, Cristiano Ara\u00fajo, acredita [&hellip;]\" \/>\n<meta property=\"og:url\" content=\"https:\/\/www.notibras.com\/site\/cristiano-investe-forte-para-atrair-mais-turistas\/\" \/>\n<meta property=\"og:site_name\" content=\"Notibras\" \/>\n<meta property=\"article:publisher\" content=\"https:\/\/www.facebook.com\/notibras\/\" \/>\n<meta property=\"article:published_time\" content=\"2023-05-09T03:00:41+00:00\" \/>\n<meta property=\"article:modified_time\" content=\"2023-05-09T10:14:28+00:00\" \/>\n<meta property=\"og:image\" content=\"https:\/\/www.notibras.com\/site\/wp-content\/uploads\/2023\/05\/Foto-Renato-Alves-1536x1023-1.jpg\" \/>\n\t<meta property=\"og:image:width\" content=\"1536\" \/>\n\t<meta property=\"og:image:height\" content=\"1023\" \/>\n\t<meta property=\"og:image:type\" content=\"image\/jpeg\" \/>\n<meta name=\"author\" content=\"Reda\u00e7\u00e3o\" \/>\n<meta name=\"twitter:card\" content=\"summary_large_image\" \/>\n<meta name=\"twitter:creator\" content=\"@Notibras\" \/>\n<meta name=\"twitter:site\" content=\"@Notibras\" \/>\n<meta name=\"twitter:label1\" content=\"Escrito por\" \/>\n\t<meta name=\"twitter:data1\" content=\"Reda\u00e7\u00e3o\" \/>\n\t<meta name=\"twitter:label2\" content=\"Est. tempo de leitura\" \/>\n\t<meta name=\"twitter:data2\" content=\"5 minutos\" \/>\n<script type=\"application\/ld+json\" class=\"yoast-schema-graph\">{\"@context\":\"https:\/\/schema.org\",\"@graph\":[{\"@type\":\"Article\",\"@id\":\"https:\/\/www.notibras.com\/site\/cristiano-investe-forte-para-atrair-mais-turistas\/#article\",\"isPartOf\":{\"@id\":\"https:\/\/www.notibras.com\/site\/cristiano-investe-forte-para-atrair-mais-turistas\/\"},\"author\":{\"name\":\"Reda\u00e7\u00e3o\",\"@id\":\"https:\/\/www.notibras.com\/site\/#\/schema\/person\/36ab0979449956132d3e5b517ea76ac8\"},\"headline\":\"Cristiano investe forte para atrair mais turistas\",\"datePublished\":\"2023-05-09T03:00:41+00:00\",\"dateModified\":\"2023-05-09T10:14:28+00:00\",\"mainEntityOfPage\":{\"@id\":\"https:\/\/www.notibras.com\/site\/cristiano-investe-forte-para-atrair-mais-turistas\/\"},\"wordCount\":853,\"publisher\":{\"@id\":\"https:\/\/www.notibras.com\/site\/#organization\"},\"image\":{\"@id\":\"https:\/\/www.notibras.com\/site\/cristiano-investe-forte-para-atrair-mais-turistas\/#primaryimage\"},\"thumbnailUrl\":\"https:\/\/www.notibras.com\/site\/wp-content\/uploads\/2023\/05\/Foto-Renato-Alves-1536x1023-1.jpg\",\"articleSection\":[\"Quadradinho em Foco\"],\"inLanguage\":\"pt-BR\"},{\"@type\":\"WebPage\",\"@id\":\"https:\/\/www.notibras.com\/site\/cristiano-investe-forte-para-atrair-mais-turistas\/\",\"url\":\"https:\/\/www.notibras.com\/site\/cristiano-investe-forte-para-atrair-mais-turistas\/\",\"name\":\"Cristiano investe forte para atrair mais turistas - Notibras\",\"isPartOf\":{\"@id\":\"https:\/\/www.notibras.com\/site\/#website\"},\"primaryImageOfPage\":{\"@id\":\"https:\/\/www.notibras.com\/site\/cristiano-investe-forte-para-atrair-mais-turistas\/#primaryimage\"},\"image\":{\"@id\":\"https:\/\/www.notibras.com\/site\/cristiano-investe-forte-para-atrair-mais-turistas\/#primaryimage\"},\"thumbnailUrl\":\"https:\/\/www.notibras.com\/site\/wp-content\/uploads\/2023\/05\/Foto-Renato-Alves-1536x1023-1.jpg\",\"datePublished\":\"2023-05-09T03:00:41+00:00\",\"dateModified\":\"2023-05-09T10:14:28+00:00\",\"breadcrumb\":{\"@id\":\"https:\/\/www.notibras.com\/site\/cristiano-investe-forte-para-atrair-mais-turistas\/#breadcrumb\"},\"inLanguage\":\"pt-BR\",\"potentialAction\":[{\"@type\":\"ReadAction\",\"target\":[\"https:\/\/www.notibras.com\/site\/cristiano-investe-forte-para-atrair-mais-turistas\/\"]}]},{\"@type\":\"ImageObject\",\"inLanguage\":\"pt-BR\",\"@id\":\"https:\/\/www.notibras.com\/site\/cristiano-investe-forte-para-atrair-mais-turistas\/#primaryimage\",\"url\":\"https:\/\/www.notibras.com\/site\/wp-content\/uploads\/2023\/05\/Foto-Renato-Alves-1536x1023-1.jpg\",\"contentUrl\":\"https:\/\/www.notibras.com\/site\/wp-content\/uploads\/2023\/05\/Foto-Renato-Alves-1536x1023-1.jpg\",\"width\":1536,\"height\":1023},{\"@type\":\"BreadcrumbList\",\"@id\":\"https:\/\/www.notibras.com\/site\/cristiano-investe-forte-para-atrair-mais-turistas\/#breadcrumb\",\"itemListElement\":[{\"@type\":\"ListItem\",\"position\":1,\"name\":\"In\u00edcio\",\"item\":\"https:\/\/www.notibras.com\/site\/\"},{\"@type\":\"ListItem\",\"position\":2,\"name\":\"Cristiano investe forte para atrair mais turistas\"}]},{\"@type\":\"WebSite\",\"@id\":\"https:\/\/www.notibras.com\/site\/#website\",\"url\":\"https:\/\/www.notibras.com\/site\/\",\"name\":\"Notibras\",\"description\":\"Not\u00edcias de Bras\u00edlia, do Brasil e do Mundo\",\"publisher\":{\"@id\":\"https:\/\/www.notibras.com\/site\/#organization\"},\"potentialAction\":[{\"@type\":\"SearchAction\",\"target\":{\"@type\":\"EntryPoint\",\"urlTemplate\":\"https:\/\/www.notibras.com\/site\/?s={search_term_string}\"},\"query-input\":{\"@type\":\"PropertyValueSpecification\",\"valueRequired\":true,\"valueName\":\"search_term_string\"}}],\"inLanguage\":\"pt-BR\"},{\"@type\":\"Organization\",\"@id\":\"https:\/\/www.notibras.com\/site\/#organization\",\"name\":\"Grupo Notibras de Comunica\u00e7\u00e3o\",\"url\":\"https:\/\/www.notibras.com\/site\/\",\"logo\":{\"@type\":\"ImageObject\",\"inLanguage\":\"pt-BR\",\"@id\":\"https:\/\/www.notibras.com\/site\/#\/schema\/logo\/image\/\",\"url\":\"https:\/\/www.notibras.com\/site\/wp-content\/uploads\/2023\/01\/notibras23.png\",\"contentUrl\":\"https:\/\/www.notibras.com\/site\/wp-content\/uploads\/2023\/01\/notibras23.png\",\"width\":350,\"height\":87,\"caption\":\"Grupo Notibras de Comunica\u00e7\u00e3o\"},\"image\":{\"@id\":\"https:\/\/www.notibras.com\/site\/#\/schema\/logo\/image\/\"},\"sameAs\":[\"https:\/\/www.facebook.com\/notibras\/\",\"https:\/\/x.com\/Notibras\",\"https:\/\/www.instagram.com\/notibras\/\"]},{\"@type\":\"Person\",\"@id\":\"https:\/\/www.notibras.com\/site\/#\/schema\/person\/36ab0979449956132d3e5b517ea76ac8\",\"name\":\"Reda\u00e7\u00e3o\",\"image\":{\"@type\":\"ImageObject\",\"inLanguage\":\"pt-BR\",\"@id\":\"https:\/\/secure.gravatar.com\/avatar\/e0a867bdedb85fd243eadf09663511f96fc81e0720a4a42581f334ad4303aa6b?s=96&d=mm&r=g\",\"url\":\"https:\/\/secure.gravatar.com\/avatar\/e0a867bdedb85fd243eadf09663511f96fc81e0720a4a42581f334ad4303aa6b?s=96&d=mm&r=g\",\"contentUrl\":\"https:\/\/secure.gravatar.com\/avatar\/e0a867bdedb85fd243eadf09663511f96fc81e0720a4a42581f334ad4303aa6b?s=96&d=mm&r=g\",\"caption\":\"Reda\u00e7\u00e3o\"}}]}<\/script>\n<!-- \/ Yoast SEO plugin. -->","yoast_head_json":{"title":"Cristiano investe forte para atrair mais turistas - Notibras","robots":{"index":"index","follow":"follow","max-snippet":"max-snippet:-1","max-image-preview":"max-image-preview:large","max-video-preview":"max-video-preview:-1"},"canonical":"https:\/\/www.notibras.com\/site\/cristiano-investe-forte-para-atrair-mais-turistas\/","og_locale":"pt_BR","og_type":"article","og_title":"Cristiano investe forte para atrair mais turistas - Notibras","og_description":"Comemorado na segunda-feira (8), o Dia Nacional do Turismo, criado em 2012, visa conscientizar a popula\u00e7\u00e3o e fomentar as atividades nacionais do setor. Para incentivar o turismo no DF, o Governo do Distrito Federal (GDF) investir\u00e1, somente neste ano, R$ 100 milh\u00f5es, beneficiando mais de 50 segmentos tur\u00edsticos. O secret\u00e1rio do Turismo, Cristiano Ara\u00fajo, acredita [&hellip;]","og_url":"https:\/\/www.notibras.com\/site\/cristiano-investe-forte-para-atrair-mais-turistas\/","og_site_name":"Notibras","article_publisher":"https:\/\/www.facebook.com\/notibras\/","article_published_time":"2023-05-09T03:00:41+00:00","article_modified_time":"2023-05-09T10:14:28+00:00","og_image":[{"width":1536,"height":1023,"url":"https:\/\/www.notibras.com\/site\/wp-content\/uploads\/2023\/05\/Foto-Renato-Alves-1536x1023-1.jpg","type":"image\/jpeg"}],"author":"Reda\u00e7\u00e3o","twitter_card":"summary_large_image","twitter_creator":"@Notibras","twitter_site":"@Notibras","twitter_misc":{"Escrito por":"Reda\u00e7\u00e3o","Est. tempo de leitura":"5 minutos"},"schema":{"@context":"https:\/\/schema.org","@graph":[{"@type":"Article","@id":"https:\/\/www.notibras.com\/site\/cristiano-investe-forte-para-atrair-mais-turistas\/#article","isPartOf":{"@id":"https:\/\/www.notibras.com\/site\/cristiano-investe-forte-para-atrair-mais-turistas\/"},"author":{"name":"Reda\u00e7\u00e3o","@id":"https:\/\/www.notibras.com\/site\/#\/schema\/person\/36ab0979449956132d3e5b517ea76ac8"},"headline":"Cristiano investe forte para atrair mais turistas","datePublished":"2023-05-09T03:00:41+00:00","dateModified":"2023-05-09T10:14:28+00:00","mainEntityOfPage":{"@id":"https:\/\/www.notibras.com\/site\/cristiano-investe-forte-para-atrair-mais-turistas\/"},"wordCount":853,"publisher":{"@id":"https:\/\/www.notibras.com\/site\/#organization"},"image":{"@id":"https:\/\/www.notibras.com\/site\/cristiano-investe-forte-para-atrair-mais-turistas\/#primaryimage"},"thumbnailUrl":"https:\/\/www.notibras.com\/site\/wp-content\/uploads\/2023\/05\/Foto-Renato-Alves-1536x1023-1.jpg","articleSection":["Quadradinho em Foco"],"inLanguage":"pt-BR"},{"@type":"WebPage","@id":"https:\/\/www.notibras.com\/site\/cristiano-investe-forte-para-atrair-mais-turistas\/","url":"https:\/\/www.notibras.com\/site\/cristiano-investe-forte-para-atrair-mais-turistas\/","name":"Cristiano investe forte para atrair mais turistas - Notibras","isPartOf":{"@id":"https:\/\/www.notibras.com\/site\/#website"},"primaryImageOfPage":{"@id":"https:\/\/www.notibras.com\/site\/cristiano-investe-forte-para-atrair-mais-turistas\/#primaryimage"},"image":{"@id":"https:\/\/www.notibras.com\/site\/cristiano-investe-forte-para-atrair-mais-turistas\/#primaryimage"},"thumbnailUrl":"https:\/\/www.notibras.com\/site\/wp-content\/uploads\/2023\/05\/Foto-Renato-Alves-1536x1023-1.jpg","datePublished":"2023-05-09T03:00:41+00:00","dateModified":"2023-05-09T10:14:28+00:00","breadcrumb":{"@id":"https:\/\/www.notibras.com\/site\/cristiano-investe-forte-para-atrair-mais-turistas\/#breadcrumb"},"inLanguage":"pt-BR","potentialAction":[{"@type":"ReadAction","target":["https:\/\/www.notibras.com\/site\/cristiano-investe-forte-para-atrair-mais-turistas\/"]}]},{"@type":"ImageObject","inLanguage":"pt-BR","@id":"https:\/\/www.notibras.com\/site\/cristiano-investe-forte-para-atrair-mais-turistas\/#primaryimage","url":"https:\/\/www.notibras.com\/site\/wp-content\/uploads\/2023\/05\/Foto-Renato-Alves-1536x1023-1.jpg","contentUrl":"https:\/\/www.notibras.com\/site\/wp-content\/uploads\/2023\/05\/Foto-Renato-Alves-1536x1023-1.jpg","width":1536,"height":1023},{"@type":"BreadcrumbList","@id":"https:\/\/www.notibras.com\/site\/cristiano-investe-forte-para-atrair-mais-turistas\/#breadcrumb","itemListElement":[{"@type":"ListItem","position":1,"name":"In\u00edcio","item":"https:\/\/www.notibras.com\/site\/"},{"@type":"ListItem","position":2,"name":"Cristiano investe forte para atrair mais turistas"}]},{"@type":"WebSite","@id":"https:\/\/www.notibras.com\/site\/#website","url":"https:\/\/www.notibras.com\/site\/","name":"Notibras","description":"Not\u00edcias de Bras\u00edlia, do Brasil e do Mundo","publisher":{"@id":"https:\/\/www.notibras.com\/site\/#organization"},"potentialAction":[{"@type":"SearchAction","target":{"@type":"EntryPoint","urlTemplate":"https:\/\/www.notibras.com\/site\/?s={search_term_string}"},"query-input":{"@type":"PropertyValueSpecification","valueRequired":true,"valueName":"search_term_string"}}],"inLanguage":"pt-BR"},{"@type":"Organization","@id":"https:\/\/www.notibras.com\/site\/#organization","name":"Grupo Notibras de Comunica\u00e7\u00e3o","url":"https:\/\/www.notibras.com\/site\/","logo":{"@type":"ImageObject","inLanguage":"pt-BR","@id":"https:\/\/www.notibras.com\/site\/#\/schema\/logo\/image\/","url":"https:\/\/www.notibras.com\/site\/wp-content\/uploads\/2023\/01\/notibras23.png","contentUrl":"https:\/\/www.notibras.com\/site\/wp-content\/uploads\/2023\/01\/notibras23.png","width":350,"height":87,"caption":"Grupo Notibras de Comunica\u00e7\u00e3o"},"image":{"@id":"https:\/\/www.notibras.com\/site\/#\/schema\/logo\/image\/"},"sameAs":["https:\/\/www.facebook.com\/notibras\/","https:\/\/x.com\/Notibras","https:\/\/www.instagram.com\/notibras\/"]},{"@type":"Person","@id":"https:\/\/www.notibras.com\/site\/#\/schema\/person\/36ab0979449956132d3e5b517ea76ac8","name":"Reda\u00e7\u00e3o","image":{"@type":"ImageObject","inLanguage":"pt-BR","@id":"https:\/\/secure.gravatar.com\/avatar\/e0a867bdedb85fd243eadf09663511f96fc81e0720a4a42581f334ad4303aa6b?s=96&d=mm&r=g","url":"https:\/\/secure.gravatar.com\/avatar\/e0a867bdedb85fd243eadf09663511f96fc81e0720a4a42581f334ad4303aa6b?s=96&d=mm&r=g","contentUrl":"https:\/\/secure.gravatar.com\/avatar\/e0a867bdedb85fd243eadf09663511f96fc81e0720a4a42581f334ad4303aa6b?s=96&d=mm&r=g","caption":"Reda\u00e7\u00e3o"}}]}},"amp_enabled":true,"_links":{"self":[{"href":"https:\/\/www.notibras.com\/site\/wp-json\/wp\/v2\/posts\/304514","targetHints":{"allow":["GET"]}}],"collection":[{"href":"https:\/\/www.notibras.com\/site\/wp-json\/wp\/v2\/posts"}],"about":[{"href":"https:\/\/www.notibras.com\/site\/wp-json\/wp\/v2\/types\/post"}],"author":[{"embeddable":true,"href":"https:\/\/www.notibras.com\/site\/wp-json\/wp\/v2\/users\/2"}],"replies":[{"embeddable":true,"href":"https:\/\/www.notibras.com\/site\/wp-json\/wp\/v2\/comments?post=304514"}],"version-history":[{"count":1,"href":"https:\/\/www.notibras.com\/site\/wp-json\/wp\/v2\/posts\/304514\/revisions"}],"predecessor-version":[{"id":304516,"href":"https:\/\/www.notibras.com\/site\/wp-json\/wp\/v2\/posts\/304514\/revisions\/304516"}],"wp:featuredmedia":[{"embeddable":true,"href":"https:\/\/www.notibras.com\/site\/wp-json\/wp\/v2\/media\/304515"}],"wp:attachment":[{"href":"https:\/\/www.notibras.com\/site\/wp-json\/wp\/v2\/media?parent=304514"}],"wp:term":[{"taxonomy":"category","embeddable":true,"href":"https:\/\/www.notibras.com\/site\/wp-json\/wp\/v2\/categories?post=304514"},{"taxonomy":"post_tag","embeddable":true,"href":"https:\/\/www.notibras.com\/site\/wp-json\/wp\/v2\/tags?post=304514"}],"curies":[{"name":"wp","href":"https:\/\/api.w.org\/{rel}","templated":true}]}}