{"id":304517,"date":"2023-05-09T00:00:10","date_gmt":"2023-05-09T03:00:10","guid":{"rendered":"https:\/\/www.notibras.com\/site\/?p=304517"},"modified":"2023-05-09T07:32:29","modified_gmt":"2023-05-09T10:32:29","slug":"comercio-espera-vender-mais-com-proximidade-do-dia-das-maes","status":"publish","type":"post","link":"https:\/\/www.notibras.com\/site\/comercio-espera-vender-mais-com-proximidade-do-dia-das-maes\/","title":{"rendered":"Com\u00e9rcio espera vender mais com proximidade do dia das M\u00e3es"},"content":{"rendered":"<p>Entidades que representam o com\u00e9rcio do Distrito Federal est\u00e3o animadas com as vendas para o Dia das M\u00e3es, no domingo (14). Segundo a Fecom\u00e9rcio, a expectativa \u00e9 de 22,5% de crescimento nas vendas, enquanto a C\u00e2mara de Dirigentes Lojistas do DF (CDL-DF) espera um aumento no ticket m\u00e9dio gasto por consumidor, a partir da pesquisa da C\u00e2mara Nacional de Dirigentes Lojistas (CNDL), segundo a qual cerca de 40% dos consumidores pretendem gastar mais do que no ano passado.<\/p>\n<p>Recuo na infla\u00e7\u00e3o tamb\u00e9m \u00e9 um fator a impulsionar a expectativa do segmento comercial | Foto: Divulga\u00e7\u00e3o\/EBC<br \/>\n\u201cO Dia das M\u00e3es \u00e9 a segunda data mais importante para o com\u00e9rcio\u201d, refor\u00e7a o presidente da CDL-DF, Wagner Silveira. \u201cHouve, tamb\u00e9m, an\u00fancios importantes por parte do governo, como o aumento do sal\u00e1rio m\u00ednimo e amplia\u00e7\u00e3o da faixa de isen\u00e7\u00e3o do Imposto de Renda, que devem aumentar a confian\u00e7a do consumidor para a data.\u201d<\/p>\n<p>O presidente do Sistema Fecom\u00e9rcio-DF, Jos\u00e9 Aparecido Freire, refor\u00e7a: \u201cAcreditamos que [a alta] tenha se dado pelo movimento de retomada da economia. Tivemos bons n\u00fameros nas \u00faltimas datas \u2013 um R\u00e9veillon com a cidade movimentada, um Carnaval com recorde de foli\u00f5es nas ruas, a P\u00e1scoa boa tamb\u00e9m, al\u00e9m de recuo na infla\u00e7\u00e3o e a revis\u00e3o salarial do setor p\u00fablico\u201d.<\/p>\n<p><strong>\u00cdndices positivos<\/strong><br \/>\n\u200cPesquisa da Fecom\u00e9rcio apontou que 75% dos entrevistados esperam um aumento nas vendas, contra 57% em 2022. Esse \u00e9 o melhor \u00edndice dos \u00faltimos cinco levantamentos, feitos nos anos de 2017, 2018, 2021, 2022 e 2023. Esse otimismo tamb\u00e9m est\u00e1 do lado dos consumidores, dos quais 73,8% manifestam inten\u00e7\u00e3o de presentear algu\u00e9m. Ainda segundo o levantamento, o aumento do valor gasto deve ser de 29%, passando dos R$ 174 registrados em 2022 para R$ 226 em 2023.<\/p>\n<p>\u200cEsse impacto tem as m\u00e3os e o trabalho do Governo do Distrito Federal (GDF). A implementa\u00e7\u00e3o do Programa de Incentivo \u00e0 Regulariza\u00e7\u00e3o Fiscal do Distrito Federal (Refis), em 2021, contribuiu para que cerca de 91 mil empresas e 389 mil cidad\u00e3os passassem por saneamento financeiro, viabilizando condi\u00e7\u00f5es para a redu\u00e7\u00e3o do endividamento com o governo local.<\/p>\n<p>\u201cPor meio do monitoramento de dados gerados pela emiss\u00e3o das notas fiscais eletr\u00f4nicas [NFEs], foram identificados variados segmentos da economia local impactados pelos anos anteriores; com essas informa\u00e7\u00f5es, o GDF adotou condutas, por meio dos programas Pr\u00f3-Economia I e Pr\u00f3-Economia II, para reduzir a carga tribut\u00e1ria e amortizar d\u00edvidas de empres\u00e1rios e cidad\u00e3os com o fisco\u201d, detalha o secret\u00e1rio de Fazenda, Itamar Feitosa.<\/p>\n<p>Ainda segundo a pasta, essas medidas ampliaram o consumo e reaqueceram a economia do DF, o que seguramente contribuiu para um melhor ambiente de neg\u00f3cios, resultando em um crescente \u00edndice de otimismo dos comerciantes.<\/p>\n<p><strong>\u200cConsumidores otimistas<\/strong><br \/>\n\u200cSobre a expectativa dos consumidores, a Confedera\u00e7\u00e3o Nacional do Com\u00e9rcio de Bens, Servi\u00e7os e Turismo (CNC) divulgou que a Inten\u00e7\u00e3o de Consumo das Fam\u00edlias (ICF) voltou a crescer no m\u00eas de abril, ap\u00f3s pequena retra\u00e7\u00e3o no m\u00eas de fevereiro, comparado com janeiro.<\/p>\n<p>\u201cO \u00edndice \u00e9 o melhor desempenho da s\u00e9rie nos \u00faltimos 2 meses\u201d, explica nota emitida pela CNC. \u201cTrata-se de uma tend\u00eancia consolidada, haja vista que todas as faixas de consumo apresentam curvas ascendentes e em perfeita ader\u00eancia com os indicadores de consumo em \u00e2mbito nacional apurado pela CNC.\u201d<\/p>\n<p>A expectativa \u00e9 compartilhada pela Confedera\u00e7\u00e3o Nacional de Dirigentes Lojistas (CNDL) e pela CDL-DF. O \u00f3rg\u00e3o nacional apontou, em levantamento, que 128,7 milh\u00f5es de brasileiros devem ir \u00e0s compras e consumir R$ 33,2 bilh\u00f5es nos segmentos de com\u00e9rcio e servi\u00e7os.<\/p>\n","protected":false},"excerpt":{"rendered":"<p>Entidades que representam o com\u00e9rcio do Distrito Federal est\u00e3o animadas com as vendas para o Dia das M\u00e3es, no domingo (14). Segundo a Fecom\u00e9rcio, a expectativa \u00e9 de 22,5% de crescimento nas vendas, enquanto a C\u00e2mara de Dirigentes Lojistas do DF (CDL-DF) espera um aumento no ticket m\u00e9dio gasto por consumidor, a partir da pesquisa [&hellip;]<\/p>\n","protected":false},"author":2,"featured_media":304518,"comment_status":"closed","ping_status":"closed","sticky":false,"template":"","format":"standard","meta":{"_acf_changed":false,"footnotes":""},"categories":[161],"tags":[],"class_list":["post-304517","post","type-post","status-publish","format-standard","has-post-thumbnail","hentry","category-quadradinho-em-foco"],"acf":[],"yoast_head":"<!-- This site is optimized with the Yoast SEO plugin v27.2 - https:\/\/yoast.com\/product\/yoast-seo-wordpress\/ -->\n<title>Com\u00e9rcio espera vender mais com proximidade do dia das M\u00e3es - Notibras<\/title>\n<meta name=\"robots\" content=\"index, follow, max-snippet:-1, max-image-preview:large, max-video-preview:-1\" \/>\n<link rel=\"canonical\" href=\"https:\/\/www.notibras.com\/site\/comercio-espera-vender-mais-com-proximidade-do-dia-das-maes\/\" \/>\n<meta property=\"og:locale\" content=\"pt_BR\" \/>\n<meta property=\"og:type\" content=\"article\" \/>\n<meta property=\"og:title\" content=\"Com\u00e9rcio espera vender mais com proximidade do dia das M\u00e3es - Notibras\" \/>\n<meta property=\"og:description\" content=\"Entidades que representam o com\u00e9rcio do Distrito Federal est\u00e3o animadas com as vendas para o Dia das M\u00e3es, no domingo (14). Segundo a Fecom\u00e9rcio, a expectativa \u00e9 de 22,5% de crescimento nas vendas, enquanto a C\u00e2mara de Dirigentes Lojistas do DF (CDL-DF) espera um aumento no ticket m\u00e9dio gasto por consumidor, a partir da pesquisa [&hellip;]\" \/>\n<meta property=\"og:url\" content=\"https:\/\/www.notibras.com\/site\/comercio-espera-vender-mais-com-proximidade-do-dia-das-maes\/\" \/>\n<meta property=\"og:site_name\" content=\"Notibras\" \/>\n<meta property=\"article:publisher\" content=\"https:\/\/www.facebook.com\/notibras\/\" \/>\n<meta property=\"article:published_time\" content=\"2023-05-09T03:00:10+00:00\" \/>\n<meta property=\"article:modified_time\" content=\"2023-05-09T10:32:29+00:00\" \/>\n<meta property=\"og:image\" content=\"https:\/\/www.notibras.com\/site\/wp-content\/uploads\/2023\/05\/8.5.-Expectativa-de-boas-vendas-no-Dia-das-Maes.-Foto-Divulgacao-EBC2.jpeg\" \/>\n\t<meta property=\"og:image:width\" content=\"1170\" \/>\n\t<meta property=\"og:image:height\" content=\"700\" \/>\n\t<meta property=\"og:image:type\" content=\"image\/jpeg\" \/>\n<meta name=\"author\" content=\"Reda\u00e7\u00e3o\" \/>\n<meta name=\"twitter:card\" content=\"summary_large_image\" \/>\n<meta name=\"twitter:creator\" content=\"@Notibras\" \/>\n<meta name=\"twitter:site\" content=\"@Notibras\" \/>\n<meta name=\"twitter:label1\" content=\"Escrito por\" \/>\n\t<meta name=\"twitter:data1\" content=\"Reda\u00e7\u00e3o\" \/>\n\t<meta name=\"twitter:label2\" content=\"Est. tempo de leitura\" \/>\n\t<meta name=\"twitter:data2\" content=\"4 minutos\" \/>\n<script type=\"application\/ld+json\" class=\"yoast-schema-graph\">{\"@context\":\"https:\/\/schema.org\",\"@graph\":[{\"@type\":\"Article\",\"@id\":\"https:\/\/www.notibras.com\/site\/comercio-espera-vender-mais-com-proximidade-do-dia-das-maes\/#article\",\"isPartOf\":{\"@id\":\"https:\/\/www.notibras.com\/site\/comercio-espera-vender-mais-com-proximidade-do-dia-das-maes\/\"},\"author\":{\"name\":\"Reda\u00e7\u00e3o\",\"@id\":\"https:\/\/www.notibras.com\/site\/#\/schema\/person\/36ab0979449956132d3e5b517ea76ac8\"},\"headline\":\"Com\u00e9rcio espera vender mais com proximidade do dia das M\u00e3es\",\"datePublished\":\"2023-05-09T03:00:10+00:00\",\"dateModified\":\"2023-05-09T10:32:29+00:00\",\"mainEntityOfPage\":{\"@id\":\"https:\/\/www.notibras.com\/site\/comercio-espera-vender-mais-com-proximidade-do-dia-das-maes\/\"},\"wordCount\":623,\"publisher\":{\"@id\":\"https:\/\/www.notibras.com\/site\/#organization\"},\"image\":{\"@id\":\"https:\/\/www.notibras.com\/site\/comercio-espera-vender-mais-com-proximidade-do-dia-das-maes\/#primaryimage\"},\"thumbnailUrl\":\"https:\/\/www.notibras.com\/site\/wp-content\/uploads\/2023\/05\/8.5.-Expectativa-de-boas-vendas-no-Dia-das-Maes.-Foto-Divulgacao-EBC2.jpeg\",\"articleSection\":[\"Quadradinho em Foco\"],\"inLanguage\":\"pt-BR\"},{\"@type\":\"WebPage\",\"@id\":\"https:\/\/www.notibras.com\/site\/comercio-espera-vender-mais-com-proximidade-do-dia-das-maes\/\",\"url\":\"https:\/\/www.notibras.com\/site\/comercio-espera-vender-mais-com-proximidade-do-dia-das-maes\/\",\"name\":\"Com\u00e9rcio espera vender mais com proximidade do dia das M\u00e3es - Notibras\",\"isPartOf\":{\"@id\":\"https:\/\/www.notibras.com\/site\/#website\"},\"primaryImageOfPage\":{\"@id\":\"https:\/\/www.notibras.com\/site\/comercio-espera-vender-mais-com-proximidade-do-dia-das-maes\/#primaryimage\"},\"image\":{\"@id\":\"https:\/\/www.notibras.com\/site\/comercio-espera-vender-mais-com-proximidade-do-dia-das-maes\/#primaryimage\"},\"thumbnailUrl\":\"https:\/\/www.notibras.com\/site\/wp-content\/uploads\/2023\/05\/8.5.-Expectativa-de-boas-vendas-no-Dia-das-Maes.-Foto-Divulgacao-EBC2.jpeg\",\"datePublished\":\"2023-05-09T03:00:10+00:00\",\"dateModified\":\"2023-05-09T10:32:29+00:00\",\"breadcrumb\":{\"@id\":\"https:\/\/www.notibras.com\/site\/comercio-espera-vender-mais-com-proximidade-do-dia-das-maes\/#breadcrumb\"},\"inLanguage\":\"pt-BR\",\"potentialAction\":[{\"@type\":\"ReadAction\",\"target\":[\"https:\/\/www.notibras.com\/site\/comercio-espera-vender-mais-com-proximidade-do-dia-das-maes\/\"]}]},{\"@type\":\"ImageObject\",\"inLanguage\":\"pt-BR\",\"@id\":\"https:\/\/www.notibras.com\/site\/comercio-espera-vender-mais-com-proximidade-do-dia-das-maes\/#primaryimage\",\"url\":\"https:\/\/www.notibras.com\/site\/wp-content\/uploads\/2023\/05\/8.5.-Expectativa-de-boas-vendas-no-Dia-das-Maes.-Foto-Divulgacao-EBC2.jpeg\",\"contentUrl\":\"https:\/\/www.notibras.com\/site\/wp-content\/uploads\/2023\/05\/8.5.-Expectativa-de-boas-vendas-no-Dia-das-Maes.-Foto-Divulgacao-EBC2.jpeg\",\"width\":1170,\"height\":700},{\"@type\":\"BreadcrumbList\",\"@id\":\"https:\/\/www.notibras.com\/site\/comercio-espera-vender-mais-com-proximidade-do-dia-das-maes\/#breadcrumb\",\"itemListElement\":[{\"@type\":\"ListItem\",\"position\":1,\"name\":\"In\u00edcio\",\"item\":\"https:\/\/www.notibras.com\/site\/\"},{\"@type\":\"ListItem\",\"position\":2,\"name\":\"Com\u00e9rcio espera vender mais com proximidade do dia das M\u00e3es\"}]},{\"@type\":\"WebSite\",\"@id\":\"https:\/\/www.notibras.com\/site\/#website\",\"url\":\"https:\/\/www.notibras.com\/site\/\",\"name\":\"Notibras\",\"description\":\"Not\u00edcias de Bras\u00edlia, do Brasil e do Mundo\",\"publisher\":{\"@id\":\"https:\/\/www.notibras.com\/site\/#organization\"},\"potentialAction\":[{\"@type\":\"SearchAction\",\"target\":{\"@type\":\"EntryPoint\",\"urlTemplate\":\"https:\/\/www.notibras.com\/site\/?s={search_term_string}\"},\"query-input\":{\"@type\":\"PropertyValueSpecification\",\"valueRequired\":true,\"valueName\":\"search_term_string\"}}],\"inLanguage\":\"pt-BR\"},{\"@type\":\"Organization\",\"@id\":\"https:\/\/www.notibras.com\/site\/#organization\",\"name\":\"Grupo Notibras de Comunica\u00e7\u00e3o\",\"url\":\"https:\/\/www.notibras.com\/site\/\",\"logo\":{\"@type\":\"ImageObject\",\"inLanguage\":\"pt-BR\",\"@id\":\"https:\/\/www.notibras.com\/site\/#\/schema\/logo\/image\/\",\"url\":\"https:\/\/www.notibras.com\/site\/wp-content\/uploads\/2023\/01\/notibras23.png\",\"contentUrl\":\"https:\/\/www.notibras.com\/site\/wp-content\/uploads\/2023\/01\/notibras23.png\",\"width\":350,\"height\":87,\"caption\":\"Grupo Notibras de Comunica\u00e7\u00e3o\"},\"image\":{\"@id\":\"https:\/\/www.notibras.com\/site\/#\/schema\/logo\/image\/\"},\"sameAs\":[\"https:\/\/www.facebook.com\/notibras\/\",\"https:\/\/x.com\/Notibras\",\"https:\/\/www.instagram.com\/notibras\/\"]},{\"@type\":\"Person\",\"@id\":\"https:\/\/www.notibras.com\/site\/#\/schema\/person\/36ab0979449956132d3e5b517ea76ac8\",\"name\":\"Reda\u00e7\u00e3o\",\"image\":{\"@type\":\"ImageObject\",\"inLanguage\":\"pt-BR\",\"@id\":\"https:\/\/secure.gravatar.com\/avatar\/e0a867bdedb85fd243eadf09663511f96fc81e0720a4a42581f334ad4303aa6b?s=96&d=mm&r=g\",\"url\":\"https:\/\/secure.gravatar.com\/avatar\/e0a867bdedb85fd243eadf09663511f96fc81e0720a4a42581f334ad4303aa6b?s=96&d=mm&r=g\",\"contentUrl\":\"https:\/\/secure.gravatar.com\/avatar\/e0a867bdedb85fd243eadf09663511f96fc81e0720a4a42581f334ad4303aa6b?s=96&d=mm&r=g\",\"caption\":\"Reda\u00e7\u00e3o\"}}]}<\/script>\n<!-- \/ Yoast SEO plugin. -->","yoast_head_json":{"title":"Com\u00e9rcio espera vender mais com proximidade do dia das M\u00e3es - Notibras","robots":{"index":"index","follow":"follow","max-snippet":"max-snippet:-1","max-image-preview":"max-image-preview:large","max-video-preview":"max-video-preview:-1"},"canonical":"https:\/\/www.notibras.com\/site\/comercio-espera-vender-mais-com-proximidade-do-dia-das-maes\/","og_locale":"pt_BR","og_type":"article","og_title":"Com\u00e9rcio espera vender mais com proximidade do dia das M\u00e3es - Notibras","og_description":"Entidades que representam o com\u00e9rcio do Distrito Federal est\u00e3o animadas com as vendas para o Dia das M\u00e3es, no domingo (14). Segundo a Fecom\u00e9rcio, a expectativa \u00e9 de 22,5% de crescimento nas vendas, enquanto a C\u00e2mara de Dirigentes Lojistas do DF (CDL-DF) espera um aumento no ticket m\u00e9dio gasto por consumidor, a partir da pesquisa [&hellip;]","og_url":"https:\/\/www.notibras.com\/site\/comercio-espera-vender-mais-com-proximidade-do-dia-das-maes\/","og_site_name":"Notibras","article_publisher":"https:\/\/www.facebook.com\/notibras\/","article_published_time":"2023-05-09T03:00:10+00:00","article_modified_time":"2023-05-09T10:32:29+00:00","og_image":[{"width":1170,"height":700,"url":"https:\/\/www.notibras.com\/site\/wp-content\/uploads\/2023\/05\/8.5.-Expectativa-de-boas-vendas-no-Dia-das-Maes.-Foto-Divulgacao-EBC2.jpeg","type":"image\/jpeg"}],"author":"Reda\u00e7\u00e3o","twitter_card":"summary_large_image","twitter_creator":"@Notibras","twitter_site":"@Notibras","twitter_misc":{"Escrito por":"Reda\u00e7\u00e3o","Est. tempo de leitura":"4 minutos"},"schema":{"@context":"https:\/\/schema.org","@graph":[{"@type":"Article","@id":"https:\/\/www.notibras.com\/site\/comercio-espera-vender-mais-com-proximidade-do-dia-das-maes\/#article","isPartOf":{"@id":"https:\/\/www.notibras.com\/site\/comercio-espera-vender-mais-com-proximidade-do-dia-das-maes\/"},"author":{"name":"Reda\u00e7\u00e3o","@id":"https:\/\/www.notibras.com\/site\/#\/schema\/person\/36ab0979449956132d3e5b517ea76ac8"},"headline":"Com\u00e9rcio espera vender mais com proximidade do dia das M\u00e3es","datePublished":"2023-05-09T03:00:10+00:00","dateModified":"2023-05-09T10:32:29+00:00","mainEntityOfPage":{"@id":"https:\/\/www.notibras.com\/site\/comercio-espera-vender-mais-com-proximidade-do-dia-das-maes\/"},"wordCount":623,"publisher":{"@id":"https:\/\/www.notibras.com\/site\/#organization"},"image":{"@id":"https:\/\/www.notibras.com\/site\/comercio-espera-vender-mais-com-proximidade-do-dia-das-maes\/#primaryimage"},"thumbnailUrl":"https:\/\/www.notibras.com\/site\/wp-content\/uploads\/2023\/05\/8.5.-Expectativa-de-boas-vendas-no-Dia-das-Maes.-Foto-Divulgacao-EBC2.jpeg","articleSection":["Quadradinho em Foco"],"inLanguage":"pt-BR"},{"@type":"WebPage","@id":"https:\/\/www.notibras.com\/site\/comercio-espera-vender-mais-com-proximidade-do-dia-das-maes\/","url":"https:\/\/www.notibras.com\/site\/comercio-espera-vender-mais-com-proximidade-do-dia-das-maes\/","name":"Com\u00e9rcio espera vender mais com proximidade do dia das M\u00e3es - Notibras","isPartOf":{"@id":"https:\/\/www.notibras.com\/site\/#website"},"primaryImageOfPage":{"@id":"https:\/\/www.notibras.com\/site\/comercio-espera-vender-mais-com-proximidade-do-dia-das-maes\/#primaryimage"},"image":{"@id":"https:\/\/www.notibras.com\/site\/comercio-espera-vender-mais-com-proximidade-do-dia-das-maes\/#primaryimage"},"thumbnailUrl":"https:\/\/www.notibras.com\/site\/wp-content\/uploads\/2023\/05\/8.5.-Expectativa-de-boas-vendas-no-Dia-das-Maes.-Foto-Divulgacao-EBC2.jpeg","datePublished":"2023-05-09T03:00:10+00:00","dateModified":"2023-05-09T10:32:29+00:00","breadcrumb":{"@id":"https:\/\/www.notibras.com\/site\/comercio-espera-vender-mais-com-proximidade-do-dia-das-maes\/#breadcrumb"},"inLanguage":"pt-BR","potentialAction":[{"@type":"ReadAction","target":["https:\/\/www.notibras.com\/site\/comercio-espera-vender-mais-com-proximidade-do-dia-das-maes\/"]}]},{"@type":"ImageObject","inLanguage":"pt-BR","@id":"https:\/\/www.notibras.com\/site\/comercio-espera-vender-mais-com-proximidade-do-dia-das-maes\/#primaryimage","url":"https:\/\/www.notibras.com\/site\/wp-content\/uploads\/2023\/05\/8.5.-Expectativa-de-boas-vendas-no-Dia-das-Maes.-Foto-Divulgacao-EBC2.jpeg","contentUrl":"https:\/\/www.notibras.com\/site\/wp-content\/uploads\/2023\/05\/8.5.-Expectativa-de-boas-vendas-no-Dia-das-Maes.-Foto-Divulgacao-EBC2.jpeg","width":1170,"height":700},{"@type":"BreadcrumbList","@id":"https:\/\/www.notibras.com\/site\/comercio-espera-vender-mais-com-proximidade-do-dia-das-maes\/#breadcrumb","itemListElement":[{"@type":"ListItem","position":1,"name":"In\u00edcio","item":"https:\/\/www.notibras.com\/site\/"},{"@type":"ListItem","position":2,"name":"Com\u00e9rcio espera vender mais com proximidade do dia das M\u00e3es"}]},{"@type":"WebSite","@id":"https:\/\/www.notibras.com\/site\/#website","url":"https:\/\/www.notibras.com\/site\/","name":"Notibras","description":"Not\u00edcias de Bras\u00edlia, do Brasil e do Mundo","publisher":{"@id":"https:\/\/www.notibras.com\/site\/#organization"},"potentialAction":[{"@type":"SearchAction","target":{"@type":"EntryPoint","urlTemplate":"https:\/\/www.notibras.com\/site\/?s={search_term_string}"},"query-input":{"@type":"PropertyValueSpecification","valueRequired":true,"valueName":"search_term_string"}}],"inLanguage":"pt-BR"},{"@type":"Organization","@id":"https:\/\/www.notibras.com\/site\/#organization","name":"Grupo Notibras de Comunica\u00e7\u00e3o","url":"https:\/\/www.notibras.com\/site\/","logo":{"@type":"ImageObject","inLanguage":"pt-BR","@id":"https:\/\/www.notibras.com\/site\/#\/schema\/logo\/image\/","url":"https:\/\/www.notibras.com\/site\/wp-content\/uploads\/2023\/01\/notibras23.png","contentUrl":"https:\/\/www.notibras.com\/site\/wp-content\/uploads\/2023\/01\/notibras23.png","width":350,"height":87,"caption":"Grupo Notibras de Comunica\u00e7\u00e3o"},"image":{"@id":"https:\/\/www.notibras.com\/site\/#\/schema\/logo\/image\/"},"sameAs":["https:\/\/www.facebook.com\/notibras\/","https:\/\/x.com\/Notibras","https:\/\/www.instagram.com\/notibras\/"]},{"@type":"Person","@id":"https:\/\/www.notibras.com\/site\/#\/schema\/person\/36ab0979449956132d3e5b517ea76ac8","name":"Reda\u00e7\u00e3o","image":{"@type":"ImageObject","inLanguage":"pt-BR","@id":"https:\/\/secure.gravatar.com\/avatar\/e0a867bdedb85fd243eadf09663511f96fc81e0720a4a42581f334ad4303aa6b?s=96&d=mm&r=g","url":"https:\/\/secure.gravatar.com\/avatar\/e0a867bdedb85fd243eadf09663511f96fc81e0720a4a42581f334ad4303aa6b?s=96&d=mm&r=g","contentUrl":"https:\/\/secure.gravatar.com\/avatar\/e0a867bdedb85fd243eadf09663511f96fc81e0720a4a42581f334ad4303aa6b?s=96&d=mm&r=g","caption":"Reda\u00e7\u00e3o"}}]}},"amp_enabled":true,"_links":{"self":[{"href":"https:\/\/www.notibras.com\/site\/wp-json\/wp\/v2\/posts\/304517","targetHints":{"allow":["GET"]}}],"collection":[{"href":"https:\/\/www.notibras.com\/site\/wp-json\/wp\/v2\/posts"}],"about":[{"href":"https:\/\/www.notibras.com\/site\/wp-json\/wp\/v2\/types\/post"}],"author":[{"embeddable":true,"href":"https:\/\/www.notibras.com\/site\/wp-json\/wp\/v2\/users\/2"}],"replies":[{"embeddable":true,"href":"https:\/\/www.notibras.com\/site\/wp-json\/wp\/v2\/comments?post=304517"}],"version-history":[{"count":1,"href":"https:\/\/www.notibras.com\/site\/wp-json\/wp\/v2\/posts\/304517\/revisions"}],"predecessor-version":[{"id":304519,"href":"https:\/\/www.notibras.com\/site\/wp-json\/wp\/v2\/posts\/304517\/revisions\/304519"}],"wp:featuredmedia":[{"embeddable":true,"href":"https:\/\/www.notibras.com\/site\/wp-json\/wp\/v2\/media\/304518"}],"wp:attachment":[{"href":"https:\/\/www.notibras.com\/site\/wp-json\/wp\/v2\/media?parent=304517"}],"wp:term":[{"taxonomy":"category","embeddable":true,"href":"https:\/\/www.notibras.com\/site\/wp-json\/wp\/v2\/categories?post=304517"},{"taxonomy":"post_tag","embeddable":true,"href":"https:\/\/www.notibras.com\/site\/wp-json\/wp\/v2\/tags?post=304517"}],"curies":[{"name":"wp","href":"https:\/\/api.w.org\/{rel}","templated":true}]}}