{"id":304575,"date":"2023-05-10T00:00:15","date_gmt":"2023-05-10T03:00:15","guid":{"rendered":"https:\/\/www.notibras.com\/site\/?p=304575"},"modified":"2023-05-10T01:11:27","modified_gmt":"2023-05-10T04:11:27","slug":"lei-pode-mudar-para-melhorar-a-merenda-escolar","status":"publish","type":"post","link":"https:\/\/www.notibras.com\/site\/lei-pode-mudar-para-melhorar-a-merenda-escolar\/","title":{"rendered":"Lei pode mudar para melhorar a merenda escolar"},"content":{"rendered":"<p>A Comiss\u00e3o de Assuntos Econ\u00f4micos do Senado aprovou nesta ter\u00e7a-feira (9) projeto que considera para c\u00e1lculo do valor per capita da merenda escolar no \u00e2mbito do Programa Nacional de Alimenta\u00e7\u00e3o Escolar (PNAE) os indicadores socioecon\u00f4micos das redes escolares destinat\u00e1rias dos repasses federais, al\u00e9m da capacidade de financiamento das prefeituras e dos governos estaduais e distrital. A mat\u00e9ria segue agora para an\u00e1lise da Comiss\u00e3o de Educa\u00e7\u00e3o (CE).<\/p>\n<p>O texto (PL 1.751\/2023), que recebeu parecer favor\u00e1vel da senadora Professora Dorinha Seabra (Uni\u00e3o-TO), altera a lei do Programa Nacional de Alimenta\u00e7\u00e3o Escolar (PNAE &#8211; Lei 11.947, de 2009), que trata da alimenta\u00e7\u00e3o escolar na educa\u00e7\u00e3o b\u00e1sica, para determinar que o c\u00e1lculo do valor por aluno leve em considera\u00e7\u00e3o indicadores socioecon\u00f4micos das redes escolares e a capacidade de financiamento das prefeituras e dos governos estaduais e distrital.<\/p>\n<p>O projeto manda que sejam considerados valores diferenciados por etapas e modalidades de ensino, assim como por redes escolares, como \u00e9 hoje, mas tamb\u00e9m por indicadores de desenvolvimento socioecon\u00f4mico local e de capacidade financeira de cada prefeitura e governo estadual.<\/p>\n<p>A proposta ainda determina que a metodologia de c\u00e1lculo dos valores per capita deve estar conclu\u00edda at\u00e9 o dia 1\u00ba de janeiro de 2025.<\/p>\n<p>Atualmente a legisla\u00e7\u00e3o prev\u00ea somente que o Conselho Deliberativo do Fundo Nacional de Desenvolvimento da Educa\u00e7\u00e3o (FNDE) expedir\u00e1 as normas relativas aos crit\u00e9rios de aloca\u00e7\u00e3o de recursos e valores per capita. Nesse caso, a regra atual de repasse considera somente a modalidade ou etapa do ensino, ignorando a diversidade de situa\u00e7\u00f5es regionais e financeiras dos diversos munic\u00edpios brasileiros.<\/p>\n<p>Para Braga, o repasse de valor padr\u00e3o por aluno, diferenciado apenas por modalidade ou etapa de ensino n\u00e3o considera as particularidades de cada cidade e regi\u00e3o.<\/p>\n<p>\u201c\u00c9 uma falha grave tratar homogeneamente munic\u00edpios desiguais, pois isso implica prejudicar os estudantes dos munic\u00edpios mais pobres, que s\u00e3o os alunos para os quais a merenda escolar traz maior impacto em termos de seguran\u00e7a alimentar\u201d, ressalta o autor na justifica\u00e7\u00e3o da mat\u00e9ria.<\/p>\n<p>Durante a leitura do parecer, Dorinha observou que a sugest\u00e3o de fazer com que os valores per capita da merenda escolar dependam da situa\u00e7\u00e3o socioecon\u00f4mica do munic\u00edpio \u201cest\u00e1 em harmonia com o princ\u00edpio de equil\u00edbrio federativo\u201d, de acordo com o qual os entes que possuam menor capacidade econ\u00f4mico-financeira devem receber mais recursos da Uni\u00e3o.<\/p>\n<p>\u2014 A alimenta\u00e7\u00e3o escolar tem uma import\u00e2ncia estrat\u00e9gica, principalmente, na garantia dos direitos e nas escolas p\u00fablicas \u00e0s comunidades mais vulner\u00e1veis. E o projeto em curso prop\u00f5e uma redefini\u00e7\u00e3o per capita, que hoje existe j\u00e1 um per capita diferenciado, que infelizmente fica, \u00e0s vezes sete, oito anos congelados como agora, o ultimo aumento que n\u00f3s tivemos foi em 2017, e aqui temos uma proposta com o tempo bastante adequado para que seja feito novos c\u00e1lculos e que sejam definidos crit\u00e9rios socioecon\u00f4micos, logicamente priorizando as comunidades mais vulner\u00e1veis economicamente \u2014 defendeu Dorinha.<\/p>\n","protected":false},"excerpt":{"rendered":"<p>A Comiss\u00e3o de Assuntos Econ\u00f4micos do Senado aprovou nesta ter\u00e7a-feira (9) projeto que considera para c\u00e1lculo do valor per capita da merenda escolar no \u00e2mbito do Programa Nacional de Alimenta\u00e7\u00e3o Escolar (PNAE) os indicadores socioecon\u00f4micos das redes escolares destinat\u00e1rias dos repasses federais, al\u00e9m da capacidade de financiamento das prefeituras e dos governos estaduais e distrital. [&hellip;]<\/p>\n","protected":false},"author":2,"featured_media":304576,"comment_status":"closed","ping_status":"closed","sticky":false,"template":"","format":"standard","meta":{"_acf_changed":false,"footnotes":""},"categories":[161],"tags":[95],"class_list":["post-304575","post","type-post","status-publish","format-standard","has-post-thumbnail","hentry","category-quadradinho-em-foco","tag-capa"],"acf":[],"yoast_head":"<!-- This site is optimized with the Yoast SEO plugin v27.2 - https:\/\/yoast.com\/product\/yoast-seo-wordpress\/ -->\n<title>Lei pode mudar para melhorar a merenda escolar - Notibras<\/title>\n<meta name=\"robots\" content=\"index, follow, max-snippet:-1, max-image-preview:large, max-video-preview:-1\" \/>\n<link rel=\"canonical\" href=\"https:\/\/www.notibras.com\/site\/lei-pode-mudar-para-melhorar-a-merenda-escolar\/\" \/>\n<meta property=\"og:locale\" content=\"pt_BR\" \/>\n<meta property=\"og:type\" content=\"article\" \/>\n<meta property=\"og:title\" content=\"Lei pode mudar para melhorar a merenda escolar - Notibras\" \/>\n<meta property=\"og:description\" content=\"A Comiss\u00e3o de Assuntos Econ\u00f4micos do Senado aprovou nesta ter\u00e7a-feira (9) projeto que considera para c\u00e1lculo do valor per capita da merenda escolar no \u00e2mbito do Programa Nacional de Alimenta\u00e7\u00e3o Escolar (PNAE) os indicadores socioecon\u00f4micos das redes escolares destinat\u00e1rias dos repasses federais, al\u00e9m da capacidade de financiamento das prefeituras e dos governos estaduais e distrital. [&hellip;]\" \/>\n<meta property=\"og:url\" content=\"https:\/\/www.notibras.com\/site\/lei-pode-mudar-para-melhorar-a-merenda-escolar\/\" \/>\n<meta property=\"og:site_name\" content=\"Notibras\" \/>\n<meta property=\"article:publisher\" content=\"https:\/\/www.facebook.com\/notibras\/\" \/>\n<meta property=\"article:published_time\" content=\"2023-05-10T03:00:15+00:00\" \/>\n<meta property=\"article:modified_time\" content=\"2023-05-10T04:11:27+00:00\" \/>\n<meta property=\"og:image\" content=\"https:\/\/www.notibras.com\/site\/wp-content\/uploads\/2023\/05\/imagem_materia-8.jpg\" \/>\n\t<meta property=\"og:image:width\" content=\"860\" \/>\n\t<meta property=\"og:image:height\" content=\"570\" \/>\n\t<meta property=\"og:image:type\" content=\"image\/jpeg\" \/>\n<meta name=\"author\" content=\"Reda\u00e7\u00e3o\" \/>\n<meta name=\"twitter:card\" content=\"summary_large_image\" \/>\n<meta name=\"twitter:creator\" content=\"@Notibras\" \/>\n<meta name=\"twitter:site\" content=\"@Notibras\" \/>\n<meta name=\"twitter:label1\" content=\"Escrito por\" \/>\n\t<meta name=\"twitter:data1\" content=\"Reda\u00e7\u00e3o\" \/>\n\t<meta name=\"twitter:label2\" content=\"Est. tempo de leitura\" \/>\n\t<meta name=\"twitter:data2\" content=\"3 minutos\" \/>\n<script type=\"application\/ld+json\" class=\"yoast-schema-graph\">{\"@context\":\"https:\/\/schema.org\",\"@graph\":[{\"@type\":\"Article\",\"@id\":\"https:\/\/www.notibras.com\/site\/lei-pode-mudar-para-melhorar-a-merenda-escolar\/#article\",\"isPartOf\":{\"@id\":\"https:\/\/www.notibras.com\/site\/lei-pode-mudar-para-melhorar-a-merenda-escolar\/\"},\"author\":{\"name\":\"Reda\u00e7\u00e3o\",\"@id\":\"https:\/\/www.notibras.com\/site\/#\/schema\/person\/36ab0979449956132d3e5b517ea76ac8\"},\"headline\":\"Lei pode mudar para melhorar a merenda escolar\",\"datePublished\":\"2023-05-10T03:00:15+00:00\",\"dateModified\":\"2023-05-10T04:11:27+00:00\",\"mainEntityOfPage\":{\"@id\":\"https:\/\/www.notibras.com\/site\/lei-pode-mudar-para-melhorar-a-merenda-escolar\/\"},\"wordCount\":526,\"publisher\":{\"@id\":\"https:\/\/www.notibras.com\/site\/#organization\"},\"image\":{\"@id\":\"https:\/\/www.notibras.com\/site\/lei-pode-mudar-para-melhorar-a-merenda-escolar\/#primaryimage\"},\"thumbnailUrl\":\"https:\/\/www.notibras.com\/site\/wp-content\/uploads\/2023\/05\/imagem_materia-8.jpg\",\"keywords\":[\"capa\"],\"articleSection\":[\"Quadradinho em Foco\"],\"inLanguage\":\"pt-BR\"},{\"@type\":\"WebPage\",\"@id\":\"https:\/\/www.notibras.com\/site\/lei-pode-mudar-para-melhorar-a-merenda-escolar\/\",\"url\":\"https:\/\/www.notibras.com\/site\/lei-pode-mudar-para-melhorar-a-merenda-escolar\/\",\"name\":\"Lei pode mudar para melhorar a merenda escolar - Notibras\",\"isPartOf\":{\"@id\":\"https:\/\/www.notibras.com\/site\/#website\"},\"primaryImageOfPage\":{\"@id\":\"https:\/\/www.notibras.com\/site\/lei-pode-mudar-para-melhorar-a-merenda-escolar\/#primaryimage\"},\"image\":{\"@id\":\"https:\/\/www.notibras.com\/site\/lei-pode-mudar-para-melhorar-a-merenda-escolar\/#primaryimage\"},\"thumbnailUrl\":\"https:\/\/www.notibras.com\/site\/wp-content\/uploads\/2023\/05\/imagem_materia-8.jpg\",\"datePublished\":\"2023-05-10T03:00:15+00:00\",\"dateModified\":\"2023-05-10T04:11:27+00:00\",\"breadcrumb\":{\"@id\":\"https:\/\/www.notibras.com\/site\/lei-pode-mudar-para-melhorar-a-merenda-escolar\/#breadcrumb\"},\"inLanguage\":\"pt-BR\",\"potentialAction\":[{\"@type\":\"ReadAction\",\"target\":[\"https:\/\/www.notibras.com\/site\/lei-pode-mudar-para-melhorar-a-merenda-escolar\/\"]}]},{\"@type\":\"ImageObject\",\"inLanguage\":\"pt-BR\",\"@id\":\"https:\/\/www.notibras.com\/site\/lei-pode-mudar-para-melhorar-a-merenda-escolar\/#primaryimage\",\"url\":\"https:\/\/www.notibras.com\/site\/wp-content\/uploads\/2023\/05\/imagem_materia-8.jpg\",\"contentUrl\":\"https:\/\/www.notibras.com\/site\/wp-content\/uploads\/2023\/05\/imagem_materia-8.jpg\",\"width\":860,\"height\":570},{\"@type\":\"BreadcrumbList\",\"@id\":\"https:\/\/www.notibras.com\/site\/lei-pode-mudar-para-melhorar-a-merenda-escolar\/#breadcrumb\",\"itemListElement\":[{\"@type\":\"ListItem\",\"position\":1,\"name\":\"In\u00edcio\",\"item\":\"https:\/\/www.notibras.com\/site\/\"},{\"@type\":\"ListItem\",\"position\":2,\"name\":\"Lei pode mudar para melhorar a merenda escolar\"}]},{\"@type\":\"WebSite\",\"@id\":\"https:\/\/www.notibras.com\/site\/#website\",\"url\":\"https:\/\/www.notibras.com\/site\/\",\"name\":\"Notibras\",\"description\":\"Not\u00edcias de Bras\u00edlia, do Brasil e do Mundo\",\"publisher\":{\"@id\":\"https:\/\/www.notibras.com\/site\/#organization\"},\"potentialAction\":[{\"@type\":\"SearchAction\",\"target\":{\"@type\":\"EntryPoint\",\"urlTemplate\":\"https:\/\/www.notibras.com\/site\/?s={search_term_string}\"},\"query-input\":{\"@type\":\"PropertyValueSpecification\",\"valueRequired\":true,\"valueName\":\"search_term_string\"}}],\"inLanguage\":\"pt-BR\"},{\"@type\":\"Organization\",\"@id\":\"https:\/\/www.notibras.com\/site\/#organization\",\"name\":\"Grupo Notibras de Comunica\u00e7\u00e3o\",\"url\":\"https:\/\/www.notibras.com\/site\/\",\"logo\":{\"@type\":\"ImageObject\",\"inLanguage\":\"pt-BR\",\"@id\":\"https:\/\/www.notibras.com\/site\/#\/schema\/logo\/image\/\",\"url\":\"https:\/\/www.notibras.com\/site\/wp-content\/uploads\/2023\/01\/notibras23.png\",\"contentUrl\":\"https:\/\/www.notibras.com\/site\/wp-content\/uploads\/2023\/01\/notibras23.png\",\"width\":350,\"height\":87,\"caption\":\"Grupo Notibras de Comunica\u00e7\u00e3o\"},\"image\":{\"@id\":\"https:\/\/www.notibras.com\/site\/#\/schema\/logo\/image\/\"},\"sameAs\":[\"https:\/\/www.facebook.com\/notibras\/\",\"https:\/\/x.com\/Notibras\",\"https:\/\/www.instagram.com\/notibras\/\"]},{\"@type\":\"Person\",\"@id\":\"https:\/\/www.notibras.com\/site\/#\/schema\/person\/36ab0979449956132d3e5b517ea76ac8\",\"name\":\"Reda\u00e7\u00e3o\",\"image\":{\"@type\":\"ImageObject\",\"inLanguage\":\"pt-BR\",\"@id\":\"https:\/\/secure.gravatar.com\/avatar\/e0a867bdedb85fd243eadf09663511f96fc81e0720a4a42581f334ad4303aa6b?s=96&d=mm&r=g\",\"url\":\"https:\/\/secure.gravatar.com\/avatar\/e0a867bdedb85fd243eadf09663511f96fc81e0720a4a42581f334ad4303aa6b?s=96&d=mm&r=g\",\"contentUrl\":\"https:\/\/secure.gravatar.com\/avatar\/e0a867bdedb85fd243eadf09663511f96fc81e0720a4a42581f334ad4303aa6b?s=96&d=mm&r=g\",\"caption\":\"Reda\u00e7\u00e3o\"}}]}<\/script>\n<!-- \/ Yoast SEO plugin. -->","yoast_head_json":{"title":"Lei pode mudar para melhorar a merenda escolar - Notibras","robots":{"index":"index","follow":"follow","max-snippet":"max-snippet:-1","max-image-preview":"max-image-preview:large","max-video-preview":"max-video-preview:-1"},"canonical":"https:\/\/www.notibras.com\/site\/lei-pode-mudar-para-melhorar-a-merenda-escolar\/","og_locale":"pt_BR","og_type":"article","og_title":"Lei pode mudar para melhorar a merenda escolar - Notibras","og_description":"A Comiss\u00e3o de Assuntos Econ\u00f4micos do Senado aprovou nesta ter\u00e7a-feira (9) projeto que considera para c\u00e1lculo do valor per capita da merenda escolar no \u00e2mbito do Programa Nacional de Alimenta\u00e7\u00e3o Escolar (PNAE) os indicadores socioecon\u00f4micos das redes escolares destinat\u00e1rias dos repasses federais, al\u00e9m da capacidade de financiamento das prefeituras e dos governos estaduais e distrital. [&hellip;]","og_url":"https:\/\/www.notibras.com\/site\/lei-pode-mudar-para-melhorar-a-merenda-escolar\/","og_site_name":"Notibras","article_publisher":"https:\/\/www.facebook.com\/notibras\/","article_published_time":"2023-05-10T03:00:15+00:00","article_modified_time":"2023-05-10T04:11:27+00:00","og_image":[{"width":860,"height":570,"url":"https:\/\/www.notibras.com\/site\/wp-content\/uploads\/2023\/05\/imagem_materia-8.jpg","type":"image\/jpeg"}],"author":"Reda\u00e7\u00e3o","twitter_card":"summary_large_image","twitter_creator":"@Notibras","twitter_site":"@Notibras","twitter_misc":{"Escrito por":"Reda\u00e7\u00e3o","Est. tempo de leitura":"3 minutos"},"schema":{"@context":"https:\/\/schema.org","@graph":[{"@type":"Article","@id":"https:\/\/www.notibras.com\/site\/lei-pode-mudar-para-melhorar-a-merenda-escolar\/#article","isPartOf":{"@id":"https:\/\/www.notibras.com\/site\/lei-pode-mudar-para-melhorar-a-merenda-escolar\/"},"author":{"name":"Reda\u00e7\u00e3o","@id":"https:\/\/www.notibras.com\/site\/#\/schema\/person\/36ab0979449956132d3e5b517ea76ac8"},"headline":"Lei pode mudar para melhorar a merenda escolar","datePublished":"2023-05-10T03:00:15+00:00","dateModified":"2023-05-10T04:11:27+00:00","mainEntityOfPage":{"@id":"https:\/\/www.notibras.com\/site\/lei-pode-mudar-para-melhorar-a-merenda-escolar\/"},"wordCount":526,"publisher":{"@id":"https:\/\/www.notibras.com\/site\/#organization"},"image":{"@id":"https:\/\/www.notibras.com\/site\/lei-pode-mudar-para-melhorar-a-merenda-escolar\/#primaryimage"},"thumbnailUrl":"https:\/\/www.notibras.com\/site\/wp-content\/uploads\/2023\/05\/imagem_materia-8.jpg","keywords":["capa"],"articleSection":["Quadradinho em Foco"],"inLanguage":"pt-BR"},{"@type":"WebPage","@id":"https:\/\/www.notibras.com\/site\/lei-pode-mudar-para-melhorar-a-merenda-escolar\/","url":"https:\/\/www.notibras.com\/site\/lei-pode-mudar-para-melhorar-a-merenda-escolar\/","name":"Lei pode mudar para melhorar a merenda escolar - Notibras","isPartOf":{"@id":"https:\/\/www.notibras.com\/site\/#website"},"primaryImageOfPage":{"@id":"https:\/\/www.notibras.com\/site\/lei-pode-mudar-para-melhorar-a-merenda-escolar\/#primaryimage"},"image":{"@id":"https:\/\/www.notibras.com\/site\/lei-pode-mudar-para-melhorar-a-merenda-escolar\/#primaryimage"},"thumbnailUrl":"https:\/\/www.notibras.com\/site\/wp-content\/uploads\/2023\/05\/imagem_materia-8.jpg","datePublished":"2023-05-10T03:00:15+00:00","dateModified":"2023-05-10T04:11:27+00:00","breadcrumb":{"@id":"https:\/\/www.notibras.com\/site\/lei-pode-mudar-para-melhorar-a-merenda-escolar\/#breadcrumb"},"inLanguage":"pt-BR","potentialAction":[{"@type":"ReadAction","target":["https:\/\/www.notibras.com\/site\/lei-pode-mudar-para-melhorar-a-merenda-escolar\/"]}]},{"@type":"ImageObject","inLanguage":"pt-BR","@id":"https:\/\/www.notibras.com\/site\/lei-pode-mudar-para-melhorar-a-merenda-escolar\/#primaryimage","url":"https:\/\/www.notibras.com\/site\/wp-content\/uploads\/2023\/05\/imagem_materia-8.jpg","contentUrl":"https:\/\/www.notibras.com\/site\/wp-content\/uploads\/2023\/05\/imagem_materia-8.jpg","width":860,"height":570},{"@type":"BreadcrumbList","@id":"https:\/\/www.notibras.com\/site\/lei-pode-mudar-para-melhorar-a-merenda-escolar\/#breadcrumb","itemListElement":[{"@type":"ListItem","position":1,"name":"In\u00edcio","item":"https:\/\/www.notibras.com\/site\/"},{"@type":"ListItem","position":2,"name":"Lei pode mudar para melhorar a merenda escolar"}]},{"@type":"WebSite","@id":"https:\/\/www.notibras.com\/site\/#website","url":"https:\/\/www.notibras.com\/site\/","name":"Notibras","description":"Not\u00edcias de Bras\u00edlia, do Brasil e do Mundo","publisher":{"@id":"https:\/\/www.notibras.com\/site\/#organization"},"potentialAction":[{"@type":"SearchAction","target":{"@type":"EntryPoint","urlTemplate":"https:\/\/www.notibras.com\/site\/?s={search_term_string}"},"query-input":{"@type":"PropertyValueSpecification","valueRequired":true,"valueName":"search_term_string"}}],"inLanguage":"pt-BR"},{"@type":"Organization","@id":"https:\/\/www.notibras.com\/site\/#organization","name":"Grupo Notibras de Comunica\u00e7\u00e3o","url":"https:\/\/www.notibras.com\/site\/","logo":{"@type":"ImageObject","inLanguage":"pt-BR","@id":"https:\/\/www.notibras.com\/site\/#\/schema\/logo\/image\/","url":"https:\/\/www.notibras.com\/site\/wp-content\/uploads\/2023\/01\/notibras23.png","contentUrl":"https:\/\/www.notibras.com\/site\/wp-content\/uploads\/2023\/01\/notibras23.png","width":350,"height":87,"caption":"Grupo Notibras de Comunica\u00e7\u00e3o"},"image":{"@id":"https:\/\/www.notibras.com\/site\/#\/schema\/logo\/image\/"},"sameAs":["https:\/\/www.facebook.com\/notibras\/","https:\/\/x.com\/Notibras","https:\/\/www.instagram.com\/notibras\/"]},{"@type":"Person","@id":"https:\/\/www.notibras.com\/site\/#\/schema\/person\/36ab0979449956132d3e5b517ea76ac8","name":"Reda\u00e7\u00e3o","image":{"@type":"ImageObject","inLanguage":"pt-BR","@id":"https:\/\/secure.gravatar.com\/avatar\/e0a867bdedb85fd243eadf09663511f96fc81e0720a4a42581f334ad4303aa6b?s=96&d=mm&r=g","url":"https:\/\/secure.gravatar.com\/avatar\/e0a867bdedb85fd243eadf09663511f96fc81e0720a4a42581f334ad4303aa6b?s=96&d=mm&r=g","contentUrl":"https:\/\/secure.gravatar.com\/avatar\/e0a867bdedb85fd243eadf09663511f96fc81e0720a4a42581f334ad4303aa6b?s=96&d=mm&r=g","caption":"Reda\u00e7\u00e3o"}}]}},"amp_enabled":true,"_links":{"self":[{"href":"https:\/\/www.notibras.com\/site\/wp-json\/wp\/v2\/posts\/304575","targetHints":{"allow":["GET"]}}],"collection":[{"href":"https:\/\/www.notibras.com\/site\/wp-json\/wp\/v2\/posts"}],"about":[{"href":"https:\/\/www.notibras.com\/site\/wp-json\/wp\/v2\/types\/post"}],"author":[{"embeddable":true,"href":"https:\/\/www.notibras.com\/site\/wp-json\/wp\/v2\/users\/2"}],"replies":[{"embeddable":true,"href":"https:\/\/www.notibras.com\/site\/wp-json\/wp\/v2\/comments?post=304575"}],"version-history":[{"count":1,"href":"https:\/\/www.notibras.com\/site\/wp-json\/wp\/v2\/posts\/304575\/revisions"}],"predecessor-version":[{"id":304577,"href":"https:\/\/www.notibras.com\/site\/wp-json\/wp\/v2\/posts\/304575\/revisions\/304577"}],"wp:featuredmedia":[{"embeddable":true,"href":"https:\/\/www.notibras.com\/site\/wp-json\/wp\/v2\/media\/304576"}],"wp:attachment":[{"href":"https:\/\/www.notibras.com\/site\/wp-json\/wp\/v2\/media?parent=304575"}],"wp:term":[{"taxonomy":"category","embeddable":true,"href":"https:\/\/www.notibras.com\/site\/wp-json\/wp\/v2\/categories?post=304575"},{"taxonomy":"post_tag","embeddable":true,"href":"https:\/\/www.notibras.com\/site\/wp-json\/wp\/v2\/tags?post=304575"}],"curies":[{"name":"wp","href":"https:\/\/api.w.org\/{rel}","templated":true}]}}