{"id":30458,"date":"2014-12-06T22:07:51","date_gmt":"2014-12-07T01:07:51","guid":{"rendered":"http:\/\/www.notibras.com\/site\/?p=30458"},"modified":"2014-12-06T22:13:43","modified_gmt":"2014-12-07T01:13:43","slug":"colorado-vira-na-prorrogacao-e-garante-vaga-na-libertadores-das-americas","status":"publish","type":"post","link":"https:\/\/www.notibras.com\/site\/colorado-vira-na-prorrogacao-e-garante-vaga-na-libertadores-das-americas\/","title":{"rendered":"Colorado vira na prorroga\u00e7\u00e3o e garante vaga na Libertadores"},"content":{"rendered":"<p>A classifica\u00e7\u00e3o do Internacional \u00e0 fase de grupos da Copa Libertadores da Am\u00e9rica, neste s\u00e1bado,\u00a0foi cheia de drama e pol\u00eamica: o time ficou atr\u00e1s no placar a maior parte do tempo, inclusive sofrendo press\u00e3o do Figueirense. No final, o juiz expulsou quatro jogadores, dois de cada lado, e sa\u00edram os gols da virada colorada.<\/p>\n<p>A vit\u00f3ria por 2 a 1 colocou o Inter\u00a0em terceiro lugar no Campeonato Brasileiro e, portanto, na fase de grupos da Libertadores, mais exatamente a Chave 4 do torneio, que ainda n\u00e3o tem nenhum clube definido.<\/p>\n<p class=\"text\">O Inter teve muitos problemas para fazer a escala\u00e7\u00e3o e jogou praticamente com um misto. Com muitos desfalques, Abel Braga resolveu levar a campo tr\u00eas zagueiros: Alan Costa, Ernando e Paul\u00e3o. O colorado at\u00e9\u00a0come\u00e7ou melhor, mas s\u00f3 criou uma grande chance no in\u00edcio. Aos 5min, Alan Ruschel tentou finalizar por cobertura e desperdi\u00e7ou.<\/p>\n<blockquote>\n<p class=\"text\">O Figueirense cresceu com o tempo, equilibrou o jogo, mas tamb\u00e9m criou pouco. Dois chutes de Felipe, aos 30 e 32min, deram trabalham a Allison, mas o goleiro defendeu. Ali\u00e1s, a disputa do Figueirense com Alisson se estendeu no come\u00e7o do segundo tempo. Primeiro ele conseguiu uma grande defesa em um chute de Pablo \u00e0 queima roupa. Mas logo depois, aos 2min do segundo tempo, Pablo conseguiu caprichar e fez o gol.<\/p>\n<\/blockquote>\n<p class=\"text\">Como resposta, Abel colocou em campo os jovens meio-campistas Taiberson e Gustavo, al\u00e9m do atacante\u00a0Wellington Paulista,\u00a0abandonando\u00a0o esquema t\u00e1tico com tr\u00eas zagueiros. Mas o time passou a sofrer com contra-ataques do Figueirense, j\u00e1 que Marc\u00e3o e Nirley s\u00f3 foram parados pela grande atua\u00e7\u00e3o de\u00a0Alisson.<\/p>\n<p class=\"text\">Depois o clima esquentou. O volante Fran\u00e7a fez falta dura, houve discuss\u00e3o e ele foi expulso aos 31min.\u00a0Com um a mais, o Inter empatou aos 41min: Rafael Moura aproveitou escanteio e marcou de cabe\u00e7a.<\/p>\n<p class=\"text\">Nos \u00faltimos minutos o jogo teve uma s\u00e9rie de\u00a0expuls\u00f5es: primeiro o colorado Alan Ruschel levou o vermelho. Depois Nirley e Wellington Paulista tamb\u00e9m discutiram e sa\u00edram do jogo. Com tanto espa\u00e7o vazio\u00a0em campo, acabou saindo o gol decisivo: dentro da \u00e1rea, Wellington Silva dominou a bola no peito ap\u00f3s lan\u00e7amento longo e chutou cruzado para colocar o Inter direto na Libertadores.<\/p>\n<p class=\"text\">Quando o jogo acabou, uma cena inusitada e inesperada: o time do Figueirense ficou extremamente revoltado com o juiz e partiu para cima dele, principalmente o zagueiro Thiago Heleno e o volante Fran\u00e7a. Rafael Moura ficou bancando o &#8220;seguran\u00e7a&#8221; do \u00e1rbitro at\u00e9 a pol\u00edcia entrar em campo e acalmar a confus\u00e3o.<\/p>\n<p class=\"text\">\n","protected":false},"excerpt":{"rendered":"<p>A classifica\u00e7\u00e3o do Internacional \u00e0 fase de grupos da Copa Libertadores da Am\u00e9rica, neste s\u00e1bado,\u00a0foi cheia de drama e pol\u00eamica: o time ficou atr\u00e1s no placar a maior parte do tempo, inclusive sofrendo press\u00e3o do Figueirense. No final, o juiz expulsou quatro jogadores, dois de cada lado, e sa\u00edram os gols da virada colorada. A [&hellip;]<\/p>\n","protected":false},"author":2,"featured_media":30459,"comment_status":"open","ping_status":"closed","sticky":false,"template":"","format":"standard","meta":{"_acf_changed":false,"footnotes":""},"categories":[19,29],"tags":[],"class_list":["post-30458","post","type-post","status-publish","format-standard","has-post-thumbnail","hentry","category-esportes","category-futebol"],"acf":[],"yoast_head":"<!-- This site is optimized with the Yoast SEO plugin v27.2 - https:\/\/yoast.com\/product\/yoast-seo-wordpress\/ -->\n<title>Colorado vira na prorroga\u00e7\u00e3o e garante vaga na Libertadores - Notibras<\/title>\n<meta name=\"robots\" content=\"index, follow, max-snippet:-1, max-image-preview:large, max-video-preview:-1\" \/>\n<link rel=\"canonical\" href=\"https:\/\/www.notibras.com\/site\/colorado-vira-na-prorrogacao-e-garante-vaga-na-libertadores-das-americas\/\" \/>\n<meta property=\"og:locale\" content=\"pt_BR\" \/>\n<meta property=\"og:type\" content=\"article\" \/>\n<meta property=\"og:title\" content=\"Colorado vira na prorroga\u00e7\u00e3o e garante vaga na Libertadores - Notibras\" \/>\n<meta property=\"og:description\" content=\"A classifica\u00e7\u00e3o do Internacional \u00e0 fase de grupos da Copa Libertadores da Am\u00e9rica, neste s\u00e1bado,\u00a0foi cheia de drama e pol\u00eamica: o time ficou atr\u00e1s no placar a maior parte do tempo, inclusive sofrendo press\u00e3o do Figueirense. No final, o juiz expulsou quatro jogadores, dois de cada lado, e sa\u00edram os gols da virada colorada. A [&hellip;]\" \/>\n<meta property=\"og:url\" content=\"https:\/\/www.notibras.com\/site\/colorado-vira-na-prorrogacao-e-garante-vaga-na-libertadores-das-americas\/\" \/>\n<meta property=\"og:site_name\" content=\"Notibras\" \/>\n<meta property=\"article:publisher\" content=\"https:\/\/www.facebook.com\/notibras\/\" \/>\n<meta property=\"article:published_time\" content=\"2014-12-07T01:07:51+00:00\" \/>\n<meta property=\"article:modified_time\" content=\"2014-12-07T01:13:43+00:00\" \/>\n<meta property=\"og:image\" content=\"https:\/\/www.notibras.com\/site\/wp-content\/uploads\/2014\/12\/06rafaelmourafestagol1eduardovalentegazeta.jpg\" \/>\n\t<meta property=\"og:image:width\" content=\"460\" \/>\n\t<meta property=\"og:image:height\" content=\"340\" \/>\n\t<meta property=\"og:image:type\" content=\"image\/jpeg\" \/>\n<meta name=\"author\" content=\"Reda\u00e7\u00e3o\" \/>\n<meta name=\"twitter:card\" content=\"summary_large_image\" \/>\n<meta name=\"twitter:creator\" content=\"@Notibras\" \/>\n<meta name=\"twitter:site\" content=\"@Notibras\" \/>\n<meta name=\"twitter:label1\" content=\"Escrito por\" \/>\n\t<meta name=\"twitter:data1\" content=\"Reda\u00e7\u00e3o\" \/>\n\t<meta name=\"twitter:label2\" content=\"Est. tempo de leitura\" \/>\n\t<meta name=\"twitter:data2\" content=\"2 minutos\" \/>\n<script type=\"application\/ld+json\" class=\"yoast-schema-graph\">{\"@context\":\"https:\/\/schema.org\",\"@graph\":[{\"@type\":\"Article\",\"@id\":\"https:\/\/www.notibras.com\/site\/colorado-vira-na-prorrogacao-e-garante-vaga-na-libertadores-das-americas\/#article\",\"isPartOf\":{\"@id\":\"https:\/\/www.notibras.com\/site\/colorado-vira-na-prorrogacao-e-garante-vaga-na-libertadores-das-americas\/\"},\"author\":{\"name\":\"Reda\u00e7\u00e3o\",\"@id\":\"https:\/\/www.notibras.com\/site\/#\/schema\/person\/36ab0979449956132d3e5b517ea76ac8\"},\"headline\":\"Colorado vira na prorroga\u00e7\u00e3o e garante vaga na Libertadores\",\"datePublished\":\"2014-12-07T01:07:51+00:00\",\"dateModified\":\"2014-12-07T01:13:43+00:00\",\"mainEntityOfPage\":{\"@id\":\"https:\/\/www.notibras.com\/site\/colorado-vira-na-prorrogacao-e-garante-vaga-na-libertadores-das-americas\/\"},\"wordCount\":455,\"commentCount\":0,\"publisher\":{\"@id\":\"https:\/\/www.notibras.com\/site\/#organization\"},\"image\":{\"@id\":\"https:\/\/www.notibras.com\/site\/colorado-vira-na-prorrogacao-e-garante-vaga-na-libertadores-das-americas\/#primaryimage\"},\"thumbnailUrl\":\"https:\/\/www.notibras.com\/site\/wp-content\/uploads\/2014\/12\/06rafaelmourafestagol1eduardovalentegazeta.jpg\",\"articleSection\":[\"Esportes\",\"Futebol\"],\"inLanguage\":\"pt-BR\",\"potentialAction\":[{\"@type\":\"CommentAction\",\"name\":\"Comment\",\"target\":[\"https:\/\/www.notibras.com\/site\/colorado-vira-na-prorrogacao-e-garante-vaga-na-libertadores-das-americas\/#respond\"]}]},{\"@type\":\"WebPage\",\"@id\":\"https:\/\/www.notibras.com\/site\/colorado-vira-na-prorrogacao-e-garante-vaga-na-libertadores-das-americas\/\",\"url\":\"https:\/\/www.notibras.com\/site\/colorado-vira-na-prorrogacao-e-garante-vaga-na-libertadores-das-americas\/\",\"name\":\"Colorado vira na prorroga\u00e7\u00e3o e garante vaga na Libertadores - Notibras\",\"isPartOf\":{\"@id\":\"https:\/\/www.notibras.com\/site\/#website\"},\"primaryImageOfPage\":{\"@id\":\"https:\/\/www.notibras.com\/site\/colorado-vira-na-prorrogacao-e-garante-vaga-na-libertadores-das-americas\/#primaryimage\"},\"image\":{\"@id\":\"https:\/\/www.notibras.com\/site\/colorado-vira-na-prorrogacao-e-garante-vaga-na-libertadores-das-americas\/#primaryimage\"},\"thumbnailUrl\":\"https:\/\/www.notibras.com\/site\/wp-content\/uploads\/2014\/12\/06rafaelmourafestagol1eduardovalentegazeta.jpg\",\"datePublished\":\"2014-12-07T01:07:51+00:00\",\"dateModified\":\"2014-12-07T01:13:43+00:00\",\"breadcrumb\":{\"@id\":\"https:\/\/www.notibras.com\/site\/colorado-vira-na-prorrogacao-e-garante-vaga-na-libertadores-das-americas\/#breadcrumb\"},\"inLanguage\":\"pt-BR\",\"potentialAction\":[{\"@type\":\"ReadAction\",\"target\":[\"https:\/\/www.notibras.com\/site\/colorado-vira-na-prorrogacao-e-garante-vaga-na-libertadores-das-americas\/\"]}]},{\"@type\":\"ImageObject\",\"inLanguage\":\"pt-BR\",\"@id\":\"https:\/\/www.notibras.com\/site\/colorado-vira-na-prorrogacao-e-garante-vaga-na-libertadores-das-americas\/#primaryimage\",\"url\":\"https:\/\/www.notibras.com\/site\/wp-content\/uploads\/2014\/12\/06rafaelmourafestagol1eduardovalentegazeta.jpg\",\"contentUrl\":\"https:\/\/www.notibras.com\/site\/wp-content\/uploads\/2014\/12\/06rafaelmourafestagol1eduardovalentegazeta.jpg\",\"width\":460,\"height\":340},{\"@type\":\"BreadcrumbList\",\"@id\":\"https:\/\/www.notibras.com\/site\/colorado-vira-na-prorrogacao-e-garante-vaga-na-libertadores-das-americas\/#breadcrumb\",\"itemListElement\":[{\"@type\":\"ListItem\",\"position\":1,\"name\":\"In\u00edcio\",\"item\":\"https:\/\/www.notibras.com\/site\/\"},{\"@type\":\"ListItem\",\"position\":2,\"name\":\"Colorado vira na prorroga\u00e7\u00e3o e garante vaga na Libertadores\"}]},{\"@type\":\"WebSite\",\"@id\":\"https:\/\/www.notibras.com\/site\/#website\",\"url\":\"https:\/\/www.notibras.com\/site\/\",\"name\":\"Notibras\",\"description\":\"Not\u00edcias de Bras\u00edlia, do Brasil e do Mundo\",\"publisher\":{\"@id\":\"https:\/\/www.notibras.com\/site\/#organization\"},\"potentialAction\":[{\"@type\":\"SearchAction\",\"target\":{\"@type\":\"EntryPoint\",\"urlTemplate\":\"https:\/\/www.notibras.com\/site\/?s={search_term_string}\"},\"query-input\":{\"@type\":\"PropertyValueSpecification\",\"valueRequired\":true,\"valueName\":\"search_term_string\"}}],\"inLanguage\":\"pt-BR\"},{\"@type\":\"Organization\",\"@id\":\"https:\/\/www.notibras.com\/site\/#organization\",\"name\":\"Grupo Notibras de Comunica\u00e7\u00e3o\",\"url\":\"https:\/\/www.notibras.com\/site\/\",\"logo\":{\"@type\":\"ImageObject\",\"inLanguage\":\"pt-BR\",\"@id\":\"https:\/\/www.notibras.com\/site\/#\/schema\/logo\/image\/\",\"url\":\"https:\/\/www.notibras.com\/site\/wp-content\/uploads\/2023\/01\/notibras23.png\",\"contentUrl\":\"https:\/\/www.notibras.com\/site\/wp-content\/uploads\/2023\/01\/notibras23.png\",\"width\":350,\"height\":87,\"caption\":\"Grupo Notibras de Comunica\u00e7\u00e3o\"},\"image\":{\"@id\":\"https:\/\/www.notibras.com\/site\/#\/schema\/logo\/image\/\"},\"sameAs\":[\"https:\/\/www.facebook.com\/notibras\/\",\"https:\/\/x.com\/Notibras\",\"https:\/\/www.instagram.com\/notibras\/\"]},{\"@type\":\"Person\",\"@id\":\"https:\/\/www.notibras.com\/site\/#\/schema\/person\/36ab0979449956132d3e5b517ea76ac8\",\"name\":\"Reda\u00e7\u00e3o\",\"image\":{\"@type\":\"ImageObject\",\"inLanguage\":\"pt-BR\",\"@id\":\"https:\/\/secure.gravatar.com\/avatar\/e0a867bdedb85fd243eadf09663511f96fc81e0720a4a42581f334ad4303aa6b?s=96&d=mm&r=g\",\"url\":\"https:\/\/secure.gravatar.com\/avatar\/e0a867bdedb85fd243eadf09663511f96fc81e0720a4a42581f334ad4303aa6b?s=96&d=mm&r=g\",\"contentUrl\":\"https:\/\/secure.gravatar.com\/avatar\/e0a867bdedb85fd243eadf09663511f96fc81e0720a4a42581f334ad4303aa6b?s=96&d=mm&r=g\",\"caption\":\"Reda\u00e7\u00e3o\"}}]}<\/script>\n<!-- \/ Yoast SEO plugin. -->","yoast_head_json":{"title":"Colorado vira na prorroga\u00e7\u00e3o e garante vaga na Libertadores - Notibras","robots":{"index":"index","follow":"follow","max-snippet":"max-snippet:-1","max-image-preview":"max-image-preview:large","max-video-preview":"max-video-preview:-1"},"canonical":"https:\/\/www.notibras.com\/site\/colorado-vira-na-prorrogacao-e-garante-vaga-na-libertadores-das-americas\/","og_locale":"pt_BR","og_type":"article","og_title":"Colorado vira na prorroga\u00e7\u00e3o e garante vaga na Libertadores - Notibras","og_description":"A classifica\u00e7\u00e3o do Internacional \u00e0 fase de grupos da Copa Libertadores da Am\u00e9rica, neste s\u00e1bado,\u00a0foi cheia de drama e pol\u00eamica: o time ficou atr\u00e1s no placar a maior parte do tempo, inclusive sofrendo press\u00e3o do Figueirense. No final, o juiz expulsou quatro jogadores, dois de cada lado, e sa\u00edram os gols da virada colorada. A [&hellip;]","og_url":"https:\/\/www.notibras.com\/site\/colorado-vira-na-prorrogacao-e-garante-vaga-na-libertadores-das-americas\/","og_site_name":"Notibras","article_publisher":"https:\/\/www.facebook.com\/notibras\/","article_published_time":"2014-12-07T01:07:51+00:00","article_modified_time":"2014-12-07T01:13:43+00:00","og_image":[{"width":460,"height":340,"url":"https:\/\/www.notibras.com\/site\/wp-content\/uploads\/2014\/12\/06rafaelmourafestagol1eduardovalentegazeta.jpg","type":"image\/jpeg"}],"author":"Reda\u00e7\u00e3o","twitter_card":"summary_large_image","twitter_creator":"@Notibras","twitter_site":"@Notibras","twitter_misc":{"Escrito por":"Reda\u00e7\u00e3o","Est. tempo de leitura":"2 minutos"},"schema":{"@context":"https:\/\/schema.org","@graph":[{"@type":"Article","@id":"https:\/\/www.notibras.com\/site\/colorado-vira-na-prorrogacao-e-garante-vaga-na-libertadores-das-americas\/#article","isPartOf":{"@id":"https:\/\/www.notibras.com\/site\/colorado-vira-na-prorrogacao-e-garante-vaga-na-libertadores-das-americas\/"},"author":{"name":"Reda\u00e7\u00e3o","@id":"https:\/\/www.notibras.com\/site\/#\/schema\/person\/36ab0979449956132d3e5b517ea76ac8"},"headline":"Colorado vira na prorroga\u00e7\u00e3o e garante vaga na Libertadores","datePublished":"2014-12-07T01:07:51+00:00","dateModified":"2014-12-07T01:13:43+00:00","mainEntityOfPage":{"@id":"https:\/\/www.notibras.com\/site\/colorado-vira-na-prorrogacao-e-garante-vaga-na-libertadores-das-americas\/"},"wordCount":455,"commentCount":0,"publisher":{"@id":"https:\/\/www.notibras.com\/site\/#organization"},"image":{"@id":"https:\/\/www.notibras.com\/site\/colorado-vira-na-prorrogacao-e-garante-vaga-na-libertadores-das-americas\/#primaryimage"},"thumbnailUrl":"https:\/\/www.notibras.com\/site\/wp-content\/uploads\/2014\/12\/06rafaelmourafestagol1eduardovalentegazeta.jpg","articleSection":["Esportes","Futebol"],"inLanguage":"pt-BR","potentialAction":[{"@type":"CommentAction","name":"Comment","target":["https:\/\/www.notibras.com\/site\/colorado-vira-na-prorrogacao-e-garante-vaga-na-libertadores-das-americas\/#respond"]}]},{"@type":"WebPage","@id":"https:\/\/www.notibras.com\/site\/colorado-vira-na-prorrogacao-e-garante-vaga-na-libertadores-das-americas\/","url":"https:\/\/www.notibras.com\/site\/colorado-vira-na-prorrogacao-e-garante-vaga-na-libertadores-das-americas\/","name":"Colorado vira na prorroga\u00e7\u00e3o e garante vaga na Libertadores - Notibras","isPartOf":{"@id":"https:\/\/www.notibras.com\/site\/#website"},"primaryImageOfPage":{"@id":"https:\/\/www.notibras.com\/site\/colorado-vira-na-prorrogacao-e-garante-vaga-na-libertadores-das-americas\/#primaryimage"},"image":{"@id":"https:\/\/www.notibras.com\/site\/colorado-vira-na-prorrogacao-e-garante-vaga-na-libertadores-das-americas\/#primaryimage"},"thumbnailUrl":"https:\/\/www.notibras.com\/site\/wp-content\/uploads\/2014\/12\/06rafaelmourafestagol1eduardovalentegazeta.jpg","datePublished":"2014-12-07T01:07:51+00:00","dateModified":"2014-12-07T01:13:43+00:00","breadcrumb":{"@id":"https:\/\/www.notibras.com\/site\/colorado-vira-na-prorrogacao-e-garante-vaga-na-libertadores-das-americas\/#breadcrumb"},"inLanguage":"pt-BR","potentialAction":[{"@type":"ReadAction","target":["https:\/\/www.notibras.com\/site\/colorado-vira-na-prorrogacao-e-garante-vaga-na-libertadores-das-americas\/"]}]},{"@type":"ImageObject","inLanguage":"pt-BR","@id":"https:\/\/www.notibras.com\/site\/colorado-vira-na-prorrogacao-e-garante-vaga-na-libertadores-das-americas\/#primaryimage","url":"https:\/\/www.notibras.com\/site\/wp-content\/uploads\/2014\/12\/06rafaelmourafestagol1eduardovalentegazeta.jpg","contentUrl":"https:\/\/www.notibras.com\/site\/wp-content\/uploads\/2014\/12\/06rafaelmourafestagol1eduardovalentegazeta.jpg","width":460,"height":340},{"@type":"BreadcrumbList","@id":"https:\/\/www.notibras.com\/site\/colorado-vira-na-prorrogacao-e-garante-vaga-na-libertadores-das-americas\/#breadcrumb","itemListElement":[{"@type":"ListItem","position":1,"name":"In\u00edcio","item":"https:\/\/www.notibras.com\/site\/"},{"@type":"ListItem","position":2,"name":"Colorado vira na prorroga\u00e7\u00e3o e garante vaga na Libertadores"}]},{"@type":"WebSite","@id":"https:\/\/www.notibras.com\/site\/#website","url":"https:\/\/www.notibras.com\/site\/","name":"Notibras","description":"Not\u00edcias de Bras\u00edlia, do Brasil e do Mundo","publisher":{"@id":"https:\/\/www.notibras.com\/site\/#organization"},"potentialAction":[{"@type":"SearchAction","target":{"@type":"EntryPoint","urlTemplate":"https:\/\/www.notibras.com\/site\/?s={search_term_string}"},"query-input":{"@type":"PropertyValueSpecification","valueRequired":true,"valueName":"search_term_string"}}],"inLanguage":"pt-BR"},{"@type":"Organization","@id":"https:\/\/www.notibras.com\/site\/#organization","name":"Grupo Notibras de Comunica\u00e7\u00e3o","url":"https:\/\/www.notibras.com\/site\/","logo":{"@type":"ImageObject","inLanguage":"pt-BR","@id":"https:\/\/www.notibras.com\/site\/#\/schema\/logo\/image\/","url":"https:\/\/www.notibras.com\/site\/wp-content\/uploads\/2023\/01\/notibras23.png","contentUrl":"https:\/\/www.notibras.com\/site\/wp-content\/uploads\/2023\/01\/notibras23.png","width":350,"height":87,"caption":"Grupo Notibras de Comunica\u00e7\u00e3o"},"image":{"@id":"https:\/\/www.notibras.com\/site\/#\/schema\/logo\/image\/"},"sameAs":["https:\/\/www.facebook.com\/notibras\/","https:\/\/x.com\/Notibras","https:\/\/www.instagram.com\/notibras\/"]},{"@type":"Person","@id":"https:\/\/www.notibras.com\/site\/#\/schema\/person\/36ab0979449956132d3e5b517ea76ac8","name":"Reda\u00e7\u00e3o","image":{"@type":"ImageObject","inLanguage":"pt-BR","@id":"https:\/\/secure.gravatar.com\/avatar\/e0a867bdedb85fd243eadf09663511f96fc81e0720a4a42581f334ad4303aa6b?s=96&d=mm&r=g","url":"https:\/\/secure.gravatar.com\/avatar\/e0a867bdedb85fd243eadf09663511f96fc81e0720a4a42581f334ad4303aa6b?s=96&d=mm&r=g","contentUrl":"https:\/\/secure.gravatar.com\/avatar\/e0a867bdedb85fd243eadf09663511f96fc81e0720a4a42581f334ad4303aa6b?s=96&d=mm&r=g","caption":"Reda\u00e7\u00e3o"}}]}},"amp_enabled":true,"_links":{"self":[{"href":"https:\/\/www.notibras.com\/site\/wp-json\/wp\/v2\/posts\/30458","targetHints":{"allow":["GET"]}}],"collection":[{"href":"https:\/\/www.notibras.com\/site\/wp-json\/wp\/v2\/posts"}],"about":[{"href":"https:\/\/www.notibras.com\/site\/wp-json\/wp\/v2\/types\/post"}],"author":[{"embeddable":true,"href":"https:\/\/www.notibras.com\/site\/wp-json\/wp\/v2\/users\/2"}],"replies":[{"embeddable":true,"href":"https:\/\/www.notibras.com\/site\/wp-json\/wp\/v2\/comments?post=30458"}],"version-history":[{"count":0,"href":"https:\/\/www.notibras.com\/site\/wp-json\/wp\/v2\/posts\/30458\/revisions"}],"wp:featuredmedia":[{"embeddable":true,"href":"https:\/\/www.notibras.com\/site\/wp-json\/wp\/v2\/media\/30459"}],"wp:attachment":[{"href":"https:\/\/www.notibras.com\/site\/wp-json\/wp\/v2\/media?parent=30458"}],"wp:term":[{"taxonomy":"category","embeddable":true,"href":"https:\/\/www.notibras.com\/site\/wp-json\/wp\/v2\/categories?post=30458"},{"taxonomy":"post_tag","embeddable":true,"href":"https:\/\/www.notibras.com\/site\/wp-json\/wp\/v2\/tags?post=30458"}],"curies":[{"name":"wp","href":"https:\/\/api.w.org\/{rel}","templated":true}]}}