{"id":304587,"date":"2023-05-10T08:36:54","date_gmt":"2023-05-10T11:36:54","guid":{"rendered":"https:\/\/www.notibras.com\/site\/?p=304587"},"modified":"2023-05-10T08:36:54","modified_gmt":"2023-05-10T11:36:54","slug":"abbraccio-homenageia-maes-com-presente-especial","status":"publish","type":"post","link":"https:\/\/www.notibras.com\/site\/abbraccio-homenageia-maes-com-presente-especial\/","title":{"rendered":"Abbraccio homenageia m\u00e3es com presente especial"},"content":{"rendered":"<p>No domingo mais especial do ano, o Abbraccio, restaurante inspirado no lifestyle italiano, presenteia as m\u00e3es que escolherem qualquer unidade da marca para almo\u00e7ar em fam\u00edlia no Dia das M\u00e3es. Al\u00e9m de poder degustar receitas deliciosas, com op\u00e7\u00f5es que agradam a todos, as mam\u00e3es ganham de presente uma ecobag personalizada, seja nos pedidos no restaurante ou pelo delivery. A promo\u00e7\u00e3o \u00e9 v\u00e1lida somente no pr\u00f3ximo domingo, 14 de maio.<\/p>\n<p>No menu para quem optar pela ida ao restaurante, op\u00e7\u00f5es de aperitivos, saladas, massas, prote\u00ednas e sobremesas, com destaque especial para o Linguine Mediterr\u00e2neo (R$ 79,90), preparado com delicioso molho de tomate cubetti e um toque de caldo de camar\u00e3o, servido com camar\u00f5es grelhados e lula. Para sobremesa, a Crostata de Banana (R$ 32,90), massa folhada recheada com banana, creme de avel\u00e3s e calda de chocolate \u00e9 uma excelente pedida para compartilhar \u00e0 mesa com a fam\u00edlia. A sobremesa \u00e9 servida com sorvete de baunilha.<\/p>\n<p>J\u00e1 para quem fizer os pedidos via delivery, a sugest\u00e3o \u00e9 o Gran Polpettone Sandwich (R$44,90). O item traz um polpettone recheado com mozzarella produzido diariamente nas unidades, coberto por mix de molhos caesar e pomodoro e folhas frescas de baby r\u00facula, servido no p\u00e3o tipo brioche. O produto rec\u00e9m-lan\u00e7ado est\u00e1 dispon\u00edvel apenas via delivery da marca, em unidades selecionadas.<\/p>\n<p>\u2018Para o Dia das M\u00e3es, assim como em todos os momentos de celebra\u00e7\u00e3o, o Abbraccio oferece op\u00e7\u00f5es para toda a fam\u00edlia. Das massas tradicionais \u00e0s cria\u00e7\u00f5es especiais, todas as receitas s\u00e3o feitas com insumos nobres, frescos e selecionados. E como agradecimento a todas aquelas que resolverem passar esse dia especial conosco, teremos a Ecobag como um mimo e para levarem um pouco mais do nosso lifestyle para casa\u2019, comenta Paula Zequetti, Gerente de Marketing do Abbraccio.<\/p>\n<p>O brinde est\u00e1 sujeito \u00e0 disponibilidade e \u00e9 limitado a uma unidade por pessoa, enquanto durarem os estoques de cada unidade do Abbraccio, seja no restaurante ou pelo delivery. O item n\u00e3o ser\u00e1 vendido pelo Abbraccio e a a\u00e7\u00e3o \u00e9 n\u00e3o cumulativa, v\u00e1lida somente no dia 14 de maio.<\/p>\n<p><strong>Sobre o Abbraccio<\/strong><br \/>\nO Abbraccio\u202fconta com 13 unidades f\u00edsicas no pa\u00eds, localizadas nas cidades de S\u00e3o Paulo, Campinas, Rio de Janeiro, Niter\u00f3i e Bras\u00edlia. Com a filosofia &#8220;Todos os abra\u00e7os acontecem aqui&#8221;, traz uma experi\u00eancia diferenciada de casual dining fundamentada na hospitalidade calorosa e em um card\u00e1pio variado, com um toque moderno e vibrante. Ambiente inspirado no lifestyle italiano, com cozinha aberta que permite que os clientes acompanhem de perto a prepara\u00e7\u00e3o dos pratos com massas artesanais e ingredientes frescos. O Abbraccio restaurante pertence ao grupo Bloomin&#8217; Brands, que tamb\u00e9m conta com as marcas Outback Steakhouse e Aussie Grill no pa\u00eds.<\/p>\n","protected":false},"excerpt":{"rendered":"<p>No domingo mais especial do ano, o Abbraccio, restaurante inspirado no lifestyle italiano, presenteia as m\u00e3es que escolherem qualquer unidade da marca para almo\u00e7ar em fam\u00edlia no Dia das M\u00e3es. Al\u00e9m de poder degustar receitas deliciosas, com op\u00e7\u00f5es que agradam a todos, as mam\u00e3es ganham de presente uma ecobag personalizada, seja nos pedidos no restaurante [&hellip;]<\/p>\n","protected":false},"author":2,"featured_media":282170,"comment_status":"closed","ping_status":"closed","sticky":false,"template":"","format":"standard","meta":{"_acf_changed":false,"footnotes":""},"categories":[161],"tags":[],"class_list":["post-304587","post","type-post","status-publish","format-standard","has-post-thumbnail","hentry","category-quadradinho-em-foco"],"acf":[],"yoast_head":"<!-- This site is optimized with the Yoast SEO plugin v27.2 - https:\/\/yoast.com\/product\/yoast-seo-wordpress\/ -->\n<title>Abbraccio homenageia m\u00e3es com presente especial - Notibras<\/title>\n<meta name=\"robots\" content=\"index, follow, max-snippet:-1, max-image-preview:large, max-video-preview:-1\" \/>\n<link rel=\"canonical\" href=\"https:\/\/www.notibras.com\/site\/abbraccio-homenageia-maes-com-presente-especial\/\" \/>\n<meta property=\"og:locale\" content=\"pt_BR\" \/>\n<meta property=\"og:type\" content=\"article\" \/>\n<meta property=\"og:title\" content=\"Abbraccio homenageia m\u00e3es com presente especial - Notibras\" \/>\n<meta property=\"og:description\" content=\"No domingo mais especial do ano, o Abbraccio, restaurante inspirado no lifestyle italiano, presenteia as m\u00e3es que escolherem qualquer unidade da marca para almo\u00e7ar em fam\u00edlia no Dia das M\u00e3es. Al\u00e9m de poder degustar receitas deliciosas, com op\u00e7\u00f5es que agradam a todos, as mam\u00e3es ganham de presente uma ecobag personalizada, seja nos pedidos no restaurante [&hellip;]\" \/>\n<meta property=\"og:url\" content=\"https:\/\/www.notibras.com\/site\/abbraccio-homenageia-maes-com-presente-especial\/\" \/>\n<meta property=\"og:site_name\" content=\"Notibras\" \/>\n<meta property=\"article:publisher\" content=\"https:\/\/www.facebook.com\/notibras\/\" \/>\n<meta property=\"article:published_time\" content=\"2023-05-10T11:36:54+00:00\" \/>\n<meta property=\"og:image\" content=\"https:\/\/www.notibras.com\/site\/wp-content\/uploads\/2022\/03\/Abbraccio_Lasagna-Bolognese.jpg\" \/>\n\t<meta property=\"og:image:width\" content=\"2362\" \/>\n\t<meta property=\"og:image:height\" content=\"1575\" \/>\n\t<meta property=\"og:image:type\" content=\"image\/jpeg\" \/>\n<meta name=\"author\" content=\"Reda\u00e7\u00e3o\" \/>\n<meta name=\"twitter:card\" content=\"summary_large_image\" \/>\n<meta name=\"twitter:creator\" content=\"@Notibras\" \/>\n<meta name=\"twitter:site\" content=\"@Notibras\" \/>\n<meta name=\"twitter:label1\" content=\"Escrito por\" \/>\n\t<meta name=\"twitter:data1\" content=\"Reda\u00e7\u00e3o\" \/>\n\t<meta name=\"twitter:label2\" content=\"Est. tempo de leitura\" \/>\n\t<meta name=\"twitter:data2\" content=\"3 minutos\" \/>\n<script type=\"application\/ld+json\" class=\"yoast-schema-graph\">{\"@context\":\"https:\/\/schema.org\",\"@graph\":[{\"@type\":\"Article\",\"@id\":\"https:\/\/www.notibras.com\/site\/abbraccio-homenageia-maes-com-presente-especial\/#article\",\"isPartOf\":{\"@id\":\"https:\/\/www.notibras.com\/site\/abbraccio-homenageia-maes-com-presente-especial\/\"},\"author\":{\"name\":\"Reda\u00e7\u00e3o\",\"@id\":\"https:\/\/www.notibras.com\/site\/#\/schema\/person\/36ab0979449956132d3e5b517ea76ac8\"},\"headline\":\"Abbraccio homenageia m\u00e3es com presente especial\",\"datePublished\":\"2023-05-10T11:36:54+00:00\",\"mainEntityOfPage\":{\"@id\":\"https:\/\/www.notibras.com\/site\/abbraccio-homenageia-maes-com-presente-especial\/\"},\"wordCount\":479,\"publisher\":{\"@id\":\"https:\/\/www.notibras.com\/site\/#organization\"},\"image\":{\"@id\":\"https:\/\/www.notibras.com\/site\/abbraccio-homenageia-maes-com-presente-especial\/#primaryimage\"},\"thumbnailUrl\":\"https:\/\/www.notibras.com\/site\/wp-content\/uploads\/2022\/03\/Abbraccio_Lasagna-Bolognese.jpg\",\"articleSection\":[\"Quadradinho em Foco\"],\"inLanguage\":\"pt-BR\"},{\"@type\":\"WebPage\",\"@id\":\"https:\/\/www.notibras.com\/site\/abbraccio-homenageia-maes-com-presente-especial\/\",\"url\":\"https:\/\/www.notibras.com\/site\/abbraccio-homenageia-maes-com-presente-especial\/\",\"name\":\"Abbraccio homenageia m\u00e3es com presente especial - Notibras\",\"isPartOf\":{\"@id\":\"https:\/\/www.notibras.com\/site\/#website\"},\"primaryImageOfPage\":{\"@id\":\"https:\/\/www.notibras.com\/site\/abbraccio-homenageia-maes-com-presente-especial\/#primaryimage\"},\"image\":{\"@id\":\"https:\/\/www.notibras.com\/site\/abbraccio-homenageia-maes-com-presente-especial\/#primaryimage\"},\"thumbnailUrl\":\"https:\/\/www.notibras.com\/site\/wp-content\/uploads\/2022\/03\/Abbraccio_Lasagna-Bolognese.jpg\",\"datePublished\":\"2023-05-10T11:36:54+00:00\",\"breadcrumb\":{\"@id\":\"https:\/\/www.notibras.com\/site\/abbraccio-homenageia-maes-com-presente-especial\/#breadcrumb\"},\"inLanguage\":\"pt-BR\",\"potentialAction\":[{\"@type\":\"ReadAction\",\"target\":[\"https:\/\/www.notibras.com\/site\/abbraccio-homenageia-maes-com-presente-especial\/\"]}]},{\"@type\":\"ImageObject\",\"inLanguage\":\"pt-BR\",\"@id\":\"https:\/\/www.notibras.com\/site\/abbraccio-homenageia-maes-com-presente-especial\/#primaryimage\",\"url\":\"https:\/\/www.notibras.com\/site\/wp-content\/uploads\/2022\/03\/Abbraccio_Lasagna-Bolognese.jpg\",\"contentUrl\":\"https:\/\/www.notibras.com\/site\/wp-content\/uploads\/2022\/03\/Abbraccio_Lasagna-Bolognese.jpg\",\"width\":2362,\"height\":1575},{\"@type\":\"BreadcrumbList\",\"@id\":\"https:\/\/www.notibras.com\/site\/abbraccio-homenageia-maes-com-presente-especial\/#breadcrumb\",\"itemListElement\":[{\"@type\":\"ListItem\",\"position\":1,\"name\":\"In\u00edcio\",\"item\":\"https:\/\/www.notibras.com\/site\/\"},{\"@type\":\"ListItem\",\"position\":2,\"name\":\"Abbraccio homenageia m\u00e3es com presente especial\"}]},{\"@type\":\"WebSite\",\"@id\":\"https:\/\/www.notibras.com\/site\/#website\",\"url\":\"https:\/\/www.notibras.com\/site\/\",\"name\":\"Notibras\",\"description\":\"Not\u00edcias de Bras\u00edlia, do Brasil e do Mundo\",\"publisher\":{\"@id\":\"https:\/\/www.notibras.com\/site\/#organization\"},\"potentialAction\":[{\"@type\":\"SearchAction\",\"target\":{\"@type\":\"EntryPoint\",\"urlTemplate\":\"https:\/\/www.notibras.com\/site\/?s={search_term_string}\"},\"query-input\":{\"@type\":\"PropertyValueSpecification\",\"valueRequired\":true,\"valueName\":\"search_term_string\"}}],\"inLanguage\":\"pt-BR\"},{\"@type\":\"Organization\",\"@id\":\"https:\/\/www.notibras.com\/site\/#organization\",\"name\":\"Grupo Notibras de Comunica\u00e7\u00e3o\",\"url\":\"https:\/\/www.notibras.com\/site\/\",\"logo\":{\"@type\":\"ImageObject\",\"inLanguage\":\"pt-BR\",\"@id\":\"https:\/\/www.notibras.com\/site\/#\/schema\/logo\/image\/\",\"url\":\"https:\/\/www.notibras.com\/site\/wp-content\/uploads\/2023\/01\/notibras23.png\",\"contentUrl\":\"https:\/\/www.notibras.com\/site\/wp-content\/uploads\/2023\/01\/notibras23.png\",\"width\":350,\"height\":87,\"caption\":\"Grupo Notibras de Comunica\u00e7\u00e3o\"},\"image\":{\"@id\":\"https:\/\/www.notibras.com\/site\/#\/schema\/logo\/image\/\"},\"sameAs\":[\"https:\/\/www.facebook.com\/notibras\/\",\"https:\/\/x.com\/Notibras\",\"https:\/\/www.instagram.com\/notibras\/\"]},{\"@type\":\"Person\",\"@id\":\"https:\/\/www.notibras.com\/site\/#\/schema\/person\/36ab0979449956132d3e5b517ea76ac8\",\"name\":\"Reda\u00e7\u00e3o\",\"image\":{\"@type\":\"ImageObject\",\"inLanguage\":\"pt-BR\",\"@id\":\"https:\/\/secure.gravatar.com\/avatar\/e0a867bdedb85fd243eadf09663511f96fc81e0720a4a42581f334ad4303aa6b?s=96&d=mm&r=g\",\"url\":\"https:\/\/secure.gravatar.com\/avatar\/e0a867bdedb85fd243eadf09663511f96fc81e0720a4a42581f334ad4303aa6b?s=96&d=mm&r=g\",\"contentUrl\":\"https:\/\/secure.gravatar.com\/avatar\/e0a867bdedb85fd243eadf09663511f96fc81e0720a4a42581f334ad4303aa6b?s=96&d=mm&r=g\",\"caption\":\"Reda\u00e7\u00e3o\"}}]}<\/script>\n<!-- \/ Yoast SEO plugin. -->","yoast_head_json":{"title":"Abbraccio homenageia m\u00e3es com presente especial - Notibras","robots":{"index":"index","follow":"follow","max-snippet":"max-snippet:-1","max-image-preview":"max-image-preview:large","max-video-preview":"max-video-preview:-1"},"canonical":"https:\/\/www.notibras.com\/site\/abbraccio-homenageia-maes-com-presente-especial\/","og_locale":"pt_BR","og_type":"article","og_title":"Abbraccio homenageia m\u00e3es com presente especial - Notibras","og_description":"No domingo mais especial do ano, o Abbraccio, restaurante inspirado no lifestyle italiano, presenteia as m\u00e3es que escolherem qualquer unidade da marca para almo\u00e7ar em fam\u00edlia no Dia das M\u00e3es. Al\u00e9m de poder degustar receitas deliciosas, com op\u00e7\u00f5es que agradam a todos, as mam\u00e3es ganham de presente uma ecobag personalizada, seja nos pedidos no restaurante [&hellip;]","og_url":"https:\/\/www.notibras.com\/site\/abbraccio-homenageia-maes-com-presente-especial\/","og_site_name":"Notibras","article_publisher":"https:\/\/www.facebook.com\/notibras\/","article_published_time":"2023-05-10T11:36:54+00:00","og_image":[{"width":2362,"height":1575,"url":"https:\/\/www.notibras.com\/site\/wp-content\/uploads\/2022\/03\/Abbraccio_Lasagna-Bolognese.jpg","type":"image\/jpeg"}],"author":"Reda\u00e7\u00e3o","twitter_card":"summary_large_image","twitter_creator":"@Notibras","twitter_site":"@Notibras","twitter_misc":{"Escrito por":"Reda\u00e7\u00e3o","Est. tempo de leitura":"3 minutos"},"schema":{"@context":"https:\/\/schema.org","@graph":[{"@type":"Article","@id":"https:\/\/www.notibras.com\/site\/abbraccio-homenageia-maes-com-presente-especial\/#article","isPartOf":{"@id":"https:\/\/www.notibras.com\/site\/abbraccio-homenageia-maes-com-presente-especial\/"},"author":{"name":"Reda\u00e7\u00e3o","@id":"https:\/\/www.notibras.com\/site\/#\/schema\/person\/36ab0979449956132d3e5b517ea76ac8"},"headline":"Abbraccio homenageia m\u00e3es com presente especial","datePublished":"2023-05-10T11:36:54+00:00","mainEntityOfPage":{"@id":"https:\/\/www.notibras.com\/site\/abbraccio-homenageia-maes-com-presente-especial\/"},"wordCount":479,"publisher":{"@id":"https:\/\/www.notibras.com\/site\/#organization"},"image":{"@id":"https:\/\/www.notibras.com\/site\/abbraccio-homenageia-maes-com-presente-especial\/#primaryimage"},"thumbnailUrl":"https:\/\/www.notibras.com\/site\/wp-content\/uploads\/2022\/03\/Abbraccio_Lasagna-Bolognese.jpg","articleSection":["Quadradinho em Foco"],"inLanguage":"pt-BR"},{"@type":"WebPage","@id":"https:\/\/www.notibras.com\/site\/abbraccio-homenageia-maes-com-presente-especial\/","url":"https:\/\/www.notibras.com\/site\/abbraccio-homenageia-maes-com-presente-especial\/","name":"Abbraccio homenageia m\u00e3es com presente especial - Notibras","isPartOf":{"@id":"https:\/\/www.notibras.com\/site\/#website"},"primaryImageOfPage":{"@id":"https:\/\/www.notibras.com\/site\/abbraccio-homenageia-maes-com-presente-especial\/#primaryimage"},"image":{"@id":"https:\/\/www.notibras.com\/site\/abbraccio-homenageia-maes-com-presente-especial\/#primaryimage"},"thumbnailUrl":"https:\/\/www.notibras.com\/site\/wp-content\/uploads\/2022\/03\/Abbraccio_Lasagna-Bolognese.jpg","datePublished":"2023-05-10T11:36:54+00:00","breadcrumb":{"@id":"https:\/\/www.notibras.com\/site\/abbraccio-homenageia-maes-com-presente-especial\/#breadcrumb"},"inLanguage":"pt-BR","potentialAction":[{"@type":"ReadAction","target":["https:\/\/www.notibras.com\/site\/abbraccio-homenageia-maes-com-presente-especial\/"]}]},{"@type":"ImageObject","inLanguage":"pt-BR","@id":"https:\/\/www.notibras.com\/site\/abbraccio-homenageia-maes-com-presente-especial\/#primaryimage","url":"https:\/\/www.notibras.com\/site\/wp-content\/uploads\/2022\/03\/Abbraccio_Lasagna-Bolognese.jpg","contentUrl":"https:\/\/www.notibras.com\/site\/wp-content\/uploads\/2022\/03\/Abbraccio_Lasagna-Bolognese.jpg","width":2362,"height":1575},{"@type":"BreadcrumbList","@id":"https:\/\/www.notibras.com\/site\/abbraccio-homenageia-maes-com-presente-especial\/#breadcrumb","itemListElement":[{"@type":"ListItem","position":1,"name":"In\u00edcio","item":"https:\/\/www.notibras.com\/site\/"},{"@type":"ListItem","position":2,"name":"Abbraccio homenageia m\u00e3es com presente especial"}]},{"@type":"WebSite","@id":"https:\/\/www.notibras.com\/site\/#website","url":"https:\/\/www.notibras.com\/site\/","name":"Notibras","description":"Not\u00edcias de Bras\u00edlia, do Brasil e do Mundo","publisher":{"@id":"https:\/\/www.notibras.com\/site\/#organization"},"potentialAction":[{"@type":"SearchAction","target":{"@type":"EntryPoint","urlTemplate":"https:\/\/www.notibras.com\/site\/?s={search_term_string}"},"query-input":{"@type":"PropertyValueSpecification","valueRequired":true,"valueName":"search_term_string"}}],"inLanguage":"pt-BR"},{"@type":"Organization","@id":"https:\/\/www.notibras.com\/site\/#organization","name":"Grupo Notibras de Comunica\u00e7\u00e3o","url":"https:\/\/www.notibras.com\/site\/","logo":{"@type":"ImageObject","inLanguage":"pt-BR","@id":"https:\/\/www.notibras.com\/site\/#\/schema\/logo\/image\/","url":"https:\/\/www.notibras.com\/site\/wp-content\/uploads\/2023\/01\/notibras23.png","contentUrl":"https:\/\/www.notibras.com\/site\/wp-content\/uploads\/2023\/01\/notibras23.png","width":350,"height":87,"caption":"Grupo Notibras de Comunica\u00e7\u00e3o"},"image":{"@id":"https:\/\/www.notibras.com\/site\/#\/schema\/logo\/image\/"},"sameAs":["https:\/\/www.facebook.com\/notibras\/","https:\/\/x.com\/Notibras","https:\/\/www.instagram.com\/notibras\/"]},{"@type":"Person","@id":"https:\/\/www.notibras.com\/site\/#\/schema\/person\/36ab0979449956132d3e5b517ea76ac8","name":"Reda\u00e7\u00e3o","image":{"@type":"ImageObject","inLanguage":"pt-BR","@id":"https:\/\/secure.gravatar.com\/avatar\/e0a867bdedb85fd243eadf09663511f96fc81e0720a4a42581f334ad4303aa6b?s=96&d=mm&r=g","url":"https:\/\/secure.gravatar.com\/avatar\/e0a867bdedb85fd243eadf09663511f96fc81e0720a4a42581f334ad4303aa6b?s=96&d=mm&r=g","contentUrl":"https:\/\/secure.gravatar.com\/avatar\/e0a867bdedb85fd243eadf09663511f96fc81e0720a4a42581f334ad4303aa6b?s=96&d=mm&r=g","caption":"Reda\u00e7\u00e3o"}}]}},"amp_enabled":true,"_links":{"self":[{"href":"https:\/\/www.notibras.com\/site\/wp-json\/wp\/v2\/posts\/304587","targetHints":{"allow":["GET"]}}],"collection":[{"href":"https:\/\/www.notibras.com\/site\/wp-json\/wp\/v2\/posts"}],"about":[{"href":"https:\/\/www.notibras.com\/site\/wp-json\/wp\/v2\/types\/post"}],"author":[{"embeddable":true,"href":"https:\/\/www.notibras.com\/site\/wp-json\/wp\/v2\/users\/2"}],"replies":[{"embeddable":true,"href":"https:\/\/www.notibras.com\/site\/wp-json\/wp\/v2\/comments?post=304587"}],"version-history":[{"count":1,"href":"https:\/\/www.notibras.com\/site\/wp-json\/wp\/v2\/posts\/304587\/revisions"}],"predecessor-version":[{"id":304588,"href":"https:\/\/www.notibras.com\/site\/wp-json\/wp\/v2\/posts\/304587\/revisions\/304588"}],"wp:featuredmedia":[{"embeddable":true,"href":"https:\/\/www.notibras.com\/site\/wp-json\/wp\/v2\/media\/282170"}],"wp:attachment":[{"href":"https:\/\/www.notibras.com\/site\/wp-json\/wp\/v2\/media?parent=304587"}],"wp:term":[{"taxonomy":"category","embeddable":true,"href":"https:\/\/www.notibras.com\/site\/wp-json\/wp\/v2\/categories?post=304587"},{"taxonomy":"post_tag","embeddable":true,"href":"https:\/\/www.notibras.com\/site\/wp-json\/wp\/v2\/tags?post=304587"}],"curies":[{"name":"wp","href":"https:\/\/api.w.org\/{rel}","templated":true}]}}