{"id":304589,"date":"2023-05-10T08:41:47","date_gmt":"2023-05-10T11:41:47","guid":{"rendered":"https:\/\/www.notibras.com\/site\/?p=304589"},"modified":"2023-05-10T08:50:25","modified_gmt":"2023-05-10T11:50:25","slug":"sabado-e-domingo-no-terraco-serao-especiais","status":"publish","type":"post","link":"https:\/\/www.notibras.com\/site\/sabado-e-domingo-no-terraco-serao-especiais\/","title":{"rendered":"S\u00e1bado e domingo no Terra\u00e7o ser\u00e3o especiais"},"content":{"rendered":"<p>No s\u00e1bado, dia 13, \u00e0s 19h30, o palco do Terra\u00e7o ser\u00e1 do m\u00fasico Kelvin Bruno. Ele canta profissionalmente desde os 22 anos, hoje com 31. Chegou a participar do reality show The Voice Brasil, onde fez seis apresenta\u00e7\u00f5es nos times de Michel Tel\u00f3 e Carlinhos Brown. Atualmente, se apresenta dentro e fora do Distrito Federal, em eventos diversos, expandindo seu trabalho com a m\u00fasica.<\/p>\n<p>E para celebrar o Dia das M\u00e3es de um jeito muito especial, o Terra\u00e7o Shopping preparou uma homenagem com a apresenta\u00e7\u00e3o do cantor Tico de Moraes, no domingo (14), \u00e0s 13h. O repert\u00f3rio dar\u00e1 destaque para suas composi\u00e7\u00f5es em ingl\u00eas, portugu\u00eas e espanhol, al\u00e9m de explorar o grande songbook do Jazz Americano, especialmente no que diz respeito \u00e0s memor\u00e1veis can\u00e7\u00f5es compostas por Cole Porter, George e Ira Gershwin, Irving Berlin, assim como as cantadas por Ella Fitzgerald, Sarah Vaughan, Chet Baker e Harry Connick Jr, al\u00e9m de cl\u00e1ssicos da m\u00fasica brasileira de Tom Jobim, Chico Buarque e Edu Lobo, e do pop internacional dos Beatles, Bee Gees e James Taylor. Uma excelente trilha sonora para esse almo\u00e7o comemorativo, que \u00e9 sempre t\u00e3o aguardado.<\/p>\n<p><strong>Servi\u00e7os:<\/strong><br \/>\nS\u00e1bado Cultural<br \/>\nS\u00e1bado, \u00e0s 19h30<br \/>\n13\/05 \u2013 Kelvin Bruno<\/p>\n<p>Almo\u00e7o Musical<br \/>\nDomingo, \u00e0s 13h<br \/>\n14\/05 \u2013Tico de Moraes &#8211; Especial Dia das M\u00e3es<br \/>\nLocal: Pra\u00e7a Central<\/p>\n<p>Sobre o Terra\u00e7o Shopping<br \/>\nO Terra\u00e7o Shopping \u00e9 um empreendimento das Organiza\u00e7\u00f5es PaulOOctavio, inaugurado em novembro de 1999. Com seu estilo \u00fanico de open mall, o shopping proporciona um ambiente agrad\u00e1vel, com vista para o lindo c\u00e9u de Bras\u00edlia. O empreendimento possui 160 lojas, 15 opera\u00e7\u00f5es na pra\u00e7a de alimenta\u00e7\u00e3o e 10 restaurantes no Gourmet Center, al\u00e9m de duas torres com 270 salas comerciais e um amplo estacionamento.<\/p>\n","protected":false},"excerpt":{"rendered":"<p>No s\u00e1bado, dia 13, \u00e0s 19h30, o palco do Terra\u00e7o ser\u00e1 do m\u00fasico Kelvin Bruno. Ele canta profissionalmente desde os 22 anos, hoje com 31. Chegou a participar do reality show The Voice Brasil, onde fez seis apresenta\u00e7\u00f5es nos times de Michel Tel\u00f3 e Carlinhos Brown. Atualmente, se apresenta dentro e fora do Distrito Federal, [&hellip;]<\/p>\n","protected":false},"author":2,"featured_media":304590,"comment_status":"closed","ping_status":"closed","sticky":false,"template":"","format":"standard","meta":{"_acf_changed":false,"footnotes":""},"categories":[161],"tags":[],"class_list":["post-304589","post","type-post","status-publish","format-standard","has-post-thumbnail","hentry","category-quadradinho-em-foco"],"acf":[],"yoast_head":"<!-- This site is optimized with the Yoast SEO plugin v27.2 - https:\/\/yoast.com\/product\/yoast-seo-wordpress\/ -->\n<title>S\u00e1bado e domingo no Terra\u00e7o ser\u00e3o especiais - Notibras<\/title>\n<meta name=\"robots\" content=\"index, follow, max-snippet:-1, max-image-preview:large, max-video-preview:-1\" \/>\n<link rel=\"canonical\" href=\"https:\/\/www.notibras.com\/site\/sabado-e-domingo-no-terraco-serao-especiais\/\" \/>\n<meta property=\"og:locale\" content=\"pt_BR\" \/>\n<meta property=\"og:type\" content=\"article\" \/>\n<meta property=\"og:title\" content=\"S\u00e1bado e domingo no Terra\u00e7o ser\u00e3o especiais - Notibras\" \/>\n<meta property=\"og:description\" content=\"No s\u00e1bado, dia 13, \u00e0s 19h30, o palco do Terra\u00e7o ser\u00e1 do m\u00fasico Kelvin Bruno. Ele canta profissionalmente desde os 22 anos, hoje com 31. Chegou a participar do reality show The Voice Brasil, onde fez seis apresenta\u00e7\u00f5es nos times de Michel Tel\u00f3 e Carlinhos Brown. Atualmente, se apresenta dentro e fora do Distrito Federal, [&hellip;]\" \/>\n<meta property=\"og:url\" content=\"https:\/\/www.notibras.com\/site\/sabado-e-domingo-no-terraco-serao-especiais\/\" \/>\n<meta property=\"og:site_name\" content=\"Notibras\" \/>\n<meta property=\"article:publisher\" content=\"https:\/\/www.facebook.com\/notibras\/\" \/>\n<meta property=\"article:published_time\" content=\"2023-05-10T11:41:47+00:00\" \/>\n<meta property=\"article:modified_time\" content=\"2023-05-10T11:50:25+00:00\" \/>\n<meta property=\"og:image\" content=\"https:\/\/www.notibras.com\/site\/wp-content\/uploads\/2023\/05\/unnamed-66.jpg\" \/>\n\t<meta property=\"og:image:width\" content=\"1600\" \/>\n\t<meta property=\"og:image:height\" content=\"1066\" \/>\n\t<meta property=\"og:image:type\" content=\"image\/jpeg\" \/>\n<meta name=\"author\" content=\"Reda\u00e7\u00e3o\" \/>\n<meta name=\"twitter:card\" content=\"summary_large_image\" \/>\n<meta name=\"twitter:creator\" content=\"@Notibras\" \/>\n<meta name=\"twitter:site\" content=\"@Notibras\" \/>\n<meta name=\"twitter:label1\" content=\"Escrito por\" \/>\n\t<meta name=\"twitter:data1\" content=\"Reda\u00e7\u00e3o\" \/>\n\t<meta name=\"twitter:label2\" content=\"Est. tempo de leitura\" \/>\n\t<meta name=\"twitter:data2\" content=\"2 minutos\" \/>\n<script type=\"application\/ld+json\" class=\"yoast-schema-graph\">{\"@context\":\"https:\/\/schema.org\",\"@graph\":[{\"@type\":\"Article\",\"@id\":\"https:\/\/www.notibras.com\/site\/sabado-e-domingo-no-terraco-serao-especiais\/#article\",\"isPartOf\":{\"@id\":\"https:\/\/www.notibras.com\/site\/sabado-e-domingo-no-terraco-serao-especiais\/\"},\"author\":{\"name\":\"Reda\u00e7\u00e3o\",\"@id\":\"https:\/\/www.notibras.com\/site\/#\/schema\/person\/36ab0979449956132d3e5b517ea76ac8\"},\"headline\":\"S\u00e1bado e domingo no Terra\u00e7o ser\u00e3o especiais\",\"datePublished\":\"2023-05-10T11:41:47+00:00\",\"dateModified\":\"2023-05-10T11:50:25+00:00\",\"mainEntityOfPage\":{\"@id\":\"https:\/\/www.notibras.com\/site\/sabado-e-domingo-no-terraco-serao-especiais\/\"},\"wordCount\":314,\"publisher\":{\"@id\":\"https:\/\/www.notibras.com\/site\/#organization\"},\"image\":{\"@id\":\"https:\/\/www.notibras.com\/site\/sabado-e-domingo-no-terraco-serao-especiais\/#primaryimage\"},\"thumbnailUrl\":\"https:\/\/www.notibras.com\/site\/wp-content\/uploads\/2023\/05\/unnamed-66.jpg\",\"articleSection\":[\"Quadradinho em Foco\"],\"inLanguage\":\"pt-BR\"},{\"@type\":\"WebPage\",\"@id\":\"https:\/\/www.notibras.com\/site\/sabado-e-domingo-no-terraco-serao-especiais\/\",\"url\":\"https:\/\/www.notibras.com\/site\/sabado-e-domingo-no-terraco-serao-especiais\/\",\"name\":\"S\u00e1bado e domingo no Terra\u00e7o ser\u00e3o especiais - Notibras\",\"isPartOf\":{\"@id\":\"https:\/\/www.notibras.com\/site\/#website\"},\"primaryImageOfPage\":{\"@id\":\"https:\/\/www.notibras.com\/site\/sabado-e-domingo-no-terraco-serao-especiais\/#primaryimage\"},\"image\":{\"@id\":\"https:\/\/www.notibras.com\/site\/sabado-e-domingo-no-terraco-serao-especiais\/#primaryimage\"},\"thumbnailUrl\":\"https:\/\/www.notibras.com\/site\/wp-content\/uploads\/2023\/05\/unnamed-66.jpg\",\"datePublished\":\"2023-05-10T11:41:47+00:00\",\"dateModified\":\"2023-05-10T11:50:25+00:00\",\"breadcrumb\":{\"@id\":\"https:\/\/www.notibras.com\/site\/sabado-e-domingo-no-terraco-serao-especiais\/#breadcrumb\"},\"inLanguage\":\"pt-BR\",\"potentialAction\":[{\"@type\":\"ReadAction\",\"target\":[\"https:\/\/www.notibras.com\/site\/sabado-e-domingo-no-terraco-serao-especiais\/\"]}]},{\"@type\":\"ImageObject\",\"inLanguage\":\"pt-BR\",\"@id\":\"https:\/\/www.notibras.com\/site\/sabado-e-domingo-no-terraco-serao-especiais\/#primaryimage\",\"url\":\"https:\/\/www.notibras.com\/site\/wp-content\/uploads\/2023\/05\/unnamed-66.jpg\",\"contentUrl\":\"https:\/\/www.notibras.com\/site\/wp-content\/uploads\/2023\/05\/unnamed-66.jpg\",\"width\":1600,\"height\":1066},{\"@type\":\"BreadcrumbList\",\"@id\":\"https:\/\/www.notibras.com\/site\/sabado-e-domingo-no-terraco-serao-especiais\/#breadcrumb\",\"itemListElement\":[{\"@type\":\"ListItem\",\"position\":1,\"name\":\"In\u00edcio\",\"item\":\"https:\/\/www.notibras.com\/site\/\"},{\"@type\":\"ListItem\",\"position\":2,\"name\":\"S\u00e1bado e domingo no Terra\u00e7o ser\u00e3o especiais\"}]},{\"@type\":\"WebSite\",\"@id\":\"https:\/\/www.notibras.com\/site\/#website\",\"url\":\"https:\/\/www.notibras.com\/site\/\",\"name\":\"Notibras\",\"description\":\"Not\u00edcias de Bras\u00edlia, do Brasil e do Mundo\",\"publisher\":{\"@id\":\"https:\/\/www.notibras.com\/site\/#organization\"},\"potentialAction\":[{\"@type\":\"SearchAction\",\"target\":{\"@type\":\"EntryPoint\",\"urlTemplate\":\"https:\/\/www.notibras.com\/site\/?s={search_term_string}\"},\"query-input\":{\"@type\":\"PropertyValueSpecification\",\"valueRequired\":true,\"valueName\":\"search_term_string\"}}],\"inLanguage\":\"pt-BR\"},{\"@type\":\"Organization\",\"@id\":\"https:\/\/www.notibras.com\/site\/#organization\",\"name\":\"Grupo Notibras de Comunica\u00e7\u00e3o\",\"url\":\"https:\/\/www.notibras.com\/site\/\",\"logo\":{\"@type\":\"ImageObject\",\"inLanguage\":\"pt-BR\",\"@id\":\"https:\/\/www.notibras.com\/site\/#\/schema\/logo\/image\/\",\"url\":\"https:\/\/www.notibras.com\/site\/wp-content\/uploads\/2023\/01\/notibras23.png\",\"contentUrl\":\"https:\/\/www.notibras.com\/site\/wp-content\/uploads\/2023\/01\/notibras23.png\",\"width\":350,\"height\":87,\"caption\":\"Grupo Notibras de Comunica\u00e7\u00e3o\"},\"image\":{\"@id\":\"https:\/\/www.notibras.com\/site\/#\/schema\/logo\/image\/\"},\"sameAs\":[\"https:\/\/www.facebook.com\/notibras\/\",\"https:\/\/x.com\/Notibras\",\"https:\/\/www.instagram.com\/notibras\/\"]},{\"@type\":\"Person\",\"@id\":\"https:\/\/www.notibras.com\/site\/#\/schema\/person\/36ab0979449956132d3e5b517ea76ac8\",\"name\":\"Reda\u00e7\u00e3o\",\"image\":{\"@type\":\"ImageObject\",\"inLanguage\":\"pt-BR\",\"@id\":\"https:\/\/secure.gravatar.com\/avatar\/e0a867bdedb85fd243eadf09663511f96fc81e0720a4a42581f334ad4303aa6b?s=96&d=mm&r=g\",\"url\":\"https:\/\/secure.gravatar.com\/avatar\/e0a867bdedb85fd243eadf09663511f96fc81e0720a4a42581f334ad4303aa6b?s=96&d=mm&r=g\",\"contentUrl\":\"https:\/\/secure.gravatar.com\/avatar\/e0a867bdedb85fd243eadf09663511f96fc81e0720a4a42581f334ad4303aa6b?s=96&d=mm&r=g\",\"caption\":\"Reda\u00e7\u00e3o\"}}]}<\/script>\n<!-- \/ Yoast SEO plugin. -->","yoast_head_json":{"title":"S\u00e1bado e domingo no Terra\u00e7o ser\u00e3o especiais - Notibras","robots":{"index":"index","follow":"follow","max-snippet":"max-snippet:-1","max-image-preview":"max-image-preview:large","max-video-preview":"max-video-preview:-1"},"canonical":"https:\/\/www.notibras.com\/site\/sabado-e-domingo-no-terraco-serao-especiais\/","og_locale":"pt_BR","og_type":"article","og_title":"S\u00e1bado e domingo no Terra\u00e7o ser\u00e3o especiais - Notibras","og_description":"No s\u00e1bado, dia 13, \u00e0s 19h30, o palco do Terra\u00e7o ser\u00e1 do m\u00fasico Kelvin Bruno. Ele canta profissionalmente desde os 22 anos, hoje com 31. Chegou a participar do reality show The Voice Brasil, onde fez seis apresenta\u00e7\u00f5es nos times de Michel Tel\u00f3 e Carlinhos Brown. Atualmente, se apresenta dentro e fora do Distrito Federal, [&hellip;]","og_url":"https:\/\/www.notibras.com\/site\/sabado-e-domingo-no-terraco-serao-especiais\/","og_site_name":"Notibras","article_publisher":"https:\/\/www.facebook.com\/notibras\/","article_published_time":"2023-05-10T11:41:47+00:00","article_modified_time":"2023-05-10T11:50:25+00:00","og_image":[{"width":1600,"height":1066,"url":"https:\/\/www.notibras.com\/site\/wp-content\/uploads\/2023\/05\/unnamed-66.jpg","type":"image\/jpeg"}],"author":"Reda\u00e7\u00e3o","twitter_card":"summary_large_image","twitter_creator":"@Notibras","twitter_site":"@Notibras","twitter_misc":{"Escrito por":"Reda\u00e7\u00e3o","Est. tempo de leitura":"2 minutos"},"schema":{"@context":"https:\/\/schema.org","@graph":[{"@type":"Article","@id":"https:\/\/www.notibras.com\/site\/sabado-e-domingo-no-terraco-serao-especiais\/#article","isPartOf":{"@id":"https:\/\/www.notibras.com\/site\/sabado-e-domingo-no-terraco-serao-especiais\/"},"author":{"name":"Reda\u00e7\u00e3o","@id":"https:\/\/www.notibras.com\/site\/#\/schema\/person\/36ab0979449956132d3e5b517ea76ac8"},"headline":"S\u00e1bado e domingo no Terra\u00e7o ser\u00e3o especiais","datePublished":"2023-05-10T11:41:47+00:00","dateModified":"2023-05-10T11:50:25+00:00","mainEntityOfPage":{"@id":"https:\/\/www.notibras.com\/site\/sabado-e-domingo-no-terraco-serao-especiais\/"},"wordCount":314,"publisher":{"@id":"https:\/\/www.notibras.com\/site\/#organization"},"image":{"@id":"https:\/\/www.notibras.com\/site\/sabado-e-domingo-no-terraco-serao-especiais\/#primaryimage"},"thumbnailUrl":"https:\/\/www.notibras.com\/site\/wp-content\/uploads\/2023\/05\/unnamed-66.jpg","articleSection":["Quadradinho em Foco"],"inLanguage":"pt-BR"},{"@type":"WebPage","@id":"https:\/\/www.notibras.com\/site\/sabado-e-domingo-no-terraco-serao-especiais\/","url":"https:\/\/www.notibras.com\/site\/sabado-e-domingo-no-terraco-serao-especiais\/","name":"S\u00e1bado e domingo no Terra\u00e7o ser\u00e3o especiais - Notibras","isPartOf":{"@id":"https:\/\/www.notibras.com\/site\/#website"},"primaryImageOfPage":{"@id":"https:\/\/www.notibras.com\/site\/sabado-e-domingo-no-terraco-serao-especiais\/#primaryimage"},"image":{"@id":"https:\/\/www.notibras.com\/site\/sabado-e-domingo-no-terraco-serao-especiais\/#primaryimage"},"thumbnailUrl":"https:\/\/www.notibras.com\/site\/wp-content\/uploads\/2023\/05\/unnamed-66.jpg","datePublished":"2023-05-10T11:41:47+00:00","dateModified":"2023-05-10T11:50:25+00:00","breadcrumb":{"@id":"https:\/\/www.notibras.com\/site\/sabado-e-domingo-no-terraco-serao-especiais\/#breadcrumb"},"inLanguage":"pt-BR","potentialAction":[{"@type":"ReadAction","target":["https:\/\/www.notibras.com\/site\/sabado-e-domingo-no-terraco-serao-especiais\/"]}]},{"@type":"ImageObject","inLanguage":"pt-BR","@id":"https:\/\/www.notibras.com\/site\/sabado-e-domingo-no-terraco-serao-especiais\/#primaryimage","url":"https:\/\/www.notibras.com\/site\/wp-content\/uploads\/2023\/05\/unnamed-66.jpg","contentUrl":"https:\/\/www.notibras.com\/site\/wp-content\/uploads\/2023\/05\/unnamed-66.jpg","width":1600,"height":1066},{"@type":"BreadcrumbList","@id":"https:\/\/www.notibras.com\/site\/sabado-e-domingo-no-terraco-serao-especiais\/#breadcrumb","itemListElement":[{"@type":"ListItem","position":1,"name":"In\u00edcio","item":"https:\/\/www.notibras.com\/site\/"},{"@type":"ListItem","position":2,"name":"S\u00e1bado e domingo no Terra\u00e7o ser\u00e3o especiais"}]},{"@type":"WebSite","@id":"https:\/\/www.notibras.com\/site\/#website","url":"https:\/\/www.notibras.com\/site\/","name":"Notibras","description":"Not\u00edcias de Bras\u00edlia, do Brasil e do Mundo","publisher":{"@id":"https:\/\/www.notibras.com\/site\/#organization"},"potentialAction":[{"@type":"SearchAction","target":{"@type":"EntryPoint","urlTemplate":"https:\/\/www.notibras.com\/site\/?s={search_term_string}"},"query-input":{"@type":"PropertyValueSpecification","valueRequired":true,"valueName":"search_term_string"}}],"inLanguage":"pt-BR"},{"@type":"Organization","@id":"https:\/\/www.notibras.com\/site\/#organization","name":"Grupo Notibras de Comunica\u00e7\u00e3o","url":"https:\/\/www.notibras.com\/site\/","logo":{"@type":"ImageObject","inLanguage":"pt-BR","@id":"https:\/\/www.notibras.com\/site\/#\/schema\/logo\/image\/","url":"https:\/\/www.notibras.com\/site\/wp-content\/uploads\/2023\/01\/notibras23.png","contentUrl":"https:\/\/www.notibras.com\/site\/wp-content\/uploads\/2023\/01\/notibras23.png","width":350,"height":87,"caption":"Grupo Notibras de Comunica\u00e7\u00e3o"},"image":{"@id":"https:\/\/www.notibras.com\/site\/#\/schema\/logo\/image\/"},"sameAs":["https:\/\/www.facebook.com\/notibras\/","https:\/\/x.com\/Notibras","https:\/\/www.instagram.com\/notibras\/"]},{"@type":"Person","@id":"https:\/\/www.notibras.com\/site\/#\/schema\/person\/36ab0979449956132d3e5b517ea76ac8","name":"Reda\u00e7\u00e3o","image":{"@type":"ImageObject","inLanguage":"pt-BR","@id":"https:\/\/secure.gravatar.com\/avatar\/e0a867bdedb85fd243eadf09663511f96fc81e0720a4a42581f334ad4303aa6b?s=96&d=mm&r=g","url":"https:\/\/secure.gravatar.com\/avatar\/e0a867bdedb85fd243eadf09663511f96fc81e0720a4a42581f334ad4303aa6b?s=96&d=mm&r=g","contentUrl":"https:\/\/secure.gravatar.com\/avatar\/e0a867bdedb85fd243eadf09663511f96fc81e0720a4a42581f334ad4303aa6b?s=96&d=mm&r=g","caption":"Reda\u00e7\u00e3o"}}]}},"amp_enabled":true,"_links":{"self":[{"href":"https:\/\/www.notibras.com\/site\/wp-json\/wp\/v2\/posts\/304589","targetHints":{"allow":["GET"]}}],"collection":[{"href":"https:\/\/www.notibras.com\/site\/wp-json\/wp\/v2\/posts"}],"about":[{"href":"https:\/\/www.notibras.com\/site\/wp-json\/wp\/v2\/types\/post"}],"author":[{"embeddable":true,"href":"https:\/\/www.notibras.com\/site\/wp-json\/wp\/v2\/users\/2"}],"replies":[{"embeddable":true,"href":"https:\/\/www.notibras.com\/site\/wp-json\/wp\/v2\/comments?post=304589"}],"version-history":[{"count":2,"href":"https:\/\/www.notibras.com\/site\/wp-json\/wp\/v2\/posts\/304589\/revisions"}],"predecessor-version":[{"id":304593,"href":"https:\/\/www.notibras.com\/site\/wp-json\/wp\/v2\/posts\/304589\/revisions\/304593"}],"wp:featuredmedia":[{"embeddable":true,"href":"https:\/\/www.notibras.com\/site\/wp-json\/wp\/v2\/media\/304590"}],"wp:attachment":[{"href":"https:\/\/www.notibras.com\/site\/wp-json\/wp\/v2\/media?parent=304589"}],"wp:term":[{"taxonomy":"category","embeddable":true,"href":"https:\/\/www.notibras.com\/site\/wp-json\/wp\/v2\/categories?post=304589"},{"taxonomy":"post_tag","embeddable":true,"href":"https:\/\/www.notibras.com\/site\/wp-json\/wp\/v2\/tags?post=304589"}],"curies":[{"name":"wp","href":"https:\/\/api.w.org\/{rel}","templated":true}]}}