{"id":304655,"date":"2023-05-11T08:08:00","date_gmt":"2023-05-11T11:08:00","guid":{"rendered":"https:\/\/www.notibras.com\/site\/?p=304655"},"modified":"2023-05-11T08:08:00","modified_gmt":"2023-05-11T11:08:00","slug":"covid-ficara-na-lembranca-com-o-dia-da-memoria","status":"publish","type":"post","link":"https:\/\/www.notibras.com\/site\/covid-ficara-na-lembranca-com-o-dia-da-memoria\/","title":{"rendered":"Covid ficar\u00e1 na lembran\u00e7a com o Dia da Mem\u00f3ria"},"content":{"rendered":"<p>A C\u00e2mara dos Deputados aprovou nesta quarta-feira (10) projeto de lei que cria o Dia Nacional em Mem\u00f3ria das V\u00edtimas da Covid-19. A data ser\u00e1 celebrada em 12 de mar\u00e7o de cada ano. A proposta segue para an\u00e1lise do Senado.<\/p>\n<p>Segundo o autor do projeto, deputado Pedro Uczai (PT-SC), a data escolhida \u00e9 uma homenagem \u00e0 primeira v\u00edtima fatal do novo coronav\u00edrus no Brasil, Rosana Aparecida Urbano, falecida em 12 de mar\u00e7o de 2020, no Hospital Municipal Dr. Carmino Cariccio, na zona Leste de S\u00e3o Paulo.<\/p>\n<p>O parlamentar lembrou que a v\u00edtima foi internada na v\u00e9spera e na sequ\u00eancia de sua morte, em menos de 50 dias, faleceram tamb\u00e9m sua m\u00e3e, seu pai, uma irm\u00e3 e um irm\u00e3o.<\/p>\n<p>\u201cA pandemia se transformou em uma inomin\u00e1vel trag\u00e9dia atravessada pela morte, pelo desamparo e pelo luto, um fen\u00f4meno social que impactou de forma direta e indel\u00e9vel a vida de milh\u00f5es de brasileiros e brasileiras\u201d, afirmou o autor, que lembrou haver ainda um projeto de lei do Senado propondo a constru\u00e7\u00e3o de um memorial \u00e0s v\u00edtimas.<\/p>\n","protected":false},"excerpt":{"rendered":"<p>A C\u00e2mara dos Deputados aprovou nesta quarta-feira (10) projeto de lei que cria o Dia Nacional em Mem\u00f3ria das V\u00edtimas da Covid-19. A data ser\u00e1 celebrada em 12 de mar\u00e7o de cada ano. A proposta segue para an\u00e1lise do Senado. Segundo o autor do projeto, deputado Pedro Uczai (PT-SC), a data escolhida \u00e9 uma homenagem [&hellip;]<\/p>\n","protected":false},"author":2,"featured_media":283786,"comment_status":"closed","ping_status":"closed","sticky":false,"template":"","format":"standard","meta":{"_acf_changed":false,"footnotes":""},"categories":[161],"tags":[],"class_list":["post-304655","post","type-post","status-publish","format-standard","has-post-thumbnail","hentry","category-quadradinho-em-foco"],"acf":[],"yoast_head":"<!-- This site is optimized with the Yoast SEO plugin v27.2 - https:\/\/yoast.com\/product\/yoast-seo-wordpress\/ -->\n<title>Covid ficar\u00e1 na lembran\u00e7a com o Dia da Mem\u00f3ria - Notibras<\/title>\n<meta name=\"robots\" content=\"index, follow, max-snippet:-1, max-image-preview:large, max-video-preview:-1\" \/>\n<link rel=\"canonical\" href=\"https:\/\/www.notibras.com\/site\/covid-ficara-na-lembranca-com-o-dia-da-memoria\/\" \/>\n<meta property=\"og:locale\" content=\"pt_BR\" \/>\n<meta property=\"og:type\" content=\"article\" \/>\n<meta property=\"og:title\" content=\"Covid ficar\u00e1 na lembran\u00e7a com o Dia da Mem\u00f3ria - Notibras\" \/>\n<meta property=\"og:description\" content=\"A C\u00e2mara dos Deputados aprovou nesta quarta-feira (10) projeto de lei que cria o Dia Nacional em Mem\u00f3ria das V\u00edtimas da Covid-19. A data ser\u00e1 celebrada em 12 de mar\u00e7o de cada ano. A proposta segue para an\u00e1lise do Senado. Segundo o autor do projeto, deputado Pedro Uczai (PT-SC), a data escolhida \u00e9 uma homenagem [&hellip;]\" \/>\n<meta property=\"og:url\" content=\"https:\/\/www.notibras.com\/site\/covid-ficara-na-lembranca-com-o-dia-da-memoria\/\" \/>\n<meta property=\"og:site_name\" content=\"Notibras\" \/>\n<meta property=\"article:publisher\" content=\"https:\/\/www.facebook.com\/notibras\/\" \/>\n<meta property=\"article:published_time\" content=\"2023-05-11T11:08:00+00:00\" \/>\n<meta property=\"og:image\" content=\"https:\/\/www.notibras.com\/site\/wp-content\/uploads\/2022\/04\/vacinacao_de_criancas_covid-19_ubs_5_de_taguatinga_sul_jfcrz_abr_1601220026-1.jpg\" \/>\n\t<meta property=\"og:image:width\" content=\"1170\" \/>\n\t<meta property=\"og:image:height\" content=\"700\" \/>\n\t<meta property=\"og:image:type\" content=\"image\/jpeg\" \/>\n<meta name=\"author\" content=\"Reda\u00e7\u00e3o\" \/>\n<meta name=\"twitter:card\" content=\"summary_large_image\" \/>\n<meta name=\"twitter:creator\" content=\"@Notibras\" \/>\n<meta name=\"twitter:site\" content=\"@Notibras\" \/>\n<meta name=\"twitter:label1\" content=\"Escrito por\" \/>\n\t<meta name=\"twitter:data1\" content=\"Reda\u00e7\u00e3o\" \/>\n\t<meta name=\"twitter:label2\" content=\"Est. tempo de leitura\" \/>\n\t<meta name=\"twitter:data2\" content=\"1 minuto\" \/>\n<script type=\"application\/ld+json\" class=\"yoast-schema-graph\">{\"@context\":\"https:\/\/schema.org\",\"@graph\":[{\"@type\":\"Article\",\"@id\":\"https:\/\/www.notibras.com\/site\/covid-ficara-na-lembranca-com-o-dia-da-memoria\/#article\",\"isPartOf\":{\"@id\":\"https:\/\/www.notibras.com\/site\/covid-ficara-na-lembranca-com-o-dia-da-memoria\/\"},\"author\":{\"name\":\"Reda\u00e7\u00e3o\",\"@id\":\"https:\/\/www.notibras.com\/site\/#\/schema\/person\/36ab0979449956132d3e5b517ea76ac8\"},\"headline\":\"Covid ficar\u00e1 na lembran\u00e7a com o Dia da Mem\u00f3ria\",\"datePublished\":\"2023-05-11T11:08:00+00:00\",\"mainEntityOfPage\":{\"@id\":\"https:\/\/www.notibras.com\/site\/covid-ficara-na-lembranca-com-o-dia-da-memoria\/\"},\"wordCount\":199,\"publisher\":{\"@id\":\"https:\/\/www.notibras.com\/site\/#organization\"},\"image\":{\"@id\":\"https:\/\/www.notibras.com\/site\/covid-ficara-na-lembranca-com-o-dia-da-memoria\/#primaryimage\"},\"thumbnailUrl\":\"https:\/\/www.notibras.com\/site\/wp-content\/uploads\/2022\/04\/vacinacao_de_criancas_covid-19_ubs_5_de_taguatinga_sul_jfcrz_abr_1601220026-1.jpg\",\"articleSection\":[\"Quadradinho em Foco\"],\"inLanguage\":\"pt-BR\"},{\"@type\":\"WebPage\",\"@id\":\"https:\/\/www.notibras.com\/site\/covid-ficara-na-lembranca-com-o-dia-da-memoria\/\",\"url\":\"https:\/\/www.notibras.com\/site\/covid-ficara-na-lembranca-com-o-dia-da-memoria\/\",\"name\":\"Covid ficar\u00e1 na lembran\u00e7a com o Dia da Mem\u00f3ria - Notibras\",\"isPartOf\":{\"@id\":\"https:\/\/www.notibras.com\/site\/#website\"},\"primaryImageOfPage\":{\"@id\":\"https:\/\/www.notibras.com\/site\/covid-ficara-na-lembranca-com-o-dia-da-memoria\/#primaryimage\"},\"image\":{\"@id\":\"https:\/\/www.notibras.com\/site\/covid-ficara-na-lembranca-com-o-dia-da-memoria\/#primaryimage\"},\"thumbnailUrl\":\"https:\/\/www.notibras.com\/site\/wp-content\/uploads\/2022\/04\/vacinacao_de_criancas_covid-19_ubs_5_de_taguatinga_sul_jfcrz_abr_1601220026-1.jpg\",\"datePublished\":\"2023-05-11T11:08:00+00:00\",\"breadcrumb\":{\"@id\":\"https:\/\/www.notibras.com\/site\/covid-ficara-na-lembranca-com-o-dia-da-memoria\/#breadcrumb\"},\"inLanguage\":\"pt-BR\",\"potentialAction\":[{\"@type\":\"ReadAction\",\"target\":[\"https:\/\/www.notibras.com\/site\/covid-ficara-na-lembranca-com-o-dia-da-memoria\/\"]}]},{\"@type\":\"ImageObject\",\"inLanguage\":\"pt-BR\",\"@id\":\"https:\/\/www.notibras.com\/site\/covid-ficara-na-lembranca-com-o-dia-da-memoria\/#primaryimage\",\"url\":\"https:\/\/www.notibras.com\/site\/wp-content\/uploads\/2022\/04\/vacinacao_de_criancas_covid-19_ubs_5_de_taguatinga_sul_jfcrz_abr_1601220026-1.jpg\",\"contentUrl\":\"https:\/\/www.notibras.com\/site\/wp-content\/uploads\/2022\/04\/vacinacao_de_criancas_covid-19_ubs_5_de_taguatinga_sul_jfcrz_abr_1601220026-1.jpg\",\"width\":1170,\"height\":700,\"caption\":\"Vacina\u00e7\u00e3o de crian\u00e7as contra a covid-19 na UBS 5 de Taguatinga Sul\"},{\"@type\":\"BreadcrumbList\",\"@id\":\"https:\/\/www.notibras.com\/site\/covid-ficara-na-lembranca-com-o-dia-da-memoria\/#breadcrumb\",\"itemListElement\":[{\"@type\":\"ListItem\",\"position\":1,\"name\":\"In\u00edcio\",\"item\":\"https:\/\/www.notibras.com\/site\/\"},{\"@type\":\"ListItem\",\"position\":2,\"name\":\"Covid ficar\u00e1 na lembran\u00e7a com o Dia da Mem\u00f3ria\"}]},{\"@type\":\"WebSite\",\"@id\":\"https:\/\/www.notibras.com\/site\/#website\",\"url\":\"https:\/\/www.notibras.com\/site\/\",\"name\":\"Notibras\",\"description\":\"Not\u00edcias de Bras\u00edlia, do Brasil e do Mundo\",\"publisher\":{\"@id\":\"https:\/\/www.notibras.com\/site\/#organization\"},\"potentialAction\":[{\"@type\":\"SearchAction\",\"target\":{\"@type\":\"EntryPoint\",\"urlTemplate\":\"https:\/\/www.notibras.com\/site\/?s={search_term_string}\"},\"query-input\":{\"@type\":\"PropertyValueSpecification\",\"valueRequired\":true,\"valueName\":\"search_term_string\"}}],\"inLanguage\":\"pt-BR\"},{\"@type\":\"Organization\",\"@id\":\"https:\/\/www.notibras.com\/site\/#organization\",\"name\":\"Grupo Notibras de Comunica\u00e7\u00e3o\",\"url\":\"https:\/\/www.notibras.com\/site\/\",\"logo\":{\"@type\":\"ImageObject\",\"inLanguage\":\"pt-BR\",\"@id\":\"https:\/\/www.notibras.com\/site\/#\/schema\/logo\/image\/\",\"url\":\"https:\/\/www.notibras.com\/site\/wp-content\/uploads\/2023\/01\/notibras23.png\",\"contentUrl\":\"https:\/\/www.notibras.com\/site\/wp-content\/uploads\/2023\/01\/notibras23.png\",\"width\":350,\"height\":87,\"caption\":\"Grupo Notibras de Comunica\u00e7\u00e3o\"},\"image\":{\"@id\":\"https:\/\/www.notibras.com\/site\/#\/schema\/logo\/image\/\"},\"sameAs\":[\"https:\/\/www.facebook.com\/notibras\/\",\"https:\/\/x.com\/Notibras\",\"https:\/\/www.instagram.com\/notibras\/\"]},{\"@type\":\"Person\",\"@id\":\"https:\/\/www.notibras.com\/site\/#\/schema\/person\/36ab0979449956132d3e5b517ea76ac8\",\"name\":\"Reda\u00e7\u00e3o\",\"image\":{\"@type\":\"ImageObject\",\"inLanguage\":\"pt-BR\",\"@id\":\"https:\/\/secure.gravatar.com\/avatar\/e0a867bdedb85fd243eadf09663511f96fc81e0720a4a42581f334ad4303aa6b?s=96&d=mm&r=g\",\"url\":\"https:\/\/secure.gravatar.com\/avatar\/e0a867bdedb85fd243eadf09663511f96fc81e0720a4a42581f334ad4303aa6b?s=96&d=mm&r=g\",\"contentUrl\":\"https:\/\/secure.gravatar.com\/avatar\/e0a867bdedb85fd243eadf09663511f96fc81e0720a4a42581f334ad4303aa6b?s=96&d=mm&r=g\",\"caption\":\"Reda\u00e7\u00e3o\"}}]}<\/script>\n<!-- \/ Yoast SEO plugin. -->","yoast_head_json":{"title":"Covid ficar\u00e1 na lembran\u00e7a com o Dia da Mem\u00f3ria - Notibras","robots":{"index":"index","follow":"follow","max-snippet":"max-snippet:-1","max-image-preview":"max-image-preview:large","max-video-preview":"max-video-preview:-1"},"canonical":"https:\/\/www.notibras.com\/site\/covid-ficara-na-lembranca-com-o-dia-da-memoria\/","og_locale":"pt_BR","og_type":"article","og_title":"Covid ficar\u00e1 na lembran\u00e7a com o Dia da Mem\u00f3ria - Notibras","og_description":"A C\u00e2mara dos Deputados aprovou nesta quarta-feira (10) projeto de lei que cria o Dia Nacional em Mem\u00f3ria das V\u00edtimas da Covid-19. A data ser\u00e1 celebrada em 12 de mar\u00e7o de cada ano. A proposta segue para an\u00e1lise do Senado. Segundo o autor do projeto, deputado Pedro Uczai (PT-SC), a data escolhida \u00e9 uma homenagem [&hellip;]","og_url":"https:\/\/www.notibras.com\/site\/covid-ficara-na-lembranca-com-o-dia-da-memoria\/","og_site_name":"Notibras","article_publisher":"https:\/\/www.facebook.com\/notibras\/","article_published_time":"2023-05-11T11:08:00+00:00","og_image":[{"width":1170,"height":700,"url":"https:\/\/www.notibras.com\/site\/wp-content\/uploads\/2022\/04\/vacinacao_de_criancas_covid-19_ubs_5_de_taguatinga_sul_jfcrz_abr_1601220026-1.jpg","type":"image\/jpeg"}],"author":"Reda\u00e7\u00e3o","twitter_card":"summary_large_image","twitter_creator":"@Notibras","twitter_site":"@Notibras","twitter_misc":{"Escrito por":"Reda\u00e7\u00e3o","Est. tempo de leitura":"1 minuto"},"schema":{"@context":"https:\/\/schema.org","@graph":[{"@type":"Article","@id":"https:\/\/www.notibras.com\/site\/covid-ficara-na-lembranca-com-o-dia-da-memoria\/#article","isPartOf":{"@id":"https:\/\/www.notibras.com\/site\/covid-ficara-na-lembranca-com-o-dia-da-memoria\/"},"author":{"name":"Reda\u00e7\u00e3o","@id":"https:\/\/www.notibras.com\/site\/#\/schema\/person\/36ab0979449956132d3e5b517ea76ac8"},"headline":"Covid ficar\u00e1 na lembran\u00e7a com o Dia da Mem\u00f3ria","datePublished":"2023-05-11T11:08:00+00:00","mainEntityOfPage":{"@id":"https:\/\/www.notibras.com\/site\/covid-ficara-na-lembranca-com-o-dia-da-memoria\/"},"wordCount":199,"publisher":{"@id":"https:\/\/www.notibras.com\/site\/#organization"},"image":{"@id":"https:\/\/www.notibras.com\/site\/covid-ficara-na-lembranca-com-o-dia-da-memoria\/#primaryimage"},"thumbnailUrl":"https:\/\/www.notibras.com\/site\/wp-content\/uploads\/2022\/04\/vacinacao_de_criancas_covid-19_ubs_5_de_taguatinga_sul_jfcrz_abr_1601220026-1.jpg","articleSection":["Quadradinho em Foco"],"inLanguage":"pt-BR"},{"@type":"WebPage","@id":"https:\/\/www.notibras.com\/site\/covid-ficara-na-lembranca-com-o-dia-da-memoria\/","url":"https:\/\/www.notibras.com\/site\/covid-ficara-na-lembranca-com-o-dia-da-memoria\/","name":"Covid ficar\u00e1 na lembran\u00e7a com o Dia da Mem\u00f3ria - Notibras","isPartOf":{"@id":"https:\/\/www.notibras.com\/site\/#website"},"primaryImageOfPage":{"@id":"https:\/\/www.notibras.com\/site\/covid-ficara-na-lembranca-com-o-dia-da-memoria\/#primaryimage"},"image":{"@id":"https:\/\/www.notibras.com\/site\/covid-ficara-na-lembranca-com-o-dia-da-memoria\/#primaryimage"},"thumbnailUrl":"https:\/\/www.notibras.com\/site\/wp-content\/uploads\/2022\/04\/vacinacao_de_criancas_covid-19_ubs_5_de_taguatinga_sul_jfcrz_abr_1601220026-1.jpg","datePublished":"2023-05-11T11:08:00+00:00","breadcrumb":{"@id":"https:\/\/www.notibras.com\/site\/covid-ficara-na-lembranca-com-o-dia-da-memoria\/#breadcrumb"},"inLanguage":"pt-BR","potentialAction":[{"@type":"ReadAction","target":["https:\/\/www.notibras.com\/site\/covid-ficara-na-lembranca-com-o-dia-da-memoria\/"]}]},{"@type":"ImageObject","inLanguage":"pt-BR","@id":"https:\/\/www.notibras.com\/site\/covid-ficara-na-lembranca-com-o-dia-da-memoria\/#primaryimage","url":"https:\/\/www.notibras.com\/site\/wp-content\/uploads\/2022\/04\/vacinacao_de_criancas_covid-19_ubs_5_de_taguatinga_sul_jfcrz_abr_1601220026-1.jpg","contentUrl":"https:\/\/www.notibras.com\/site\/wp-content\/uploads\/2022\/04\/vacinacao_de_criancas_covid-19_ubs_5_de_taguatinga_sul_jfcrz_abr_1601220026-1.jpg","width":1170,"height":700,"caption":"Vacina\u00e7\u00e3o de crian\u00e7as contra a covid-19 na UBS 5 de Taguatinga Sul"},{"@type":"BreadcrumbList","@id":"https:\/\/www.notibras.com\/site\/covid-ficara-na-lembranca-com-o-dia-da-memoria\/#breadcrumb","itemListElement":[{"@type":"ListItem","position":1,"name":"In\u00edcio","item":"https:\/\/www.notibras.com\/site\/"},{"@type":"ListItem","position":2,"name":"Covid ficar\u00e1 na lembran\u00e7a com o Dia da Mem\u00f3ria"}]},{"@type":"WebSite","@id":"https:\/\/www.notibras.com\/site\/#website","url":"https:\/\/www.notibras.com\/site\/","name":"Notibras","description":"Not\u00edcias de Bras\u00edlia, do Brasil e do Mundo","publisher":{"@id":"https:\/\/www.notibras.com\/site\/#organization"},"potentialAction":[{"@type":"SearchAction","target":{"@type":"EntryPoint","urlTemplate":"https:\/\/www.notibras.com\/site\/?s={search_term_string}"},"query-input":{"@type":"PropertyValueSpecification","valueRequired":true,"valueName":"search_term_string"}}],"inLanguage":"pt-BR"},{"@type":"Organization","@id":"https:\/\/www.notibras.com\/site\/#organization","name":"Grupo Notibras de Comunica\u00e7\u00e3o","url":"https:\/\/www.notibras.com\/site\/","logo":{"@type":"ImageObject","inLanguage":"pt-BR","@id":"https:\/\/www.notibras.com\/site\/#\/schema\/logo\/image\/","url":"https:\/\/www.notibras.com\/site\/wp-content\/uploads\/2023\/01\/notibras23.png","contentUrl":"https:\/\/www.notibras.com\/site\/wp-content\/uploads\/2023\/01\/notibras23.png","width":350,"height":87,"caption":"Grupo Notibras de Comunica\u00e7\u00e3o"},"image":{"@id":"https:\/\/www.notibras.com\/site\/#\/schema\/logo\/image\/"},"sameAs":["https:\/\/www.facebook.com\/notibras\/","https:\/\/x.com\/Notibras","https:\/\/www.instagram.com\/notibras\/"]},{"@type":"Person","@id":"https:\/\/www.notibras.com\/site\/#\/schema\/person\/36ab0979449956132d3e5b517ea76ac8","name":"Reda\u00e7\u00e3o","image":{"@type":"ImageObject","inLanguage":"pt-BR","@id":"https:\/\/secure.gravatar.com\/avatar\/e0a867bdedb85fd243eadf09663511f96fc81e0720a4a42581f334ad4303aa6b?s=96&d=mm&r=g","url":"https:\/\/secure.gravatar.com\/avatar\/e0a867bdedb85fd243eadf09663511f96fc81e0720a4a42581f334ad4303aa6b?s=96&d=mm&r=g","contentUrl":"https:\/\/secure.gravatar.com\/avatar\/e0a867bdedb85fd243eadf09663511f96fc81e0720a4a42581f334ad4303aa6b?s=96&d=mm&r=g","caption":"Reda\u00e7\u00e3o"}}]}},"amp_enabled":true,"_links":{"self":[{"href":"https:\/\/www.notibras.com\/site\/wp-json\/wp\/v2\/posts\/304655","targetHints":{"allow":["GET"]}}],"collection":[{"href":"https:\/\/www.notibras.com\/site\/wp-json\/wp\/v2\/posts"}],"about":[{"href":"https:\/\/www.notibras.com\/site\/wp-json\/wp\/v2\/types\/post"}],"author":[{"embeddable":true,"href":"https:\/\/www.notibras.com\/site\/wp-json\/wp\/v2\/users\/2"}],"replies":[{"embeddable":true,"href":"https:\/\/www.notibras.com\/site\/wp-json\/wp\/v2\/comments?post=304655"}],"version-history":[{"count":1,"href":"https:\/\/www.notibras.com\/site\/wp-json\/wp\/v2\/posts\/304655\/revisions"}],"predecessor-version":[{"id":304656,"href":"https:\/\/www.notibras.com\/site\/wp-json\/wp\/v2\/posts\/304655\/revisions\/304656"}],"wp:featuredmedia":[{"embeddable":true,"href":"https:\/\/www.notibras.com\/site\/wp-json\/wp\/v2\/media\/283786"}],"wp:attachment":[{"href":"https:\/\/www.notibras.com\/site\/wp-json\/wp\/v2\/media?parent=304655"}],"wp:term":[{"taxonomy":"category","embeddable":true,"href":"https:\/\/www.notibras.com\/site\/wp-json\/wp\/v2\/categories?post=304655"},{"taxonomy":"post_tag","embeddable":true,"href":"https:\/\/www.notibras.com\/site\/wp-json\/wp\/v2\/tags?post=304655"}],"curies":[{"name":"wp","href":"https:\/\/api.w.org\/{rel}","templated":true}]}}