{"id":30472,"date":"2014-12-06T22:30:29","date_gmt":"2014-12-07T01:30:29","guid":{"rendered":"http:\/\/www.notibras.com\/site\/?p=30472"},"modified":"2014-12-07T21:09:37","modified_gmt":"2014-12-08T00:09:37","slug":"veias-abertas-do-pais-ou-a-corrupcao-como-parte-da-historia-do-brasil","status":"publish","type":"post","link":"https:\/\/www.notibras.com\/site\/veias-abertas-do-pais-ou-a-corrupcao-como-parte-da-historia-do-brasil\/","title":{"rendered":"Veias abertas do Pa\u00eds (ou &#8216;Corrup\u00e7\u00e3o como parte da hist\u00f3ria&#8217;)"},"content":{"rendered":"<p>Certamente houve anteriormente corrup\u00e7\u00e3o na administra\u00e7\u00e3o federal, mas no tempo antigo, tal como pequenas esfoladuras, sangravam mas n\u00e3o chegavam a comprometer a sa\u00fade. Certamente a corrup\u00e7\u00e3o tomou vulto na constru\u00e7\u00e3o de Bras\u00edlia e\u00a0\u00a0ter\u00e1 sangrado a economia, mas compensou.Os sangramentos foram consequencia da necessidade. Sem a corrup\u00e7\u00e3o, semi oficializada, certamente n\u00e3o teria acontecido a constru\u00e7\u00e3o da Capital, que criou condi\u00e7\u00f5es para a ocupa\u00e7\u00e3o do Centro-Oeste, sendo a maior jogada geopol\u00edtica desde a Independ\u00eancia. At\u00e9 onde se sabe, n\u00e3o foram para o Governo nem para os partidos.<\/p>\n<p>Com certeza a corrup\u00e7\u00e3o diminuiu durante o Governo Militar. A mod\u00e9stia das posses dos generais-presidentes o comprova. Se houve ent\u00e3o alguma corrup\u00e7\u00e3o ter\u00e1 sido nos baixos escal\u00f5es da administra\u00e7\u00e3o e passou despercebida da rigorosa justi\u00e7a da \u00e9poca, mas a partir da &#8220;redemocratiza\u00e7\u00e3o&#8221; romperam-se as veias. A corrup\u00e7\u00e3o do Sarney ainda em um car\u00e1ter regional prossegue sem grandes abalos. Na era Collor ficou conhecida a &#8220;Rep\u00fablica das Alagoas&#8221; que resultou no impeachment, mas pouco se sabe de quanto poderia ter recebido para criar a \u00e1rea ianom\u00e2mi. Quem pagaria? O Cartel Internacional do Ouro, ou seja a oligarquia financeira internacional, ou seja, \u00e0 corrup\u00e7\u00e3o somou-se a trai\u00e7\u00e3o \u00e0 P\u00e1tria.<\/p>\n<p>Passada a era Collor a corrup\u00e7\u00e3o e a trai\u00e7\u00e3o expandiram-se exponencialmente. Nada antes se comparou \u00e0s privatiza\u00e7\u00f5es\/desnacionaliza\u00e7\u00f5es do FHC. A hemorragia\u00a0\u00a0atingiu as principais art\u00e9rias da economia e entre as 58 empresas vendidas (em grande parte ao estrangeiro) avultam a Vale do Rio Doce,\u00a0\u00a0as telef\u00f4nicas, as sider\u00fargicas, os bancos estaduais, muitas hidrel\u00e9tricas, linhas de transmiss\u00e3o, distribuidoras etc, vendidas em m\u00e9dia por 10% de seu valor.<\/p>\n<blockquote><p>Talvez as mais mal\u00e9ficas atua\u00e7\u00f5es de FHC e seu\u00a0\u00a0preposto Reichstul possam ter sido os leil\u00f5es do petr\u00f3leo e a tentativa de venda da Petrobras. Disse o governo de ent\u00e3o que arrecadou 85,2 bilh\u00f5es. O valor justo passaria de um trilh\u00e3o, mas mesmo assim n\u00e3o teria valido a pena pois as remessas de lucros e a falsa compra de tecnologia passam a representar um sangramento permanente. Quanto FHC e seus asseclas teriam amealhado para trair a pr\u00f3pria P\u00e1tria? \u00c9 dif\u00edcil saber. Imagine o leitor.<\/p><\/blockquote>\n<p>A indigna\u00e7\u00e3o popular (hoje quase esquecida) foi t\u00e3o grande que propiciou a elei\u00e7\u00e3o de um indiv\u00edduo despreparado, inculto, reconhecidamente inepto e para muitos, representando uma amea\u00e7a comunista. Apesar da in\u00e9pcia, o Lula evitou a continuidade das desnacionaliza\u00e7\u00f5es, mas loteando os cargos entre seus vorazes partid\u00e1rios multiplicou os ferimentos, estes ainda que significativos, quase se eclipsam diante da hemorragia iniciada pelo FHC e n\u00e3o controlada nos governos Lula e Dilma.<\/p>\n<p>Agora, no final do primeiro governo Dilma aparecem provid\u00eancias para diminuir a hemorragia. Diminuir, n\u00e3o estancar. Pois para estancar seria necess\u00e1rio retomar o que foi desnacionalizado. Contudo, gra\u00e7as a boa atua\u00e7\u00e3o da Pol\u00edcia Federal alguns ferimentos ser\u00e3o tratados e quem sabe alguns dos corruptos punidos.<\/p>\n<p>Como seria de esperar, a politicalha toda tenta se aproveitar de tais eventos. O Governo afirmando que sua administra\u00e7\u00e3o foi a \u00fanica que permitiu a devassa e a oposi\u00e7\u00e3o mostrando que os corruptos apanhados s\u00e3o em maioria gente do pr\u00f3prio Governo.<\/p>\n<p>Apesar de tudo fica uma mensagem de esperan\u00e7a:\u00a0Nem FHC\/ Reichstul nem\u00a0\u00a0Lula\/Gabrielli nem toda a quadrilha que\u00a0\u00a0loteou a Petrobras conseguiu destruir a nossa Petrobras!!!!\u00a0\u00a0A produ\u00e7\u00e3o de petr\u00f3leo no Brasil atingiu recorde em outubro com 2,126 milh\u00f5es de barris por dia.\u00a0Outubro foi o nono m\u00eas consecutivo de crescimento da produ\u00e7\u00e3o no pa\u00eds&#8221;, conforme comunicado oficial.<\/p>\n<p><strong>Gelio Fregapani<\/strong><\/p>\n","protected":false},"excerpt":{"rendered":"<p>Certamente houve anteriormente corrup\u00e7\u00e3o na administra\u00e7\u00e3o federal, mas no tempo antigo, tal como pequenas esfoladuras, sangravam mas n\u00e3o chegavam a comprometer a sa\u00fade. Certamente a corrup\u00e7\u00e3o tomou vulto na constru\u00e7\u00e3o de Bras\u00edlia e\u00a0\u00a0ter\u00e1 sangrado a economia, mas compensou.Os sangramentos foram consequencia da necessidade. Sem a corrup\u00e7\u00e3o, semi oficializada, certamente n\u00e3o teria acontecido a constru\u00e7\u00e3o da [&hellip;]<\/p>\n","protected":false},"author":2,"featured_media":30473,"comment_status":"open","ping_status":"closed","sticky":false,"template":"","format":"standard","meta":{"_acf_changed":false,"footnotes":""},"categories":[25],"tags":[],"class_list":["post-30472","post","type-post","status-publish","format-standard","has-post-thumbnail","hentry","category-opina-ai"],"acf":[],"yoast_head":"<!-- This site is optimized with the Yoast SEO plugin v27.2 - https:\/\/yoast.com\/product\/yoast-seo-wordpress\/ -->\n<title>Veias abertas do Pa\u00eds (ou &#039;Corrup\u00e7\u00e3o como parte da hist\u00f3ria&#039;) - Notibras<\/title>\n<meta name=\"robots\" content=\"index, follow, max-snippet:-1, max-image-preview:large, max-video-preview:-1\" \/>\n<link rel=\"canonical\" href=\"https:\/\/www.notibras.com\/site\/veias-abertas-do-pais-ou-a-corrupcao-como-parte-da-historia-do-brasil\/\" \/>\n<meta property=\"og:locale\" content=\"pt_BR\" \/>\n<meta property=\"og:type\" content=\"article\" \/>\n<meta property=\"og:title\" content=\"Veias abertas do Pa\u00eds (ou &#039;Corrup\u00e7\u00e3o como parte da hist\u00f3ria&#039;) - Notibras\" \/>\n<meta property=\"og:description\" content=\"Certamente houve anteriormente corrup\u00e7\u00e3o na administra\u00e7\u00e3o federal, mas no tempo antigo, tal como pequenas esfoladuras, sangravam mas n\u00e3o chegavam a comprometer a sa\u00fade. Certamente a corrup\u00e7\u00e3o tomou vulto na constru\u00e7\u00e3o de Bras\u00edlia e\u00a0\u00a0ter\u00e1 sangrado a economia, mas compensou.Os sangramentos foram consequencia da necessidade. Sem a corrup\u00e7\u00e3o, semi oficializada, certamente n\u00e3o teria acontecido a constru\u00e7\u00e3o da [&hellip;]\" \/>\n<meta property=\"og:url\" content=\"https:\/\/www.notibras.com\/site\/veias-abertas-do-pais-ou-a-corrupcao-como-parte-da-historia-do-brasil\/\" \/>\n<meta property=\"og:site_name\" content=\"Notibras\" \/>\n<meta property=\"article:publisher\" content=\"https:\/\/www.facebook.com\/notibras\/\" \/>\n<meta property=\"article:published_time\" content=\"2014-12-07T01:30:29+00:00\" \/>\n<meta property=\"article:modified_time\" content=\"2014-12-08T00:09:37+00:00\" \/>\n<meta property=\"og:image\" content=\"https:\/\/www.notibras.com\/site\/wp-content\/uploads\/2014\/12\/pe.jpg\" \/>\n\t<meta property=\"og:image:width\" content=\"810\" \/>\n\t<meta property=\"og:image:height\" content=\"455\" \/>\n\t<meta property=\"og:image:type\" content=\"image\/jpeg\" \/>\n<meta name=\"author\" content=\"Reda\u00e7\u00e3o\" \/>\n<meta name=\"twitter:card\" content=\"summary_large_image\" \/>\n<meta name=\"twitter:creator\" content=\"@Notibras\" \/>\n<meta name=\"twitter:site\" content=\"@Notibras\" \/>\n<meta name=\"twitter:label1\" content=\"Escrito por\" \/>\n\t<meta name=\"twitter:data1\" content=\"Reda\u00e7\u00e3o\" \/>\n\t<meta name=\"twitter:label2\" content=\"Est. tempo de leitura\" \/>\n\t<meta name=\"twitter:data2\" content=\"3 minutos\" \/>\n<script type=\"application\/ld+json\" class=\"yoast-schema-graph\">{\"@context\":\"https:\/\/schema.org\",\"@graph\":[{\"@type\":\"Article\",\"@id\":\"https:\/\/www.notibras.com\/site\/veias-abertas-do-pais-ou-a-corrupcao-como-parte-da-historia-do-brasil\/#article\",\"isPartOf\":{\"@id\":\"https:\/\/www.notibras.com\/site\/veias-abertas-do-pais-ou-a-corrupcao-como-parte-da-historia-do-brasil\/\"},\"author\":{\"name\":\"Reda\u00e7\u00e3o\",\"@id\":\"https:\/\/www.notibras.com\/site\/#\/schema\/person\/36ab0979449956132d3e5b517ea76ac8\"},\"headline\":\"Veias abertas do Pa\u00eds (ou &#8216;Corrup\u00e7\u00e3o como parte da hist\u00f3ria&#8217;)\",\"datePublished\":\"2014-12-07T01:30:29+00:00\",\"dateModified\":\"2014-12-08T00:09:37+00:00\",\"mainEntityOfPage\":{\"@id\":\"https:\/\/www.notibras.com\/site\/veias-abertas-do-pais-ou-a-corrupcao-como-parte-da-historia-do-brasil\/\"},\"wordCount\":645,\"commentCount\":0,\"publisher\":{\"@id\":\"https:\/\/www.notibras.com\/site\/#organization\"},\"image\":{\"@id\":\"https:\/\/www.notibras.com\/site\/veias-abertas-do-pais-ou-a-corrupcao-como-parte-da-historia-do-brasil\/#primaryimage\"},\"thumbnailUrl\":\"https:\/\/www.notibras.com\/site\/wp-content\/uploads\/2014\/12\/pe.jpg\",\"articleSection\":[\"Opina a\u00ed\"],\"inLanguage\":\"pt-BR\",\"potentialAction\":[{\"@type\":\"CommentAction\",\"name\":\"Comment\",\"target\":[\"https:\/\/www.notibras.com\/site\/veias-abertas-do-pais-ou-a-corrupcao-como-parte-da-historia-do-brasil\/#respond\"]}]},{\"@type\":\"WebPage\",\"@id\":\"https:\/\/www.notibras.com\/site\/veias-abertas-do-pais-ou-a-corrupcao-como-parte-da-historia-do-brasil\/\",\"url\":\"https:\/\/www.notibras.com\/site\/veias-abertas-do-pais-ou-a-corrupcao-como-parte-da-historia-do-brasil\/\",\"name\":\"Veias abertas do Pa\u00eds (ou 'Corrup\u00e7\u00e3o como parte da hist\u00f3ria') - Notibras\",\"isPartOf\":{\"@id\":\"https:\/\/www.notibras.com\/site\/#website\"},\"primaryImageOfPage\":{\"@id\":\"https:\/\/www.notibras.com\/site\/veias-abertas-do-pais-ou-a-corrupcao-como-parte-da-historia-do-brasil\/#primaryimage\"},\"image\":{\"@id\":\"https:\/\/www.notibras.com\/site\/veias-abertas-do-pais-ou-a-corrupcao-como-parte-da-historia-do-brasil\/#primaryimage\"},\"thumbnailUrl\":\"https:\/\/www.notibras.com\/site\/wp-content\/uploads\/2014\/12\/pe.jpg\",\"datePublished\":\"2014-12-07T01:30:29+00:00\",\"dateModified\":\"2014-12-08T00:09:37+00:00\",\"breadcrumb\":{\"@id\":\"https:\/\/www.notibras.com\/site\/veias-abertas-do-pais-ou-a-corrupcao-como-parte-da-historia-do-brasil\/#breadcrumb\"},\"inLanguage\":\"pt-BR\",\"potentialAction\":[{\"@type\":\"ReadAction\",\"target\":[\"https:\/\/www.notibras.com\/site\/veias-abertas-do-pais-ou-a-corrupcao-como-parte-da-historia-do-brasil\/\"]}]},{\"@type\":\"ImageObject\",\"inLanguage\":\"pt-BR\",\"@id\":\"https:\/\/www.notibras.com\/site\/veias-abertas-do-pais-ou-a-corrupcao-como-parte-da-historia-do-brasil\/#primaryimage\",\"url\":\"https:\/\/www.notibras.com\/site\/wp-content\/uploads\/2014\/12\/pe.jpg\",\"contentUrl\":\"https:\/\/www.notibras.com\/site\/wp-content\/uploads\/2014\/12\/pe.jpg\",\"width\":810,\"height\":455},{\"@type\":\"BreadcrumbList\",\"@id\":\"https:\/\/www.notibras.com\/site\/veias-abertas-do-pais-ou-a-corrupcao-como-parte-da-historia-do-brasil\/#breadcrumb\",\"itemListElement\":[{\"@type\":\"ListItem\",\"position\":1,\"name\":\"In\u00edcio\",\"item\":\"https:\/\/www.notibras.com\/site\/\"},{\"@type\":\"ListItem\",\"position\":2,\"name\":\"Veias abertas do Pa\u00eds (ou &#8216;Corrup\u00e7\u00e3o como parte da hist\u00f3ria&#8217;)\"}]},{\"@type\":\"WebSite\",\"@id\":\"https:\/\/www.notibras.com\/site\/#website\",\"url\":\"https:\/\/www.notibras.com\/site\/\",\"name\":\"Notibras\",\"description\":\"Not\u00edcias de Bras\u00edlia, do Brasil e do Mundo\",\"publisher\":{\"@id\":\"https:\/\/www.notibras.com\/site\/#organization\"},\"potentialAction\":[{\"@type\":\"SearchAction\",\"target\":{\"@type\":\"EntryPoint\",\"urlTemplate\":\"https:\/\/www.notibras.com\/site\/?s={search_term_string}\"},\"query-input\":{\"@type\":\"PropertyValueSpecification\",\"valueRequired\":true,\"valueName\":\"search_term_string\"}}],\"inLanguage\":\"pt-BR\"},{\"@type\":\"Organization\",\"@id\":\"https:\/\/www.notibras.com\/site\/#organization\",\"name\":\"Grupo Notibras de Comunica\u00e7\u00e3o\",\"url\":\"https:\/\/www.notibras.com\/site\/\",\"logo\":{\"@type\":\"ImageObject\",\"inLanguage\":\"pt-BR\",\"@id\":\"https:\/\/www.notibras.com\/site\/#\/schema\/logo\/image\/\",\"url\":\"https:\/\/www.notibras.com\/site\/wp-content\/uploads\/2023\/01\/notibras23.png\",\"contentUrl\":\"https:\/\/www.notibras.com\/site\/wp-content\/uploads\/2023\/01\/notibras23.png\",\"width\":350,\"height\":87,\"caption\":\"Grupo Notibras de Comunica\u00e7\u00e3o\"},\"image\":{\"@id\":\"https:\/\/www.notibras.com\/site\/#\/schema\/logo\/image\/\"},\"sameAs\":[\"https:\/\/www.facebook.com\/notibras\/\",\"https:\/\/x.com\/Notibras\",\"https:\/\/www.instagram.com\/notibras\/\"]},{\"@type\":\"Person\",\"@id\":\"https:\/\/www.notibras.com\/site\/#\/schema\/person\/36ab0979449956132d3e5b517ea76ac8\",\"name\":\"Reda\u00e7\u00e3o\",\"image\":{\"@type\":\"ImageObject\",\"inLanguage\":\"pt-BR\",\"@id\":\"https:\/\/secure.gravatar.com\/avatar\/e0a867bdedb85fd243eadf09663511f96fc81e0720a4a42581f334ad4303aa6b?s=96&d=mm&r=g\",\"url\":\"https:\/\/secure.gravatar.com\/avatar\/e0a867bdedb85fd243eadf09663511f96fc81e0720a4a42581f334ad4303aa6b?s=96&d=mm&r=g\",\"contentUrl\":\"https:\/\/secure.gravatar.com\/avatar\/e0a867bdedb85fd243eadf09663511f96fc81e0720a4a42581f334ad4303aa6b?s=96&d=mm&r=g\",\"caption\":\"Reda\u00e7\u00e3o\"}}]}<\/script>\n<!-- \/ Yoast SEO plugin. -->","yoast_head_json":{"title":"Veias abertas do Pa\u00eds (ou 'Corrup\u00e7\u00e3o como parte da hist\u00f3ria') - Notibras","robots":{"index":"index","follow":"follow","max-snippet":"max-snippet:-1","max-image-preview":"max-image-preview:large","max-video-preview":"max-video-preview:-1"},"canonical":"https:\/\/www.notibras.com\/site\/veias-abertas-do-pais-ou-a-corrupcao-como-parte-da-historia-do-brasil\/","og_locale":"pt_BR","og_type":"article","og_title":"Veias abertas do Pa\u00eds (ou 'Corrup\u00e7\u00e3o como parte da hist\u00f3ria') - Notibras","og_description":"Certamente houve anteriormente corrup\u00e7\u00e3o na administra\u00e7\u00e3o federal, mas no tempo antigo, tal como pequenas esfoladuras, sangravam mas n\u00e3o chegavam a comprometer a sa\u00fade. Certamente a corrup\u00e7\u00e3o tomou vulto na constru\u00e7\u00e3o de Bras\u00edlia e\u00a0\u00a0ter\u00e1 sangrado a economia, mas compensou.Os sangramentos foram consequencia da necessidade. Sem a corrup\u00e7\u00e3o, semi oficializada, certamente n\u00e3o teria acontecido a constru\u00e7\u00e3o da [&hellip;]","og_url":"https:\/\/www.notibras.com\/site\/veias-abertas-do-pais-ou-a-corrupcao-como-parte-da-historia-do-brasil\/","og_site_name":"Notibras","article_publisher":"https:\/\/www.facebook.com\/notibras\/","article_published_time":"2014-12-07T01:30:29+00:00","article_modified_time":"2014-12-08T00:09:37+00:00","og_image":[{"width":810,"height":455,"url":"https:\/\/www.notibras.com\/site\/wp-content\/uploads\/2014\/12\/pe.jpg","type":"image\/jpeg"}],"author":"Reda\u00e7\u00e3o","twitter_card":"summary_large_image","twitter_creator":"@Notibras","twitter_site":"@Notibras","twitter_misc":{"Escrito por":"Reda\u00e7\u00e3o","Est. tempo de leitura":"3 minutos"},"schema":{"@context":"https:\/\/schema.org","@graph":[{"@type":"Article","@id":"https:\/\/www.notibras.com\/site\/veias-abertas-do-pais-ou-a-corrupcao-como-parte-da-historia-do-brasil\/#article","isPartOf":{"@id":"https:\/\/www.notibras.com\/site\/veias-abertas-do-pais-ou-a-corrupcao-como-parte-da-historia-do-brasil\/"},"author":{"name":"Reda\u00e7\u00e3o","@id":"https:\/\/www.notibras.com\/site\/#\/schema\/person\/36ab0979449956132d3e5b517ea76ac8"},"headline":"Veias abertas do Pa\u00eds (ou &#8216;Corrup\u00e7\u00e3o como parte da hist\u00f3ria&#8217;)","datePublished":"2014-12-07T01:30:29+00:00","dateModified":"2014-12-08T00:09:37+00:00","mainEntityOfPage":{"@id":"https:\/\/www.notibras.com\/site\/veias-abertas-do-pais-ou-a-corrupcao-como-parte-da-historia-do-brasil\/"},"wordCount":645,"commentCount":0,"publisher":{"@id":"https:\/\/www.notibras.com\/site\/#organization"},"image":{"@id":"https:\/\/www.notibras.com\/site\/veias-abertas-do-pais-ou-a-corrupcao-como-parte-da-historia-do-brasil\/#primaryimage"},"thumbnailUrl":"https:\/\/www.notibras.com\/site\/wp-content\/uploads\/2014\/12\/pe.jpg","articleSection":["Opina a\u00ed"],"inLanguage":"pt-BR","potentialAction":[{"@type":"CommentAction","name":"Comment","target":["https:\/\/www.notibras.com\/site\/veias-abertas-do-pais-ou-a-corrupcao-como-parte-da-historia-do-brasil\/#respond"]}]},{"@type":"WebPage","@id":"https:\/\/www.notibras.com\/site\/veias-abertas-do-pais-ou-a-corrupcao-como-parte-da-historia-do-brasil\/","url":"https:\/\/www.notibras.com\/site\/veias-abertas-do-pais-ou-a-corrupcao-como-parte-da-historia-do-brasil\/","name":"Veias abertas do Pa\u00eds (ou 'Corrup\u00e7\u00e3o como parte da hist\u00f3ria') - Notibras","isPartOf":{"@id":"https:\/\/www.notibras.com\/site\/#website"},"primaryImageOfPage":{"@id":"https:\/\/www.notibras.com\/site\/veias-abertas-do-pais-ou-a-corrupcao-como-parte-da-historia-do-brasil\/#primaryimage"},"image":{"@id":"https:\/\/www.notibras.com\/site\/veias-abertas-do-pais-ou-a-corrupcao-como-parte-da-historia-do-brasil\/#primaryimage"},"thumbnailUrl":"https:\/\/www.notibras.com\/site\/wp-content\/uploads\/2014\/12\/pe.jpg","datePublished":"2014-12-07T01:30:29+00:00","dateModified":"2014-12-08T00:09:37+00:00","breadcrumb":{"@id":"https:\/\/www.notibras.com\/site\/veias-abertas-do-pais-ou-a-corrupcao-como-parte-da-historia-do-brasil\/#breadcrumb"},"inLanguage":"pt-BR","potentialAction":[{"@type":"ReadAction","target":["https:\/\/www.notibras.com\/site\/veias-abertas-do-pais-ou-a-corrupcao-como-parte-da-historia-do-brasil\/"]}]},{"@type":"ImageObject","inLanguage":"pt-BR","@id":"https:\/\/www.notibras.com\/site\/veias-abertas-do-pais-ou-a-corrupcao-como-parte-da-historia-do-brasil\/#primaryimage","url":"https:\/\/www.notibras.com\/site\/wp-content\/uploads\/2014\/12\/pe.jpg","contentUrl":"https:\/\/www.notibras.com\/site\/wp-content\/uploads\/2014\/12\/pe.jpg","width":810,"height":455},{"@type":"BreadcrumbList","@id":"https:\/\/www.notibras.com\/site\/veias-abertas-do-pais-ou-a-corrupcao-como-parte-da-historia-do-brasil\/#breadcrumb","itemListElement":[{"@type":"ListItem","position":1,"name":"In\u00edcio","item":"https:\/\/www.notibras.com\/site\/"},{"@type":"ListItem","position":2,"name":"Veias abertas do Pa\u00eds (ou &#8216;Corrup\u00e7\u00e3o como parte da hist\u00f3ria&#8217;)"}]},{"@type":"WebSite","@id":"https:\/\/www.notibras.com\/site\/#website","url":"https:\/\/www.notibras.com\/site\/","name":"Notibras","description":"Not\u00edcias de Bras\u00edlia, do Brasil e do Mundo","publisher":{"@id":"https:\/\/www.notibras.com\/site\/#organization"},"potentialAction":[{"@type":"SearchAction","target":{"@type":"EntryPoint","urlTemplate":"https:\/\/www.notibras.com\/site\/?s={search_term_string}"},"query-input":{"@type":"PropertyValueSpecification","valueRequired":true,"valueName":"search_term_string"}}],"inLanguage":"pt-BR"},{"@type":"Organization","@id":"https:\/\/www.notibras.com\/site\/#organization","name":"Grupo Notibras de Comunica\u00e7\u00e3o","url":"https:\/\/www.notibras.com\/site\/","logo":{"@type":"ImageObject","inLanguage":"pt-BR","@id":"https:\/\/www.notibras.com\/site\/#\/schema\/logo\/image\/","url":"https:\/\/www.notibras.com\/site\/wp-content\/uploads\/2023\/01\/notibras23.png","contentUrl":"https:\/\/www.notibras.com\/site\/wp-content\/uploads\/2023\/01\/notibras23.png","width":350,"height":87,"caption":"Grupo Notibras de Comunica\u00e7\u00e3o"},"image":{"@id":"https:\/\/www.notibras.com\/site\/#\/schema\/logo\/image\/"},"sameAs":["https:\/\/www.facebook.com\/notibras\/","https:\/\/x.com\/Notibras","https:\/\/www.instagram.com\/notibras\/"]},{"@type":"Person","@id":"https:\/\/www.notibras.com\/site\/#\/schema\/person\/36ab0979449956132d3e5b517ea76ac8","name":"Reda\u00e7\u00e3o","image":{"@type":"ImageObject","inLanguage":"pt-BR","@id":"https:\/\/secure.gravatar.com\/avatar\/e0a867bdedb85fd243eadf09663511f96fc81e0720a4a42581f334ad4303aa6b?s=96&d=mm&r=g","url":"https:\/\/secure.gravatar.com\/avatar\/e0a867bdedb85fd243eadf09663511f96fc81e0720a4a42581f334ad4303aa6b?s=96&d=mm&r=g","contentUrl":"https:\/\/secure.gravatar.com\/avatar\/e0a867bdedb85fd243eadf09663511f96fc81e0720a4a42581f334ad4303aa6b?s=96&d=mm&r=g","caption":"Reda\u00e7\u00e3o"}}]}},"amp_enabled":true,"_links":{"self":[{"href":"https:\/\/www.notibras.com\/site\/wp-json\/wp\/v2\/posts\/30472","targetHints":{"allow":["GET"]}}],"collection":[{"href":"https:\/\/www.notibras.com\/site\/wp-json\/wp\/v2\/posts"}],"about":[{"href":"https:\/\/www.notibras.com\/site\/wp-json\/wp\/v2\/types\/post"}],"author":[{"embeddable":true,"href":"https:\/\/www.notibras.com\/site\/wp-json\/wp\/v2\/users\/2"}],"replies":[{"embeddable":true,"href":"https:\/\/www.notibras.com\/site\/wp-json\/wp\/v2\/comments?post=30472"}],"version-history":[{"count":0,"href":"https:\/\/www.notibras.com\/site\/wp-json\/wp\/v2\/posts\/30472\/revisions"}],"wp:featuredmedia":[{"embeddable":true,"href":"https:\/\/www.notibras.com\/site\/wp-json\/wp\/v2\/media\/30473"}],"wp:attachment":[{"href":"https:\/\/www.notibras.com\/site\/wp-json\/wp\/v2\/media?parent=30472"}],"wp:term":[{"taxonomy":"category","embeddable":true,"href":"https:\/\/www.notibras.com\/site\/wp-json\/wp\/v2\/categories?post=30472"},{"taxonomy":"post_tag","embeddable":true,"href":"https:\/\/www.notibras.com\/site\/wp-json\/wp\/v2\/tags?post=30472"}],"curies":[{"name":"wp","href":"https:\/\/api.w.org\/{rel}","templated":true}]}}