{"id":304720,"date":"2023-05-12T09:28:10","date_gmt":"2023-05-12T12:28:10","guid":{"rendered":"https:\/\/www.notibras.com\/site\/?p=304720"},"modified":"2023-05-12T09:28:10","modified_gmt":"2023-05-12T12:28:10","slug":"terroristas-do-jk-pegam-15-anos-de-cadeia","status":"publish","type":"post","link":"https:\/\/www.notibras.com\/site\/terroristas-do-jk-pegam-15-anos-de-cadeia\/","title":{"rendered":"Terroristas do JK pegam 15 anos de cadeia"},"content":{"rendered":"<p>A Justi\u00e7a do Distrito Federal condenou nesta quinta-feira (11) dois acusados de participar da tentativa de explos\u00e3o de uma bomba perto do Aeroporto Internacional de Bras\u00edlia na v\u00e9spera do Natal de 2022. Com a decis\u00e3o, eles v\u00e3o continuar presos.<\/p>\n<p>Na senten\u00e7a, o juiz Osvaldo Tovani condenou o empres\u00e1rio George Washington de Oliveira Sousa a nove anos e quatro meses de pris\u00e3o. Alan Diego dos Santos Rodrigues foi condenado a cinco anos e quatro meses. As condutas envolvem os crimes de explos\u00e3o, causar inc\u00eandio e posse arma de fogo sem autoriza\u00e7\u00e3o.<\/p>\n<p>Na decis\u00e3o, o magistrado entendeu que George Washington premeditou o crime e afirmou que os dois acusados se conheceram no acampamento montado por apoiadores do ex-presidente Jair Bolsonaro em frente ao quartel do Ex\u00e9rcito em Bras\u00edlia.<\/p>\n<p>&#8220;O acusado e o corr\u00e9u se conheceram em Bras\u00edlia, no acampamento montado em frente ao QG do Ex\u00e9rcito. Ao que consta, as emuls\u00f5es explosivas vieram do Par\u00e1, a pedido do acusado, que realizou pesquisas na internet sobre como montar o artefato e fez a montagem&#8221;, escreveu o juiz.<\/p>\n<p>No caso de Alan Diego, a decis\u00e3o afirma que ele foi o respons\u00e1vel pelo acionamento da bomba, que n\u00e3o chegou a ser detonada por erro na montagem do artefato. &#8220;Ao que consta, as emuls\u00f5es explosivas vieram do Par\u00e1, a pedido do corr\u00e9u [George], o qual, ap\u00f3s a montagem, entregou o artefato explosivo para o acusado [Alan], que, por sua vez, se encarregou de tarefa importante (coloca\u00e7\u00e3o do artefato no local escolhido).&#8221;, concluiu o magistrado.<\/p>\n<p>Na mesma decis\u00e3o, o juiz decidiu manter a pris\u00e3o dos acusados para preservar a ordem p\u00fablica. &#8220;N\u00e3o h\u00e1 fato novo que justifique a revoga\u00e7\u00e3o do decreto prisional. As circunst\u00e2ncias dos fatos indicam periculosidade concreta, presente, ainda, a necessidade de preservar a ordem p\u00fablica, mantenho a pris\u00e3o preventiva de ambos os acusados&#8221;.<\/p>\n<p>O processo contra o terceiro envolvido no caso, Wellington Macedo de Souza, foi desmembrado e n\u00e3o foi julgado pelo juiz.<\/p>\n","protected":false},"excerpt":{"rendered":"<p>A Justi\u00e7a do Distrito Federal condenou nesta quinta-feira (11) dois acusados de participar da tentativa de explos\u00e3o de uma bomba perto do Aeroporto Internacional de Bras\u00edlia na v\u00e9spera do Natal de 2022. Com a decis\u00e3o, eles v\u00e3o continuar presos. Na senten\u00e7a, o juiz Osvaldo Tovani condenou o empres\u00e1rio George Washington de Oliveira Sousa a nove [&hellip;]<\/p>\n","protected":false},"author":2,"featured_media":304721,"comment_status":"closed","ping_status":"closed","sticky":false,"template":"","format":"standard","meta":{"_acf_changed":false,"footnotes":""},"categories":[161],"tags":[],"class_list":["post-304720","post","type-post","status-publish","format-standard","has-post-thumbnail","hentry","category-quadradinho-em-foco"],"acf":[],"yoast_head":"<!-- This site is optimized with the Yoast SEO plugin v27.2 - https:\/\/yoast.com\/product\/yoast-seo-wordpress\/ -->\n<title>Terroristas do JK pegam 15 anos de cadeia - Notibras<\/title>\n<meta name=\"robots\" content=\"index, follow, max-snippet:-1, max-image-preview:large, max-video-preview:-1\" \/>\n<link rel=\"canonical\" href=\"https:\/\/www.notibras.com\/site\/terroristas-do-jk-pegam-15-anos-de-cadeia\/\" \/>\n<meta property=\"og:locale\" content=\"pt_BR\" \/>\n<meta property=\"og:type\" content=\"article\" \/>\n<meta property=\"og:title\" content=\"Terroristas do JK pegam 15 anos de cadeia - Notibras\" \/>\n<meta property=\"og:description\" content=\"A Justi\u00e7a do Distrito Federal condenou nesta quinta-feira (11) dois acusados de participar da tentativa de explos\u00e3o de uma bomba perto do Aeroporto Internacional de Bras\u00edlia na v\u00e9spera do Natal de 2022. Com a decis\u00e3o, eles v\u00e3o continuar presos. Na senten\u00e7a, o juiz Osvaldo Tovani condenou o empres\u00e1rio George Washington de Oliveira Sousa a nove [&hellip;]\" \/>\n<meta property=\"og:url\" content=\"https:\/\/www.notibras.com\/site\/terroristas-do-jk-pegam-15-anos-de-cadeia\/\" \/>\n<meta property=\"og:site_name\" content=\"Notibras\" \/>\n<meta property=\"article:publisher\" content=\"https:\/\/www.facebook.com\/notibras\/\" \/>\n<meta property=\"article:published_time\" content=\"2023-05-12T12:28:10+00:00\" \/>\n<meta property=\"og:image\" content=\"https:\/\/www.notibras.com\/site\/wp-content\/uploads\/2023\/05\/1__bomba_aeroporto_brasilia__-22202203.jpeg\" \/>\n\t<meta property=\"og:image:width\" content=\"806\" \/>\n\t<meta property=\"og:image:height\" content=\"443\" \/>\n\t<meta property=\"og:image:type\" content=\"image\/jpeg\" \/>\n<meta name=\"author\" content=\"Reda\u00e7\u00e3o\" \/>\n<meta name=\"twitter:card\" content=\"summary_large_image\" \/>\n<meta name=\"twitter:creator\" content=\"@Notibras\" \/>\n<meta name=\"twitter:site\" content=\"@Notibras\" \/>\n<meta name=\"twitter:label1\" content=\"Escrito por\" \/>\n\t<meta name=\"twitter:data1\" content=\"Reda\u00e7\u00e3o\" \/>\n\t<meta name=\"twitter:label2\" content=\"Est. tempo de leitura\" \/>\n\t<meta name=\"twitter:data2\" content=\"2 minutos\" \/>\n<script type=\"application\/ld+json\" class=\"yoast-schema-graph\">{\"@context\":\"https:\/\/schema.org\",\"@graph\":[{\"@type\":\"Article\",\"@id\":\"https:\/\/www.notibras.com\/site\/terroristas-do-jk-pegam-15-anos-de-cadeia\/#article\",\"isPartOf\":{\"@id\":\"https:\/\/www.notibras.com\/site\/terroristas-do-jk-pegam-15-anos-de-cadeia\/\"},\"author\":{\"name\":\"Reda\u00e7\u00e3o\",\"@id\":\"https:\/\/www.notibras.com\/site\/#\/schema\/person\/36ab0979449956132d3e5b517ea76ac8\"},\"headline\":\"Terroristas do JK pegam 15 anos de cadeia\",\"datePublished\":\"2023-05-12T12:28:10+00:00\",\"mainEntityOfPage\":{\"@id\":\"https:\/\/www.notibras.com\/site\/terroristas-do-jk-pegam-15-anos-de-cadeia\/\"},\"wordCount\":359,\"publisher\":{\"@id\":\"https:\/\/www.notibras.com\/site\/#organization\"},\"image\":{\"@id\":\"https:\/\/www.notibras.com\/site\/terroristas-do-jk-pegam-15-anos-de-cadeia\/#primaryimage\"},\"thumbnailUrl\":\"https:\/\/www.notibras.com\/site\/wp-content\/uploads\/2023\/05\/1__bomba_aeroporto_brasilia__-22202203.jpeg\",\"articleSection\":[\"Quadradinho em Foco\"],\"inLanguage\":\"pt-BR\"},{\"@type\":\"WebPage\",\"@id\":\"https:\/\/www.notibras.com\/site\/terroristas-do-jk-pegam-15-anos-de-cadeia\/\",\"url\":\"https:\/\/www.notibras.com\/site\/terroristas-do-jk-pegam-15-anos-de-cadeia\/\",\"name\":\"Terroristas do JK pegam 15 anos de cadeia - Notibras\",\"isPartOf\":{\"@id\":\"https:\/\/www.notibras.com\/site\/#website\"},\"primaryImageOfPage\":{\"@id\":\"https:\/\/www.notibras.com\/site\/terroristas-do-jk-pegam-15-anos-de-cadeia\/#primaryimage\"},\"image\":{\"@id\":\"https:\/\/www.notibras.com\/site\/terroristas-do-jk-pegam-15-anos-de-cadeia\/#primaryimage\"},\"thumbnailUrl\":\"https:\/\/www.notibras.com\/site\/wp-content\/uploads\/2023\/05\/1__bomba_aeroporto_brasilia__-22202203.jpeg\",\"datePublished\":\"2023-05-12T12:28:10+00:00\",\"breadcrumb\":{\"@id\":\"https:\/\/www.notibras.com\/site\/terroristas-do-jk-pegam-15-anos-de-cadeia\/#breadcrumb\"},\"inLanguage\":\"pt-BR\",\"potentialAction\":[{\"@type\":\"ReadAction\",\"target\":[\"https:\/\/www.notibras.com\/site\/terroristas-do-jk-pegam-15-anos-de-cadeia\/\"]}]},{\"@type\":\"ImageObject\",\"inLanguage\":\"pt-BR\",\"@id\":\"https:\/\/www.notibras.com\/site\/terroristas-do-jk-pegam-15-anos-de-cadeia\/#primaryimage\",\"url\":\"https:\/\/www.notibras.com\/site\/wp-content\/uploads\/2023\/05\/1__bomba_aeroporto_brasilia__-22202203.jpeg\",\"contentUrl\":\"https:\/\/www.notibras.com\/site\/wp-content\/uploads\/2023\/05\/1__bomba_aeroporto_brasilia__-22202203.jpeg\",\"width\":806,\"height\":443},{\"@type\":\"BreadcrumbList\",\"@id\":\"https:\/\/www.notibras.com\/site\/terroristas-do-jk-pegam-15-anos-de-cadeia\/#breadcrumb\",\"itemListElement\":[{\"@type\":\"ListItem\",\"position\":1,\"name\":\"In\u00edcio\",\"item\":\"https:\/\/www.notibras.com\/site\/\"},{\"@type\":\"ListItem\",\"position\":2,\"name\":\"Terroristas do JK pegam 15 anos de cadeia\"}]},{\"@type\":\"WebSite\",\"@id\":\"https:\/\/www.notibras.com\/site\/#website\",\"url\":\"https:\/\/www.notibras.com\/site\/\",\"name\":\"Notibras\",\"description\":\"Not\u00edcias de Bras\u00edlia, do Brasil e do Mundo\",\"publisher\":{\"@id\":\"https:\/\/www.notibras.com\/site\/#organization\"},\"potentialAction\":[{\"@type\":\"SearchAction\",\"target\":{\"@type\":\"EntryPoint\",\"urlTemplate\":\"https:\/\/www.notibras.com\/site\/?s={search_term_string}\"},\"query-input\":{\"@type\":\"PropertyValueSpecification\",\"valueRequired\":true,\"valueName\":\"search_term_string\"}}],\"inLanguage\":\"pt-BR\"},{\"@type\":\"Organization\",\"@id\":\"https:\/\/www.notibras.com\/site\/#organization\",\"name\":\"Grupo Notibras de Comunica\u00e7\u00e3o\",\"url\":\"https:\/\/www.notibras.com\/site\/\",\"logo\":{\"@type\":\"ImageObject\",\"inLanguage\":\"pt-BR\",\"@id\":\"https:\/\/www.notibras.com\/site\/#\/schema\/logo\/image\/\",\"url\":\"https:\/\/www.notibras.com\/site\/wp-content\/uploads\/2023\/01\/notibras23.png\",\"contentUrl\":\"https:\/\/www.notibras.com\/site\/wp-content\/uploads\/2023\/01\/notibras23.png\",\"width\":350,\"height\":87,\"caption\":\"Grupo Notibras de Comunica\u00e7\u00e3o\"},\"image\":{\"@id\":\"https:\/\/www.notibras.com\/site\/#\/schema\/logo\/image\/\"},\"sameAs\":[\"https:\/\/www.facebook.com\/notibras\/\",\"https:\/\/x.com\/Notibras\",\"https:\/\/www.instagram.com\/notibras\/\"]},{\"@type\":\"Person\",\"@id\":\"https:\/\/www.notibras.com\/site\/#\/schema\/person\/36ab0979449956132d3e5b517ea76ac8\",\"name\":\"Reda\u00e7\u00e3o\",\"image\":{\"@type\":\"ImageObject\",\"inLanguage\":\"pt-BR\",\"@id\":\"https:\/\/secure.gravatar.com\/avatar\/e0a867bdedb85fd243eadf09663511f96fc81e0720a4a42581f334ad4303aa6b?s=96&d=mm&r=g\",\"url\":\"https:\/\/secure.gravatar.com\/avatar\/e0a867bdedb85fd243eadf09663511f96fc81e0720a4a42581f334ad4303aa6b?s=96&d=mm&r=g\",\"contentUrl\":\"https:\/\/secure.gravatar.com\/avatar\/e0a867bdedb85fd243eadf09663511f96fc81e0720a4a42581f334ad4303aa6b?s=96&d=mm&r=g\",\"caption\":\"Reda\u00e7\u00e3o\"}}]}<\/script>\n<!-- \/ Yoast SEO plugin. -->","yoast_head_json":{"title":"Terroristas do JK pegam 15 anos de cadeia - Notibras","robots":{"index":"index","follow":"follow","max-snippet":"max-snippet:-1","max-image-preview":"max-image-preview:large","max-video-preview":"max-video-preview:-1"},"canonical":"https:\/\/www.notibras.com\/site\/terroristas-do-jk-pegam-15-anos-de-cadeia\/","og_locale":"pt_BR","og_type":"article","og_title":"Terroristas do JK pegam 15 anos de cadeia - Notibras","og_description":"A Justi\u00e7a do Distrito Federal condenou nesta quinta-feira (11) dois acusados de participar da tentativa de explos\u00e3o de uma bomba perto do Aeroporto Internacional de Bras\u00edlia na v\u00e9spera do Natal de 2022. Com a decis\u00e3o, eles v\u00e3o continuar presos. Na senten\u00e7a, o juiz Osvaldo Tovani condenou o empres\u00e1rio George Washington de Oliveira Sousa a nove [&hellip;]","og_url":"https:\/\/www.notibras.com\/site\/terroristas-do-jk-pegam-15-anos-de-cadeia\/","og_site_name":"Notibras","article_publisher":"https:\/\/www.facebook.com\/notibras\/","article_published_time":"2023-05-12T12:28:10+00:00","og_image":[{"width":806,"height":443,"url":"https:\/\/www.notibras.com\/site\/wp-content\/uploads\/2023\/05\/1__bomba_aeroporto_brasilia__-22202203.jpeg","type":"image\/jpeg"}],"author":"Reda\u00e7\u00e3o","twitter_card":"summary_large_image","twitter_creator":"@Notibras","twitter_site":"@Notibras","twitter_misc":{"Escrito por":"Reda\u00e7\u00e3o","Est. tempo de leitura":"2 minutos"},"schema":{"@context":"https:\/\/schema.org","@graph":[{"@type":"Article","@id":"https:\/\/www.notibras.com\/site\/terroristas-do-jk-pegam-15-anos-de-cadeia\/#article","isPartOf":{"@id":"https:\/\/www.notibras.com\/site\/terroristas-do-jk-pegam-15-anos-de-cadeia\/"},"author":{"name":"Reda\u00e7\u00e3o","@id":"https:\/\/www.notibras.com\/site\/#\/schema\/person\/36ab0979449956132d3e5b517ea76ac8"},"headline":"Terroristas do JK pegam 15 anos de cadeia","datePublished":"2023-05-12T12:28:10+00:00","mainEntityOfPage":{"@id":"https:\/\/www.notibras.com\/site\/terroristas-do-jk-pegam-15-anos-de-cadeia\/"},"wordCount":359,"publisher":{"@id":"https:\/\/www.notibras.com\/site\/#organization"},"image":{"@id":"https:\/\/www.notibras.com\/site\/terroristas-do-jk-pegam-15-anos-de-cadeia\/#primaryimage"},"thumbnailUrl":"https:\/\/www.notibras.com\/site\/wp-content\/uploads\/2023\/05\/1__bomba_aeroporto_brasilia__-22202203.jpeg","articleSection":["Quadradinho em Foco"],"inLanguage":"pt-BR"},{"@type":"WebPage","@id":"https:\/\/www.notibras.com\/site\/terroristas-do-jk-pegam-15-anos-de-cadeia\/","url":"https:\/\/www.notibras.com\/site\/terroristas-do-jk-pegam-15-anos-de-cadeia\/","name":"Terroristas do JK pegam 15 anos de cadeia - Notibras","isPartOf":{"@id":"https:\/\/www.notibras.com\/site\/#website"},"primaryImageOfPage":{"@id":"https:\/\/www.notibras.com\/site\/terroristas-do-jk-pegam-15-anos-de-cadeia\/#primaryimage"},"image":{"@id":"https:\/\/www.notibras.com\/site\/terroristas-do-jk-pegam-15-anos-de-cadeia\/#primaryimage"},"thumbnailUrl":"https:\/\/www.notibras.com\/site\/wp-content\/uploads\/2023\/05\/1__bomba_aeroporto_brasilia__-22202203.jpeg","datePublished":"2023-05-12T12:28:10+00:00","breadcrumb":{"@id":"https:\/\/www.notibras.com\/site\/terroristas-do-jk-pegam-15-anos-de-cadeia\/#breadcrumb"},"inLanguage":"pt-BR","potentialAction":[{"@type":"ReadAction","target":["https:\/\/www.notibras.com\/site\/terroristas-do-jk-pegam-15-anos-de-cadeia\/"]}]},{"@type":"ImageObject","inLanguage":"pt-BR","@id":"https:\/\/www.notibras.com\/site\/terroristas-do-jk-pegam-15-anos-de-cadeia\/#primaryimage","url":"https:\/\/www.notibras.com\/site\/wp-content\/uploads\/2023\/05\/1__bomba_aeroporto_brasilia__-22202203.jpeg","contentUrl":"https:\/\/www.notibras.com\/site\/wp-content\/uploads\/2023\/05\/1__bomba_aeroporto_brasilia__-22202203.jpeg","width":806,"height":443},{"@type":"BreadcrumbList","@id":"https:\/\/www.notibras.com\/site\/terroristas-do-jk-pegam-15-anos-de-cadeia\/#breadcrumb","itemListElement":[{"@type":"ListItem","position":1,"name":"In\u00edcio","item":"https:\/\/www.notibras.com\/site\/"},{"@type":"ListItem","position":2,"name":"Terroristas do JK pegam 15 anos de cadeia"}]},{"@type":"WebSite","@id":"https:\/\/www.notibras.com\/site\/#website","url":"https:\/\/www.notibras.com\/site\/","name":"Notibras","description":"Not\u00edcias de Bras\u00edlia, do Brasil e do Mundo","publisher":{"@id":"https:\/\/www.notibras.com\/site\/#organization"},"potentialAction":[{"@type":"SearchAction","target":{"@type":"EntryPoint","urlTemplate":"https:\/\/www.notibras.com\/site\/?s={search_term_string}"},"query-input":{"@type":"PropertyValueSpecification","valueRequired":true,"valueName":"search_term_string"}}],"inLanguage":"pt-BR"},{"@type":"Organization","@id":"https:\/\/www.notibras.com\/site\/#organization","name":"Grupo Notibras de Comunica\u00e7\u00e3o","url":"https:\/\/www.notibras.com\/site\/","logo":{"@type":"ImageObject","inLanguage":"pt-BR","@id":"https:\/\/www.notibras.com\/site\/#\/schema\/logo\/image\/","url":"https:\/\/www.notibras.com\/site\/wp-content\/uploads\/2023\/01\/notibras23.png","contentUrl":"https:\/\/www.notibras.com\/site\/wp-content\/uploads\/2023\/01\/notibras23.png","width":350,"height":87,"caption":"Grupo Notibras de Comunica\u00e7\u00e3o"},"image":{"@id":"https:\/\/www.notibras.com\/site\/#\/schema\/logo\/image\/"},"sameAs":["https:\/\/www.facebook.com\/notibras\/","https:\/\/x.com\/Notibras","https:\/\/www.instagram.com\/notibras\/"]},{"@type":"Person","@id":"https:\/\/www.notibras.com\/site\/#\/schema\/person\/36ab0979449956132d3e5b517ea76ac8","name":"Reda\u00e7\u00e3o","image":{"@type":"ImageObject","inLanguage":"pt-BR","@id":"https:\/\/secure.gravatar.com\/avatar\/e0a867bdedb85fd243eadf09663511f96fc81e0720a4a42581f334ad4303aa6b?s=96&d=mm&r=g","url":"https:\/\/secure.gravatar.com\/avatar\/e0a867bdedb85fd243eadf09663511f96fc81e0720a4a42581f334ad4303aa6b?s=96&d=mm&r=g","contentUrl":"https:\/\/secure.gravatar.com\/avatar\/e0a867bdedb85fd243eadf09663511f96fc81e0720a4a42581f334ad4303aa6b?s=96&d=mm&r=g","caption":"Reda\u00e7\u00e3o"}}]}},"amp_enabled":true,"_links":{"self":[{"href":"https:\/\/www.notibras.com\/site\/wp-json\/wp\/v2\/posts\/304720","targetHints":{"allow":["GET"]}}],"collection":[{"href":"https:\/\/www.notibras.com\/site\/wp-json\/wp\/v2\/posts"}],"about":[{"href":"https:\/\/www.notibras.com\/site\/wp-json\/wp\/v2\/types\/post"}],"author":[{"embeddable":true,"href":"https:\/\/www.notibras.com\/site\/wp-json\/wp\/v2\/users\/2"}],"replies":[{"embeddable":true,"href":"https:\/\/www.notibras.com\/site\/wp-json\/wp\/v2\/comments?post=304720"}],"version-history":[{"count":1,"href":"https:\/\/www.notibras.com\/site\/wp-json\/wp\/v2\/posts\/304720\/revisions"}],"predecessor-version":[{"id":304722,"href":"https:\/\/www.notibras.com\/site\/wp-json\/wp\/v2\/posts\/304720\/revisions\/304722"}],"wp:featuredmedia":[{"embeddable":true,"href":"https:\/\/www.notibras.com\/site\/wp-json\/wp\/v2\/media\/304721"}],"wp:attachment":[{"href":"https:\/\/www.notibras.com\/site\/wp-json\/wp\/v2\/media?parent=304720"}],"wp:term":[{"taxonomy":"category","embeddable":true,"href":"https:\/\/www.notibras.com\/site\/wp-json\/wp\/v2\/categories?post=304720"},{"taxonomy":"post_tag","embeddable":true,"href":"https:\/\/www.notibras.com\/site\/wp-json\/wp\/v2\/tags?post=304720"}],"curies":[{"name":"wp","href":"https:\/\/api.w.org\/{rel}","templated":true}]}}