{"id":304726,"date":"2023-05-12T00:46:31","date_gmt":"2023-05-12T03:46:31","guid":{"rendered":"https:\/\/www.notibras.com\/site\/?p=304726"},"modified":"2023-05-12T09:49:08","modified_gmt":"2023-05-12T12:49:08","slug":"doencas-inflamatorias-intestinais-aumentam-a-cada-ano","status":"publish","type":"post","link":"https:\/\/www.notibras.com\/site\/doencas-inflamatorias-intestinais-aumentam-a-cada-ano\/","title":{"rendered":"Doen\u00e7as inflamat\u00f3rias intestinais aumentam a cada ano"},"content":{"rendered":"<p>O Dia Mundial das Doen\u00e7as Inflamat\u00f3rias Intestinais (DIIs) \u00e9 lembrado em 19 de maio. Para marcar a data, a Associa\u00e7\u00e3o Brasileira de Colite Ulcerativa e Doen\u00e7a de Crohn prepara uma s\u00e9rie de a\u00e7\u00f5es para conscientizar a popula\u00e7\u00e3o sobre os cuidados para conter a enfermidade. Cerca de 10 milh\u00f5es de pessoas ao redor do mundo s\u00e3o afetadas pela doen\u00e7a e a incid\u00eancia vem aumentando tamb\u00e9m no Brasil.<\/p>\n<p>Entre as a\u00e7\u00f5es programadas pela ABCD para o Maio Roxo est\u00e1 a live Doen\u00e7as Inflamat\u00f3rias Intestinais \u2013 Qual o melhor tratamento para mim, Dra? a ser transmitida no pr\u00f3ximo dia 15, \u00e0s 20h, no perfil da entidade.<\/p>\n<p>No dia 21, haver\u00e1 a tradicional caminhada do Maio Roxo em prol da conscientiza\u00e7\u00e3o das pessoas, com concentra\u00e7\u00e3obmarcada para as 9h, na Pra\u00e7a Oswaldo Cruz, na Avenida Paulista, pr\u00f3xima \u00e0 Casa das Rosas.<\/p>\n<p>No dia 22, \u00e0s 20h, ser\u00e1 transmitida uma live especial sobre a import\u00e2ncia do Maio Roxo e das evid\u00eancias cient\u00edficas nas doen\u00e7as intestinais. A programa\u00e7\u00e3o visa mostrar os males causados e aumentar a visibilidade para a doen\u00e7a.<\/p>\n<p><strong>Incid\u00eancia<\/strong><br \/>\nEm entrevista, a vice-presidente da ABCD, Andrea Vieira, alertou que as doen\u00e7as intestinais t\u00eam apresentado aumento da incid\u00eancia no Brasil como um todo, mas em especial nas regi\u00f5es Sul e Sudeste. \u201cIsso \u00e9 mais notado nessas regi\u00f5es do que nas outras, provavelmente porque somos expostos muito mais, pela nossa vida 100% urbana, aos fatores que colaboram com a doen\u00e7a\u201d.<\/p>\n<p>A causa do dist\u00farbio \u00e9 multifatorial. Abrange desde fatores gen\u00e9ticos at\u00e9 o sistema imunol\u00f3gico extremamente amplificado, microbiota (conjunto de bact\u00e9rias, v\u00edrus e fungos que fazem parte do corpo humano) alterada, al\u00e9m de fatores externos, ou ambientais, como conservantes qu\u00edmicos, polui\u00e7\u00e3o, estresse, alimentos transg\u00eanicos, tabagismo. \u201dFatores a que n\u00f3s somos expostos no nosso dia a dia e que trazem um agravamento, na medida em que o pa\u00eds se desenvolve e se industrializa\u201d, diz a especialista.<\/p>\n<p>Andrea Vieira afirmou que a doen\u00e7a era mais prevalente e tinha incid\u00eancia maior h\u00e1 20 ou 30 anos em pa\u00edses mais ricos, como Estados Unidos, Canad\u00e1, pa\u00edses n\u00f3rdicos da Europa. \u201cHoje, ela acomete pessoas no mundo inteiro. Com certeza, fatores ambientais est\u00e3o fazendo parte da fisiopatogenia dessa doen\u00e7a\u201d.<\/p>\n<p><strong>Acometimento<\/strong><br \/>\nA DII acomete o adulto jovem, entre 15 e 40 anos de idade e, depois, em um segundo pico, entre os 60 e 70 anos. \u201cNa verdade, pode acometer qualquer faixa et\u00e1ria, mas essas s\u00e3o as faixas que se v\u00ea mais acometidas\u201d, explicou a vice-presidente da ABCD.<\/p>\n<p>Como se trata de uma doen\u00e7a autoimune, Andrea Vieira afirmou que o importante \u00e9 ter o diagn\u00f3stico precoce, uma vez que as doen\u00e7as oscilam entre per\u00edodos de crise e de acalmia, ou calmaria. \u201cEsse tempo \u00e9 individual em cada paciente. Muitos t\u00eam a doen\u00e7a, os sintomas, e depois ficam bem rapidamente. Isso vai, \u00e0s vezes, atrasando o diagn\u00f3stico. Muita vezes s\u00e3o tratados como virose porque os principais sintomas s\u00e3o dor abdominal, c\u00f3lica, diarreia. O paciente acaba retardando o diagn\u00f3stico\u201d.<\/p>\n<p>Quando isso acontece, o desfecho pode ser desfavor\u00e1vel para o paciente, sinalizou a m\u00e9dica. &#8220;Porque deixa tempo para a doen\u00e7a progredir e trazer uma disfuncionalidade do \u00f3rg\u00e3o, que \u00e9 consequ\u00eancia da evolu\u00e7\u00e3o da doen\u00e7a. Trabalhar com diagn\u00f3stico precoce \u00e9 muito importante&#8221;, assegurou.<\/p>\n<p>Andrea indicou que, atualmente, o que se pode fazer para melhorar o quadro desses pacientes \u00e9 ter uma vida saud\u00e1vel, com boa alimenta\u00e7\u00e3o, longe de alimentos ultraprocessados, praticar exerc\u00edcios, evitar o tabagismo, controlar a obesidade desde a inf\u00e2ncia.<\/p>\n<p>O diagn\u00f3stico \u00e9 feito com avalia\u00e7\u00e3o cl\u00ednica detalhada do paciente, seguida de exames complementares laboratoriais (sangue e fezes, este \u00faltimo com o marcador de calprotectina fecal), al\u00e9m de exames de imagem, entre os quais a enterografia por tomografia ou por resson\u00e2ncia. O principal exame a ser feito, por\u00e9m, \u00e9 a videocolonoscopia com bi\u00f3psia dos segmentos acometidos.<\/p>\n<p><strong>Maio Roxo<\/strong><br \/>\nA mensagem principal de Andrea Vieira no Maio Roxo \u00e9 que as pessoas saibam que existem essas doen\u00e7as inflamat\u00f3rias que, nos \u00faltimos dez anos, tiveram incid\u00eancia em eleva\u00e7\u00e3o. \u201cHoje n\u00f3s temos ao redor de dez casos novos para cada 10 mil habitantes por ano, com preval\u00eancia de 100 casos para cada 100 mil habitantes.\u201d<\/p>\n<p>Por este motivo, a m\u00e9dica reafirmou a import\u00e2ncia de as pessoas saberem que, diante de sintomas como dor abdominal, sangramento retal, diarreia, perda de peso sem explica\u00e7\u00e3o ou febre que n\u00e3o tem causa, devem procurar o servi\u00e7o m\u00e9dico especializado.<\/p>\n<p>Segundo a m\u00e9dica, \u00e9 preciso investigar, \u201cporque as doen\u00e7as inflamat\u00f3rias intestinais est\u00e3o a\u00ed e n\u00e3o s\u00e3o mais consideradas doen\u00e7as raras. E se n\u00e3o tem diagn\u00f3stico precoce, isso vai s\u00f3 retardando o paciente receber o tratamento correto\u201d.<\/p>\n<p>De acordo com a associa\u00e7\u00e3o, quando n\u00e3o diagnosticadas corretamente, e sem tratamento adequado, as DIIs podem levar \u00e0 incapacidade f\u00edsica, baixa qualidade de vida e hospitaliza\u00e7\u00f5es recorrentes. O tratamento pode incluir medicamentos para controle dos sintomas e cicatriza\u00e7\u00e3o da mucosa; casos moderados a graves ou que n\u00e3o responderam ao tratamento convencional podem se beneficiar com o uso de agentes biol\u00f3gicos. Os tratamentos sob prescri\u00e7\u00e3o e indica\u00e7\u00e3o m\u00e9dica s\u00e3o fornecidos pelo Sistema \u00danico de Sa\u00fade (SUS) e t\u00eam cobertura obrigat\u00f3ria pelos planos de sa\u00fade.<\/p>\n","protected":false},"excerpt":{"rendered":"<p>O Dia Mundial das Doen\u00e7as Inflamat\u00f3rias Intestinais (DIIs) \u00e9 lembrado em 19 de maio. Para marcar a data, a Associa\u00e7\u00e3o Brasileira de Colite Ulcerativa e Doen\u00e7a de Crohn prepara uma s\u00e9rie de a\u00e7\u00f5es para conscientizar a popula\u00e7\u00e3o sobre os cuidados para conter a enfermidade. Cerca de 10 milh\u00f5es de pessoas ao redor do mundo s\u00e3o [&hellip;]<\/p>\n","protected":false},"author":2,"featured_media":304727,"comment_status":"closed","ping_status":"closed","sticky":false,"template":"","format":"standard","meta":{"_acf_changed":false,"footnotes":""},"categories":[161],"tags":[],"class_list":["post-304726","post","type-post","status-publish","format-standard","has-post-thumbnail","hentry","category-quadradinho-em-foco"],"acf":[],"yoast_head":"<!-- This site is optimized with the Yoast SEO plugin v27.2 - https:\/\/yoast.com\/product\/yoast-seo-wordpress\/ -->\n<title>Doen\u00e7as inflamat\u00f3rias intestinais aumentam a cada ano - Notibras<\/title>\n<meta name=\"robots\" content=\"index, follow, max-snippet:-1, max-image-preview:large, max-video-preview:-1\" \/>\n<link rel=\"canonical\" href=\"https:\/\/www.notibras.com\/site\/doencas-inflamatorias-intestinais-aumentam-a-cada-ano\/\" \/>\n<meta property=\"og:locale\" content=\"pt_BR\" \/>\n<meta property=\"og:type\" content=\"article\" \/>\n<meta property=\"og:title\" content=\"Doen\u00e7as inflamat\u00f3rias intestinais aumentam a cada ano - Notibras\" \/>\n<meta property=\"og:description\" content=\"O Dia Mundial das Doen\u00e7as Inflamat\u00f3rias Intestinais (DIIs) \u00e9 lembrado em 19 de maio. Para marcar a data, a Associa\u00e7\u00e3o Brasileira de Colite Ulcerativa e Doen\u00e7a de Crohn prepara uma s\u00e9rie de a\u00e7\u00f5es para conscientizar a popula\u00e7\u00e3o sobre os cuidados para conter a enfermidade. Cerca de 10 milh\u00f5es de pessoas ao redor do mundo s\u00e3o [&hellip;]\" \/>\n<meta property=\"og:url\" content=\"https:\/\/www.notibras.com\/site\/doencas-inflamatorias-intestinais-aumentam-a-cada-ano\/\" \/>\n<meta property=\"og:site_name\" content=\"Notibras\" \/>\n<meta property=\"article:publisher\" content=\"https:\/\/www.facebook.com\/notibras\/\" \/>\n<meta property=\"article:published_time\" content=\"2023-05-12T03:46:31+00:00\" \/>\n<meta property=\"article:modified_time\" content=\"2023-05-12T12:49:08+00:00\" \/>\n<meta property=\"og:image\" content=\"https:\/\/www.notibras.com\/site\/wp-content\/uploads\/2023\/05\/2020-12-10t153322z_1607614395_cvmdit833f585dx617ax43f7xb69fx153790143039_rtrfipp_4_cover-fitness.jpg\" \/>\n\t<meta property=\"og:image:width\" content=\"1170\" \/>\n\t<meta property=\"og:image:height\" content=\"700\" \/>\n\t<meta property=\"og:image:type\" content=\"image\/jpeg\" \/>\n<meta name=\"author\" content=\"Reda\u00e7\u00e3o\" \/>\n<meta name=\"twitter:card\" content=\"summary_large_image\" \/>\n<meta name=\"twitter:creator\" content=\"@Notibras\" \/>\n<meta name=\"twitter:site\" content=\"@Notibras\" \/>\n<meta name=\"twitter:label1\" content=\"Escrito por\" \/>\n\t<meta name=\"twitter:data1\" content=\"Reda\u00e7\u00e3o\" \/>\n\t<meta name=\"twitter:label2\" content=\"Est. tempo de leitura\" \/>\n\t<meta name=\"twitter:data2\" content=\"5 minutos\" \/>\n<script type=\"application\/ld+json\" class=\"yoast-schema-graph\">{\"@context\":\"https:\/\/schema.org\",\"@graph\":[{\"@type\":\"Article\",\"@id\":\"https:\/\/www.notibras.com\/site\/doencas-inflamatorias-intestinais-aumentam-a-cada-ano\/#article\",\"isPartOf\":{\"@id\":\"https:\/\/www.notibras.com\/site\/doencas-inflamatorias-intestinais-aumentam-a-cada-ano\/\"},\"author\":{\"name\":\"Reda\u00e7\u00e3o\",\"@id\":\"https:\/\/www.notibras.com\/site\/#\/schema\/person\/36ab0979449956132d3e5b517ea76ac8\"},\"headline\":\"Doen\u00e7as inflamat\u00f3rias intestinais aumentam a cada ano\",\"datePublished\":\"2023-05-12T03:46:31+00:00\",\"dateModified\":\"2023-05-12T12:49:08+00:00\",\"mainEntityOfPage\":{\"@id\":\"https:\/\/www.notibras.com\/site\/doencas-inflamatorias-intestinais-aumentam-a-cada-ano\/\"},\"wordCount\":930,\"publisher\":{\"@id\":\"https:\/\/www.notibras.com\/site\/#organization\"},\"image\":{\"@id\":\"https:\/\/www.notibras.com\/site\/doencas-inflamatorias-intestinais-aumentam-a-cada-ano\/#primaryimage\"},\"thumbnailUrl\":\"https:\/\/www.notibras.com\/site\/wp-content\/uploads\/2023\/05\/2020-12-10t153322z_1607614395_cvmdit833f585dx617ax43f7xb69fx153790143039_rtrfipp_4_cover-fitness.jpg\",\"articleSection\":[\"Quadradinho em Foco\"],\"inLanguage\":\"pt-BR\"},{\"@type\":\"WebPage\",\"@id\":\"https:\/\/www.notibras.com\/site\/doencas-inflamatorias-intestinais-aumentam-a-cada-ano\/\",\"url\":\"https:\/\/www.notibras.com\/site\/doencas-inflamatorias-intestinais-aumentam-a-cada-ano\/\",\"name\":\"Doen\u00e7as inflamat\u00f3rias intestinais aumentam a cada ano - Notibras\",\"isPartOf\":{\"@id\":\"https:\/\/www.notibras.com\/site\/#website\"},\"primaryImageOfPage\":{\"@id\":\"https:\/\/www.notibras.com\/site\/doencas-inflamatorias-intestinais-aumentam-a-cada-ano\/#primaryimage\"},\"image\":{\"@id\":\"https:\/\/www.notibras.com\/site\/doencas-inflamatorias-intestinais-aumentam-a-cada-ano\/#primaryimage\"},\"thumbnailUrl\":\"https:\/\/www.notibras.com\/site\/wp-content\/uploads\/2023\/05\/2020-12-10t153322z_1607614395_cvmdit833f585dx617ax43f7xb69fx153790143039_rtrfipp_4_cover-fitness.jpg\",\"datePublished\":\"2023-05-12T03:46:31+00:00\",\"dateModified\":\"2023-05-12T12:49:08+00:00\",\"breadcrumb\":{\"@id\":\"https:\/\/www.notibras.com\/site\/doencas-inflamatorias-intestinais-aumentam-a-cada-ano\/#breadcrumb\"},\"inLanguage\":\"pt-BR\",\"potentialAction\":[{\"@type\":\"ReadAction\",\"target\":[\"https:\/\/www.notibras.com\/site\/doencas-inflamatorias-intestinais-aumentam-a-cada-ano\/\"]}]},{\"@type\":\"ImageObject\",\"inLanguage\":\"pt-BR\",\"@id\":\"https:\/\/www.notibras.com\/site\/doencas-inflamatorias-intestinais-aumentam-a-cada-ano\/#primaryimage\",\"url\":\"https:\/\/www.notibras.com\/site\/wp-content\/uploads\/2023\/05\/2020-12-10t153322z_1607614395_cvmdit833f585dx617ax43f7xb69fx153790143039_rtrfipp_4_cover-fitness.jpg\",\"contentUrl\":\"https:\/\/www.notibras.com\/site\/wp-content\/uploads\/2023\/05\/2020-12-10t153322z_1607614395_cvmdit833f585dx617ax43f7xb69fx153790143039_rtrfipp_4_cover-fitness.jpg\",\"width\":1170,\"height\":700,\"caption\":\"Detail of young woman\u00b4s stomach with hands on her hips, for pain, stomach ache, or periods pains When: 18 Dec 2013\"},{\"@type\":\"BreadcrumbList\",\"@id\":\"https:\/\/www.notibras.com\/site\/doencas-inflamatorias-intestinais-aumentam-a-cada-ano\/#breadcrumb\",\"itemListElement\":[{\"@type\":\"ListItem\",\"position\":1,\"name\":\"In\u00edcio\",\"item\":\"https:\/\/www.notibras.com\/site\/\"},{\"@type\":\"ListItem\",\"position\":2,\"name\":\"Doen\u00e7as inflamat\u00f3rias intestinais aumentam a cada ano\"}]},{\"@type\":\"WebSite\",\"@id\":\"https:\/\/www.notibras.com\/site\/#website\",\"url\":\"https:\/\/www.notibras.com\/site\/\",\"name\":\"Notibras\",\"description\":\"Not\u00edcias de Bras\u00edlia, do Brasil e do Mundo\",\"publisher\":{\"@id\":\"https:\/\/www.notibras.com\/site\/#organization\"},\"potentialAction\":[{\"@type\":\"SearchAction\",\"target\":{\"@type\":\"EntryPoint\",\"urlTemplate\":\"https:\/\/www.notibras.com\/site\/?s={search_term_string}\"},\"query-input\":{\"@type\":\"PropertyValueSpecification\",\"valueRequired\":true,\"valueName\":\"search_term_string\"}}],\"inLanguage\":\"pt-BR\"},{\"@type\":\"Organization\",\"@id\":\"https:\/\/www.notibras.com\/site\/#organization\",\"name\":\"Grupo Notibras de Comunica\u00e7\u00e3o\",\"url\":\"https:\/\/www.notibras.com\/site\/\",\"logo\":{\"@type\":\"ImageObject\",\"inLanguage\":\"pt-BR\",\"@id\":\"https:\/\/www.notibras.com\/site\/#\/schema\/logo\/image\/\",\"url\":\"https:\/\/www.notibras.com\/site\/wp-content\/uploads\/2023\/01\/notibras23.png\",\"contentUrl\":\"https:\/\/www.notibras.com\/site\/wp-content\/uploads\/2023\/01\/notibras23.png\",\"width\":350,\"height\":87,\"caption\":\"Grupo Notibras de Comunica\u00e7\u00e3o\"},\"image\":{\"@id\":\"https:\/\/www.notibras.com\/site\/#\/schema\/logo\/image\/\"},\"sameAs\":[\"https:\/\/www.facebook.com\/notibras\/\",\"https:\/\/x.com\/Notibras\",\"https:\/\/www.instagram.com\/notibras\/\"]},{\"@type\":\"Person\",\"@id\":\"https:\/\/www.notibras.com\/site\/#\/schema\/person\/36ab0979449956132d3e5b517ea76ac8\",\"name\":\"Reda\u00e7\u00e3o\",\"image\":{\"@type\":\"ImageObject\",\"inLanguage\":\"pt-BR\",\"@id\":\"https:\/\/secure.gravatar.com\/avatar\/e0a867bdedb85fd243eadf09663511f96fc81e0720a4a42581f334ad4303aa6b?s=96&d=mm&r=g\",\"url\":\"https:\/\/secure.gravatar.com\/avatar\/e0a867bdedb85fd243eadf09663511f96fc81e0720a4a42581f334ad4303aa6b?s=96&d=mm&r=g\",\"contentUrl\":\"https:\/\/secure.gravatar.com\/avatar\/e0a867bdedb85fd243eadf09663511f96fc81e0720a4a42581f334ad4303aa6b?s=96&d=mm&r=g\",\"caption\":\"Reda\u00e7\u00e3o\"}}]}<\/script>\n<!-- \/ Yoast SEO plugin. -->","yoast_head_json":{"title":"Doen\u00e7as inflamat\u00f3rias intestinais aumentam a cada ano - Notibras","robots":{"index":"index","follow":"follow","max-snippet":"max-snippet:-1","max-image-preview":"max-image-preview:large","max-video-preview":"max-video-preview:-1"},"canonical":"https:\/\/www.notibras.com\/site\/doencas-inflamatorias-intestinais-aumentam-a-cada-ano\/","og_locale":"pt_BR","og_type":"article","og_title":"Doen\u00e7as inflamat\u00f3rias intestinais aumentam a cada ano - Notibras","og_description":"O Dia Mundial das Doen\u00e7as Inflamat\u00f3rias Intestinais (DIIs) \u00e9 lembrado em 19 de maio. Para marcar a data, a Associa\u00e7\u00e3o Brasileira de Colite Ulcerativa e Doen\u00e7a de Crohn prepara uma s\u00e9rie de a\u00e7\u00f5es para conscientizar a popula\u00e7\u00e3o sobre os cuidados para conter a enfermidade. Cerca de 10 milh\u00f5es de pessoas ao redor do mundo s\u00e3o [&hellip;]","og_url":"https:\/\/www.notibras.com\/site\/doencas-inflamatorias-intestinais-aumentam-a-cada-ano\/","og_site_name":"Notibras","article_publisher":"https:\/\/www.facebook.com\/notibras\/","article_published_time":"2023-05-12T03:46:31+00:00","article_modified_time":"2023-05-12T12:49:08+00:00","og_image":[{"width":1170,"height":700,"url":"https:\/\/www.notibras.com\/site\/wp-content\/uploads\/2023\/05\/2020-12-10t153322z_1607614395_cvmdit833f585dx617ax43f7xb69fx153790143039_rtrfipp_4_cover-fitness.jpg","type":"image\/jpeg"}],"author":"Reda\u00e7\u00e3o","twitter_card":"summary_large_image","twitter_creator":"@Notibras","twitter_site":"@Notibras","twitter_misc":{"Escrito por":"Reda\u00e7\u00e3o","Est. tempo de leitura":"5 minutos"},"schema":{"@context":"https:\/\/schema.org","@graph":[{"@type":"Article","@id":"https:\/\/www.notibras.com\/site\/doencas-inflamatorias-intestinais-aumentam-a-cada-ano\/#article","isPartOf":{"@id":"https:\/\/www.notibras.com\/site\/doencas-inflamatorias-intestinais-aumentam-a-cada-ano\/"},"author":{"name":"Reda\u00e7\u00e3o","@id":"https:\/\/www.notibras.com\/site\/#\/schema\/person\/36ab0979449956132d3e5b517ea76ac8"},"headline":"Doen\u00e7as inflamat\u00f3rias intestinais aumentam a cada ano","datePublished":"2023-05-12T03:46:31+00:00","dateModified":"2023-05-12T12:49:08+00:00","mainEntityOfPage":{"@id":"https:\/\/www.notibras.com\/site\/doencas-inflamatorias-intestinais-aumentam-a-cada-ano\/"},"wordCount":930,"publisher":{"@id":"https:\/\/www.notibras.com\/site\/#organization"},"image":{"@id":"https:\/\/www.notibras.com\/site\/doencas-inflamatorias-intestinais-aumentam-a-cada-ano\/#primaryimage"},"thumbnailUrl":"https:\/\/www.notibras.com\/site\/wp-content\/uploads\/2023\/05\/2020-12-10t153322z_1607614395_cvmdit833f585dx617ax43f7xb69fx153790143039_rtrfipp_4_cover-fitness.jpg","articleSection":["Quadradinho em Foco"],"inLanguage":"pt-BR"},{"@type":"WebPage","@id":"https:\/\/www.notibras.com\/site\/doencas-inflamatorias-intestinais-aumentam-a-cada-ano\/","url":"https:\/\/www.notibras.com\/site\/doencas-inflamatorias-intestinais-aumentam-a-cada-ano\/","name":"Doen\u00e7as inflamat\u00f3rias intestinais aumentam a cada ano - Notibras","isPartOf":{"@id":"https:\/\/www.notibras.com\/site\/#website"},"primaryImageOfPage":{"@id":"https:\/\/www.notibras.com\/site\/doencas-inflamatorias-intestinais-aumentam-a-cada-ano\/#primaryimage"},"image":{"@id":"https:\/\/www.notibras.com\/site\/doencas-inflamatorias-intestinais-aumentam-a-cada-ano\/#primaryimage"},"thumbnailUrl":"https:\/\/www.notibras.com\/site\/wp-content\/uploads\/2023\/05\/2020-12-10t153322z_1607614395_cvmdit833f585dx617ax43f7xb69fx153790143039_rtrfipp_4_cover-fitness.jpg","datePublished":"2023-05-12T03:46:31+00:00","dateModified":"2023-05-12T12:49:08+00:00","breadcrumb":{"@id":"https:\/\/www.notibras.com\/site\/doencas-inflamatorias-intestinais-aumentam-a-cada-ano\/#breadcrumb"},"inLanguage":"pt-BR","potentialAction":[{"@type":"ReadAction","target":["https:\/\/www.notibras.com\/site\/doencas-inflamatorias-intestinais-aumentam-a-cada-ano\/"]}]},{"@type":"ImageObject","inLanguage":"pt-BR","@id":"https:\/\/www.notibras.com\/site\/doencas-inflamatorias-intestinais-aumentam-a-cada-ano\/#primaryimage","url":"https:\/\/www.notibras.com\/site\/wp-content\/uploads\/2023\/05\/2020-12-10t153322z_1607614395_cvmdit833f585dx617ax43f7xb69fx153790143039_rtrfipp_4_cover-fitness.jpg","contentUrl":"https:\/\/www.notibras.com\/site\/wp-content\/uploads\/2023\/05\/2020-12-10t153322z_1607614395_cvmdit833f585dx617ax43f7xb69fx153790143039_rtrfipp_4_cover-fitness.jpg","width":1170,"height":700,"caption":"Detail of young woman\u00b4s stomach with hands on her hips, for pain, stomach ache, or periods pains When: 18 Dec 2013"},{"@type":"BreadcrumbList","@id":"https:\/\/www.notibras.com\/site\/doencas-inflamatorias-intestinais-aumentam-a-cada-ano\/#breadcrumb","itemListElement":[{"@type":"ListItem","position":1,"name":"In\u00edcio","item":"https:\/\/www.notibras.com\/site\/"},{"@type":"ListItem","position":2,"name":"Doen\u00e7as inflamat\u00f3rias intestinais aumentam a cada ano"}]},{"@type":"WebSite","@id":"https:\/\/www.notibras.com\/site\/#website","url":"https:\/\/www.notibras.com\/site\/","name":"Notibras","description":"Not\u00edcias de Bras\u00edlia, do Brasil e do Mundo","publisher":{"@id":"https:\/\/www.notibras.com\/site\/#organization"},"potentialAction":[{"@type":"SearchAction","target":{"@type":"EntryPoint","urlTemplate":"https:\/\/www.notibras.com\/site\/?s={search_term_string}"},"query-input":{"@type":"PropertyValueSpecification","valueRequired":true,"valueName":"search_term_string"}}],"inLanguage":"pt-BR"},{"@type":"Organization","@id":"https:\/\/www.notibras.com\/site\/#organization","name":"Grupo Notibras de Comunica\u00e7\u00e3o","url":"https:\/\/www.notibras.com\/site\/","logo":{"@type":"ImageObject","inLanguage":"pt-BR","@id":"https:\/\/www.notibras.com\/site\/#\/schema\/logo\/image\/","url":"https:\/\/www.notibras.com\/site\/wp-content\/uploads\/2023\/01\/notibras23.png","contentUrl":"https:\/\/www.notibras.com\/site\/wp-content\/uploads\/2023\/01\/notibras23.png","width":350,"height":87,"caption":"Grupo Notibras de Comunica\u00e7\u00e3o"},"image":{"@id":"https:\/\/www.notibras.com\/site\/#\/schema\/logo\/image\/"},"sameAs":["https:\/\/www.facebook.com\/notibras\/","https:\/\/x.com\/Notibras","https:\/\/www.instagram.com\/notibras\/"]},{"@type":"Person","@id":"https:\/\/www.notibras.com\/site\/#\/schema\/person\/36ab0979449956132d3e5b517ea76ac8","name":"Reda\u00e7\u00e3o","image":{"@type":"ImageObject","inLanguage":"pt-BR","@id":"https:\/\/secure.gravatar.com\/avatar\/e0a867bdedb85fd243eadf09663511f96fc81e0720a4a42581f334ad4303aa6b?s=96&d=mm&r=g","url":"https:\/\/secure.gravatar.com\/avatar\/e0a867bdedb85fd243eadf09663511f96fc81e0720a4a42581f334ad4303aa6b?s=96&d=mm&r=g","contentUrl":"https:\/\/secure.gravatar.com\/avatar\/e0a867bdedb85fd243eadf09663511f96fc81e0720a4a42581f334ad4303aa6b?s=96&d=mm&r=g","caption":"Reda\u00e7\u00e3o"}}]}},"amp_enabled":true,"_links":{"self":[{"href":"https:\/\/www.notibras.com\/site\/wp-json\/wp\/v2\/posts\/304726","targetHints":{"allow":["GET"]}}],"collection":[{"href":"https:\/\/www.notibras.com\/site\/wp-json\/wp\/v2\/posts"}],"about":[{"href":"https:\/\/www.notibras.com\/site\/wp-json\/wp\/v2\/types\/post"}],"author":[{"embeddable":true,"href":"https:\/\/www.notibras.com\/site\/wp-json\/wp\/v2\/users\/2"}],"replies":[{"embeddable":true,"href":"https:\/\/www.notibras.com\/site\/wp-json\/wp\/v2\/comments?post=304726"}],"version-history":[{"count":1,"href":"https:\/\/www.notibras.com\/site\/wp-json\/wp\/v2\/posts\/304726\/revisions"}],"predecessor-version":[{"id":304728,"href":"https:\/\/www.notibras.com\/site\/wp-json\/wp\/v2\/posts\/304726\/revisions\/304728"}],"wp:featuredmedia":[{"embeddable":true,"href":"https:\/\/www.notibras.com\/site\/wp-json\/wp\/v2\/media\/304727"}],"wp:attachment":[{"href":"https:\/\/www.notibras.com\/site\/wp-json\/wp\/v2\/media?parent=304726"}],"wp:term":[{"taxonomy":"category","embeddable":true,"href":"https:\/\/www.notibras.com\/site\/wp-json\/wp\/v2\/categories?post=304726"},{"taxonomy":"post_tag","embeddable":true,"href":"https:\/\/www.notibras.com\/site\/wp-json\/wp\/v2\/tags?post=304726"}],"curies":[{"name":"wp","href":"https:\/\/api.w.org\/{rel}","templated":true}]}}