{"id":304729,"date":"2023-05-12T00:00:28","date_gmt":"2023-05-12T03:00:28","guid":{"rendered":"https:\/\/www.notibras.com\/site\/?p=304729"},"modified":"2023-05-12T09:55:01","modified_gmt":"2023-05-12T12:55:01","slug":"denuncias-de-racismo-mostram-ambiente-hostil-a-negros","status":"publish","type":"post","link":"https:\/\/www.notibras.com\/site\/denuncias-de-racismo-mostram-ambiente-hostil-a-negros\/","title":{"rendered":"Den\u00fancias de racismo mostram ambiente hostil a negros"},"content":{"rendered":"<p>O ambiente com poucas pessoas negras e os sistemas de barreiras e controles dos aeroportos explicitam o racismo nesses locais, na avalia\u00e7\u00e3o dos especialistas ouvidos pela Ag\u00eancia Brasil. O deputado estadual Renato Freitas (PT-PR) denunciou ter sido v\u00edtima de racismo durante abordagem policial no embarque de um voo para Foz do Igua\u00e7u (PR). No fim do m\u00eas passado, tamb\u00e9m ganhou repercuss\u00e3o o caso da pesquisadora Samantha Vitena, retirada de um voo em Salvador em uma discuss\u00e3o sobre o despacho de uma mala.<\/p>\n<p>\u201cEssas quest\u00f5es de racismo acontecem na avia\u00e7\u00e3o desde sempre\u201d, disse o cofundador do coletivo Quilombo A\u00e9reo, Jivarlos da Cruz. O grupo, formado por trabalhadores do setor a\u00e9reo, atua para reduzir o racismo na avia\u00e7\u00e3o. \u201cAinda bem que agora est\u00e1 tendo essa visibilidade\u201d, disse ao comentar a repercuss\u00e3o dos casos acontecidos recentemente.<\/p>\n<p><strong>Exclus\u00e3o<\/strong><br \/>\nA falta de pessoas negras trabalhando ou como usu\u00e1rias do servi\u00e7o acirra o racismo no setor a\u00e9reo, avalia Cruz. \u201cA avia\u00e7\u00e3o, no geral, \u00e9 um ambiente que n\u00e3o nos facilita, n\u00e3o nos deixa confort\u00e1veis em estar. Justamente pela gente [pessoas negras] n\u00e3o nos vermos l\u00e1, n\u00e3o nos sentirmos acolhidos, confort\u00e1veis, n\u00e3o nos sentirmos seguros mesmo, porque \u00e9 um ambiente muito elitista\u201d, disse.<\/p>\n<p>Uma pesquisa feita pelo Quilombo A\u00e9reo em parceria com a Universidade Federal de S\u00e3o Carlos, divulgada em mar\u00e7o, apontou que n\u00e3o existe nenhuma mulher negra pilotando avi\u00f5es no Brasil. Entre os pilotos, 97% s\u00e3o homens e apenas 2% s\u00e3o negros. Em rela\u00e7\u00e3o aos comiss\u00e1rios de bordo, 66% s\u00e3o mulheres, sendo que 5% s\u00e3o pessoas negras.<\/p>\n<p>A vis\u00e3o sobre seguran\u00e7a \u00e9 um dos pontos que, na avalia\u00e7\u00e3o de Cruz, torna o ambiente hostil a pessoas negras. \u201cO que \u00e9 seguro para eles?\u201d, questiona. \u201cVem na discuss\u00e3o que a nossa cor, a nossa pele, a nossa identidade, pode ser um ponto que pode abalar a seguran\u00e7a deles. Em vez de n\u00f3s nos sentirmos seguros, n\u00f3s seremos a amea\u00e7a\u201d, destaca.<\/p>\n<p>Ele defende um trabalho de conscientiza\u00e7\u00e3o com todos os diretamente envolvidos nesse processo. \u201cEsse di\u00e1logo que precisa ser feito, n\u00e3o s\u00f3 com a Pol\u00edcia Federal, mas com o pessoal do raio X que nos inspeciona, com os atendentes\u201d, acrescenta.<\/p>\n<p>O racismo n\u00e3o atinge, segundo Cruz, somente os passageiros, mas tamb\u00e9m os trabalhadores do setor. \u201cTem o racismo velado, que a gente sofre diariamente. Mas tem os descarados, aquele que n\u00e3o quer ser atendido pela gente, pelo comiss\u00e1rio preto. Tem gente que n\u00e3o atende bem\u201d, revela.<\/p>\n<p>O soci\u00f3logo Diego Francisco tem uma avalia\u00e7\u00e3o muito parecida sobre o ambiente dos aeroportos. \u201cSe voc\u00ea est\u00e1 em um espa\u00e7o que \u00e9 mais negro, voc\u00ea vai ter menos essa sensa\u00e7\u00e3o. \u00c0 medida que esses espa\u00e7os v\u00e3o se tornando mais embranquecidos, eles tamb\u00e9m v\u00e3o se tornando mais hostis para pessoas negras\u201d.<\/p>\n<p><strong>Barreiras<\/strong><br \/>\nAs barreiras e controles de seguran\u00e7a s\u00e3o os pontos que, na vis\u00e3o do pesquisador, explicitam o racismo. \u201cA situa\u00e7\u00e3o dos aeroportos se assemelha com aquela situa\u00e7\u00e3o que pessoas negras t\u00eam com as portas girat\u00f3rias dos bancos\u201d, compara. \u201cUm caso que ficou muito conhecido foi o da atriz Solange Couto, que chegou a tirar toda a roupa para provar que n\u00e3o tinha nenhum metal e entrar na ag\u00eancia do banco, aqui no Rio de Janeiro\u201d, exemplificou a respeito da situa\u00e7\u00e3o acontecida em 2008.<\/p>\n<p>Os chamados procedimentos aleat\u00f3rios tamb\u00e9m tendem, segundo Francisco, a trazer um car\u00e1ter racista, se n\u00e3o houver uma reflex\u00e3o pr\u00e9via sobre esses processos. \u201cEm um voo internacional, quando voc\u00ea chega, o que determina quem tem que passar por um raio X, quando n\u00e3o declara bens, e quem n\u00e3o passa. Muitas vezes, \u00e9 essa escolha aleat\u00f3ria. E, na maioria das vezes, quando \u00e9 aleat\u00f3ria, o que prevalece \u00e9 o vi\u00e9s racial. Na aleatoriedade o que prevalece \u00e9 o vi\u00e9s racial\u201d, enfatiza.<\/p>\n<p>No caso do deputado Renato Freitas, ele foi retirado do avi\u00e3o por policiais federais sob a alega\u00e7\u00e3o de que deveria passar por uma inspe\u00e7\u00e3o aleat\u00f3ria de bagagem.<\/p>\n<p><strong>Debate e diversidade<\/strong><br \/>\nNesse contexto, ele considera que o crescimento do debate \u00e9 bem-vindo. \u201cO aprofundamento desse debate \u00e9 muito importante e saud\u00e1vel para que a gente consiga construir uma rela\u00e7\u00e3o um pouquinho menos desigual na experi\u00eancia com o espa\u00e7o p\u00fablico\u201d, avalia.<\/p>\n<p>Como forma de enfrentar o problema, Francisco defende que as empresas aumentem a diversidade e repensem seus processos. \u201cOs espa\u00e7os privados precisam investir, muito rapidamente e profundamente, na diversidade das pessoas que atuam nesses setores. Investir na diversidade, que n\u00e3o \u00e9 s\u00f3 colocar pessoas negras dentro. Eles precisam discutir os seus vieses, os seus processos de escolha, precisam questionar processos que j\u00e1 se tornaram padr\u00e3o\u201d.<\/p>\n<p>No in\u00edcio do m\u00eas, a ministra da Igualdade Racial, Anielle Franco, informou que a Ag\u00eancia Nacional de Avia\u00e7\u00e3o Civil (Anac) e o governo v\u00e3o debater medidas de preven\u00e7\u00e3o de casos de racismo e de mecanismos de regula\u00e7\u00e3o das companhias a\u00e9reas. A a\u00e7\u00e3o foi anunciada ap\u00f3s o epis\u00f3dio envolvendo a professora negra Samantha Vitena.<\/p>\n","protected":false},"excerpt":{"rendered":"<p>O ambiente com poucas pessoas negras e os sistemas de barreiras e controles dos aeroportos explicitam o racismo nesses locais, na avalia\u00e7\u00e3o dos especialistas ouvidos pela Ag\u00eancia Brasil. O deputado estadual Renato Freitas (PT-PR) denunciou ter sido v\u00edtima de racismo durante abordagem policial no embarque de um voo para Foz do Igua\u00e7u (PR). No fim [&hellip;]<\/p>\n","protected":false},"author":2,"featured_media":304730,"comment_status":"closed","ping_status":"closed","sticky":false,"template":"","format":"standard","meta":{"_acf_changed":false,"footnotes":""},"categories":[161],"tags":[],"class_list":["post-304729","post","type-post","status-publish","format-standard","has-post-thumbnail","hentry","category-quadradinho-em-foco"],"acf":[],"yoast_head":"<!-- This site is optimized with the Yoast SEO plugin v27.2 - https:\/\/yoast.com\/product\/yoast-seo-wordpress\/ -->\n<title>Den\u00fancias de racismo mostram ambiente hostil a negros - Notibras<\/title>\n<meta name=\"robots\" content=\"index, follow, max-snippet:-1, max-image-preview:large, max-video-preview:-1\" \/>\n<link rel=\"canonical\" href=\"https:\/\/www.notibras.com\/site\/denuncias-de-racismo-mostram-ambiente-hostil-a-negros\/\" \/>\n<meta property=\"og:locale\" content=\"pt_BR\" \/>\n<meta property=\"og:type\" content=\"article\" \/>\n<meta property=\"og:title\" content=\"Den\u00fancias de racismo mostram ambiente hostil a negros - Notibras\" \/>\n<meta property=\"og:description\" content=\"O ambiente com poucas pessoas negras e os sistemas de barreiras e controles dos aeroportos explicitam o racismo nesses locais, na avalia\u00e7\u00e3o dos especialistas ouvidos pela Ag\u00eancia Brasil. O deputado estadual Renato Freitas (PT-PR) denunciou ter sido v\u00edtima de racismo durante abordagem policial no embarque de um voo para Foz do Igua\u00e7u (PR). No fim [&hellip;]\" \/>\n<meta property=\"og:url\" content=\"https:\/\/www.notibras.com\/site\/denuncias-de-racismo-mostram-ambiente-hostil-a-negros\/\" \/>\n<meta property=\"og:site_name\" content=\"Notibras\" \/>\n<meta property=\"article:publisher\" content=\"https:\/\/www.facebook.com\/notibras\/\" \/>\n<meta property=\"article:published_time\" content=\"2023-05-12T03:00:28+00:00\" \/>\n<meta property=\"article:modified_time\" content=\"2023-05-12T12:55:01+00:00\" \/>\n<meta property=\"og:image\" content=\"https:\/\/www.notibras.com\/site\/wp-content\/uploads\/2023\/05\/mg_7336.jpg\" \/>\n\t<meta property=\"og:image:width\" content=\"1170\" \/>\n\t<meta property=\"og:image:height\" content=\"700\" \/>\n\t<meta property=\"og:image:type\" content=\"image\/jpeg\" \/>\n<meta name=\"author\" content=\"Reda\u00e7\u00e3o\" \/>\n<meta name=\"twitter:card\" content=\"summary_large_image\" \/>\n<meta name=\"twitter:creator\" content=\"@Notibras\" \/>\n<meta name=\"twitter:site\" content=\"@Notibras\" \/>\n<meta name=\"twitter:label1\" content=\"Escrito por\" \/>\n\t<meta name=\"twitter:data1\" content=\"Reda\u00e7\u00e3o\" \/>\n\t<meta name=\"twitter:label2\" content=\"Est. tempo de leitura\" \/>\n\t<meta name=\"twitter:data2\" content=\"5 minutos\" \/>\n<script type=\"application\/ld+json\" class=\"yoast-schema-graph\">{\"@context\":\"https:\/\/schema.org\",\"@graph\":[{\"@type\":\"Article\",\"@id\":\"https:\/\/www.notibras.com\/site\/denuncias-de-racismo-mostram-ambiente-hostil-a-negros\/#article\",\"isPartOf\":{\"@id\":\"https:\/\/www.notibras.com\/site\/denuncias-de-racismo-mostram-ambiente-hostil-a-negros\/\"},\"author\":{\"name\":\"Reda\u00e7\u00e3o\",\"@id\":\"https:\/\/www.notibras.com\/site\/#\/schema\/person\/36ab0979449956132d3e5b517ea76ac8\"},\"headline\":\"Den\u00fancias de racismo mostram ambiente hostil a negros\",\"datePublished\":\"2023-05-12T03:00:28+00:00\",\"dateModified\":\"2023-05-12T12:55:01+00:00\",\"mainEntityOfPage\":{\"@id\":\"https:\/\/www.notibras.com\/site\/denuncias-de-racismo-mostram-ambiente-hostil-a-negros\/\"},\"wordCount\":895,\"publisher\":{\"@id\":\"https:\/\/www.notibras.com\/site\/#organization\"},\"image\":{\"@id\":\"https:\/\/www.notibras.com\/site\/denuncias-de-racismo-mostram-ambiente-hostil-a-negros\/#primaryimage\"},\"thumbnailUrl\":\"https:\/\/www.notibras.com\/site\/wp-content\/uploads\/2023\/05\/mg_7336.jpg\",\"articleSection\":[\"Quadradinho em Foco\"],\"inLanguage\":\"pt-BR\"},{\"@type\":\"WebPage\",\"@id\":\"https:\/\/www.notibras.com\/site\/denuncias-de-racismo-mostram-ambiente-hostil-a-negros\/\",\"url\":\"https:\/\/www.notibras.com\/site\/denuncias-de-racismo-mostram-ambiente-hostil-a-negros\/\",\"name\":\"Den\u00fancias de racismo mostram ambiente hostil a negros - Notibras\",\"isPartOf\":{\"@id\":\"https:\/\/www.notibras.com\/site\/#website\"},\"primaryImageOfPage\":{\"@id\":\"https:\/\/www.notibras.com\/site\/denuncias-de-racismo-mostram-ambiente-hostil-a-negros\/#primaryimage\"},\"image\":{\"@id\":\"https:\/\/www.notibras.com\/site\/denuncias-de-racismo-mostram-ambiente-hostil-a-negros\/#primaryimage\"},\"thumbnailUrl\":\"https:\/\/www.notibras.com\/site\/wp-content\/uploads\/2023\/05\/mg_7336.jpg\",\"datePublished\":\"2023-05-12T03:00:28+00:00\",\"dateModified\":\"2023-05-12T12:55:01+00:00\",\"breadcrumb\":{\"@id\":\"https:\/\/www.notibras.com\/site\/denuncias-de-racismo-mostram-ambiente-hostil-a-negros\/#breadcrumb\"},\"inLanguage\":\"pt-BR\",\"potentialAction\":[{\"@type\":\"ReadAction\",\"target\":[\"https:\/\/www.notibras.com\/site\/denuncias-de-racismo-mostram-ambiente-hostil-a-negros\/\"]}]},{\"@type\":\"ImageObject\",\"inLanguage\":\"pt-BR\",\"@id\":\"https:\/\/www.notibras.com\/site\/denuncias-de-racismo-mostram-ambiente-hostil-a-negros\/#primaryimage\",\"url\":\"https:\/\/www.notibras.com\/site\/wp-content\/uploads\/2023\/05\/mg_7336.jpg\",\"contentUrl\":\"https:\/\/www.notibras.com\/site\/wp-content\/uploads\/2023\/05\/mg_7336.jpg\",\"width\":1170,\"height\":700},{\"@type\":\"BreadcrumbList\",\"@id\":\"https:\/\/www.notibras.com\/site\/denuncias-de-racismo-mostram-ambiente-hostil-a-negros\/#breadcrumb\",\"itemListElement\":[{\"@type\":\"ListItem\",\"position\":1,\"name\":\"In\u00edcio\",\"item\":\"https:\/\/www.notibras.com\/site\/\"},{\"@type\":\"ListItem\",\"position\":2,\"name\":\"Den\u00fancias de racismo mostram ambiente hostil a negros\"}]},{\"@type\":\"WebSite\",\"@id\":\"https:\/\/www.notibras.com\/site\/#website\",\"url\":\"https:\/\/www.notibras.com\/site\/\",\"name\":\"Notibras\",\"description\":\"Not\u00edcias de Bras\u00edlia, do Brasil e do Mundo\",\"publisher\":{\"@id\":\"https:\/\/www.notibras.com\/site\/#organization\"},\"potentialAction\":[{\"@type\":\"SearchAction\",\"target\":{\"@type\":\"EntryPoint\",\"urlTemplate\":\"https:\/\/www.notibras.com\/site\/?s={search_term_string}\"},\"query-input\":{\"@type\":\"PropertyValueSpecification\",\"valueRequired\":true,\"valueName\":\"search_term_string\"}}],\"inLanguage\":\"pt-BR\"},{\"@type\":\"Organization\",\"@id\":\"https:\/\/www.notibras.com\/site\/#organization\",\"name\":\"Grupo Notibras de Comunica\u00e7\u00e3o\",\"url\":\"https:\/\/www.notibras.com\/site\/\",\"logo\":{\"@type\":\"ImageObject\",\"inLanguage\":\"pt-BR\",\"@id\":\"https:\/\/www.notibras.com\/site\/#\/schema\/logo\/image\/\",\"url\":\"https:\/\/www.notibras.com\/site\/wp-content\/uploads\/2023\/01\/notibras23.png\",\"contentUrl\":\"https:\/\/www.notibras.com\/site\/wp-content\/uploads\/2023\/01\/notibras23.png\",\"width\":350,\"height\":87,\"caption\":\"Grupo Notibras de Comunica\u00e7\u00e3o\"},\"image\":{\"@id\":\"https:\/\/www.notibras.com\/site\/#\/schema\/logo\/image\/\"},\"sameAs\":[\"https:\/\/www.facebook.com\/notibras\/\",\"https:\/\/x.com\/Notibras\",\"https:\/\/www.instagram.com\/notibras\/\"]},{\"@type\":\"Person\",\"@id\":\"https:\/\/www.notibras.com\/site\/#\/schema\/person\/36ab0979449956132d3e5b517ea76ac8\",\"name\":\"Reda\u00e7\u00e3o\",\"image\":{\"@type\":\"ImageObject\",\"inLanguage\":\"pt-BR\",\"@id\":\"https:\/\/secure.gravatar.com\/avatar\/e0a867bdedb85fd243eadf09663511f96fc81e0720a4a42581f334ad4303aa6b?s=96&d=mm&r=g\",\"url\":\"https:\/\/secure.gravatar.com\/avatar\/e0a867bdedb85fd243eadf09663511f96fc81e0720a4a42581f334ad4303aa6b?s=96&d=mm&r=g\",\"contentUrl\":\"https:\/\/secure.gravatar.com\/avatar\/e0a867bdedb85fd243eadf09663511f96fc81e0720a4a42581f334ad4303aa6b?s=96&d=mm&r=g\",\"caption\":\"Reda\u00e7\u00e3o\"}}]}<\/script>\n<!-- \/ Yoast SEO plugin. -->","yoast_head_json":{"title":"Den\u00fancias de racismo mostram ambiente hostil a negros - Notibras","robots":{"index":"index","follow":"follow","max-snippet":"max-snippet:-1","max-image-preview":"max-image-preview:large","max-video-preview":"max-video-preview:-1"},"canonical":"https:\/\/www.notibras.com\/site\/denuncias-de-racismo-mostram-ambiente-hostil-a-negros\/","og_locale":"pt_BR","og_type":"article","og_title":"Den\u00fancias de racismo mostram ambiente hostil a negros - Notibras","og_description":"O ambiente com poucas pessoas negras e os sistemas de barreiras e controles dos aeroportos explicitam o racismo nesses locais, na avalia\u00e7\u00e3o dos especialistas ouvidos pela Ag\u00eancia Brasil. O deputado estadual Renato Freitas (PT-PR) denunciou ter sido v\u00edtima de racismo durante abordagem policial no embarque de um voo para Foz do Igua\u00e7u (PR). No fim [&hellip;]","og_url":"https:\/\/www.notibras.com\/site\/denuncias-de-racismo-mostram-ambiente-hostil-a-negros\/","og_site_name":"Notibras","article_publisher":"https:\/\/www.facebook.com\/notibras\/","article_published_time":"2023-05-12T03:00:28+00:00","article_modified_time":"2023-05-12T12:55:01+00:00","og_image":[{"width":1170,"height":700,"url":"https:\/\/www.notibras.com\/site\/wp-content\/uploads\/2023\/05\/mg_7336.jpg","type":"image\/jpeg"}],"author":"Reda\u00e7\u00e3o","twitter_card":"summary_large_image","twitter_creator":"@Notibras","twitter_site":"@Notibras","twitter_misc":{"Escrito por":"Reda\u00e7\u00e3o","Est. tempo de leitura":"5 minutos"},"schema":{"@context":"https:\/\/schema.org","@graph":[{"@type":"Article","@id":"https:\/\/www.notibras.com\/site\/denuncias-de-racismo-mostram-ambiente-hostil-a-negros\/#article","isPartOf":{"@id":"https:\/\/www.notibras.com\/site\/denuncias-de-racismo-mostram-ambiente-hostil-a-negros\/"},"author":{"name":"Reda\u00e7\u00e3o","@id":"https:\/\/www.notibras.com\/site\/#\/schema\/person\/36ab0979449956132d3e5b517ea76ac8"},"headline":"Den\u00fancias de racismo mostram ambiente hostil a negros","datePublished":"2023-05-12T03:00:28+00:00","dateModified":"2023-05-12T12:55:01+00:00","mainEntityOfPage":{"@id":"https:\/\/www.notibras.com\/site\/denuncias-de-racismo-mostram-ambiente-hostil-a-negros\/"},"wordCount":895,"publisher":{"@id":"https:\/\/www.notibras.com\/site\/#organization"},"image":{"@id":"https:\/\/www.notibras.com\/site\/denuncias-de-racismo-mostram-ambiente-hostil-a-negros\/#primaryimage"},"thumbnailUrl":"https:\/\/www.notibras.com\/site\/wp-content\/uploads\/2023\/05\/mg_7336.jpg","articleSection":["Quadradinho em Foco"],"inLanguage":"pt-BR"},{"@type":"WebPage","@id":"https:\/\/www.notibras.com\/site\/denuncias-de-racismo-mostram-ambiente-hostil-a-negros\/","url":"https:\/\/www.notibras.com\/site\/denuncias-de-racismo-mostram-ambiente-hostil-a-negros\/","name":"Den\u00fancias de racismo mostram ambiente hostil a negros - Notibras","isPartOf":{"@id":"https:\/\/www.notibras.com\/site\/#website"},"primaryImageOfPage":{"@id":"https:\/\/www.notibras.com\/site\/denuncias-de-racismo-mostram-ambiente-hostil-a-negros\/#primaryimage"},"image":{"@id":"https:\/\/www.notibras.com\/site\/denuncias-de-racismo-mostram-ambiente-hostil-a-negros\/#primaryimage"},"thumbnailUrl":"https:\/\/www.notibras.com\/site\/wp-content\/uploads\/2023\/05\/mg_7336.jpg","datePublished":"2023-05-12T03:00:28+00:00","dateModified":"2023-05-12T12:55:01+00:00","breadcrumb":{"@id":"https:\/\/www.notibras.com\/site\/denuncias-de-racismo-mostram-ambiente-hostil-a-negros\/#breadcrumb"},"inLanguage":"pt-BR","potentialAction":[{"@type":"ReadAction","target":["https:\/\/www.notibras.com\/site\/denuncias-de-racismo-mostram-ambiente-hostil-a-negros\/"]}]},{"@type":"ImageObject","inLanguage":"pt-BR","@id":"https:\/\/www.notibras.com\/site\/denuncias-de-racismo-mostram-ambiente-hostil-a-negros\/#primaryimage","url":"https:\/\/www.notibras.com\/site\/wp-content\/uploads\/2023\/05\/mg_7336.jpg","contentUrl":"https:\/\/www.notibras.com\/site\/wp-content\/uploads\/2023\/05\/mg_7336.jpg","width":1170,"height":700},{"@type":"BreadcrumbList","@id":"https:\/\/www.notibras.com\/site\/denuncias-de-racismo-mostram-ambiente-hostil-a-negros\/#breadcrumb","itemListElement":[{"@type":"ListItem","position":1,"name":"In\u00edcio","item":"https:\/\/www.notibras.com\/site\/"},{"@type":"ListItem","position":2,"name":"Den\u00fancias de racismo mostram ambiente hostil a negros"}]},{"@type":"WebSite","@id":"https:\/\/www.notibras.com\/site\/#website","url":"https:\/\/www.notibras.com\/site\/","name":"Notibras","description":"Not\u00edcias de Bras\u00edlia, do Brasil e do Mundo","publisher":{"@id":"https:\/\/www.notibras.com\/site\/#organization"},"potentialAction":[{"@type":"SearchAction","target":{"@type":"EntryPoint","urlTemplate":"https:\/\/www.notibras.com\/site\/?s={search_term_string}"},"query-input":{"@type":"PropertyValueSpecification","valueRequired":true,"valueName":"search_term_string"}}],"inLanguage":"pt-BR"},{"@type":"Organization","@id":"https:\/\/www.notibras.com\/site\/#organization","name":"Grupo Notibras de Comunica\u00e7\u00e3o","url":"https:\/\/www.notibras.com\/site\/","logo":{"@type":"ImageObject","inLanguage":"pt-BR","@id":"https:\/\/www.notibras.com\/site\/#\/schema\/logo\/image\/","url":"https:\/\/www.notibras.com\/site\/wp-content\/uploads\/2023\/01\/notibras23.png","contentUrl":"https:\/\/www.notibras.com\/site\/wp-content\/uploads\/2023\/01\/notibras23.png","width":350,"height":87,"caption":"Grupo Notibras de Comunica\u00e7\u00e3o"},"image":{"@id":"https:\/\/www.notibras.com\/site\/#\/schema\/logo\/image\/"},"sameAs":["https:\/\/www.facebook.com\/notibras\/","https:\/\/x.com\/Notibras","https:\/\/www.instagram.com\/notibras\/"]},{"@type":"Person","@id":"https:\/\/www.notibras.com\/site\/#\/schema\/person\/36ab0979449956132d3e5b517ea76ac8","name":"Reda\u00e7\u00e3o","image":{"@type":"ImageObject","inLanguage":"pt-BR","@id":"https:\/\/secure.gravatar.com\/avatar\/e0a867bdedb85fd243eadf09663511f96fc81e0720a4a42581f334ad4303aa6b?s=96&d=mm&r=g","url":"https:\/\/secure.gravatar.com\/avatar\/e0a867bdedb85fd243eadf09663511f96fc81e0720a4a42581f334ad4303aa6b?s=96&d=mm&r=g","contentUrl":"https:\/\/secure.gravatar.com\/avatar\/e0a867bdedb85fd243eadf09663511f96fc81e0720a4a42581f334ad4303aa6b?s=96&d=mm&r=g","caption":"Reda\u00e7\u00e3o"}}]}},"amp_enabled":true,"_links":{"self":[{"href":"https:\/\/www.notibras.com\/site\/wp-json\/wp\/v2\/posts\/304729","targetHints":{"allow":["GET"]}}],"collection":[{"href":"https:\/\/www.notibras.com\/site\/wp-json\/wp\/v2\/posts"}],"about":[{"href":"https:\/\/www.notibras.com\/site\/wp-json\/wp\/v2\/types\/post"}],"author":[{"embeddable":true,"href":"https:\/\/www.notibras.com\/site\/wp-json\/wp\/v2\/users\/2"}],"replies":[{"embeddable":true,"href":"https:\/\/www.notibras.com\/site\/wp-json\/wp\/v2\/comments?post=304729"}],"version-history":[{"count":1,"href":"https:\/\/www.notibras.com\/site\/wp-json\/wp\/v2\/posts\/304729\/revisions"}],"predecessor-version":[{"id":304731,"href":"https:\/\/www.notibras.com\/site\/wp-json\/wp\/v2\/posts\/304729\/revisions\/304731"}],"wp:featuredmedia":[{"embeddable":true,"href":"https:\/\/www.notibras.com\/site\/wp-json\/wp\/v2\/media\/304730"}],"wp:attachment":[{"href":"https:\/\/www.notibras.com\/site\/wp-json\/wp\/v2\/media?parent=304729"}],"wp:term":[{"taxonomy":"category","embeddable":true,"href":"https:\/\/www.notibras.com\/site\/wp-json\/wp\/v2\/categories?post=304729"},{"taxonomy":"post_tag","embeddable":true,"href":"https:\/\/www.notibras.com\/site\/wp-json\/wp\/v2\/tags?post=304729"}],"curies":[{"name":"wp","href":"https:\/\/api.w.org\/{rel}","templated":true}]}}