{"id":304732,"date":"2023-05-12T00:59:51","date_gmt":"2023-05-12T03:59:51","guid":{"rendered":"https:\/\/www.notibras.com\/site\/?p=304732"},"modified":"2023-05-12T10:01:52","modified_gmt":"2023-05-12T13:01:52","slug":"pf-busca-provas-contra-financiadores-de-atos-golpistas","status":"publish","type":"post","link":"https:\/\/www.notibras.com\/site\/pf-busca-provas-contra-financiadores-de-atos-golpistas\/","title":{"rendered":"PF busca provas contra financiadores de atos golpistas"},"content":{"rendered":"<p>A Pol\u00edcia Federal (PF) deflagrou a 11\u00aa fase da Opera\u00e7\u00e3o Lesa P\u00e1tria. O objetivo \u00e9 identificar pessoas que financiaram e fomentaram os atos de 8 de janeiro, quando o Pal\u00e1cio do Planalto, o Congresso Nacional e o Supremo Tribunal Federal (STF) foram invadidos e depredados.<\/p>\n<p>Foram cumpridos 22 mandados de busca e apreens\u00e3o, expedidos pelo STF, em S\u00e3o Paulo, no Mato Grosso do Sul e no Paran\u00e1. Foi determinado tamb\u00e9m o bloqueio de bens, ativos e valores dos investigados at\u00e9 o limite de R$ 40 milh\u00f5es para cobertura e ressarcimento dos danos causados ao patrim\u00f4nio p\u00fablico.<\/p>\n<p>\u201cOs fatos investigados constituem, em tese, os crimes de aboli\u00e7\u00e3o violenta do Estado Democr\u00e1tico de Direito, golpe de Estado, dano qualificado, associa\u00e7\u00e3o criminosa, incita\u00e7\u00e3o ao crime, destrui\u00e7\u00e3o e deteriora\u00e7\u00e3o ou inutiliza\u00e7\u00e3o de bem especialmente protegido\u201d, destacou a PF em nota.<\/p>\n<p>Ainda de acordo com a corpora\u00e7\u00e3o, as investiga\u00e7\u00f5es continuam em curso e a Opera\u00e7\u00e3o Lesa P\u00e1tria se tornou permanente, com atualiza\u00e7\u00f5es peri\u00f3dicas acerca do n\u00famero de mandados judiciais expedidos, pessoas capturadas e foragidas.<\/p>\n","protected":false},"excerpt":{"rendered":"<p>A Pol\u00edcia Federal (PF) deflagrou a 11\u00aa fase da Opera\u00e7\u00e3o Lesa P\u00e1tria. O objetivo \u00e9 identificar pessoas que financiaram e fomentaram os atos de 8 de janeiro, quando o Pal\u00e1cio do Planalto, o Congresso Nacional e o Supremo Tribunal Federal (STF) foram invadidos e depredados. Foram cumpridos 22 mandados de busca e apreens\u00e3o, expedidos pelo [&hellip;]<\/p>\n","protected":false},"author":2,"featured_media":304733,"comment_status":"closed","ping_status":"closed","sticky":false,"template":"","format":"standard","meta":{"_acf_changed":false,"footnotes":""},"categories":[161],"tags":[],"class_list":["post-304732","post","type-post","status-publish","format-standard","has-post-thumbnail","hentry","category-quadradinho-em-foco"],"acf":[],"yoast_head":"<!-- This site is optimized with the Yoast SEO plugin v27.2 - https:\/\/yoast.com\/product\/yoast-seo-wordpress\/ -->\n<title>PF busca provas contra financiadores de atos golpistas - Notibras<\/title>\n<meta name=\"robots\" content=\"index, follow, max-snippet:-1, max-image-preview:large, max-video-preview:-1\" \/>\n<link rel=\"canonical\" href=\"https:\/\/www.notibras.com\/site\/pf-busca-provas-contra-financiadores-de-atos-golpistas\/\" \/>\n<meta property=\"og:locale\" content=\"pt_BR\" \/>\n<meta property=\"og:type\" content=\"article\" \/>\n<meta property=\"og:title\" content=\"PF busca provas contra financiadores de atos golpistas - Notibras\" \/>\n<meta property=\"og:description\" content=\"A Pol\u00edcia Federal (PF) deflagrou a 11\u00aa fase da Opera\u00e7\u00e3o Lesa P\u00e1tria. O objetivo \u00e9 identificar pessoas que financiaram e fomentaram os atos de 8 de janeiro, quando o Pal\u00e1cio do Planalto, o Congresso Nacional e o Supremo Tribunal Federal (STF) foram invadidos e depredados. Foram cumpridos 22 mandados de busca e apreens\u00e3o, expedidos pelo [&hellip;]\" \/>\n<meta property=\"og:url\" content=\"https:\/\/www.notibras.com\/site\/pf-busca-provas-contra-financiadores-de-atos-golpistas\/\" \/>\n<meta property=\"og:site_name\" content=\"Notibras\" \/>\n<meta property=\"article:publisher\" content=\"https:\/\/www.facebook.com\/notibras\/\" \/>\n<meta property=\"article:published_time\" content=\"2023-05-12T03:59:51+00:00\" \/>\n<meta property=\"article:modified_time\" content=\"2023-05-12T13:01:52+00:00\" \/>\n<meta property=\"og:image\" content=\"https:\/\/www.notibras.com\/site\/wp-content\/uploads\/2023\/05\/disturbios_antidemocraticos_supremo_tribunal_federal_vac_abr_1001233731-1.jpg\" \/>\n\t<meta property=\"og:image:width\" content=\"1170\" \/>\n\t<meta property=\"og:image:height\" content=\"700\" \/>\n\t<meta property=\"og:image:type\" content=\"image\/jpeg\" \/>\n<meta name=\"author\" content=\"Reda\u00e7\u00e3o\" \/>\n<meta name=\"twitter:card\" content=\"summary_large_image\" \/>\n<meta name=\"twitter:creator\" content=\"@Notibras\" \/>\n<meta name=\"twitter:site\" content=\"@Notibras\" \/>\n<meta name=\"twitter:label1\" content=\"Escrito por\" \/>\n\t<meta name=\"twitter:data1\" content=\"Reda\u00e7\u00e3o\" \/>\n\t<meta name=\"twitter:label2\" content=\"Est. tempo de leitura\" \/>\n\t<meta name=\"twitter:data2\" content=\"1 minuto\" \/>\n<script type=\"application\/ld+json\" class=\"yoast-schema-graph\">{\"@context\":\"https:\/\/schema.org\",\"@graph\":[{\"@type\":\"Article\",\"@id\":\"https:\/\/www.notibras.com\/site\/pf-busca-provas-contra-financiadores-de-atos-golpistas\/#article\",\"isPartOf\":{\"@id\":\"https:\/\/www.notibras.com\/site\/pf-busca-provas-contra-financiadores-de-atos-golpistas\/\"},\"author\":{\"name\":\"Reda\u00e7\u00e3o\",\"@id\":\"https:\/\/www.notibras.com\/site\/#\/schema\/person\/36ab0979449956132d3e5b517ea76ac8\"},\"headline\":\"PF busca provas contra financiadores de atos golpistas\",\"datePublished\":\"2023-05-12T03:59:51+00:00\",\"dateModified\":\"2023-05-12T13:01:52+00:00\",\"mainEntityOfPage\":{\"@id\":\"https:\/\/www.notibras.com\/site\/pf-busca-provas-contra-financiadores-de-atos-golpistas\/\"},\"wordCount\":196,\"publisher\":{\"@id\":\"https:\/\/www.notibras.com\/site\/#organization\"},\"image\":{\"@id\":\"https:\/\/www.notibras.com\/site\/pf-busca-provas-contra-financiadores-de-atos-golpistas\/#primaryimage\"},\"thumbnailUrl\":\"https:\/\/www.notibras.com\/site\/wp-content\/uploads\/2023\/05\/disturbios_antidemocraticos_supremo_tribunal_federal_vac_abr_1001233731-1.jpg\",\"articleSection\":[\"Quadradinho em Foco\"],\"inLanguage\":\"pt-BR\"},{\"@type\":\"WebPage\",\"@id\":\"https:\/\/www.notibras.com\/site\/pf-busca-provas-contra-financiadores-de-atos-golpistas\/\",\"url\":\"https:\/\/www.notibras.com\/site\/pf-busca-provas-contra-financiadores-de-atos-golpistas\/\",\"name\":\"PF busca provas contra financiadores de atos golpistas - Notibras\",\"isPartOf\":{\"@id\":\"https:\/\/www.notibras.com\/site\/#website\"},\"primaryImageOfPage\":{\"@id\":\"https:\/\/www.notibras.com\/site\/pf-busca-provas-contra-financiadores-de-atos-golpistas\/#primaryimage\"},\"image\":{\"@id\":\"https:\/\/www.notibras.com\/site\/pf-busca-provas-contra-financiadores-de-atos-golpistas\/#primaryimage\"},\"thumbnailUrl\":\"https:\/\/www.notibras.com\/site\/wp-content\/uploads\/2023\/05\/disturbios_antidemocraticos_supremo_tribunal_federal_vac_abr_1001233731-1.jpg\",\"datePublished\":\"2023-05-12T03:59:51+00:00\",\"dateModified\":\"2023-05-12T13:01:52+00:00\",\"breadcrumb\":{\"@id\":\"https:\/\/www.notibras.com\/site\/pf-busca-provas-contra-financiadores-de-atos-golpistas\/#breadcrumb\"},\"inLanguage\":\"pt-BR\",\"potentialAction\":[{\"@type\":\"ReadAction\",\"target\":[\"https:\/\/www.notibras.com\/site\/pf-busca-provas-contra-financiadores-de-atos-golpistas\/\"]}]},{\"@type\":\"ImageObject\",\"inLanguage\":\"pt-BR\",\"@id\":\"https:\/\/www.notibras.com\/site\/pf-busca-provas-contra-financiadores-de-atos-golpistas\/#primaryimage\",\"url\":\"https:\/\/www.notibras.com\/site\/wp-content\/uploads\/2023\/05\/disturbios_antidemocraticos_supremo_tribunal_federal_vac_abr_1001233731-1.jpg\",\"contentUrl\":\"https:\/\/www.notibras.com\/site\/wp-content\/uploads\/2023\/05\/disturbios_antidemocraticos_supremo_tribunal_federal_vac_abr_1001233731-1.jpg\",\"width\":1170,\"height\":700,\"caption\":\"Pal\u00e1cio do Supremo Tribunal Federal destru\u00eddo, ap\u00f3s dist\u00farbios antidemocr\u00e1ticos no ultimo domingo\"},{\"@type\":\"BreadcrumbList\",\"@id\":\"https:\/\/www.notibras.com\/site\/pf-busca-provas-contra-financiadores-de-atos-golpistas\/#breadcrumb\",\"itemListElement\":[{\"@type\":\"ListItem\",\"position\":1,\"name\":\"In\u00edcio\",\"item\":\"https:\/\/www.notibras.com\/site\/\"},{\"@type\":\"ListItem\",\"position\":2,\"name\":\"PF busca provas contra financiadores de atos golpistas\"}]},{\"@type\":\"WebSite\",\"@id\":\"https:\/\/www.notibras.com\/site\/#website\",\"url\":\"https:\/\/www.notibras.com\/site\/\",\"name\":\"Notibras\",\"description\":\"Not\u00edcias de Bras\u00edlia, do Brasil e do Mundo\",\"publisher\":{\"@id\":\"https:\/\/www.notibras.com\/site\/#organization\"},\"potentialAction\":[{\"@type\":\"SearchAction\",\"target\":{\"@type\":\"EntryPoint\",\"urlTemplate\":\"https:\/\/www.notibras.com\/site\/?s={search_term_string}\"},\"query-input\":{\"@type\":\"PropertyValueSpecification\",\"valueRequired\":true,\"valueName\":\"search_term_string\"}}],\"inLanguage\":\"pt-BR\"},{\"@type\":\"Organization\",\"@id\":\"https:\/\/www.notibras.com\/site\/#organization\",\"name\":\"Grupo Notibras de Comunica\u00e7\u00e3o\",\"url\":\"https:\/\/www.notibras.com\/site\/\",\"logo\":{\"@type\":\"ImageObject\",\"inLanguage\":\"pt-BR\",\"@id\":\"https:\/\/www.notibras.com\/site\/#\/schema\/logo\/image\/\",\"url\":\"https:\/\/www.notibras.com\/site\/wp-content\/uploads\/2023\/01\/notibras23.png\",\"contentUrl\":\"https:\/\/www.notibras.com\/site\/wp-content\/uploads\/2023\/01\/notibras23.png\",\"width\":350,\"height\":87,\"caption\":\"Grupo Notibras de Comunica\u00e7\u00e3o\"},\"image\":{\"@id\":\"https:\/\/www.notibras.com\/site\/#\/schema\/logo\/image\/\"},\"sameAs\":[\"https:\/\/www.facebook.com\/notibras\/\",\"https:\/\/x.com\/Notibras\",\"https:\/\/www.instagram.com\/notibras\/\"]},{\"@type\":\"Person\",\"@id\":\"https:\/\/www.notibras.com\/site\/#\/schema\/person\/36ab0979449956132d3e5b517ea76ac8\",\"name\":\"Reda\u00e7\u00e3o\",\"image\":{\"@type\":\"ImageObject\",\"inLanguage\":\"pt-BR\",\"@id\":\"https:\/\/secure.gravatar.com\/avatar\/e0a867bdedb85fd243eadf09663511f96fc81e0720a4a42581f334ad4303aa6b?s=96&d=mm&r=g\",\"url\":\"https:\/\/secure.gravatar.com\/avatar\/e0a867bdedb85fd243eadf09663511f96fc81e0720a4a42581f334ad4303aa6b?s=96&d=mm&r=g\",\"contentUrl\":\"https:\/\/secure.gravatar.com\/avatar\/e0a867bdedb85fd243eadf09663511f96fc81e0720a4a42581f334ad4303aa6b?s=96&d=mm&r=g\",\"caption\":\"Reda\u00e7\u00e3o\"}}]}<\/script>\n<!-- \/ Yoast SEO plugin. -->","yoast_head_json":{"title":"PF busca provas contra financiadores de atos golpistas - Notibras","robots":{"index":"index","follow":"follow","max-snippet":"max-snippet:-1","max-image-preview":"max-image-preview:large","max-video-preview":"max-video-preview:-1"},"canonical":"https:\/\/www.notibras.com\/site\/pf-busca-provas-contra-financiadores-de-atos-golpistas\/","og_locale":"pt_BR","og_type":"article","og_title":"PF busca provas contra financiadores de atos golpistas - Notibras","og_description":"A Pol\u00edcia Federal (PF) deflagrou a 11\u00aa fase da Opera\u00e7\u00e3o Lesa P\u00e1tria. O objetivo \u00e9 identificar pessoas que financiaram e fomentaram os atos de 8 de janeiro, quando o Pal\u00e1cio do Planalto, o Congresso Nacional e o Supremo Tribunal Federal (STF) foram invadidos e depredados. Foram cumpridos 22 mandados de busca e apreens\u00e3o, expedidos pelo [&hellip;]","og_url":"https:\/\/www.notibras.com\/site\/pf-busca-provas-contra-financiadores-de-atos-golpistas\/","og_site_name":"Notibras","article_publisher":"https:\/\/www.facebook.com\/notibras\/","article_published_time":"2023-05-12T03:59:51+00:00","article_modified_time":"2023-05-12T13:01:52+00:00","og_image":[{"width":1170,"height":700,"url":"https:\/\/www.notibras.com\/site\/wp-content\/uploads\/2023\/05\/disturbios_antidemocraticos_supremo_tribunal_federal_vac_abr_1001233731-1.jpg","type":"image\/jpeg"}],"author":"Reda\u00e7\u00e3o","twitter_card":"summary_large_image","twitter_creator":"@Notibras","twitter_site":"@Notibras","twitter_misc":{"Escrito por":"Reda\u00e7\u00e3o","Est. tempo de leitura":"1 minuto"},"schema":{"@context":"https:\/\/schema.org","@graph":[{"@type":"Article","@id":"https:\/\/www.notibras.com\/site\/pf-busca-provas-contra-financiadores-de-atos-golpistas\/#article","isPartOf":{"@id":"https:\/\/www.notibras.com\/site\/pf-busca-provas-contra-financiadores-de-atos-golpistas\/"},"author":{"name":"Reda\u00e7\u00e3o","@id":"https:\/\/www.notibras.com\/site\/#\/schema\/person\/36ab0979449956132d3e5b517ea76ac8"},"headline":"PF busca provas contra financiadores de atos golpistas","datePublished":"2023-05-12T03:59:51+00:00","dateModified":"2023-05-12T13:01:52+00:00","mainEntityOfPage":{"@id":"https:\/\/www.notibras.com\/site\/pf-busca-provas-contra-financiadores-de-atos-golpistas\/"},"wordCount":196,"publisher":{"@id":"https:\/\/www.notibras.com\/site\/#organization"},"image":{"@id":"https:\/\/www.notibras.com\/site\/pf-busca-provas-contra-financiadores-de-atos-golpistas\/#primaryimage"},"thumbnailUrl":"https:\/\/www.notibras.com\/site\/wp-content\/uploads\/2023\/05\/disturbios_antidemocraticos_supremo_tribunal_federal_vac_abr_1001233731-1.jpg","articleSection":["Quadradinho em Foco"],"inLanguage":"pt-BR"},{"@type":"WebPage","@id":"https:\/\/www.notibras.com\/site\/pf-busca-provas-contra-financiadores-de-atos-golpistas\/","url":"https:\/\/www.notibras.com\/site\/pf-busca-provas-contra-financiadores-de-atos-golpistas\/","name":"PF busca provas contra financiadores de atos golpistas - Notibras","isPartOf":{"@id":"https:\/\/www.notibras.com\/site\/#website"},"primaryImageOfPage":{"@id":"https:\/\/www.notibras.com\/site\/pf-busca-provas-contra-financiadores-de-atos-golpistas\/#primaryimage"},"image":{"@id":"https:\/\/www.notibras.com\/site\/pf-busca-provas-contra-financiadores-de-atos-golpistas\/#primaryimage"},"thumbnailUrl":"https:\/\/www.notibras.com\/site\/wp-content\/uploads\/2023\/05\/disturbios_antidemocraticos_supremo_tribunal_federal_vac_abr_1001233731-1.jpg","datePublished":"2023-05-12T03:59:51+00:00","dateModified":"2023-05-12T13:01:52+00:00","breadcrumb":{"@id":"https:\/\/www.notibras.com\/site\/pf-busca-provas-contra-financiadores-de-atos-golpistas\/#breadcrumb"},"inLanguage":"pt-BR","potentialAction":[{"@type":"ReadAction","target":["https:\/\/www.notibras.com\/site\/pf-busca-provas-contra-financiadores-de-atos-golpistas\/"]}]},{"@type":"ImageObject","inLanguage":"pt-BR","@id":"https:\/\/www.notibras.com\/site\/pf-busca-provas-contra-financiadores-de-atos-golpistas\/#primaryimage","url":"https:\/\/www.notibras.com\/site\/wp-content\/uploads\/2023\/05\/disturbios_antidemocraticos_supremo_tribunal_federal_vac_abr_1001233731-1.jpg","contentUrl":"https:\/\/www.notibras.com\/site\/wp-content\/uploads\/2023\/05\/disturbios_antidemocraticos_supremo_tribunal_federal_vac_abr_1001233731-1.jpg","width":1170,"height":700,"caption":"Pal\u00e1cio do Supremo Tribunal Federal destru\u00eddo, ap\u00f3s dist\u00farbios antidemocr\u00e1ticos no ultimo domingo"},{"@type":"BreadcrumbList","@id":"https:\/\/www.notibras.com\/site\/pf-busca-provas-contra-financiadores-de-atos-golpistas\/#breadcrumb","itemListElement":[{"@type":"ListItem","position":1,"name":"In\u00edcio","item":"https:\/\/www.notibras.com\/site\/"},{"@type":"ListItem","position":2,"name":"PF busca provas contra financiadores de atos golpistas"}]},{"@type":"WebSite","@id":"https:\/\/www.notibras.com\/site\/#website","url":"https:\/\/www.notibras.com\/site\/","name":"Notibras","description":"Not\u00edcias de Bras\u00edlia, do Brasil e do Mundo","publisher":{"@id":"https:\/\/www.notibras.com\/site\/#organization"},"potentialAction":[{"@type":"SearchAction","target":{"@type":"EntryPoint","urlTemplate":"https:\/\/www.notibras.com\/site\/?s={search_term_string}"},"query-input":{"@type":"PropertyValueSpecification","valueRequired":true,"valueName":"search_term_string"}}],"inLanguage":"pt-BR"},{"@type":"Organization","@id":"https:\/\/www.notibras.com\/site\/#organization","name":"Grupo Notibras de Comunica\u00e7\u00e3o","url":"https:\/\/www.notibras.com\/site\/","logo":{"@type":"ImageObject","inLanguage":"pt-BR","@id":"https:\/\/www.notibras.com\/site\/#\/schema\/logo\/image\/","url":"https:\/\/www.notibras.com\/site\/wp-content\/uploads\/2023\/01\/notibras23.png","contentUrl":"https:\/\/www.notibras.com\/site\/wp-content\/uploads\/2023\/01\/notibras23.png","width":350,"height":87,"caption":"Grupo Notibras de Comunica\u00e7\u00e3o"},"image":{"@id":"https:\/\/www.notibras.com\/site\/#\/schema\/logo\/image\/"},"sameAs":["https:\/\/www.facebook.com\/notibras\/","https:\/\/x.com\/Notibras","https:\/\/www.instagram.com\/notibras\/"]},{"@type":"Person","@id":"https:\/\/www.notibras.com\/site\/#\/schema\/person\/36ab0979449956132d3e5b517ea76ac8","name":"Reda\u00e7\u00e3o","image":{"@type":"ImageObject","inLanguage":"pt-BR","@id":"https:\/\/secure.gravatar.com\/avatar\/e0a867bdedb85fd243eadf09663511f96fc81e0720a4a42581f334ad4303aa6b?s=96&d=mm&r=g","url":"https:\/\/secure.gravatar.com\/avatar\/e0a867bdedb85fd243eadf09663511f96fc81e0720a4a42581f334ad4303aa6b?s=96&d=mm&r=g","contentUrl":"https:\/\/secure.gravatar.com\/avatar\/e0a867bdedb85fd243eadf09663511f96fc81e0720a4a42581f334ad4303aa6b?s=96&d=mm&r=g","caption":"Reda\u00e7\u00e3o"}}]}},"amp_enabled":true,"_links":{"self":[{"href":"https:\/\/www.notibras.com\/site\/wp-json\/wp\/v2\/posts\/304732","targetHints":{"allow":["GET"]}}],"collection":[{"href":"https:\/\/www.notibras.com\/site\/wp-json\/wp\/v2\/posts"}],"about":[{"href":"https:\/\/www.notibras.com\/site\/wp-json\/wp\/v2\/types\/post"}],"author":[{"embeddable":true,"href":"https:\/\/www.notibras.com\/site\/wp-json\/wp\/v2\/users\/2"}],"replies":[{"embeddable":true,"href":"https:\/\/www.notibras.com\/site\/wp-json\/wp\/v2\/comments?post=304732"}],"version-history":[{"count":1,"href":"https:\/\/www.notibras.com\/site\/wp-json\/wp\/v2\/posts\/304732\/revisions"}],"predecessor-version":[{"id":304734,"href":"https:\/\/www.notibras.com\/site\/wp-json\/wp\/v2\/posts\/304732\/revisions\/304734"}],"wp:featuredmedia":[{"embeddable":true,"href":"https:\/\/www.notibras.com\/site\/wp-json\/wp\/v2\/media\/304733"}],"wp:attachment":[{"href":"https:\/\/www.notibras.com\/site\/wp-json\/wp\/v2\/media?parent=304732"}],"wp:term":[{"taxonomy":"category","embeddable":true,"href":"https:\/\/www.notibras.com\/site\/wp-json\/wp\/v2\/categories?post=304732"},{"taxonomy":"post_tag","embeddable":true,"href":"https:\/\/www.notibras.com\/site\/wp-json\/wp\/v2\/tags?post=304732"}],"curies":[{"name":"wp","href":"https:\/\/api.w.org\/{rel}","templated":true}]}}