{"id":304778,"date":"2023-05-13T00:00:47","date_gmt":"2023-05-13T03:00:47","guid":{"rendered":"https:\/\/www.notibras.com\/site\/?p=304778"},"modified":"2023-05-13T09:16:53","modified_gmt":"2023-05-13T12:16:53","slug":"defesa-de-naime-cita-torrer-e-pede-soltura-de-coronel","status":"publish","type":"post","link":"https:\/\/www.notibras.com\/site\/defesa-de-naime-cita-torrer-e-pede-soltura-de-coronel\/","title":{"rendered":"Defesa de Naime cita Torres e pede soltura de coronel"},"content":{"rendered":"<p>O coronel Jorge Eduardo Naime, ex-comandante de Opera\u00e7\u00f5es da Pol\u00edcia Militar do Distrito Federal, pediu nesta sexta-feira (12) para deixar a pris\u00e3o. A solicita\u00e7\u00e3o foi feita ao ministro Alexandre de Moraes, do Supremo Tribunal Federal (STF), ap\u00f3s a soltura do ex-ministro Anderson Torres.<\/p>\n<p>O ex-comandante foi preso por determina\u00e7\u00e3o de Moraes logo ap\u00f3s os atos golpistas de 8 de janeiro, em Bras\u00edlia.<\/p>\n<p>A defesa argumenta que o coronel \u00e9 investigado pelos mesmos fatos que Anderson Torres e n\u00e3o h\u00e1 sentido na manuten\u00e7\u00e3o de sua pris\u00e3o.<\/p>\n<p>&#8220;Todos os policiais militares que supostamente estariam envolvidos nos acontecimentos do dia 8 de janeiro \u00faltimo j\u00e1 foram ouvidos, inexistindo presumida influ\u00eancia que Naime teria sobre os demais. A revoga\u00e7\u00e3o da pris\u00e3o preventiva em nada atrapalharia a lisura das investiga\u00e7\u00f5es e a colheita de prova. Naime possui resid\u00eancia fixa e v\u00ednculo com o Distrito Federal, atuando h\u00e1 d\u00e9cadas de modo exemplar na Pol\u00edcia Militar&#8221;, disse a defesa.<\/p>\n<p><strong>Torres<\/strong><br \/>\nNa quinta (11), Moraes mandou soltar o ex-ministro da Justi\u00e7a e ex-secret\u00e1rio de seguran\u00e7a do DF Anderson Torres. Pela decis\u00e3o, em troca de pris\u00e3o preventiva, Torres dever\u00e1 usar tornozeleira eletr\u00f4nica.<\/p>\n<p>Moraes tamb\u00e9m determinou que o ex-ministro dever\u00e1 cumprir recolhimento domiciliar no per\u00edodo noturno e aos finais de semana. No despacho, o magistrado tamb\u00e9m determinou que Torres est\u00e1 proibido de usar as redes sociais, al\u00e9m de ter cancelado seu porte de armas e proibido a sua comunica\u00e7\u00e3o com os demais investigados.<\/p>\n","protected":false},"excerpt":{"rendered":"<p>O coronel Jorge Eduardo Naime, ex-comandante de Opera\u00e7\u00f5es da Pol\u00edcia Militar do Distrito Federal, pediu nesta sexta-feira (12) para deixar a pris\u00e3o. A solicita\u00e7\u00e3o foi feita ao ministro Alexandre de Moraes, do Supremo Tribunal Federal (STF), ap\u00f3s a soltura do ex-ministro Anderson Torres. O ex-comandante foi preso por determina\u00e7\u00e3o de Moraes logo ap\u00f3s os atos [&hellip;]<\/p>\n","protected":false},"author":2,"featured_media":304779,"comment_status":"closed","ping_status":"closed","sticky":false,"template":"","format":"standard","meta":{"_acf_changed":false,"footnotes":""},"categories":[161],"tags":[95],"class_list":["post-304778","post","type-post","status-publish","format-standard","has-post-thumbnail","hentry","category-quadradinho-em-foco","tag-capa"],"acf":[],"yoast_head":"<!-- This site is optimized with the Yoast SEO plugin v27.2 - https:\/\/yoast.com\/product\/yoast-seo-wordpress\/ -->\n<title>Defesa de Naime cita Torres e pede soltura de coronel - Notibras<\/title>\n<meta name=\"robots\" content=\"index, follow, max-snippet:-1, max-image-preview:large, max-video-preview:-1\" \/>\n<link rel=\"canonical\" href=\"https:\/\/www.notibras.com\/site\/defesa-de-naime-cita-torrer-e-pede-soltura-de-coronel\/\" \/>\n<meta property=\"og:locale\" content=\"pt_BR\" \/>\n<meta property=\"og:type\" content=\"article\" \/>\n<meta property=\"og:title\" content=\"Defesa de Naime cita Torres e pede soltura de coronel - Notibras\" \/>\n<meta property=\"og:description\" content=\"O coronel Jorge Eduardo Naime, ex-comandante de Opera\u00e7\u00f5es da Pol\u00edcia Militar do Distrito Federal, pediu nesta sexta-feira (12) para deixar a pris\u00e3o. A solicita\u00e7\u00e3o foi feita ao ministro Alexandre de Moraes, do Supremo Tribunal Federal (STF), ap\u00f3s a soltura do ex-ministro Anderson Torres. O ex-comandante foi preso por determina\u00e7\u00e3o de Moraes logo ap\u00f3s os atos [&hellip;]\" \/>\n<meta property=\"og:url\" content=\"https:\/\/www.notibras.com\/site\/defesa-de-naime-cita-torrer-e-pede-soltura-de-coronel\/\" \/>\n<meta property=\"og:site_name\" content=\"Notibras\" \/>\n<meta property=\"article:publisher\" content=\"https:\/\/www.facebook.com\/notibras\/\" \/>\n<meta property=\"article:published_time\" content=\"2023-05-13T03:00:47+00:00\" \/>\n<meta property=\"article:modified_time\" content=\"2023-05-13T12:16:53+00:00\" \/>\n<meta property=\"og:image\" content=\"https:\/\/www.notibras.com\/site\/wp-content\/uploads\/2023\/05\/ja_9663.jpg\" \/>\n\t<meta property=\"og:image:width\" content=\"770\" \/>\n\t<meta property=\"og:image:height\" content=\"513\" \/>\n\t<meta property=\"og:image:type\" content=\"image\/jpeg\" \/>\n<meta name=\"author\" content=\"Reda\u00e7\u00e3o\" \/>\n<meta name=\"twitter:card\" content=\"summary_large_image\" \/>\n<meta name=\"twitter:creator\" content=\"@Notibras\" \/>\n<meta name=\"twitter:site\" content=\"@Notibras\" \/>\n<meta name=\"twitter:label1\" content=\"Escrito por\" \/>\n\t<meta name=\"twitter:data1\" content=\"Reda\u00e7\u00e3o\" \/>\n\t<meta name=\"twitter:label2\" content=\"Est. tempo de leitura\" \/>\n\t<meta name=\"twitter:data2\" content=\"2 minutos\" \/>\n<script type=\"application\/ld+json\" class=\"yoast-schema-graph\">{\"@context\":\"https:\/\/schema.org\",\"@graph\":[{\"@type\":\"Article\",\"@id\":\"https:\/\/www.notibras.com\/site\/defesa-de-naime-cita-torrer-e-pede-soltura-de-coronel\/#article\",\"isPartOf\":{\"@id\":\"https:\/\/www.notibras.com\/site\/defesa-de-naime-cita-torrer-e-pede-soltura-de-coronel\/\"},\"author\":{\"name\":\"Reda\u00e7\u00e3o\",\"@id\":\"https:\/\/www.notibras.com\/site\/#\/schema\/person\/36ab0979449956132d3e5b517ea76ac8\"},\"headline\":\"Defesa de Naime cita Torres e pede soltura de coronel\",\"datePublished\":\"2023-05-13T03:00:47+00:00\",\"dateModified\":\"2023-05-13T12:16:53+00:00\",\"mainEntityOfPage\":{\"@id\":\"https:\/\/www.notibras.com\/site\/defesa-de-naime-cita-torrer-e-pede-soltura-de-coronel\/\"},\"wordCount\":268,\"publisher\":{\"@id\":\"https:\/\/www.notibras.com\/site\/#organization\"},\"image\":{\"@id\":\"https:\/\/www.notibras.com\/site\/defesa-de-naime-cita-torrer-e-pede-soltura-de-coronel\/#primaryimage\"},\"thumbnailUrl\":\"https:\/\/www.notibras.com\/site\/wp-content\/uploads\/2023\/05\/ja_9663.jpg\",\"keywords\":[\"capa\"],\"articleSection\":[\"Quadradinho em Foco\"],\"inLanguage\":\"pt-BR\"},{\"@type\":\"WebPage\",\"@id\":\"https:\/\/www.notibras.com\/site\/defesa-de-naime-cita-torrer-e-pede-soltura-de-coronel\/\",\"url\":\"https:\/\/www.notibras.com\/site\/defesa-de-naime-cita-torrer-e-pede-soltura-de-coronel\/\",\"name\":\"Defesa de Naime cita Torres e pede soltura de coronel - Notibras\",\"isPartOf\":{\"@id\":\"https:\/\/www.notibras.com\/site\/#website\"},\"primaryImageOfPage\":{\"@id\":\"https:\/\/www.notibras.com\/site\/defesa-de-naime-cita-torrer-e-pede-soltura-de-coronel\/#primaryimage\"},\"image\":{\"@id\":\"https:\/\/www.notibras.com\/site\/defesa-de-naime-cita-torrer-e-pede-soltura-de-coronel\/#primaryimage\"},\"thumbnailUrl\":\"https:\/\/www.notibras.com\/site\/wp-content\/uploads\/2023\/05\/ja_9663.jpg\",\"datePublished\":\"2023-05-13T03:00:47+00:00\",\"dateModified\":\"2023-05-13T12:16:53+00:00\",\"breadcrumb\":{\"@id\":\"https:\/\/www.notibras.com\/site\/defesa-de-naime-cita-torrer-e-pede-soltura-de-coronel\/#breadcrumb\"},\"inLanguage\":\"pt-BR\",\"potentialAction\":[{\"@type\":\"ReadAction\",\"target\":[\"https:\/\/www.notibras.com\/site\/defesa-de-naime-cita-torrer-e-pede-soltura-de-coronel\/\"]}]},{\"@type\":\"ImageObject\",\"inLanguage\":\"pt-BR\",\"@id\":\"https:\/\/www.notibras.com\/site\/defesa-de-naime-cita-torrer-e-pede-soltura-de-coronel\/#primaryimage\",\"url\":\"https:\/\/www.notibras.com\/site\/wp-content\/uploads\/2023\/05\/ja_9663.jpg\",\"contentUrl\":\"https:\/\/www.notibras.com\/site\/wp-content\/uploads\/2023\/05\/ja_9663.jpg\",\"width\":770,\"height\":513,\"caption\":\"Manifestantes fazem ato contra governo no dia 8 de janeiro 2023\"},{\"@type\":\"BreadcrumbList\",\"@id\":\"https:\/\/www.notibras.com\/site\/defesa-de-naime-cita-torrer-e-pede-soltura-de-coronel\/#breadcrumb\",\"itemListElement\":[{\"@type\":\"ListItem\",\"position\":1,\"name\":\"In\u00edcio\",\"item\":\"https:\/\/www.notibras.com\/site\/\"},{\"@type\":\"ListItem\",\"position\":2,\"name\":\"Defesa de Naime cita Torres e pede soltura de coronel\"}]},{\"@type\":\"WebSite\",\"@id\":\"https:\/\/www.notibras.com\/site\/#website\",\"url\":\"https:\/\/www.notibras.com\/site\/\",\"name\":\"Notibras\",\"description\":\"Not\u00edcias de Bras\u00edlia, do Brasil e do Mundo\",\"publisher\":{\"@id\":\"https:\/\/www.notibras.com\/site\/#organization\"},\"potentialAction\":[{\"@type\":\"SearchAction\",\"target\":{\"@type\":\"EntryPoint\",\"urlTemplate\":\"https:\/\/www.notibras.com\/site\/?s={search_term_string}\"},\"query-input\":{\"@type\":\"PropertyValueSpecification\",\"valueRequired\":true,\"valueName\":\"search_term_string\"}}],\"inLanguage\":\"pt-BR\"},{\"@type\":\"Organization\",\"@id\":\"https:\/\/www.notibras.com\/site\/#organization\",\"name\":\"Grupo Notibras de Comunica\u00e7\u00e3o\",\"url\":\"https:\/\/www.notibras.com\/site\/\",\"logo\":{\"@type\":\"ImageObject\",\"inLanguage\":\"pt-BR\",\"@id\":\"https:\/\/www.notibras.com\/site\/#\/schema\/logo\/image\/\",\"url\":\"https:\/\/www.notibras.com\/site\/wp-content\/uploads\/2023\/01\/notibras23.png\",\"contentUrl\":\"https:\/\/www.notibras.com\/site\/wp-content\/uploads\/2023\/01\/notibras23.png\",\"width\":350,\"height\":87,\"caption\":\"Grupo Notibras de Comunica\u00e7\u00e3o\"},\"image\":{\"@id\":\"https:\/\/www.notibras.com\/site\/#\/schema\/logo\/image\/\"},\"sameAs\":[\"https:\/\/www.facebook.com\/notibras\/\",\"https:\/\/x.com\/Notibras\",\"https:\/\/www.instagram.com\/notibras\/\"]},{\"@type\":\"Person\",\"@id\":\"https:\/\/www.notibras.com\/site\/#\/schema\/person\/36ab0979449956132d3e5b517ea76ac8\",\"name\":\"Reda\u00e7\u00e3o\",\"image\":{\"@type\":\"ImageObject\",\"inLanguage\":\"pt-BR\",\"@id\":\"https:\/\/secure.gravatar.com\/avatar\/e0a867bdedb85fd243eadf09663511f96fc81e0720a4a42581f334ad4303aa6b?s=96&d=mm&r=g\",\"url\":\"https:\/\/secure.gravatar.com\/avatar\/e0a867bdedb85fd243eadf09663511f96fc81e0720a4a42581f334ad4303aa6b?s=96&d=mm&r=g\",\"contentUrl\":\"https:\/\/secure.gravatar.com\/avatar\/e0a867bdedb85fd243eadf09663511f96fc81e0720a4a42581f334ad4303aa6b?s=96&d=mm&r=g\",\"caption\":\"Reda\u00e7\u00e3o\"}}]}<\/script>\n<!-- \/ Yoast SEO plugin. -->","yoast_head_json":{"title":"Defesa de Naime cita Torres e pede soltura de coronel - Notibras","robots":{"index":"index","follow":"follow","max-snippet":"max-snippet:-1","max-image-preview":"max-image-preview:large","max-video-preview":"max-video-preview:-1"},"canonical":"https:\/\/www.notibras.com\/site\/defesa-de-naime-cita-torrer-e-pede-soltura-de-coronel\/","og_locale":"pt_BR","og_type":"article","og_title":"Defesa de Naime cita Torres e pede soltura de coronel - Notibras","og_description":"O coronel Jorge Eduardo Naime, ex-comandante de Opera\u00e7\u00f5es da Pol\u00edcia Militar do Distrito Federal, pediu nesta sexta-feira (12) para deixar a pris\u00e3o. A solicita\u00e7\u00e3o foi feita ao ministro Alexandre de Moraes, do Supremo Tribunal Federal (STF), ap\u00f3s a soltura do ex-ministro Anderson Torres. O ex-comandante foi preso por determina\u00e7\u00e3o de Moraes logo ap\u00f3s os atos [&hellip;]","og_url":"https:\/\/www.notibras.com\/site\/defesa-de-naime-cita-torrer-e-pede-soltura-de-coronel\/","og_site_name":"Notibras","article_publisher":"https:\/\/www.facebook.com\/notibras\/","article_published_time":"2023-05-13T03:00:47+00:00","article_modified_time":"2023-05-13T12:16:53+00:00","og_image":[{"width":770,"height":513,"url":"https:\/\/www.notibras.com\/site\/wp-content\/uploads\/2023\/05\/ja_9663.jpg","type":"image\/jpeg"}],"author":"Reda\u00e7\u00e3o","twitter_card":"summary_large_image","twitter_creator":"@Notibras","twitter_site":"@Notibras","twitter_misc":{"Escrito por":"Reda\u00e7\u00e3o","Est. tempo de leitura":"2 minutos"},"schema":{"@context":"https:\/\/schema.org","@graph":[{"@type":"Article","@id":"https:\/\/www.notibras.com\/site\/defesa-de-naime-cita-torrer-e-pede-soltura-de-coronel\/#article","isPartOf":{"@id":"https:\/\/www.notibras.com\/site\/defesa-de-naime-cita-torrer-e-pede-soltura-de-coronel\/"},"author":{"name":"Reda\u00e7\u00e3o","@id":"https:\/\/www.notibras.com\/site\/#\/schema\/person\/36ab0979449956132d3e5b517ea76ac8"},"headline":"Defesa de Naime cita Torres e pede soltura de coronel","datePublished":"2023-05-13T03:00:47+00:00","dateModified":"2023-05-13T12:16:53+00:00","mainEntityOfPage":{"@id":"https:\/\/www.notibras.com\/site\/defesa-de-naime-cita-torrer-e-pede-soltura-de-coronel\/"},"wordCount":268,"publisher":{"@id":"https:\/\/www.notibras.com\/site\/#organization"},"image":{"@id":"https:\/\/www.notibras.com\/site\/defesa-de-naime-cita-torrer-e-pede-soltura-de-coronel\/#primaryimage"},"thumbnailUrl":"https:\/\/www.notibras.com\/site\/wp-content\/uploads\/2023\/05\/ja_9663.jpg","keywords":["capa"],"articleSection":["Quadradinho em Foco"],"inLanguage":"pt-BR"},{"@type":"WebPage","@id":"https:\/\/www.notibras.com\/site\/defesa-de-naime-cita-torrer-e-pede-soltura-de-coronel\/","url":"https:\/\/www.notibras.com\/site\/defesa-de-naime-cita-torrer-e-pede-soltura-de-coronel\/","name":"Defesa de Naime cita Torres e pede soltura de coronel - Notibras","isPartOf":{"@id":"https:\/\/www.notibras.com\/site\/#website"},"primaryImageOfPage":{"@id":"https:\/\/www.notibras.com\/site\/defesa-de-naime-cita-torrer-e-pede-soltura-de-coronel\/#primaryimage"},"image":{"@id":"https:\/\/www.notibras.com\/site\/defesa-de-naime-cita-torrer-e-pede-soltura-de-coronel\/#primaryimage"},"thumbnailUrl":"https:\/\/www.notibras.com\/site\/wp-content\/uploads\/2023\/05\/ja_9663.jpg","datePublished":"2023-05-13T03:00:47+00:00","dateModified":"2023-05-13T12:16:53+00:00","breadcrumb":{"@id":"https:\/\/www.notibras.com\/site\/defesa-de-naime-cita-torrer-e-pede-soltura-de-coronel\/#breadcrumb"},"inLanguage":"pt-BR","potentialAction":[{"@type":"ReadAction","target":["https:\/\/www.notibras.com\/site\/defesa-de-naime-cita-torrer-e-pede-soltura-de-coronel\/"]}]},{"@type":"ImageObject","inLanguage":"pt-BR","@id":"https:\/\/www.notibras.com\/site\/defesa-de-naime-cita-torrer-e-pede-soltura-de-coronel\/#primaryimage","url":"https:\/\/www.notibras.com\/site\/wp-content\/uploads\/2023\/05\/ja_9663.jpg","contentUrl":"https:\/\/www.notibras.com\/site\/wp-content\/uploads\/2023\/05\/ja_9663.jpg","width":770,"height":513,"caption":"Manifestantes fazem ato contra governo no dia 8 de janeiro 2023"},{"@type":"BreadcrumbList","@id":"https:\/\/www.notibras.com\/site\/defesa-de-naime-cita-torrer-e-pede-soltura-de-coronel\/#breadcrumb","itemListElement":[{"@type":"ListItem","position":1,"name":"In\u00edcio","item":"https:\/\/www.notibras.com\/site\/"},{"@type":"ListItem","position":2,"name":"Defesa de Naime cita Torres e pede soltura de coronel"}]},{"@type":"WebSite","@id":"https:\/\/www.notibras.com\/site\/#website","url":"https:\/\/www.notibras.com\/site\/","name":"Notibras","description":"Not\u00edcias de Bras\u00edlia, do Brasil e do Mundo","publisher":{"@id":"https:\/\/www.notibras.com\/site\/#organization"},"potentialAction":[{"@type":"SearchAction","target":{"@type":"EntryPoint","urlTemplate":"https:\/\/www.notibras.com\/site\/?s={search_term_string}"},"query-input":{"@type":"PropertyValueSpecification","valueRequired":true,"valueName":"search_term_string"}}],"inLanguage":"pt-BR"},{"@type":"Organization","@id":"https:\/\/www.notibras.com\/site\/#organization","name":"Grupo Notibras de Comunica\u00e7\u00e3o","url":"https:\/\/www.notibras.com\/site\/","logo":{"@type":"ImageObject","inLanguage":"pt-BR","@id":"https:\/\/www.notibras.com\/site\/#\/schema\/logo\/image\/","url":"https:\/\/www.notibras.com\/site\/wp-content\/uploads\/2023\/01\/notibras23.png","contentUrl":"https:\/\/www.notibras.com\/site\/wp-content\/uploads\/2023\/01\/notibras23.png","width":350,"height":87,"caption":"Grupo Notibras de Comunica\u00e7\u00e3o"},"image":{"@id":"https:\/\/www.notibras.com\/site\/#\/schema\/logo\/image\/"},"sameAs":["https:\/\/www.facebook.com\/notibras\/","https:\/\/x.com\/Notibras","https:\/\/www.instagram.com\/notibras\/"]},{"@type":"Person","@id":"https:\/\/www.notibras.com\/site\/#\/schema\/person\/36ab0979449956132d3e5b517ea76ac8","name":"Reda\u00e7\u00e3o","image":{"@type":"ImageObject","inLanguage":"pt-BR","@id":"https:\/\/secure.gravatar.com\/avatar\/e0a867bdedb85fd243eadf09663511f96fc81e0720a4a42581f334ad4303aa6b?s=96&d=mm&r=g","url":"https:\/\/secure.gravatar.com\/avatar\/e0a867bdedb85fd243eadf09663511f96fc81e0720a4a42581f334ad4303aa6b?s=96&d=mm&r=g","contentUrl":"https:\/\/secure.gravatar.com\/avatar\/e0a867bdedb85fd243eadf09663511f96fc81e0720a4a42581f334ad4303aa6b?s=96&d=mm&r=g","caption":"Reda\u00e7\u00e3o"}}]}},"amp_enabled":true,"_links":{"self":[{"href":"https:\/\/www.notibras.com\/site\/wp-json\/wp\/v2\/posts\/304778","targetHints":{"allow":["GET"]}}],"collection":[{"href":"https:\/\/www.notibras.com\/site\/wp-json\/wp\/v2\/posts"}],"about":[{"href":"https:\/\/www.notibras.com\/site\/wp-json\/wp\/v2\/types\/post"}],"author":[{"embeddable":true,"href":"https:\/\/www.notibras.com\/site\/wp-json\/wp\/v2\/users\/2"}],"replies":[{"embeddable":true,"href":"https:\/\/www.notibras.com\/site\/wp-json\/wp\/v2\/comments?post=304778"}],"version-history":[{"count":2,"href":"https:\/\/www.notibras.com\/site\/wp-json\/wp\/v2\/posts\/304778\/revisions"}],"predecessor-version":[{"id":304787,"href":"https:\/\/www.notibras.com\/site\/wp-json\/wp\/v2\/posts\/304778\/revisions\/304787"}],"wp:featuredmedia":[{"embeddable":true,"href":"https:\/\/www.notibras.com\/site\/wp-json\/wp\/v2\/media\/304779"}],"wp:attachment":[{"href":"https:\/\/www.notibras.com\/site\/wp-json\/wp\/v2\/media?parent=304778"}],"wp:term":[{"taxonomy":"category","embeddable":true,"href":"https:\/\/www.notibras.com\/site\/wp-json\/wp\/v2\/categories?post=304778"},{"taxonomy":"post_tag","embeddable":true,"href":"https:\/\/www.notibras.com\/site\/wp-json\/wp\/v2\/tags?post=304778"}],"curies":[{"name":"wp","href":"https:\/\/api.w.org\/{rel}","templated":true}]}}