{"id":304784,"date":"2023-05-13T00:00:48","date_gmt":"2023-05-13T03:00:48","guid":{"rendered":"https:\/\/www.notibras.com\/site\/?p=304784"},"modified":"2023-05-13T09:16:00","modified_gmt":"2023-05-13T12:16:00","slug":"politicas-de-saude-devem-socorrer-populacao-de-rua","status":"publish","type":"post","link":"https:\/\/www.notibras.com\/site\/politicas-de-saude-devem-socorrer-populacao-de-rua\/","title":{"rendered":"Pol\u00edticas de sa\u00fade devem socorrer popula\u00e7\u00e3o de rua"},"content":{"rendered":"<p>A 1\u00aa Confer\u00eancia Livre Nacional de Sa\u00fade com a Popula\u00e7\u00e3o em Situa\u00e7\u00e3o de Rua (CLNSPopRua) est\u00e1 debatendo as diretrizes para pol\u00edticas de sa\u00fade voltadas a esse grupo e que ser\u00e3o levadas \u00e0 17\u00aa Confer\u00eancia Nacional de Sa\u00fade. Pessoas com trajet\u00f3ria em situa\u00e7\u00e3o de rua, movimentos populares e profissionais que atuam no atendimento a essa popula\u00e7\u00e3o participam do debate de forma presencial e remota, o que permite a participa\u00e7\u00e3o de representantes de todo o pa\u00eds.<\/p>\n<p>Integrante do Movimento Nacional da Popula\u00e7\u00e3o de Rua (MNPR) Vanilson Torres, que atualmente \u00e9 um dos conselheiros no Conselho Nacional de Sa\u00fade, disse que a confer\u00eancia pretende levar as pautas da popula\u00e7\u00e3o em situa\u00e7\u00e3o de rua relacionadas \u00e0 sa\u00fade para dentro das propostas da Confer\u00eancia Nacional de Sa\u00fade.<\/p>\n<p>\u201cNo primeiro acesso dessa popula\u00e7\u00e3o a servi\u00e7o de sa\u00fade, ela recebe logo um preconceito, \u00e9 recebida com discrimina\u00e7\u00e3o e, por seu modo de vida, por suas vestes, pelo seu odor, muitas vezes n\u00e3o passamos do seguran\u00e7a, do guarda do posto da UBS ou outro servi\u00e7o de sa\u00fade. E a\u00ed quem vai voltar mais no local que \u00e9 maltratado?\u201d, disse Torres, acrescentando que \u00e9 preciso conhecer as especificidades desse grupo para o atendimento em sa\u00fade.<\/p>\n<p>Ele ressalta que a popula\u00e7\u00e3o em situa\u00e7\u00e3o de rua sofre com os estere\u00f3tipos, como relacionado a drogas e acusa\u00e7\u00f5es de que s\u00e3o \u201cvagabundos\u201d, mas que as condi\u00e7\u00f5es que levam as pessoas \u00e0s ruas s\u00e3o mais complexas. \u201cN\u00f3s temos a\u00ed uma pandemia que est\u00e1 mostrando isso. Temos a Emenda \u00e0 Constitui\u00e7\u00e3o 95 [teto de gastos], que n\u00e3o gera investimentos, temos as deformas \u2013 que n\u00e3o foram reformas \u2013 trabalhista e da Previd\u00eancia e retrocessos hist\u00f3ricos que vivenciamos, que levam a cada dia fam\u00edlias inteiras ou indiv\u00edduos para as ruas\u201d.<\/p>\n<p>\u201cDesde o acesso a ser atendido pelo Samu \u00e0 quest\u00e3o da moradia, todas as pol\u00edticas p\u00fablicas t\u00eam rela\u00e7\u00e3o com a popula\u00e7\u00e3o de rua. N\u00e3o existe sa\u00fade sem moradia, n\u00e3o existe sa\u00fade sem a garantia b\u00e1sica das nossas vidas e a ter um teto\u201d, disse<\/p>\n<p>\u201cE a\u00ed eu pergunto: como \u00e9 ter sa\u00fade, como \u00e9 ter garantia de sa\u00fade dormindo num papel\u00e3o numa marquise? Como \u00e9 ter garantia de sa\u00fade sem ter \u00e1gua pot\u00e1vel, sem ter alimenta\u00e7\u00e3o, sem seguran\u00e7a alimentar? Para tomar inclusive medicamentos fortes, como \u00e9 para tuberculose. Como vai ter sa\u00fade tendo uma pedra de paralelep\u00edpedo como travesseiro?\u201d, questionou.<\/p>\n<p>As discuss\u00f5es e produ\u00e7\u00f5es dos grupos de trabalho ocorrem em torno de quatro eixos: O Brasil que temos. O Brasil que queremos; O papel do controle social e dos movimentos sociais para salvar vidas; Garantir direitos e defender o SUS, a vida e a democracia; e Amanh\u00e3 vai ser outro dia para todas as pessoas. Todo o trabalho desta sexta-feira vai resultar em um relat\u00f3rio final com as propostas aprovadas que ser\u00e3o levadas \u00e0 Confer\u00eancia Nacional de Sa\u00fade por delegados eleitos em plen\u00e1ria.<\/p>\n<p>Tamb\u00e9m integrante do MNPR, Pedro Luiz da Silva, que esteve em situa\u00e7\u00e3o de rua por cerca de 20 anos, avalia que \u00e9 importante que a pr\u00f3pria popula\u00e7\u00e3o em situa\u00e7\u00e3o de rua contribua na constru\u00e7\u00e3o das propostas de pol\u00edticas, poque eles sentem na pele. \u201c\u00c9 \u00f3timo [levar propostas para a confer\u00eancia nacional], agora n\u00f3s temos a chance para sentar numa mesa para discutir as nossas propostas\u201d.<\/p>\n<p>Ele tem uma proposta para facilitar e agilizar o atendimento das pessoas nas ruas. \u201cEu pessoalmente gostaria que as ambul\u00e2ncias que socorressem pessoas vulner\u00e1veis tivessem a biometria, porque quando os bombeiros v\u00e3o socorrer algu\u00e9m ou as ambul\u00e2ncias eles querem documento, eles demoram, querem identificar a pessoa. Eu acho que, com a biometria, vai saber da onde a pessoa vem, se ela tomou algum medicamento, para ser mais r\u00e1pido. Porque eu vejo a demora no centro de S\u00e3o Paulo que \u00e9 o socorro de uma pessoa vulner\u00e1vel\u201d.<\/p>\n<p>O assistente social Jos\u00e9 Carlos Varella Junior, que trabalha com popula\u00e7\u00e3o em situa\u00e7\u00e3o de rua h\u00e1 30 anos, disse que a confer\u00eancia pretende \u201cfazer com que a sociedade pare para pensar que popula\u00e7\u00e3o de rua tamb\u00e9m \u00e9 cidad\u00e3o. Os movimentos s\u00e3o movimentos para promover cidadania, promover as pautas de discuss\u00e3o da rua e levar o protagonismo para as inst\u00e2ncias maiores de discuss\u00e3o de delibera\u00e7\u00e3o, que s\u00e3o os conselhos as confer\u00eancias.\u201d<\/p>\n<p>Entre as demandas espec\u00edficas para esse grupo, ele cita a necessidade de melhorar o financiamento do SUS nos equipamentos que cuidam dessa popula\u00e7\u00e3o, de se promover um atendimento humanizado e de reconhecer a popula\u00e7\u00e3o em situa\u00e7\u00e3o de rua como sujeitos de direito.<\/p>\n","protected":false},"excerpt":{"rendered":"<p>A 1\u00aa Confer\u00eancia Livre Nacional de Sa\u00fade com a Popula\u00e7\u00e3o em Situa\u00e7\u00e3o de Rua (CLNSPopRua) est\u00e1 debatendo as diretrizes para pol\u00edticas de sa\u00fade voltadas a esse grupo e que ser\u00e3o levadas \u00e0 17\u00aa Confer\u00eancia Nacional de Sa\u00fade. Pessoas com trajet\u00f3ria em situa\u00e7\u00e3o de rua, movimentos populares e profissionais que atuam no atendimento a essa popula\u00e7\u00e3o [&hellip;]<\/p>\n","protected":false},"author":2,"featured_media":304785,"comment_status":"closed","ping_status":"closed","sticky":false,"template":"","format":"standard","meta":{"_acf_changed":false,"footnotes":""},"categories":[161],"tags":[95],"class_list":["post-304784","post","type-post","status-publish","format-standard","has-post-thumbnail","hentry","category-quadradinho-em-foco","tag-capa"],"acf":[],"yoast_head":"<!-- This site is optimized with the Yoast SEO plugin v27.2 - https:\/\/yoast.com\/product\/yoast-seo-wordpress\/ -->\n<title>Pol\u00edticas de sa\u00fade devem socorrer popula\u00e7\u00e3o de rua - Notibras<\/title>\n<meta name=\"robots\" content=\"index, follow, max-snippet:-1, max-image-preview:large, max-video-preview:-1\" \/>\n<link rel=\"canonical\" href=\"https:\/\/www.notibras.com\/site\/politicas-de-saude-devem-socorrer-populacao-de-rua\/\" \/>\n<meta property=\"og:locale\" content=\"pt_BR\" \/>\n<meta property=\"og:type\" content=\"article\" \/>\n<meta property=\"og:title\" content=\"Pol\u00edticas de sa\u00fade devem socorrer popula\u00e7\u00e3o de rua - Notibras\" \/>\n<meta property=\"og:description\" content=\"A 1\u00aa Confer\u00eancia Livre Nacional de Sa\u00fade com a Popula\u00e7\u00e3o em Situa\u00e7\u00e3o de Rua (CLNSPopRua) est\u00e1 debatendo as diretrizes para pol\u00edticas de sa\u00fade voltadas a esse grupo e que ser\u00e3o levadas \u00e0 17\u00aa Confer\u00eancia Nacional de Sa\u00fade. Pessoas com trajet\u00f3ria em situa\u00e7\u00e3o de rua, movimentos populares e profissionais que atuam no atendimento a essa popula\u00e7\u00e3o [&hellip;]\" \/>\n<meta property=\"og:url\" content=\"https:\/\/www.notibras.com\/site\/politicas-de-saude-devem-socorrer-populacao-de-rua\/\" \/>\n<meta property=\"og:site_name\" content=\"Notibras\" \/>\n<meta property=\"article:publisher\" content=\"https:\/\/www.facebook.com\/notibras\/\" \/>\n<meta property=\"article:published_time\" content=\"2023-05-13T03:00:48+00:00\" \/>\n<meta property=\"article:modified_time\" content=\"2023-05-13T12:16:00+00:00\" \/>\n<meta property=\"og:image\" content=\"https:\/\/www.notibras.com\/site\/wp-content\/uploads\/2023\/05\/rua_mg_3516.jpg\" \/>\n\t<meta property=\"og:image:width\" content=\"1170\" \/>\n\t<meta property=\"og:image:height\" content=\"700\" \/>\n\t<meta property=\"og:image:type\" content=\"image\/jpeg\" \/>\n<meta name=\"author\" content=\"Reda\u00e7\u00e3o\" \/>\n<meta name=\"twitter:card\" content=\"summary_large_image\" \/>\n<meta name=\"twitter:creator\" content=\"@Notibras\" \/>\n<meta name=\"twitter:site\" content=\"@Notibras\" \/>\n<meta name=\"twitter:label1\" content=\"Escrito por\" \/>\n\t<meta name=\"twitter:data1\" content=\"Reda\u00e7\u00e3o\" \/>\n\t<meta name=\"twitter:label2\" content=\"Est. tempo de leitura\" \/>\n\t<meta name=\"twitter:data2\" content=\"5 minutos\" \/>\n<script type=\"application\/ld+json\" class=\"yoast-schema-graph\">{\"@context\":\"https:\/\/schema.org\",\"@graph\":[{\"@type\":\"Article\",\"@id\":\"https:\/\/www.notibras.com\/site\/politicas-de-saude-devem-socorrer-populacao-de-rua\/#article\",\"isPartOf\":{\"@id\":\"https:\/\/www.notibras.com\/site\/politicas-de-saude-devem-socorrer-populacao-de-rua\/\"},\"author\":{\"name\":\"Reda\u00e7\u00e3o\",\"@id\":\"https:\/\/www.notibras.com\/site\/#\/schema\/person\/36ab0979449956132d3e5b517ea76ac8\"},\"headline\":\"Pol\u00edticas de sa\u00fade devem socorrer popula\u00e7\u00e3o de rua\",\"datePublished\":\"2023-05-13T03:00:48+00:00\",\"dateModified\":\"2023-05-13T12:16:00+00:00\",\"mainEntityOfPage\":{\"@id\":\"https:\/\/www.notibras.com\/site\/politicas-de-saude-devem-socorrer-populacao-de-rua\/\"},\"wordCount\":824,\"publisher\":{\"@id\":\"https:\/\/www.notibras.com\/site\/#organization\"},\"image\":{\"@id\":\"https:\/\/www.notibras.com\/site\/politicas-de-saude-devem-socorrer-populacao-de-rua\/#primaryimage\"},\"thumbnailUrl\":\"https:\/\/www.notibras.com\/site\/wp-content\/uploads\/2023\/05\/rua_mg_3516.jpg\",\"keywords\":[\"capa\"],\"articleSection\":[\"Quadradinho em Foco\"],\"inLanguage\":\"pt-BR\"},{\"@type\":\"WebPage\",\"@id\":\"https:\/\/www.notibras.com\/site\/politicas-de-saude-devem-socorrer-populacao-de-rua\/\",\"url\":\"https:\/\/www.notibras.com\/site\/politicas-de-saude-devem-socorrer-populacao-de-rua\/\",\"name\":\"Pol\u00edticas de sa\u00fade devem socorrer popula\u00e7\u00e3o de rua - Notibras\",\"isPartOf\":{\"@id\":\"https:\/\/www.notibras.com\/site\/#website\"},\"primaryImageOfPage\":{\"@id\":\"https:\/\/www.notibras.com\/site\/politicas-de-saude-devem-socorrer-populacao-de-rua\/#primaryimage\"},\"image\":{\"@id\":\"https:\/\/www.notibras.com\/site\/politicas-de-saude-devem-socorrer-populacao-de-rua\/#primaryimage\"},\"thumbnailUrl\":\"https:\/\/www.notibras.com\/site\/wp-content\/uploads\/2023\/05\/rua_mg_3516.jpg\",\"datePublished\":\"2023-05-13T03:00:48+00:00\",\"dateModified\":\"2023-05-13T12:16:00+00:00\",\"breadcrumb\":{\"@id\":\"https:\/\/www.notibras.com\/site\/politicas-de-saude-devem-socorrer-populacao-de-rua\/#breadcrumb\"},\"inLanguage\":\"pt-BR\",\"potentialAction\":[{\"@type\":\"ReadAction\",\"target\":[\"https:\/\/www.notibras.com\/site\/politicas-de-saude-devem-socorrer-populacao-de-rua\/\"]}]},{\"@type\":\"ImageObject\",\"inLanguage\":\"pt-BR\",\"@id\":\"https:\/\/www.notibras.com\/site\/politicas-de-saude-devem-socorrer-populacao-de-rua\/#primaryimage\",\"url\":\"https:\/\/www.notibras.com\/site\/wp-content\/uploads\/2023\/05\/rua_mg_3516.jpg\",\"contentUrl\":\"https:\/\/www.notibras.com\/site\/wp-content\/uploads\/2023\/05\/rua_mg_3516.jpg\",\"width\":1170,\"height\":700,\"caption\":\"Rio de Janeiro - Popula\u00e7\u00e3o vulner\u00e1vel em situa\u00e7\u00e3o de rua durante per\u00edodo de frio intenso no centro da cidade. (Fernando Fraz\u00e3o\/Ag\u00eancia Brasil)\"},{\"@type\":\"BreadcrumbList\",\"@id\":\"https:\/\/www.notibras.com\/site\/politicas-de-saude-devem-socorrer-populacao-de-rua\/#breadcrumb\",\"itemListElement\":[{\"@type\":\"ListItem\",\"position\":1,\"name\":\"In\u00edcio\",\"item\":\"https:\/\/www.notibras.com\/site\/\"},{\"@type\":\"ListItem\",\"position\":2,\"name\":\"Pol\u00edticas de sa\u00fade devem socorrer popula\u00e7\u00e3o de rua\"}]},{\"@type\":\"WebSite\",\"@id\":\"https:\/\/www.notibras.com\/site\/#website\",\"url\":\"https:\/\/www.notibras.com\/site\/\",\"name\":\"Notibras\",\"description\":\"Not\u00edcias de Bras\u00edlia, do Brasil e do Mundo\",\"publisher\":{\"@id\":\"https:\/\/www.notibras.com\/site\/#organization\"},\"potentialAction\":[{\"@type\":\"SearchAction\",\"target\":{\"@type\":\"EntryPoint\",\"urlTemplate\":\"https:\/\/www.notibras.com\/site\/?s={search_term_string}\"},\"query-input\":{\"@type\":\"PropertyValueSpecification\",\"valueRequired\":true,\"valueName\":\"search_term_string\"}}],\"inLanguage\":\"pt-BR\"},{\"@type\":\"Organization\",\"@id\":\"https:\/\/www.notibras.com\/site\/#organization\",\"name\":\"Grupo Notibras de Comunica\u00e7\u00e3o\",\"url\":\"https:\/\/www.notibras.com\/site\/\",\"logo\":{\"@type\":\"ImageObject\",\"inLanguage\":\"pt-BR\",\"@id\":\"https:\/\/www.notibras.com\/site\/#\/schema\/logo\/image\/\",\"url\":\"https:\/\/www.notibras.com\/site\/wp-content\/uploads\/2023\/01\/notibras23.png\",\"contentUrl\":\"https:\/\/www.notibras.com\/site\/wp-content\/uploads\/2023\/01\/notibras23.png\",\"width\":350,\"height\":87,\"caption\":\"Grupo Notibras de Comunica\u00e7\u00e3o\"},\"image\":{\"@id\":\"https:\/\/www.notibras.com\/site\/#\/schema\/logo\/image\/\"},\"sameAs\":[\"https:\/\/www.facebook.com\/notibras\/\",\"https:\/\/x.com\/Notibras\",\"https:\/\/www.instagram.com\/notibras\/\"]},{\"@type\":\"Person\",\"@id\":\"https:\/\/www.notibras.com\/site\/#\/schema\/person\/36ab0979449956132d3e5b517ea76ac8\",\"name\":\"Reda\u00e7\u00e3o\",\"image\":{\"@type\":\"ImageObject\",\"inLanguage\":\"pt-BR\",\"@id\":\"https:\/\/secure.gravatar.com\/avatar\/e0a867bdedb85fd243eadf09663511f96fc81e0720a4a42581f334ad4303aa6b?s=96&d=mm&r=g\",\"url\":\"https:\/\/secure.gravatar.com\/avatar\/e0a867bdedb85fd243eadf09663511f96fc81e0720a4a42581f334ad4303aa6b?s=96&d=mm&r=g\",\"contentUrl\":\"https:\/\/secure.gravatar.com\/avatar\/e0a867bdedb85fd243eadf09663511f96fc81e0720a4a42581f334ad4303aa6b?s=96&d=mm&r=g\",\"caption\":\"Reda\u00e7\u00e3o\"}}]}<\/script>\n<!-- \/ Yoast SEO plugin. -->","yoast_head_json":{"title":"Pol\u00edticas de sa\u00fade devem socorrer popula\u00e7\u00e3o de rua - Notibras","robots":{"index":"index","follow":"follow","max-snippet":"max-snippet:-1","max-image-preview":"max-image-preview:large","max-video-preview":"max-video-preview:-1"},"canonical":"https:\/\/www.notibras.com\/site\/politicas-de-saude-devem-socorrer-populacao-de-rua\/","og_locale":"pt_BR","og_type":"article","og_title":"Pol\u00edticas de sa\u00fade devem socorrer popula\u00e7\u00e3o de rua - Notibras","og_description":"A 1\u00aa Confer\u00eancia Livre Nacional de Sa\u00fade com a Popula\u00e7\u00e3o em Situa\u00e7\u00e3o de Rua (CLNSPopRua) est\u00e1 debatendo as diretrizes para pol\u00edticas de sa\u00fade voltadas a esse grupo e que ser\u00e3o levadas \u00e0 17\u00aa Confer\u00eancia Nacional de Sa\u00fade. Pessoas com trajet\u00f3ria em situa\u00e7\u00e3o de rua, movimentos populares e profissionais que atuam no atendimento a essa popula\u00e7\u00e3o [&hellip;]","og_url":"https:\/\/www.notibras.com\/site\/politicas-de-saude-devem-socorrer-populacao-de-rua\/","og_site_name":"Notibras","article_publisher":"https:\/\/www.facebook.com\/notibras\/","article_published_time":"2023-05-13T03:00:48+00:00","article_modified_time":"2023-05-13T12:16:00+00:00","og_image":[{"width":1170,"height":700,"url":"https:\/\/www.notibras.com\/site\/wp-content\/uploads\/2023\/05\/rua_mg_3516.jpg","type":"image\/jpeg"}],"author":"Reda\u00e7\u00e3o","twitter_card":"summary_large_image","twitter_creator":"@Notibras","twitter_site":"@Notibras","twitter_misc":{"Escrito por":"Reda\u00e7\u00e3o","Est. tempo de leitura":"5 minutos"},"schema":{"@context":"https:\/\/schema.org","@graph":[{"@type":"Article","@id":"https:\/\/www.notibras.com\/site\/politicas-de-saude-devem-socorrer-populacao-de-rua\/#article","isPartOf":{"@id":"https:\/\/www.notibras.com\/site\/politicas-de-saude-devem-socorrer-populacao-de-rua\/"},"author":{"name":"Reda\u00e7\u00e3o","@id":"https:\/\/www.notibras.com\/site\/#\/schema\/person\/36ab0979449956132d3e5b517ea76ac8"},"headline":"Pol\u00edticas de sa\u00fade devem socorrer popula\u00e7\u00e3o de rua","datePublished":"2023-05-13T03:00:48+00:00","dateModified":"2023-05-13T12:16:00+00:00","mainEntityOfPage":{"@id":"https:\/\/www.notibras.com\/site\/politicas-de-saude-devem-socorrer-populacao-de-rua\/"},"wordCount":824,"publisher":{"@id":"https:\/\/www.notibras.com\/site\/#organization"},"image":{"@id":"https:\/\/www.notibras.com\/site\/politicas-de-saude-devem-socorrer-populacao-de-rua\/#primaryimage"},"thumbnailUrl":"https:\/\/www.notibras.com\/site\/wp-content\/uploads\/2023\/05\/rua_mg_3516.jpg","keywords":["capa"],"articleSection":["Quadradinho em Foco"],"inLanguage":"pt-BR"},{"@type":"WebPage","@id":"https:\/\/www.notibras.com\/site\/politicas-de-saude-devem-socorrer-populacao-de-rua\/","url":"https:\/\/www.notibras.com\/site\/politicas-de-saude-devem-socorrer-populacao-de-rua\/","name":"Pol\u00edticas de sa\u00fade devem socorrer popula\u00e7\u00e3o de rua - Notibras","isPartOf":{"@id":"https:\/\/www.notibras.com\/site\/#website"},"primaryImageOfPage":{"@id":"https:\/\/www.notibras.com\/site\/politicas-de-saude-devem-socorrer-populacao-de-rua\/#primaryimage"},"image":{"@id":"https:\/\/www.notibras.com\/site\/politicas-de-saude-devem-socorrer-populacao-de-rua\/#primaryimage"},"thumbnailUrl":"https:\/\/www.notibras.com\/site\/wp-content\/uploads\/2023\/05\/rua_mg_3516.jpg","datePublished":"2023-05-13T03:00:48+00:00","dateModified":"2023-05-13T12:16:00+00:00","breadcrumb":{"@id":"https:\/\/www.notibras.com\/site\/politicas-de-saude-devem-socorrer-populacao-de-rua\/#breadcrumb"},"inLanguage":"pt-BR","potentialAction":[{"@type":"ReadAction","target":["https:\/\/www.notibras.com\/site\/politicas-de-saude-devem-socorrer-populacao-de-rua\/"]}]},{"@type":"ImageObject","inLanguage":"pt-BR","@id":"https:\/\/www.notibras.com\/site\/politicas-de-saude-devem-socorrer-populacao-de-rua\/#primaryimage","url":"https:\/\/www.notibras.com\/site\/wp-content\/uploads\/2023\/05\/rua_mg_3516.jpg","contentUrl":"https:\/\/www.notibras.com\/site\/wp-content\/uploads\/2023\/05\/rua_mg_3516.jpg","width":1170,"height":700,"caption":"Rio de Janeiro - Popula\u00e7\u00e3o vulner\u00e1vel em situa\u00e7\u00e3o de rua durante per\u00edodo de frio intenso no centro da cidade. (Fernando Fraz\u00e3o\/Ag\u00eancia Brasil)"},{"@type":"BreadcrumbList","@id":"https:\/\/www.notibras.com\/site\/politicas-de-saude-devem-socorrer-populacao-de-rua\/#breadcrumb","itemListElement":[{"@type":"ListItem","position":1,"name":"In\u00edcio","item":"https:\/\/www.notibras.com\/site\/"},{"@type":"ListItem","position":2,"name":"Pol\u00edticas de sa\u00fade devem socorrer popula\u00e7\u00e3o de rua"}]},{"@type":"WebSite","@id":"https:\/\/www.notibras.com\/site\/#website","url":"https:\/\/www.notibras.com\/site\/","name":"Notibras","description":"Not\u00edcias de Bras\u00edlia, do Brasil e do Mundo","publisher":{"@id":"https:\/\/www.notibras.com\/site\/#organization"},"potentialAction":[{"@type":"SearchAction","target":{"@type":"EntryPoint","urlTemplate":"https:\/\/www.notibras.com\/site\/?s={search_term_string}"},"query-input":{"@type":"PropertyValueSpecification","valueRequired":true,"valueName":"search_term_string"}}],"inLanguage":"pt-BR"},{"@type":"Organization","@id":"https:\/\/www.notibras.com\/site\/#organization","name":"Grupo Notibras de Comunica\u00e7\u00e3o","url":"https:\/\/www.notibras.com\/site\/","logo":{"@type":"ImageObject","inLanguage":"pt-BR","@id":"https:\/\/www.notibras.com\/site\/#\/schema\/logo\/image\/","url":"https:\/\/www.notibras.com\/site\/wp-content\/uploads\/2023\/01\/notibras23.png","contentUrl":"https:\/\/www.notibras.com\/site\/wp-content\/uploads\/2023\/01\/notibras23.png","width":350,"height":87,"caption":"Grupo Notibras de Comunica\u00e7\u00e3o"},"image":{"@id":"https:\/\/www.notibras.com\/site\/#\/schema\/logo\/image\/"},"sameAs":["https:\/\/www.facebook.com\/notibras\/","https:\/\/x.com\/Notibras","https:\/\/www.instagram.com\/notibras\/"]},{"@type":"Person","@id":"https:\/\/www.notibras.com\/site\/#\/schema\/person\/36ab0979449956132d3e5b517ea76ac8","name":"Reda\u00e7\u00e3o","image":{"@type":"ImageObject","inLanguage":"pt-BR","@id":"https:\/\/secure.gravatar.com\/avatar\/e0a867bdedb85fd243eadf09663511f96fc81e0720a4a42581f334ad4303aa6b?s=96&d=mm&r=g","url":"https:\/\/secure.gravatar.com\/avatar\/e0a867bdedb85fd243eadf09663511f96fc81e0720a4a42581f334ad4303aa6b?s=96&d=mm&r=g","contentUrl":"https:\/\/secure.gravatar.com\/avatar\/e0a867bdedb85fd243eadf09663511f96fc81e0720a4a42581f334ad4303aa6b?s=96&d=mm&r=g","caption":"Reda\u00e7\u00e3o"}}]}},"amp_enabled":true,"_links":{"self":[{"href":"https:\/\/www.notibras.com\/site\/wp-json\/wp\/v2\/posts\/304784","targetHints":{"allow":["GET"]}}],"collection":[{"href":"https:\/\/www.notibras.com\/site\/wp-json\/wp\/v2\/posts"}],"about":[{"href":"https:\/\/www.notibras.com\/site\/wp-json\/wp\/v2\/types\/post"}],"author":[{"embeddable":true,"href":"https:\/\/www.notibras.com\/site\/wp-json\/wp\/v2\/users\/2"}],"replies":[{"embeddable":true,"href":"https:\/\/www.notibras.com\/site\/wp-json\/wp\/v2\/comments?post=304784"}],"version-history":[{"count":1,"href":"https:\/\/www.notibras.com\/site\/wp-json\/wp\/v2\/posts\/304784\/revisions"}],"predecessor-version":[{"id":304786,"href":"https:\/\/www.notibras.com\/site\/wp-json\/wp\/v2\/posts\/304784\/revisions\/304786"}],"wp:featuredmedia":[{"embeddable":true,"href":"https:\/\/www.notibras.com\/site\/wp-json\/wp\/v2\/media\/304785"}],"wp:attachment":[{"href":"https:\/\/www.notibras.com\/site\/wp-json\/wp\/v2\/media?parent=304784"}],"wp:term":[{"taxonomy":"category","embeddable":true,"href":"https:\/\/www.notibras.com\/site\/wp-json\/wp\/v2\/categories?post=304784"},{"taxonomy":"post_tag","embeddable":true,"href":"https:\/\/www.notibras.com\/site\/wp-json\/wp\/v2\/tags?post=304784"}],"curies":[{"name":"wp","href":"https:\/\/api.w.org\/{rel}","templated":true}]}}