{"id":304791,"date":"2023-05-13T09:53:03","date_gmt":"2023-05-13T12:53:03","guid":{"rendered":"https:\/\/www.notibras.com\/site\/?p=304791"},"modified":"2023-05-13T09:53:03","modified_gmt":"2023-05-13T12:53:03","slug":"semana-do-registro-civil-atendeu-100-mil-pessoas","status":"publish","type":"post","link":"https:\/\/www.notibras.com\/site\/semana-do-registro-civil-atendeu-100-mil-pessoas\/","title":{"rendered":"Semana do registro civil atendeu 100 mil pessoas"},"content":{"rendered":"<p>O Conselho Nacional de Justi\u00e7a (CNJ) realizou mais de 100 mil atendimentos na Semana Nacional do Registro Civil. A campanha foi realizada em parceria com tribunais e cart\u00f3rios para ampliar o acesso da popula\u00e7\u00e3o a documentos b\u00e1sicos do cidad\u00e3o.<\/p>\n<p>De acordo com balan\u00e7o parcial, foram emitidas certid\u00f5es de nascimento para 6,8 mil pessoas, e 11,8 mil aguardam a chegada do documento. No Amap\u00e1, foram entregues 1,5 mil documentos. Em Pernambuco, 1,1 mil certid\u00f5es foram emitidas. No Distrito Federal, a m\u00e9dia di\u00e1ria de certid\u00f5es emitidas passou de 300 para mil durante a campanha.<\/p>\n<p>Conforme dados do CNJ, 3 milh\u00f5es de brasileiros n\u00e3o t\u00eam documentos necess\u00e1rios para exercer sua cidadania. A falta atinge principalmente pessoas em situa\u00e7\u00e3o de rua, que n\u00e3o conseguem se cadastrar para obter benef\u00edcios sociais e atendimento no Sistema \u00danico de Sa\u00fade (SUS).<\/p>\n<p>Segundo levantamento do Instituto de Pesquisas Econ\u00f4micas e Aplicadas (Ipea), a popula\u00e7\u00e3o em situa\u00e7\u00e3o de rua no Brasil aumentou 211% em 2022 na compara\u00e7\u00e3o com 2021. Os dados mostram que h\u00e1 no pa\u00eds mais de 230 mil pessoas nessa condi\u00e7\u00e3o.<\/p>\n<p>Para que a iniciativa alcance esse p\u00fablico alvo, o CNJ mobilizou institui\u00e7\u00f5es e pessoas que j\u00e1 trabalham com essa tem\u00e1tica, como o padre J\u00falio Lancelotti, que presta aux\u00edlio \u00e0 popula\u00e7\u00e3o de rua de S\u00e3o Paulo.<\/p>\n","protected":false},"excerpt":{"rendered":"<p>O Conselho Nacional de Justi\u00e7a (CNJ) realizou mais de 100 mil atendimentos na Semana Nacional do Registro Civil. A campanha foi realizada em parceria com tribunais e cart\u00f3rios para ampliar o acesso da popula\u00e7\u00e3o a documentos b\u00e1sicos do cidad\u00e3o. De acordo com balan\u00e7o parcial, foram emitidas certid\u00f5es de nascimento para 6,8 mil pessoas, e 11,8 [&hellip;]<\/p>\n","protected":false},"author":2,"featured_media":304792,"comment_status":"closed","ping_status":"closed","sticky":false,"template":"","format":"standard","meta":{"_acf_changed":false,"footnotes":""},"categories":[161],"tags":[],"class_list":["post-304791","post","type-post","status-publish","format-standard","has-post-thumbnail","hentry","category-quadradinho-em-foco"],"acf":[],"yoast_head":"<!-- This site is optimized with the Yoast SEO plugin v27.2 - https:\/\/yoast.com\/product\/yoast-seo-wordpress\/ -->\n<title>Semana do registro civil atendeu 100 mil pessoas - Notibras<\/title>\n<meta name=\"robots\" content=\"index, follow, max-snippet:-1, max-image-preview:large, max-video-preview:-1\" \/>\n<link rel=\"canonical\" href=\"https:\/\/www.notibras.com\/site\/semana-do-registro-civil-atendeu-100-mil-pessoas\/\" \/>\n<meta property=\"og:locale\" content=\"pt_BR\" \/>\n<meta property=\"og:type\" content=\"article\" \/>\n<meta property=\"og:title\" content=\"Semana do registro civil atendeu 100 mil pessoas - Notibras\" \/>\n<meta property=\"og:description\" content=\"O Conselho Nacional de Justi\u00e7a (CNJ) realizou mais de 100 mil atendimentos na Semana Nacional do Registro Civil. A campanha foi realizada em parceria com tribunais e cart\u00f3rios para ampliar o acesso da popula\u00e7\u00e3o a documentos b\u00e1sicos do cidad\u00e3o. De acordo com balan\u00e7o parcial, foram emitidas certid\u00f5es de nascimento para 6,8 mil pessoas, e 11,8 [&hellip;]\" \/>\n<meta property=\"og:url\" content=\"https:\/\/www.notibras.com\/site\/semana-do-registro-civil-atendeu-100-mil-pessoas\/\" \/>\n<meta property=\"og:site_name\" content=\"Notibras\" \/>\n<meta property=\"article:publisher\" content=\"https:\/\/www.facebook.com\/notibras\/\" \/>\n<meta property=\"article:published_time\" content=\"2023-05-13T12:53:03+00:00\" \/>\n<meta property=\"og:image\" content=\"https:\/\/www.notibras.com\/site\/wp-content\/uploads\/2023\/05\/dsc8995.jpg\" \/>\n\t<meta property=\"og:image:width\" content=\"1170\" \/>\n\t<meta property=\"og:image:height\" content=\"700\" \/>\n\t<meta property=\"og:image:type\" content=\"image\/jpeg\" \/>\n<meta name=\"author\" content=\"Reda\u00e7\u00e3o\" \/>\n<meta name=\"twitter:card\" content=\"summary_large_image\" \/>\n<meta name=\"twitter:creator\" content=\"@Notibras\" \/>\n<meta name=\"twitter:site\" content=\"@Notibras\" \/>\n<meta name=\"twitter:label1\" content=\"Escrito por\" \/>\n\t<meta name=\"twitter:data1\" content=\"Reda\u00e7\u00e3o\" \/>\n\t<meta name=\"twitter:label2\" content=\"Est. tempo de leitura\" \/>\n\t<meta name=\"twitter:data2\" content=\"2 minutos\" \/>\n<script type=\"application\/ld+json\" class=\"yoast-schema-graph\">{\"@context\":\"https:\/\/schema.org\",\"@graph\":[{\"@type\":\"Article\",\"@id\":\"https:\/\/www.notibras.com\/site\/semana-do-registro-civil-atendeu-100-mil-pessoas\/#article\",\"isPartOf\":{\"@id\":\"https:\/\/www.notibras.com\/site\/semana-do-registro-civil-atendeu-100-mil-pessoas\/\"},\"author\":{\"name\":\"Reda\u00e7\u00e3o\",\"@id\":\"https:\/\/www.notibras.com\/site\/#\/schema\/person\/36ab0979449956132d3e5b517ea76ac8\"},\"headline\":\"Semana do registro civil atendeu 100 mil pessoas\",\"datePublished\":\"2023-05-13T12:53:03+00:00\",\"mainEntityOfPage\":{\"@id\":\"https:\/\/www.notibras.com\/site\/semana-do-registro-civil-atendeu-100-mil-pessoas\/\"},\"wordCount\":236,\"publisher\":{\"@id\":\"https:\/\/www.notibras.com\/site\/#organization\"},\"image\":{\"@id\":\"https:\/\/www.notibras.com\/site\/semana-do-registro-civil-atendeu-100-mil-pessoas\/#primaryimage\"},\"thumbnailUrl\":\"https:\/\/www.notibras.com\/site\/wp-content\/uploads\/2023\/05\/dsc8995.jpg\",\"articleSection\":[\"Quadradinho em Foco\"],\"inLanguage\":\"pt-BR\"},{\"@type\":\"WebPage\",\"@id\":\"https:\/\/www.notibras.com\/site\/semana-do-registro-civil-atendeu-100-mil-pessoas\/\",\"url\":\"https:\/\/www.notibras.com\/site\/semana-do-registro-civil-atendeu-100-mil-pessoas\/\",\"name\":\"Semana do registro civil atendeu 100 mil pessoas - Notibras\",\"isPartOf\":{\"@id\":\"https:\/\/www.notibras.com\/site\/#website\"},\"primaryImageOfPage\":{\"@id\":\"https:\/\/www.notibras.com\/site\/semana-do-registro-civil-atendeu-100-mil-pessoas\/#primaryimage\"},\"image\":{\"@id\":\"https:\/\/www.notibras.com\/site\/semana-do-registro-civil-atendeu-100-mil-pessoas\/#primaryimage\"},\"thumbnailUrl\":\"https:\/\/www.notibras.com\/site\/wp-content\/uploads\/2023\/05\/dsc8995.jpg\",\"datePublished\":\"2023-05-13T12:53:03+00:00\",\"breadcrumb\":{\"@id\":\"https:\/\/www.notibras.com\/site\/semana-do-registro-civil-atendeu-100-mil-pessoas\/#breadcrumb\"},\"inLanguage\":\"pt-BR\",\"potentialAction\":[{\"@type\":\"ReadAction\",\"target\":[\"https:\/\/www.notibras.com\/site\/semana-do-registro-civil-atendeu-100-mil-pessoas\/\"]}]},{\"@type\":\"ImageObject\",\"inLanguage\":\"pt-BR\",\"@id\":\"https:\/\/www.notibras.com\/site\/semana-do-registro-civil-atendeu-100-mil-pessoas\/#primaryimage\",\"url\":\"https:\/\/www.notibras.com\/site\/wp-content\/uploads\/2023\/05\/dsc8995.jpg\",\"contentUrl\":\"https:\/\/www.notibras.com\/site\/wp-content\/uploads\/2023\/05\/dsc8995.jpg\",\"width\":1170,\"height\":700,\"caption\":\"Rio de Janeiro (RJ), 09\/05\/2023 \u2013 Tribunal de Justi\u00e7a promove mutir\u00e3o de registro civil e servi\u00e7os para a popula\u00e7\u00e3o de rua no centro do Rio de Janeiro. Foto: Tomaz Silva\/Ag\u00eancia Brasil\"},{\"@type\":\"BreadcrumbList\",\"@id\":\"https:\/\/www.notibras.com\/site\/semana-do-registro-civil-atendeu-100-mil-pessoas\/#breadcrumb\",\"itemListElement\":[{\"@type\":\"ListItem\",\"position\":1,\"name\":\"In\u00edcio\",\"item\":\"https:\/\/www.notibras.com\/site\/\"},{\"@type\":\"ListItem\",\"position\":2,\"name\":\"Semana do registro civil atendeu 100 mil pessoas\"}]},{\"@type\":\"WebSite\",\"@id\":\"https:\/\/www.notibras.com\/site\/#website\",\"url\":\"https:\/\/www.notibras.com\/site\/\",\"name\":\"Notibras\",\"description\":\"Not\u00edcias de Bras\u00edlia, do Brasil e do Mundo\",\"publisher\":{\"@id\":\"https:\/\/www.notibras.com\/site\/#organization\"},\"potentialAction\":[{\"@type\":\"SearchAction\",\"target\":{\"@type\":\"EntryPoint\",\"urlTemplate\":\"https:\/\/www.notibras.com\/site\/?s={search_term_string}\"},\"query-input\":{\"@type\":\"PropertyValueSpecification\",\"valueRequired\":true,\"valueName\":\"search_term_string\"}}],\"inLanguage\":\"pt-BR\"},{\"@type\":\"Organization\",\"@id\":\"https:\/\/www.notibras.com\/site\/#organization\",\"name\":\"Grupo Notibras de Comunica\u00e7\u00e3o\",\"url\":\"https:\/\/www.notibras.com\/site\/\",\"logo\":{\"@type\":\"ImageObject\",\"inLanguage\":\"pt-BR\",\"@id\":\"https:\/\/www.notibras.com\/site\/#\/schema\/logo\/image\/\",\"url\":\"https:\/\/www.notibras.com\/site\/wp-content\/uploads\/2023\/01\/notibras23.png\",\"contentUrl\":\"https:\/\/www.notibras.com\/site\/wp-content\/uploads\/2023\/01\/notibras23.png\",\"width\":350,\"height\":87,\"caption\":\"Grupo Notibras de Comunica\u00e7\u00e3o\"},\"image\":{\"@id\":\"https:\/\/www.notibras.com\/site\/#\/schema\/logo\/image\/\"},\"sameAs\":[\"https:\/\/www.facebook.com\/notibras\/\",\"https:\/\/x.com\/Notibras\",\"https:\/\/www.instagram.com\/notibras\/\"]},{\"@type\":\"Person\",\"@id\":\"https:\/\/www.notibras.com\/site\/#\/schema\/person\/36ab0979449956132d3e5b517ea76ac8\",\"name\":\"Reda\u00e7\u00e3o\",\"image\":{\"@type\":\"ImageObject\",\"inLanguage\":\"pt-BR\",\"@id\":\"https:\/\/secure.gravatar.com\/avatar\/e0a867bdedb85fd243eadf09663511f96fc81e0720a4a42581f334ad4303aa6b?s=96&d=mm&r=g\",\"url\":\"https:\/\/secure.gravatar.com\/avatar\/e0a867bdedb85fd243eadf09663511f96fc81e0720a4a42581f334ad4303aa6b?s=96&d=mm&r=g\",\"contentUrl\":\"https:\/\/secure.gravatar.com\/avatar\/e0a867bdedb85fd243eadf09663511f96fc81e0720a4a42581f334ad4303aa6b?s=96&d=mm&r=g\",\"caption\":\"Reda\u00e7\u00e3o\"}}]}<\/script>\n<!-- \/ Yoast SEO plugin. -->","yoast_head_json":{"title":"Semana do registro civil atendeu 100 mil pessoas - Notibras","robots":{"index":"index","follow":"follow","max-snippet":"max-snippet:-1","max-image-preview":"max-image-preview:large","max-video-preview":"max-video-preview:-1"},"canonical":"https:\/\/www.notibras.com\/site\/semana-do-registro-civil-atendeu-100-mil-pessoas\/","og_locale":"pt_BR","og_type":"article","og_title":"Semana do registro civil atendeu 100 mil pessoas - Notibras","og_description":"O Conselho Nacional de Justi\u00e7a (CNJ) realizou mais de 100 mil atendimentos na Semana Nacional do Registro Civil. A campanha foi realizada em parceria com tribunais e cart\u00f3rios para ampliar o acesso da popula\u00e7\u00e3o a documentos b\u00e1sicos do cidad\u00e3o. De acordo com balan\u00e7o parcial, foram emitidas certid\u00f5es de nascimento para 6,8 mil pessoas, e 11,8 [&hellip;]","og_url":"https:\/\/www.notibras.com\/site\/semana-do-registro-civil-atendeu-100-mil-pessoas\/","og_site_name":"Notibras","article_publisher":"https:\/\/www.facebook.com\/notibras\/","article_published_time":"2023-05-13T12:53:03+00:00","og_image":[{"width":1170,"height":700,"url":"https:\/\/www.notibras.com\/site\/wp-content\/uploads\/2023\/05\/dsc8995.jpg","type":"image\/jpeg"}],"author":"Reda\u00e7\u00e3o","twitter_card":"summary_large_image","twitter_creator":"@Notibras","twitter_site":"@Notibras","twitter_misc":{"Escrito por":"Reda\u00e7\u00e3o","Est. tempo de leitura":"2 minutos"},"schema":{"@context":"https:\/\/schema.org","@graph":[{"@type":"Article","@id":"https:\/\/www.notibras.com\/site\/semana-do-registro-civil-atendeu-100-mil-pessoas\/#article","isPartOf":{"@id":"https:\/\/www.notibras.com\/site\/semana-do-registro-civil-atendeu-100-mil-pessoas\/"},"author":{"name":"Reda\u00e7\u00e3o","@id":"https:\/\/www.notibras.com\/site\/#\/schema\/person\/36ab0979449956132d3e5b517ea76ac8"},"headline":"Semana do registro civil atendeu 100 mil pessoas","datePublished":"2023-05-13T12:53:03+00:00","mainEntityOfPage":{"@id":"https:\/\/www.notibras.com\/site\/semana-do-registro-civil-atendeu-100-mil-pessoas\/"},"wordCount":236,"publisher":{"@id":"https:\/\/www.notibras.com\/site\/#organization"},"image":{"@id":"https:\/\/www.notibras.com\/site\/semana-do-registro-civil-atendeu-100-mil-pessoas\/#primaryimage"},"thumbnailUrl":"https:\/\/www.notibras.com\/site\/wp-content\/uploads\/2023\/05\/dsc8995.jpg","articleSection":["Quadradinho em Foco"],"inLanguage":"pt-BR"},{"@type":"WebPage","@id":"https:\/\/www.notibras.com\/site\/semana-do-registro-civil-atendeu-100-mil-pessoas\/","url":"https:\/\/www.notibras.com\/site\/semana-do-registro-civil-atendeu-100-mil-pessoas\/","name":"Semana do registro civil atendeu 100 mil pessoas - Notibras","isPartOf":{"@id":"https:\/\/www.notibras.com\/site\/#website"},"primaryImageOfPage":{"@id":"https:\/\/www.notibras.com\/site\/semana-do-registro-civil-atendeu-100-mil-pessoas\/#primaryimage"},"image":{"@id":"https:\/\/www.notibras.com\/site\/semana-do-registro-civil-atendeu-100-mil-pessoas\/#primaryimage"},"thumbnailUrl":"https:\/\/www.notibras.com\/site\/wp-content\/uploads\/2023\/05\/dsc8995.jpg","datePublished":"2023-05-13T12:53:03+00:00","breadcrumb":{"@id":"https:\/\/www.notibras.com\/site\/semana-do-registro-civil-atendeu-100-mil-pessoas\/#breadcrumb"},"inLanguage":"pt-BR","potentialAction":[{"@type":"ReadAction","target":["https:\/\/www.notibras.com\/site\/semana-do-registro-civil-atendeu-100-mil-pessoas\/"]}]},{"@type":"ImageObject","inLanguage":"pt-BR","@id":"https:\/\/www.notibras.com\/site\/semana-do-registro-civil-atendeu-100-mil-pessoas\/#primaryimage","url":"https:\/\/www.notibras.com\/site\/wp-content\/uploads\/2023\/05\/dsc8995.jpg","contentUrl":"https:\/\/www.notibras.com\/site\/wp-content\/uploads\/2023\/05\/dsc8995.jpg","width":1170,"height":700,"caption":"Rio de Janeiro (RJ), 09\/05\/2023 \u2013 Tribunal de Justi\u00e7a promove mutir\u00e3o de registro civil e servi\u00e7os para a popula\u00e7\u00e3o de rua no centro do Rio de Janeiro. Foto: Tomaz Silva\/Ag\u00eancia Brasil"},{"@type":"BreadcrumbList","@id":"https:\/\/www.notibras.com\/site\/semana-do-registro-civil-atendeu-100-mil-pessoas\/#breadcrumb","itemListElement":[{"@type":"ListItem","position":1,"name":"In\u00edcio","item":"https:\/\/www.notibras.com\/site\/"},{"@type":"ListItem","position":2,"name":"Semana do registro civil atendeu 100 mil pessoas"}]},{"@type":"WebSite","@id":"https:\/\/www.notibras.com\/site\/#website","url":"https:\/\/www.notibras.com\/site\/","name":"Notibras","description":"Not\u00edcias de Bras\u00edlia, do Brasil e do Mundo","publisher":{"@id":"https:\/\/www.notibras.com\/site\/#organization"},"potentialAction":[{"@type":"SearchAction","target":{"@type":"EntryPoint","urlTemplate":"https:\/\/www.notibras.com\/site\/?s={search_term_string}"},"query-input":{"@type":"PropertyValueSpecification","valueRequired":true,"valueName":"search_term_string"}}],"inLanguage":"pt-BR"},{"@type":"Organization","@id":"https:\/\/www.notibras.com\/site\/#organization","name":"Grupo Notibras de Comunica\u00e7\u00e3o","url":"https:\/\/www.notibras.com\/site\/","logo":{"@type":"ImageObject","inLanguage":"pt-BR","@id":"https:\/\/www.notibras.com\/site\/#\/schema\/logo\/image\/","url":"https:\/\/www.notibras.com\/site\/wp-content\/uploads\/2023\/01\/notibras23.png","contentUrl":"https:\/\/www.notibras.com\/site\/wp-content\/uploads\/2023\/01\/notibras23.png","width":350,"height":87,"caption":"Grupo Notibras de Comunica\u00e7\u00e3o"},"image":{"@id":"https:\/\/www.notibras.com\/site\/#\/schema\/logo\/image\/"},"sameAs":["https:\/\/www.facebook.com\/notibras\/","https:\/\/x.com\/Notibras","https:\/\/www.instagram.com\/notibras\/"]},{"@type":"Person","@id":"https:\/\/www.notibras.com\/site\/#\/schema\/person\/36ab0979449956132d3e5b517ea76ac8","name":"Reda\u00e7\u00e3o","image":{"@type":"ImageObject","inLanguage":"pt-BR","@id":"https:\/\/secure.gravatar.com\/avatar\/e0a867bdedb85fd243eadf09663511f96fc81e0720a4a42581f334ad4303aa6b?s=96&d=mm&r=g","url":"https:\/\/secure.gravatar.com\/avatar\/e0a867bdedb85fd243eadf09663511f96fc81e0720a4a42581f334ad4303aa6b?s=96&d=mm&r=g","contentUrl":"https:\/\/secure.gravatar.com\/avatar\/e0a867bdedb85fd243eadf09663511f96fc81e0720a4a42581f334ad4303aa6b?s=96&d=mm&r=g","caption":"Reda\u00e7\u00e3o"}}]}},"amp_enabled":true,"_links":{"self":[{"href":"https:\/\/www.notibras.com\/site\/wp-json\/wp\/v2\/posts\/304791","targetHints":{"allow":["GET"]}}],"collection":[{"href":"https:\/\/www.notibras.com\/site\/wp-json\/wp\/v2\/posts"}],"about":[{"href":"https:\/\/www.notibras.com\/site\/wp-json\/wp\/v2\/types\/post"}],"author":[{"embeddable":true,"href":"https:\/\/www.notibras.com\/site\/wp-json\/wp\/v2\/users\/2"}],"replies":[{"embeddable":true,"href":"https:\/\/www.notibras.com\/site\/wp-json\/wp\/v2\/comments?post=304791"}],"version-history":[{"count":1,"href":"https:\/\/www.notibras.com\/site\/wp-json\/wp\/v2\/posts\/304791\/revisions"}],"predecessor-version":[{"id":304793,"href":"https:\/\/www.notibras.com\/site\/wp-json\/wp\/v2\/posts\/304791\/revisions\/304793"}],"wp:featuredmedia":[{"embeddable":true,"href":"https:\/\/www.notibras.com\/site\/wp-json\/wp\/v2\/media\/304792"}],"wp:attachment":[{"href":"https:\/\/www.notibras.com\/site\/wp-json\/wp\/v2\/media?parent=304791"}],"wp:term":[{"taxonomy":"category","embeddable":true,"href":"https:\/\/www.notibras.com\/site\/wp-json\/wp\/v2\/categories?post=304791"},{"taxonomy":"post_tag","embeddable":true,"href":"https:\/\/www.notibras.com\/site\/wp-json\/wp\/v2\/tags?post=304791"}],"curies":[{"name":"wp","href":"https:\/\/api.w.org\/{rel}","templated":true}]}}